{"id":31198,"date":"2023-01-18T12:05:10","date_gmt":"2023-01-18T15:05:10","guid":{"rendered":"https:\/\/verdadeon.com.br\/portal\/?p=31198"},"modified":"2023-01-18T12:05:10","modified_gmt":"2023-01-18T15:05:10","slug":"comercializacao-de-petroleo-arrecadara-r-210-milhoes-para-o-tesouro","status":"publish","type":"post","link":"https:\/\/verdadeon.com.br\/portal\/2023\/01\/18\/comercializacao-de-petroleo-arrecadara-r-210-milhoes-para-o-tesouro\/","title":{"rendered":"Comercializa\u00e7\u00e3o de petr\u00f3leo arrecadar\u00e1 R$ 210 milh\u00f5es para o Tesouro"},"content":{"rendered":"<div class=\"col-lg-12 mb-3\">\n<div class=\"row\">\n<h3 class=\"col-10 offset-1 animated fadeInDown dealy-900 display-8 display-md-8 alt-font font-italic my-1 text-center\">Governo pode usar recursos para gerar oportunidades aos brasileiros<\/h3>\n<\/div>\n<div class=\"row\">\n<div id=\"tts-container\" class=\"col-xl-7 offset-xl-1 col-lg-8 offset-lg-0 col-md-10 offset-md-1 mb-3\">O leil\u00e3o de comercializa\u00e7\u00e3o da primeira carga de petr\u00f3leo produzido a partir do Campo de Atapu, na Bacia de Santos, resultar\u00e1 em uma arrecada\u00e7\u00e3o de R$ 210 milh\u00f5es para o Tesouro Nacional.<img data-recalc-dims=\"1\" decoding=\"async\" src=\"https:\/\/i0.wp.com\/agenciabrasil.ebc.com.br\/ebc.png?w=1220&#038;ssl=1\" \/><img data-recalc-dims=\"1\" decoding=\"async\" src=\"https:\/\/i0.wp.com\/agenciabrasil.ebc.com.br\/ebc.gif?w=1220&#038;ssl=1\" \/><\/div>\n<\/div>\n<\/div>\n<div class=\"col-xl-7 offset-xl-1 col-lg-8 offset-lg-0 col-md-10 offset-md-1 mb-3\">\n<div class=\"post-item alt-font\">\n<div class=\"post-item-wrap\">\n<p>O valor corresponde ao carregamento de 500 mil barris que ser\u00e3o disponibilizados no segundo bimestre deste ano, conforme previsto no contrato de partilha de produ\u00e7\u00e3o deste campo localizado no pr\u00e9-sal. A empresa que venceu o leil\u00e3o para extra\u00e7\u00e3o de petr\u00f3leo a partir dessa \u00e1rea foi a Galp Energia Brasil, ap\u00f3s oferecer o maior pre\u00e7o para o petr\u00f3leo da Uni\u00e3o.<\/p>\n<p>Os recursos a serem arrecadados com a primeira carga produzida em Atapu foram definidos nesta ter\u00e7a-feira (17) em leil\u00e3o promovido pelo Minist\u00e9rio de Minas e Energia, por meio da Pr\u00e9-Sal Petr\u00f3leo SA (PPSA). Foram convidadas dez empresas para participar do certame. Quatro delas foram habilitadas e puderam apresentar propostas.<\/p>\n<h2>Recursos<\/h2>\n<p>Em nota, o ministro de Minas e Energia, Alexandre Silveira, informou que vai discutir com o presidente Luiz In\u00e1cio Lula da Silva alternativas para melhor destina\u00e7\u00e3o dos recursos produzidos pelo regime de partilha de produ\u00e7\u00e3o do pr\u00e9-sal.<\/p>\n<p>\u201cEsses recursos, de grande vulto, s\u00e3o estrat\u00e9gicos para o Brasil. Precisamos realizar de fato uma melhor partilha dessa riqueza, tanto para as gera\u00e7\u00f5es presentes como as futuras, gerando oportunidades e melhorando a qualidade de vida das brasileiras e dos brasileiros\u201d, afirmou o ministro.<\/p>\n<p><a href=\"http:\/\/agenciabrasil.ebc.com.br\/economia\/noticia\/2021-12\/leilao-da-segunda-rodada-de-cessao-onerosa-arrecada-r-11-bilhoes\" target=\"_blank\" rel=\"noopener\">A Segunda Rodada de Licita\u00e7\u00f5es dos Volumes Excedentes da Cess\u00e3o Onerosa\u00a0<\/a>do pr\u00e9-sal, no regime de partilha da produ\u00e7\u00e3o, resultou em uma arrecada\u00e7\u00e3o de R$ 11,140 bilh\u00f5es em b\u00f4nus de assinatura.<\/p>\n<\/div>\n<p class=\"alt-font font-italic my-2 small text-info\">Edi\u00e7\u00e3o: Kleber Sampaio<\/p>\n<\/div>\n<\/div>\n","protected":false},"excerpt":{"rendered":"<p>Governo pode usar recursos para gerar oportunidades aos brasileiros O leil\u00e3o de comercializa\u00e7\u00e3o da primeira carga de petr\u00f3leo produzido a partir do Campo de Atapu, na<span class=\"excerpt-hellip\"> [\u2026]<\/span><\/p>\n","protected":false},"author":4,"featured_media":0,"comment_status":"open","ping_status":"open","sticky":false,"template":"","format":"standard","meta":{"_jetpack_memberships_contains_paid_content":false,"footnotes":"","jetpack_publicize_message":"","jetpack_publicize_feature_enabled":true,"jetpack_social_post_already_shared":false,"jetpack_social_options":{"image_generator_settings":{"template":"highway","default_image_id":0,"enabled":false},"version":2}},"categories":[28,44],"tags":[],"class_list":["post-31198","post","type-post","status-publish","format-standard","hentry","category-cotidiano","category-noticias"],"yoast_head":"<!-- This site is optimized with the Yoast SEO plugin v25.6 - https:\/\/yoast.com\/wordpress\/plugins\/seo\/ -->\n<title>Comercializa\u00e7\u00e3o de petr\u00f3leo arrecadar\u00e1 R$ 210 milh\u00f5es para o Tesouro - VerdadeOn<\/title>\n<meta name=\"robots\" content=\"index, follow, max-snippet:-1, max-image-preview:large, max-video-preview:-1\" \/>\n<link rel=\"canonical\" href=\"https:\/\/verdadeon.com.br\/portal\/2023\/01\/18\/comercializacao-de-petroleo-arrecadara-r-210-milhoes-para-o-tesouro\/\" \/>\n<meta property=\"og:locale\" content=\"pt_BR\" \/>\n<meta property=\"og:type\" content=\"article\" \/>\n<meta property=\"og:title\" content=\"Comercializa\u00e7\u00e3o de petr\u00f3leo arrecadar\u00e1 R$ 210 milh\u00f5es para o Tesouro - VerdadeOn\" \/>\n<meta property=\"og:description\" content=\"Governo pode usar recursos para gerar oportunidades aos brasileiros O leil\u00e3o de comercializa\u00e7\u00e3o da primeira carga de petr\u00f3leo produzido a partir do Campo de Atapu, na [\u2026]\" \/>\n<meta property=\"og:url\" content=\"https:\/\/verdadeon.com.br\/portal\/2023\/01\/18\/comercializacao-de-petroleo-arrecadara-r-210-milhoes-para-o-tesouro\/\" \/>\n<meta property=\"og:site_name\" content=\"VerdadeOn\" \/>\n<meta property=\"article:published_time\" content=\"2023-01-18T15:05:10+00:00\" \/>\n<meta property=\"og:image\" content=\"https:\/\/verdadeon.com.br\/portal\/wp-content\/uploads\/2023\/01\/p-74_no_campo_de_buzios.jpg\" \/>\n\t<meta property=\"og:image:width\" content=\"1044\" \/>\n\t<meta property=\"og:image:height\" content=\"700\" \/>\n\t<meta property=\"og:image:type\" content=\"image\/jpeg\" \/>\n<meta name=\"author\" content=\"Fernando Calixto\" \/>\n<meta name=\"twitter:card\" content=\"summary_large_image\" \/>\n<meta name=\"twitter:label1\" content=\"Escrito por\" \/>\n\t<meta name=\"twitter:data1\" content=\"Fernando Calixto\" \/>\n\t<meta name=\"twitter:label2\" content=\"Est. tempo de leitura\" \/>\n\t<meta name=\"twitter:data2\" content=\"2 minutos\" \/>\n<script type=\"application\/ld+json\" class=\"yoast-schema-graph\">{\"@context\":\"https:\/\/schema.org\",\"@graph\":[{\"@type\":\"WebPage\",\"@id\":\"https:\/\/verdadeon.com.br\/portal\/2023\/01\/18\/comercializacao-de-petroleo-arrecadara-r-210-milhoes-para-o-tesouro\/\",\"url\":\"https:\/\/verdadeon.com.br\/portal\/2023\/01\/18\/comercializacao-de-petroleo-arrecadara-r-210-milhoes-para-o-tesouro\/\",\"name\":\"Comercializa\u00e7\u00e3o de petr\u00f3leo arrecadar\u00e1 R$ 210 milh\u00f5es para o Tesouro - VerdadeOn\",\"isPartOf\":{\"@id\":\"https:\/\/verdadeon.com.br\/portal\/#website\"},\"primaryImageOfPage\":{\"@id\":\"https:\/\/verdadeon.com.br\/portal\/2023\/01\/18\/comercializacao-de-petroleo-arrecadara-r-210-milhoes-para-o-tesouro\/#primaryimage\"},\"image\":{\"@id\":\"https:\/\/verdadeon.com.br\/portal\/2023\/01\/18\/comercializacao-de-petroleo-arrecadara-r-210-milhoes-para-o-tesouro\/#primaryimage\"},\"thumbnailUrl\":\"https:\/\/agenciabrasil.ebc.com.br\/ebc.png?id=1504869&amp;o=node\",\"datePublished\":\"2023-01-18T15:05:10+00:00\",\"author\":{\"@id\":\"https:\/\/verdadeon.com.br\/portal\/#\/schema\/person\/8994718f49ee62ba5610471e29ca1f62\"},\"breadcrumb\":{\"@id\":\"https:\/\/verdadeon.com.br\/portal\/2023\/01\/18\/comercializacao-de-petroleo-arrecadara-r-210-milhoes-para-o-tesouro\/#breadcrumb\"},\"inLanguage\":\"pt-BR\",\"potentialAction\":[{\"@type\":\"ReadAction\",\"target\":[\"https:\/\/verdadeon.com.br\/portal\/2023\/01\/18\/comercializacao-de-petroleo-arrecadara-r-210-milhoes-para-o-tesouro\/\"]}]},{\"@type\":\"ImageObject\",\"inLanguage\":\"pt-BR\",\"@id\":\"https:\/\/verdadeon.com.br\/portal\/2023\/01\/18\/comercializacao-de-petroleo-arrecadara-r-210-milhoes-para-o-tesouro\/#primaryimage\",\"url\":\"https:\/\/agenciabrasil.ebc.com.br\/ebc.png?id=1504869&amp;o=node\",\"contentUrl\":\"https:\/\/agenciabrasil.ebc.com.br\/ebc.png?id=1504869&amp;o=node\"},{\"@type\":\"BreadcrumbList\",\"@id\":\"https:\/\/verdadeon.com.br\/portal\/2023\/01\/18\/comercializacao-de-petroleo-arrecadara-r-210-milhoes-para-o-tesouro\/#breadcrumb\",\"itemListElement\":[{\"@type\":\"ListItem\",\"position\":1,\"name\":\"In\u00edcio\",\"item\":\"https:\/\/verdadeon.com.br\/portal\/\"},{\"@type\":\"ListItem\",\"position\":2,\"name\":\"Comercializa\u00e7\u00e3o de petr\u00f3leo arrecadar\u00e1 R$ 210 milh\u00f5es para o Tesouro\"}]},{\"@type\":\"WebSite\",\"@id\":\"https:\/\/verdadeon.com.br\/portal\/#website\",\"url\":\"https:\/\/verdadeon.com.br\/portal\/\",\"name\":\"VerdadeOn\",\"description\":\"Not\u00edcias di\u00e1rias sobre Franca, Regi\u00e3o, Esporte, Cultura, Cotidiano, Colunas. Cobertura nos principais eventos da cidade \u00e9 aqui - Verdadeon Franca\",\"potentialAction\":[{\"@type\":\"SearchAction\",\"target\":{\"@type\":\"EntryPoint\",\"urlTemplate\":\"https:\/\/verdadeon.com.br\/portal\/?s={search_term_string}\"},\"query-input\":{\"@type\":\"PropertyValueSpecification\",\"valueRequired\":true,\"valueName\":\"search_term_string\"}}],\"inLanguage\":\"pt-BR\"},{\"@type\":\"Person\",\"@id\":\"https:\/\/verdadeon.com.br\/portal\/#\/schema\/person\/8994718f49ee62ba5610471e29ca1f62\",\"name\":\"Fernando Calixto\",\"image\":{\"@type\":\"ImageObject\",\"inLanguage\":\"pt-BR\",\"@id\":\"https:\/\/verdadeon.com.br\/portal\/#\/schema\/person\/image\/\",\"url\":\"https:\/\/secure.gravatar.com\/avatar\/7578910c24966c0316c340f9dbd601e93ee9f9212e1033968b367af9306bd9fb?s=96&d=mm&r=g\",\"contentUrl\":\"https:\/\/secure.gravatar.com\/avatar\/7578910c24966c0316c340f9dbd601e93ee9f9212e1033968b367af9306bd9fb?s=96&d=mm&r=g\",\"caption\":\"Fernando Calixto\"},\"url\":\"https:\/\/verdadeon.com.br\/portal\/author\/fernando-calixto\/\"}]}<\/script>\n<!-- \/ Yoast SEO plugin. -->","yoast_head_json":{"title":"Comercializa\u00e7\u00e3o de petr\u00f3leo arrecadar\u00e1 R$ 210 milh\u00f5es para o Tesouro - VerdadeOn","robots":{"index":"index","follow":"follow","max-snippet":"max-snippet:-1","max-image-preview":"max-image-preview:large","max-video-preview":"max-video-preview:-1"},"canonical":"https:\/\/verdadeon.com.br\/portal\/2023\/01\/18\/comercializacao-de-petroleo-arrecadara-r-210-milhoes-para-o-tesouro\/","og_locale":"pt_BR","og_type":"article","og_title":"Comercializa\u00e7\u00e3o de petr\u00f3leo arrecadar\u00e1 R$ 210 milh\u00f5es para o Tesouro - VerdadeOn","og_description":"Governo pode usar recursos para gerar oportunidades aos brasileiros O leil\u00e3o de comercializa\u00e7\u00e3o da primeira carga de petr\u00f3leo produzido a partir do Campo de Atapu, na [\u2026]","og_url":"https:\/\/verdadeon.com.br\/portal\/2023\/01\/18\/comercializacao-de-petroleo-arrecadara-r-210-milhoes-para-o-tesouro\/","og_site_name":"VerdadeOn","article_published_time":"2023-01-18T15:05:10+00:00","og_image":[{"width":1044,"height":700,"url":"https:\/\/verdadeon.com.br\/portal\/wp-content\/uploads\/2023\/01\/p-74_no_campo_de_buzios.jpg","type":"image\/jpeg"}],"author":"Fernando Calixto","twitter_card":"summary_large_image","twitter_misc":{"Escrito por":"Fernando Calixto","Est. tempo de leitura":"2 minutos"},"schema":{"@context":"https:\/\/schema.org","@graph":[{"@type":"WebPage","@id":"https:\/\/verdadeon.com.br\/portal\/2023\/01\/18\/comercializacao-de-petroleo-arrecadara-r-210-milhoes-para-o-tesouro\/","url":"https:\/\/verdadeon.com.br\/portal\/2023\/01\/18\/comercializacao-de-petroleo-arrecadara-r-210-milhoes-para-o-tesouro\/","name":"Comercializa\u00e7\u00e3o de petr\u00f3leo arrecadar\u00e1 R$ 210 milh\u00f5es para o Tesouro - VerdadeOn","isPartOf":{"@id":"https:\/\/verdadeon.com.br\/portal\/#website"},"primaryImageOfPage":{"@id":"https:\/\/verdadeon.com.br\/portal\/2023\/01\/18\/comercializacao-de-petroleo-arrecadara-r-210-milhoes-para-o-tesouro\/#primaryimage"},"image":{"@id":"https:\/\/verdadeon.com.br\/portal\/2023\/01\/18\/comercializacao-de-petroleo-arrecadara-r-210-milhoes-para-o-tesouro\/#primaryimage"},"thumbnailUrl":"https:\/\/agenciabrasil.ebc.com.br\/ebc.png?id=1504869&amp;o=node","datePublished":"2023-01-18T15:05:10+00:00","author":{"@id":"https:\/\/verdadeon.com.br\/portal\/#\/schema\/person\/8994718f49ee62ba5610471e29ca1f62"},"breadcrumb":{"@id":"https:\/\/verdadeon.com.br\/portal\/2023\/01\/18\/comercializacao-de-petroleo-arrecadara-r-210-milhoes-para-o-tesouro\/#breadcrumb"},"inLanguage":"pt-BR","potentialAction":[{"@type":"ReadAction","target":["https:\/\/verdadeon.com.br\/portal\/2023\/01\/18\/comercializacao-de-petroleo-arrecadara-r-210-milhoes-para-o-tesouro\/"]}]},{"@type":"ImageObject","inLanguage":"pt-BR","@id":"https:\/\/verdadeon.com.br\/portal\/2023\/01\/18\/comercializacao-de-petroleo-arrecadara-r-210-milhoes-para-o-tesouro\/#primaryimage","url":"https:\/\/agenciabrasil.ebc.com.br\/ebc.png?id=1504869&amp;o=node","contentUrl":"https:\/\/agenciabrasil.ebc.com.br\/ebc.png?id=1504869&amp;o=node"},{"@type":"BreadcrumbList","@id":"https:\/\/verdadeon.com.br\/portal\/2023\/01\/18\/comercializacao-de-petroleo-arrecadara-r-210-milhoes-para-o-tesouro\/#breadcrumb","itemListElement":[{"@type":"ListItem","position":1,"name":"In\u00edcio","item":"https:\/\/verdadeon.com.br\/portal\/"},{"@type":"ListItem","position":2,"name":"Comercializa\u00e7\u00e3o de petr\u00f3leo arrecadar\u00e1 R$ 210 milh\u00f5es para o Tesouro"}]},{"@type":"WebSite","@id":"https:\/\/verdadeon.com.br\/portal\/#website","url":"https:\/\/verdadeon.com.br\/portal\/","name":"VerdadeOn","description":"Not\u00edcias di\u00e1rias sobre Franca, Regi\u00e3o, Esporte, Cultura, Cotidiano, Colunas. Cobertura nos principais eventos da cidade \u00e9 aqui - Verdadeon Franca","potentialAction":[{"@type":"SearchAction","target":{"@type":"EntryPoint","urlTemplate":"https:\/\/verdadeon.com.br\/portal\/?s={search_term_string}"},"query-input":{"@type":"PropertyValueSpecification","valueRequired":true,"valueName":"search_term_string"}}],"inLanguage":"pt-BR"},{"@type":"Person","@id":"https:\/\/verdadeon.com.br\/portal\/#\/schema\/person\/8994718f49ee62ba5610471e29ca1f62","name":"Fernando Calixto","image":{"@type":"ImageObject","inLanguage":"pt-BR","@id":"https:\/\/verdadeon.com.br\/portal\/#\/schema\/person\/image\/","url":"https:\/\/secure.gravatar.com\/avatar\/7578910c24966c0316c340f9dbd601e93ee9f9212e1033968b367af9306bd9fb?s=96&d=mm&r=g","contentUrl":"https:\/\/secure.gravatar.com\/avatar\/7578910c24966c0316c340f9dbd601e93ee9f9212e1033968b367af9306bd9fb?s=96&d=mm&r=g","caption":"Fernando Calixto"},"url":"https:\/\/verdadeon.com.br\/portal\/author\/fernando-calixto\/"}]}},"jetpack_publicize_connections":[],"jetpack_featured_media_url":"","jetpack_sharing_enabled":true,"_links":{"self":[{"href":"https:\/\/verdadeon.com.br\/portal\/wp-json\/wp\/v2\/posts\/31198","targetHints":{"allow":["GET"]}}],"collection":[{"href":"https:\/\/verdadeon.com.br\/portal\/wp-json\/wp\/v2\/posts"}],"about":[{"href":"https:\/\/verdadeon.com.br\/portal\/wp-json\/wp\/v2\/types\/post"}],"author":[{"embeddable":true,"href":"https:\/\/verdadeon.com.br\/portal\/wp-json\/wp\/v2\/users\/4"}],"replies":[{"embeddable":true,"href":"https:\/\/verdadeon.com.br\/portal\/wp-json\/wp\/v2\/comments?post=31198"}],"version-history":[{"count":1,"href":"https:\/\/verdadeon.com.br\/portal\/wp-json\/wp\/v2\/posts\/31198\/revisions"}],"predecessor-version":[{"id":31209,"href":"https:\/\/verdadeon.com.br\/portal\/wp-json\/wp\/v2\/posts\/31198\/revisions\/31209"}],"wp:attachment":[{"href":"https:\/\/verdadeon.com.br\/portal\/wp-json\/wp\/v2\/media?parent=31198"}],"wp:term":[{"taxonomy":"category","embeddable":true,"href":"https:\/\/verdadeon.com.br\/portal\/wp-json\/wp\/v2\/categories?post=31198"},{"taxonomy":"post_tag","embeddable":true,"href":"https:\/\/verdadeon.com.br\/portal\/wp-json\/wp\/v2\/tags?post=31198"}],"curies":[{"name":"wp","href":"https:\/\/api.w.org\/{rel}","templated":true}]}}