{"id":31185,"date":"2023-01-17T16:39:55","date_gmt":"2023-01-17T19:39:55","guid":{"rendered":"https:\/\/verdadeon.com.br\/portal\/?p=31185"},"modified":"2023-01-17T16:39:55","modified_gmt":"2023-01-17T19:39:55","slug":"conab-diz-que-frutas-registram-queda-de-precos","status":"publish","type":"post","link":"https:\/\/verdadeon.com.br\/portal\/2023\/01\/17\/conab-diz-que-frutas-registram-queda-de-precos\/","title":{"rendered":"Conab diz que frutas registram queda de pre\u00e7os"},"content":{"rendered":"<div class=\"col-lg-12 mb-3\">\n<div class=\"row\">\n<h3 class=\"col-10 offset-1 animated fadeInDown dealy-900 display-8 display-md-8 alt-font font-italic my-1 text-center\">No entanto, houve alta na cota\u00e7\u00e3o do tomate e da batata<\/h3>\n<h3 class=\"col-10 offset-1 animated fadeInDown dealy-900 display-8 display-md-8 alt-font font-italic my-1 text-center\"><span style=\"font-size: 14px;\">Balan\u00e7o divulgado hoje (17), em Bras\u00edlia, pela Companhia Nacional de Abastecimento (Conab) revela queda de pre\u00e7os &#8211; no atacado &#8211; de produtos hortifruti como banana, laranja, mam\u00e3o e melancia, em fun\u00e7\u00e3o da maior oferta e de menor demanda por parte de consumidores.<\/span><img data-recalc-dims=\"1\" decoding=\"async\" style=\"font-size: 14px;\" src=\"https:\/\/i0.wp.com\/agenciabrasil.ebc.com.br\/ebc.png?w=1220&#038;ssl=1\" \/><img data-recalc-dims=\"1\" decoding=\"async\" style=\"font-size: 14px;\" src=\"https:\/\/i0.wp.com\/agenciabrasil.ebc.com.br\/ebc.gif?w=1220&#038;ssl=1\" \/><\/h3>\n<\/div>\n<\/div>\n<div class=\"col-xl-7 offset-xl-1 col-lg-8 offset-lg-0 col-md-10 offset-md-1 mb-3\">\n<div class=\"post-item alt-font\">\n<div class=\"post-item-wrap\">\n<p>O 1\u00ba Boletim do Programa Brasileiro de Moderniza\u00e7\u00e3o do Mercado Hortigranjeiro (Prohort), no entanto, identificou alta, nas Centrais de Abastecimento (Ceasas), das cota\u00e7\u00f5es de batata e tomate, em parte pela transi\u00e7\u00e3o de safras. O documento de janeiro apresenta cota\u00e7\u00f5es observadas em dezembro de 2022.<\/p>\n<p>Para a Conab, a queda no pre\u00e7o da banana foi influenciada principalmente pela maior oferta da banana nanica, favorecida pelas chuvas e temperaturas de novembro em suas principais regi\u00f5es produtoras, resultando no enchimento nos cachos e nas vendas ocorridas em dezembro e janeiro.<\/p>\n<p>\u201cNo caso da banana prata, tivemos uma oferta controlada, mas com alta de pre\u00e7o para a banana prata. Houve ligeiro aumento da oferta e queda de pre\u00e7os para a banana nanica\u201d, detalhou o gerente substituto de produtos hortifrutigranjeiros, \u00canio Souza.<\/p>\n<h2>Mam\u00e3o e laranja<\/h2>\n<p>O mam\u00e3o tamb\u00e9m teve oferta controlada, no caso do papaia, enquanto o formosa acusou pequeno aumento de produ\u00e7\u00e3o em regi\u00f5es da Bahia, Rio Grande do \u00a0Norte e Cear\u00e1.<\/p>\n<p>\u201cAs exporta\u00e7\u00f5es [de mam\u00e3o] em 2022 ca\u00edram principalmente por causa da baixa oferta nacional, decorrente de problemas nos anos anteriores, que resultaram em redu\u00e7\u00e3o da \u00e1rea plantada\u201d, argumentou Souza.<\/p>\n<p>O pre\u00e7o da laranja apresentou tend\u00eancia de queda de consumo \u2013 e consequentemente de pre\u00e7o \u2013 na maioria das centrais analisadas pela Conab. Segundo a companhia, essa queda se deve ao fato de dezembro ter sido um m\u00eas at\u00edpico &#8211; com Copa do Mundo, no in\u00edcio, e a concorr\u00eancia com as frutas do natal, no fim do m\u00eas, como ameixa e p\u00eassego.<\/p>\n<p>\u201cAs cota\u00e7\u00f5es de laranja apresentaram poucas oscila\u00e7\u00f5es, oferta controlada no varejo, devido \u00e0 boa absor\u00e7\u00e3o da fruta pela ind\u00fastria produtora de suco. Ent\u00e3o, temos boas perspectivas para a ind\u00fastria de suco para exporta\u00e7\u00e3o e perspectiva de crescimento no mercado europeu, al\u00e9m de conquista de mais espa\u00e7o no mercado norte-americano e da manuten\u00e7\u00e3o do pre\u00e7o do suco em patamares elevados\u201d, disse o gerente da Conab.<\/p>\n<h2>Melancia e ma\u00e7\u00e3<\/h2>\n<p>As particularidades de dezembro influenciaram tamb\u00e9m o pre\u00e7o da melancia e da ma\u00e7a. No caso da melancia, esse fator foi potencializado pelo clima mais chuvoso, que resultou em um \u201cmenor fluxo de comercializa\u00e7\u00e3o, impactando negativamente nas cota\u00e7\u00f5es\u201d. A redu\u00e7\u00e3o de pre\u00e7o foi determinada tamb\u00e9m pela maior oferta desse produto, em especial em S\u00e3o Paulo.<\/p>\n<p>De acordo com a Conab, entre as frutas analisadas no documento, apenas a ma\u00e7\u00e3 teve alta nos pre\u00e7os em dezembro, com os estoques nas companhias classificadoras estando baixos, o que pressiona as cota\u00e7\u00f5es.<\/p>\n<p>\u201cPara a ma\u00e7\u00e3, esses estoques baixos eram destaque no final de 2022, e os pre\u00e7os continuam elevados. S\u00f3 n\u00e3o dispararam devido \u00e0 rejei\u00e7\u00e3o dos consumidores em rela\u00e7\u00e3o aos pre\u00e7os que j\u00e1 estavam em ascens\u00e3o. Tem tamb\u00e9m a quest\u00e3o da concorr\u00eancia com as frutas natalinas em dezembro\u201d, acrescentou \u00canio Souza.<\/p>\n<h2>Batata, tomate e alface<\/h2>\n<p>O levantamento da Conab identificou que, se por um lado a maioria das frutas teve redu\u00e7\u00e3o de pre\u00e7os em dezembro, ao mesmo tempo batata e tomate ficaram mais caros.<\/p>\n<p>\u201cEm Rio Branco, a alta na cota\u00e7\u00e3o do tub\u00e9rculo chegou a 61,4%. Esse aumento \u00e9 explicado pela finaliza\u00e7\u00e3o da safra de inverno e entrada, ainda insuficiente para atender a demanda, da safra das \u00e1guas\u201d, explicou a Conab.<\/p>\n<p>Situa\u00e7\u00e3o similar foi observada com o tomate, onde ocorre a transi\u00e7\u00e3o da safra de inverno para o ver\u00e3o. \u201cA alta da m\u00e9dia ponderada de pre\u00e7o em dezembro foi de 18,37% em rela\u00e7\u00e3o \u00e0 m\u00e9dia de novembro. Os n\u00edveis atuais de disponibilidade do fruto nos mercados n\u00e3o sustentam os pre\u00e7os, pressionando-os para cima\u201d, justificou.<\/p>\n<p>No caso da batata, os pre\u00e7os est\u00e3o em alta \u201cna maioria dos mercados\u201d, com o pre\u00e7o m\u00e9dio ponderado subindo 5,71% em rela\u00e7\u00e3o a novembro. As maiores altas ocorreram nas Ceasas de Rio Branco, no Acre, (61,40%) e do Rio de Janeiro (20,38%).<\/p>\n<p>\u201cA alta n\u00e3o foi un\u00e2nime, sendo que em S\u00e3o Paulo a cota\u00e7\u00e3o ficou 5,75% abaixo de novembro. Pelo lado da oferta, ocorreu a intensifica\u00e7\u00e3o da safra das \u00e1guas, sobretudo no Paran\u00e1, elevando as entradas nas Ceasas\u201d, constatou a pesquisa.<\/p>\n<p>Foi tamb\u00e9m verificado aumento no pre\u00e7o da alface, cuja cota\u00e7\u00e3o foi influenciada pelas condi\u00e7\u00f5es clim\u00e1ticas das regi\u00f5es produtoras. \u201cAl\u00e9m disso, com as temperaturas mais elevadas no ver\u00e3o, a demanda pelas folhosas tende a aumentar, mantendo os pre\u00e7os em alta\u201d.<\/p>\n<p>J\u00e1 cebola e cenoura apresentaram tend\u00eancia de queda nos valores. \u201cNa Ceasa de Curitiba, o pre\u00e7o do bulbo caiu 24,86%. Fato a se ressaltar \u00e9 o aumento significativo da oferta da Regi\u00e3o Sul em dezembro\u201d, detalhou a Conab.<\/p>\n<p>\u201cNa compara\u00e7\u00e3o entre dezembro de 2022 com o mesmo per\u00edodo de 2021, a oferta sulista subiu mais de 400%. Mesmo com a queda registrada no m\u00eas passado, dado o longo per\u00edodo de alta, os pre\u00e7os continuam em n\u00edveis elevados\u201d, acrescentou.<\/p>\n<p>A cenoura registrou queda de 4,81% no pre\u00e7o m\u00e9dio ponderado, na compara\u00e7\u00e3o com a m\u00e9dia de novembro. No \u00e2mbito nacional, a oferta teve alta de 12%, pressionando para mais uma queda nas cota\u00e7\u00f5es.<\/p>\n<h2>Frutas exportadas<\/h2>\n<p>O boletim da Conab tamb\u00e9m verificou que, em 2022, o acumulado de exporta\u00e7\u00f5es de frutas foi menor em rela\u00e7\u00e3o a 2021 tanto em volume quanto em receita.<\/p>\n<p>As frutas enviadas ao exterior somam 1,04 milh\u00e3o de toneladas, \u201cqueda de 15,9%, enquanto que o faturamento ficou em torno de US$ 1,08 bilh\u00e3o, 11,6% abaixo daquilo que foi computado em 2021. O menor ritmo nas vendas ao mercado externo \u00e9 explicado tanto pelo aumento nos custos de produ\u00e7\u00e3o como pelos problemas clim\u00e1ticos em importantes \u00e1reas de cultivo que prejudicaram a produ\u00e7\u00e3o das frutas no pa\u00eds\u201d, finalizou o boletim da Conab.<\/p>\n<\/div>\n<\/div>\n<\/div>\n","protected":false},"excerpt":{"rendered":"<p>No entanto, houve alta na cota\u00e7\u00e3o do tomate e da batata Balan\u00e7o divulgado hoje (17), em Bras\u00edlia, pela Companhia Nacional de Abastecimento (Conab) revela queda de<span class=\"excerpt-hellip\"> [\u2026]<\/span><\/p>\n","protected":false},"author":4,"featured_media":31186,"comment_status":"open","ping_status":"open","sticky":false,"template":"","format":"standard","meta":{"_jetpack_memberships_contains_paid_content":false,"footnotes":"","jetpack_publicize_message":"","jetpack_publicize_feature_enabled":true,"jetpack_social_post_already_shared":false,"jetpack_social_options":{"image_generator_settings":{"template":"highway","default_image_id":0,"enabled":false},"version":2}},"categories":[28,44],"tags":[],"class_list":["post-31185","post","type-post","status-publish","format-standard","has-post-thumbnail","hentry","category-cotidiano","category-noticias"],"yoast_head":"<!-- This site is optimized with the Yoast SEO plugin v25.6 - https:\/\/yoast.com\/wordpress\/plugins\/seo\/ -->\n<title>Conab diz que frutas registram queda de pre\u00e7os - VerdadeOn<\/title>\n<meta name=\"robots\" content=\"index, follow, max-snippet:-1, max-image-preview:large, max-video-preview:-1\" \/>\n<link rel=\"canonical\" href=\"https:\/\/verdadeon.com.br\/portal\/2023\/01\/17\/conab-diz-que-frutas-registram-queda-de-precos\/\" \/>\n<meta property=\"og:locale\" content=\"pt_BR\" \/>\n<meta property=\"og:type\" content=\"article\" \/>\n<meta property=\"og:title\" content=\"Conab diz que frutas registram queda de pre\u00e7os - VerdadeOn\" \/>\n<meta property=\"og:description\" content=\"No entanto, houve alta na cota\u00e7\u00e3o do tomate e da batata Balan\u00e7o divulgado hoje (17), em Bras\u00edlia, pela Companhia Nacional de Abastecimento (Conab) revela queda de [\u2026]\" \/>\n<meta property=\"og:url\" content=\"https:\/\/verdadeon.com.br\/portal\/2023\/01\/17\/conab-diz-que-frutas-registram-queda-de-precos\/\" \/>\n<meta property=\"og:site_name\" content=\"VerdadeOn\" \/>\n<meta property=\"article:published_time\" content=\"2023-01-17T19:39:55+00:00\" \/>\n<meta property=\"og:image\" content=\"https:\/\/verdadeon.com.br\/portal\/wp-content\/uploads\/2023\/01\/vac_abr_20220729_0900.jpg\" \/>\n\t<meta property=\"og:image:width\" content=\"1044\" \/>\n\t<meta property=\"og:image:height\" content=\"700\" \/>\n\t<meta property=\"og:image:type\" content=\"image\/jpeg\" \/>\n<meta name=\"author\" content=\"Fernando Calixto\" \/>\n<meta name=\"twitter:card\" content=\"summary_large_image\" \/>\n<meta name=\"twitter:label1\" content=\"Escrito por\" \/>\n\t<meta name=\"twitter:data1\" content=\"Fernando Calixto\" \/>\n\t<meta name=\"twitter:label2\" content=\"Est. tempo de leitura\" \/>\n\t<meta name=\"twitter:data2\" content=\"5 minutos\" \/>\n<script type=\"application\/ld+json\" class=\"yoast-schema-graph\">{\"@context\":\"https:\/\/schema.org\",\"@graph\":[{\"@type\":\"WebPage\",\"@id\":\"https:\/\/verdadeon.com.br\/portal\/2023\/01\/17\/conab-diz-que-frutas-registram-queda-de-precos\/\",\"url\":\"https:\/\/verdadeon.com.br\/portal\/2023\/01\/17\/conab-diz-que-frutas-registram-queda-de-precos\/\",\"name\":\"Conab diz que frutas registram queda de pre\u00e7os - VerdadeOn\",\"isPartOf\":{\"@id\":\"https:\/\/verdadeon.com.br\/portal\/#website\"},\"primaryImageOfPage\":{\"@id\":\"https:\/\/verdadeon.com.br\/portal\/2023\/01\/17\/conab-diz-que-frutas-registram-queda-de-precos\/#primaryimage\"},\"image\":{\"@id\":\"https:\/\/verdadeon.com.br\/portal\/2023\/01\/17\/conab-diz-que-frutas-registram-queda-de-precos\/#primaryimage\"},\"thumbnailUrl\":\"https:\/\/i0.wp.com\/verdadeon.com.br\/portal\/wp-content\/uploads\/2023\/01\/vac_abr_20220729_0900.jpg?fit=1044%2C700&ssl=1\",\"datePublished\":\"2023-01-17T19:39:55+00:00\",\"author\":{\"@id\":\"https:\/\/verdadeon.com.br\/portal\/#\/schema\/person\/8994718f49ee62ba5610471e29ca1f62\"},\"breadcrumb\":{\"@id\":\"https:\/\/verdadeon.com.br\/portal\/2023\/01\/17\/conab-diz-que-frutas-registram-queda-de-precos\/#breadcrumb\"},\"inLanguage\":\"pt-BR\",\"potentialAction\":[{\"@type\":\"ReadAction\",\"target\":[\"https:\/\/verdadeon.com.br\/portal\/2023\/01\/17\/conab-diz-que-frutas-registram-queda-de-precos\/\"]}]},{\"@type\":\"ImageObject\",\"inLanguage\":\"pt-BR\",\"@id\":\"https:\/\/verdadeon.com.br\/portal\/2023\/01\/17\/conab-diz-que-frutas-registram-queda-de-precos\/#primaryimage\",\"url\":\"https:\/\/i0.wp.com\/verdadeon.com.br\/portal\/wp-content\/uploads\/2023\/01\/vac_abr_20220729_0900.jpg?fit=1044%2C700&ssl=1\",\"contentUrl\":\"https:\/\/i0.wp.com\/verdadeon.com.br\/portal\/wp-content\/uploads\/2023\/01\/vac_abr_20220729_0900.jpg?fit=1044%2C700&ssl=1\",\"width\":1044,\"height\":700,\"caption\":\"Laranja,lim\u00e3o, tangerina\"},{\"@type\":\"BreadcrumbList\",\"@id\":\"https:\/\/verdadeon.com.br\/portal\/2023\/01\/17\/conab-diz-que-frutas-registram-queda-de-precos\/#breadcrumb\",\"itemListElement\":[{\"@type\":\"ListItem\",\"position\":1,\"name\":\"In\u00edcio\",\"item\":\"https:\/\/verdadeon.com.br\/portal\/\"},{\"@type\":\"ListItem\",\"position\":2,\"name\":\"Conab diz que frutas registram queda de pre\u00e7os\"}]},{\"@type\":\"WebSite\",\"@id\":\"https:\/\/verdadeon.com.br\/portal\/#website\",\"url\":\"https:\/\/verdadeon.com.br\/portal\/\",\"name\":\"VerdadeOn\",\"description\":\"Not\u00edcias di\u00e1rias sobre Franca, Regi\u00e3o, Esporte, Cultura, Cotidiano, Colunas. Cobertura nos principais eventos da cidade \u00e9 aqui - Verdadeon Franca\",\"potentialAction\":[{\"@type\":\"SearchAction\",\"target\":{\"@type\":\"EntryPoint\",\"urlTemplate\":\"https:\/\/verdadeon.com.br\/portal\/?s={search_term_string}\"},\"query-input\":{\"@type\":\"PropertyValueSpecification\",\"valueRequired\":true,\"valueName\":\"search_term_string\"}}],\"inLanguage\":\"pt-BR\"},{\"@type\":\"Person\",\"@id\":\"https:\/\/verdadeon.com.br\/portal\/#\/schema\/person\/8994718f49ee62ba5610471e29ca1f62\",\"name\":\"Fernando Calixto\",\"image\":{\"@type\":\"ImageObject\",\"inLanguage\":\"pt-BR\",\"@id\":\"https:\/\/verdadeon.com.br\/portal\/#\/schema\/person\/image\/\",\"url\":\"https:\/\/secure.gravatar.com\/avatar\/7578910c24966c0316c340f9dbd601e93ee9f9212e1033968b367af9306bd9fb?s=96&d=mm&r=g\",\"contentUrl\":\"https:\/\/secure.gravatar.com\/avatar\/7578910c24966c0316c340f9dbd601e93ee9f9212e1033968b367af9306bd9fb?s=96&d=mm&r=g\",\"caption\":\"Fernando Calixto\"},\"url\":\"https:\/\/verdadeon.com.br\/portal\/author\/fernando-calixto\/\"}]}<\/script>\n<!-- \/ Yoast SEO plugin. -->","yoast_head_json":{"title":"Conab diz que frutas registram queda de pre\u00e7os - VerdadeOn","robots":{"index":"index","follow":"follow","max-snippet":"max-snippet:-1","max-image-preview":"max-image-preview:large","max-video-preview":"max-video-preview:-1"},"canonical":"https:\/\/verdadeon.com.br\/portal\/2023\/01\/17\/conab-diz-que-frutas-registram-queda-de-precos\/","og_locale":"pt_BR","og_type":"article","og_title":"Conab diz que frutas registram queda de pre\u00e7os - VerdadeOn","og_description":"No entanto, houve alta na cota\u00e7\u00e3o do tomate e da batata Balan\u00e7o divulgado hoje (17), em Bras\u00edlia, pela Companhia Nacional de Abastecimento (Conab) revela queda de [\u2026]","og_url":"https:\/\/verdadeon.com.br\/portal\/2023\/01\/17\/conab-diz-que-frutas-registram-queda-de-precos\/","og_site_name":"VerdadeOn","article_published_time":"2023-01-17T19:39:55+00:00","og_image":[{"width":1044,"height":700,"url":"https:\/\/verdadeon.com.br\/portal\/wp-content\/uploads\/2023\/01\/vac_abr_20220729_0900.jpg","type":"image\/jpeg"}],"author":"Fernando Calixto","twitter_card":"summary_large_image","twitter_misc":{"Escrito por":"Fernando Calixto","Est. tempo de leitura":"5 minutos"},"schema":{"@context":"https:\/\/schema.org","@graph":[{"@type":"WebPage","@id":"https:\/\/verdadeon.com.br\/portal\/2023\/01\/17\/conab-diz-que-frutas-registram-queda-de-precos\/","url":"https:\/\/verdadeon.com.br\/portal\/2023\/01\/17\/conab-diz-que-frutas-registram-queda-de-precos\/","name":"Conab diz que frutas registram queda de pre\u00e7os - VerdadeOn","isPartOf":{"@id":"https:\/\/verdadeon.com.br\/portal\/#website"},"primaryImageOfPage":{"@id":"https:\/\/verdadeon.com.br\/portal\/2023\/01\/17\/conab-diz-que-frutas-registram-queda-de-precos\/#primaryimage"},"image":{"@id":"https:\/\/verdadeon.com.br\/portal\/2023\/01\/17\/conab-diz-que-frutas-registram-queda-de-precos\/#primaryimage"},"thumbnailUrl":"https:\/\/i0.wp.com\/verdadeon.com.br\/portal\/wp-content\/uploads\/2023\/01\/vac_abr_20220729_0900.jpg?fit=1044%2C700&ssl=1","datePublished":"2023-01-17T19:39:55+00:00","author":{"@id":"https:\/\/verdadeon.com.br\/portal\/#\/schema\/person\/8994718f49ee62ba5610471e29ca1f62"},"breadcrumb":{"@id":"https:\/\/verdadeon.com.br\/portal\/2023\/01\/17\/conab-diz-que-frutas-registram-queda-de-precos\/#breadcrumb"},"inLanguage":"pt-BR","potentialAction":[{"@type":"ReadAction","target":["https:\/\/verdadeon.com.br\/portal\/2023\/01\/17\/conab-diz-que-frutas-registram-queda-de-precos\/"]}]},{"@type":"ImageObject","inLanguage":"pt-BR","@id":"https:\/\/verdadeon.com.br\/portal\/2023\/01\/17\/conab-diz-que-frutas-registram-queda-de-precos\/#primaryimage","url":"https:\/\/i0.wp.com\/verdadeon.com.br\/portal\/wp-content\/uploads\/2023\/01\/vac_abr_20220729_0900.jpg?fit=1044%2C700&ssl=1","contentUrl":"https:\/\/i0.wp.com\/verdadeon.com.br\/portal\/wp-content\/uploads\/2023\/01\/vac_abr_20220729_0900.jpg?fit=1044%2C700&ssl=1","width":1044,"height":700,"caption":"Laranja,lim\u00e3o, tangerina"},{"@type":"BreadcrumbList","@id":"https:\/\/verdadeon.com.br\/portal\/2023\/01\/17\/conab-diz-que-frutas-registram-queda-de-precos\/#breadcrumb","itemListElement":[{"@type":"ListItem","position":1,"name":"In\u00edcio","item":"https:\/\/verdadeon.com.br\/portal\/"},{"@type":"ListItem","position":2,"name":"Conab diz que frutas registram queda de pre\u00e7os"}]},{"@type":"WebSite","@id":"https:\/\/verdadeon.com.br\/portal\/#website","url":"https:\/\/verdadeon.com.br\/portal\/","name":"VerdadeOn","description":"Not\u00edcias di\u00e1rias sobre Franca, Regi\u00e3o, Esporte, Cultura, Cotidiano, Colunas. Cobertura nos principais eventos da cidade \u00e9 aqui - Verdadeon Franca","potentialAction":[{"@type":"SearchAction","target":{"@type":"EntryPoint","urlTemplate":"https:\/\/verdadeon.com.br\/portal\/?s={search_term_string}"},"query-input":{"@type":"PropertyValueSpecification","valueRequired":true,"valueName":"search_term_string"}}],"inLanguage":"pt-BR"},{"@type":"Person","@id":"https:\/\/verdadeon.com.br\/portal\/#\/schema\/person\/8994718f49ee62ba5610471e29ca1f62","name":"Fernando Calixto","image":{"@type":"ImageObject","inLanguage":"pt-BR","@id":"https:\/\/verdadeon.com.br\/portal\/#\/schema\/person\/image\/","url":"https:\/\/secure.gravatar.com\/avatar\/7578910c24966c0316c340f9dbd601e93ee9f9212e1033968b367af9306bd9fb?s=96&d=mm&r=g","contentUrl":"https:\/\/secure.gravatar.com\/avatar\/7578910c24966c0316c340f9dbd601e93ee9f9212e1033968b367af9306bd9fb?s=96&d=mm&r=g","caption":"Fernando Calixto"},"url":"https:\/\/verdadeon.com.br\/portal\/author\/fernando-calixto\/"}]}},"jetpack_publicize_connections":[],"jetpack_featured_media_url":"https:\/\/i0.wp.com\/verdadeon.com.br\/portal\/wp-content\/uploads\/2023\/01\/vac_abr_20220729_0900.jpg?fit=1044%2C700&ssl=1","jetpack_sharing_enabled":true,"_links":{"self":[{"href":"https:\/\/verdadeon.com.br\/portal\/wp-json\/wp\/v2\/posts\/31185","targetHints":{"allow":["GET"]}}],"collection":[{"href":"https:\/\/verdadeon.com.br\/portal\/wp-json\/wp\/v2\/posts"}],"about":[{"href":"https:\/\/verdadeon.com.br\/portal\/wp-json\/wp\/v2\/types\/post"}],"author":[{"embeddable":true,"href":"https:\/\/verdadeon.com.br\/portal\/wp-json\/wp\/v2\/users\/4"}],"replies":[{"embeddable":true,"href":"https:\/\/verdadeon.com.br\/portal\/wp-json\/wp\/v2\/comments?post=31185"}],"version-history":[{"count":1,"href":"https:\/\/verdadeon.com.br\/portal\/wp-json\/wp\/v2\/posts\/31185\/revisions"}],"predecessor-version":[{"id":31189,"href":"https:\/\/verdadeon.com.br\/portal\/wp-json\/wp\/v2\/posts\/31185\/revisions\/31189"}],"wp:featuredmedia":[{"embeddable":true,"href":"https:\/\/verdadeon.com.br\/portal\/wp-json\/wp\/v2\/media\/31186"}],"wp:attachment":[{"href":"https:\/\/verdadeon.com.br\/portal\/wp-json\/wp\/v2\/media?parent=31185"}],"wp:term":[{"taxonomy":"category","embeddable":true,"href":"https:\/\/verdadeon.com.br\/portal\/wp-json\/wp\/v2\/categories?post=31185"},{"taxonomy":"post_tag","embeddable":true,"href":"https:\/\/verdadeon.com.br\/portal\/wp-json\/wp\/v2\/tags?post=31185"}],"curies":[{"name":"wp","href":"https:\/\/api.w.org\/{rel}","templated":true}]}}