{"id":31160,"date":"2023-01-16T17:46:13","date_gmt":"2023-01-16T20:46:13","guid":{"rendered":"https:\/\/verdadeon.com.br\/portal\/?p=31160"},"modified":"2023-01-16T17:46:13","modified_gmt":"2023-01-16T20:46:13","slug":"bolsa-universidade-abre-inscricoes-para-171-vagas-para-estudantes-de-baixa-renda","status":"publish","type":"post","link":"https:\/\/verdadeon.com.br\/portal\/2023\/01\/16\/bolsa-universidade-abre-inscricoes-para-171-vagas-para-estudantes-de-baixa-renda\/","title":{"rendered":"Bolsa Universidade abre inscri\u00e7\u00f5es para 171 vagas para estudantes de baixa renda"},"content":{"rendered":"<h2>As inscri\u00e7\u00f5es dever\u00e3o ser feitas a partir das 10 horas, do dia 6 de fevereiro at\u00e9 \u00e0s 23h59 do dia 10, do mesmo m\u00eas<\/h2>\n<p>A Secretaria de Educa\u00e7\u00e3o divulgou no \u00faltimo s\u00e1bado, 14, o edital do Bolsa Universidade, programa que auxilia universit\u00e1rios no custeio dos estudos. A publica\u00e7\u00e3o saiu no Di\u00e1rio Oficial do Munic\u00edpio e pode ser conferida no link https:\/\/www.franca.sp.gov.br\/arquivos\/diario-oficial\/documentos\/2202-14012023.pdf, onde tamb\u00e9m consta a documenta\u00e7\u00e3o necess\u00e1ria para participar do processo de sele\u00e7\u00e3o.<br \/>\nNeste ano, a Prefeitura est\u00e1 oferecendo 171 vagas, sendo 48 para a Faculdade de Direito, distribu\u00eddas conforme a classifica\u00e7\u00e3o final de pontua\u00e7\u00e3o, 70 vagas disponibilizadas para a Universidade de Franca (Unifran), em qualquer curso, semestre ou turno, com exce\u00e7\u00e3o dos cursos de Arquitetura, Direito, Enfermagem, Engenharia Agron\u00f4mica, Fisioterapia, Medicina, Medicina Veterin\u00e1ria, Psicologia e Odontologia, de acordo com a classifica\u00e7\u00e3o final de pontua\u00e7\u00e3o, limitadas a 5 vagas por curso e para o Centro Universit\u00e1rio Municipal de Franca (Uni-Facef) ser\u00e3o 3 vagas para Engenharia Civil e 50 para as gradua\u00e7\u00f5es de Administra\u00e7\u00e3o, Ci\u00eancias Cont\u00e1beis, Ci\u00eancias da Computa\u00e7\u00e3o, Comunica\u00e7\u00e3o Social, Enfermagem, Engenharia de Produ\u00e7\u00e3o, Engenharia de Software, Letras, Matem\u00e1tica, Psicologia e Sistemas de Informa\u00e7\u00e3o, que tamb\u00e9m ser\u00e3o distribu\u00eddas conforme a classifica\u00e7\u00e3o final de pontua\u00e7\u00e3o.<br \/>\nAs inscri\u00e7\u00f5es dever\u00e3o ser feitas a partir das 10 horas, do dia 6 de fevereiro at\u00e9 \u00e0s 23h59 do dia 10, do mesmo m\u00eas, pelo site www.franca.sp.gov.br\/administracao-municipal\/administracaodireta\/educacao\/bolsa-universidade. No ato da inscri\u00e7\u00e3o, o candidato deve preencher o formul\u00e1rio e entregar, junto com a documenta\u00e7\u00e3o necess\u00e1ria, nos dias 13 e 14 de fevereiro, das 7h30 \u00e0s 12h30, na Secretaria de Educa\u00e7\u00e3o, que fica na avenida Francisco de Paula Quintanilha Ribeiro, 550, Parque Francal.<br \/>\nO Bolsa Universidade \u00e9 um programa voltado a auxiliar os estudantes universit\u00e1rios de baixa renda, regularmente matriculados em institui\u00e7\u00e3o da \u00e1rea e que n\u00e3o tenha forma\u00e7\u00e3o universit\u00e1ria anterior. S\u00e3o requisitos para o candidato, residir na cidade h\u00e1, no m\u00ednimo, 5 anos anteriores ao in\u00edcio da gradua\u00e7\u00e3o; comprovadamente, dever\u00e1 ter cursado o Ensino M\u00e9dio, em escola de rede p\u00fablica ou na condi\u00e7\u00e3o de bolsista integral de rede particular, com exce\u00e7\u00e3o da pessoa com defici\u00eancia, que tenha recebido bolsa parcial da rede particular e possuir renda familiar mensal, per capita, de at\u00e9 dois sal\u00e1rios m\u00ednimos vigentes. No caso do estudante, que mora sozinho, \u00e9 necess\u00e1rio ter renda mensal per capita de at\u00e9 tr\u00eas sal\u00e1rios m\u00ednimos vigentes.<br \/>\nO processo de sele\u00e7\u00e3o consiste em duas etapas. Primeiro, os candidatos inscritos ter\u00e3o a documenta\u00e7\u00e3o analisada pela equipe de servi\u00e7o social respons\u00e1vel pelo programa, observando as condi\u00e7\u00f5es previstas no edital e os seguintes indicadores: estudantes com dependentes legais; composi\u00e7\u00e3o familiar; situa\u00e7\u00e3o profissional do estudante inscrito; de moradia; patrim\u00f4nio (ve\u00edculos); de sa\u00fade e situa\u00e7\u00e3o econ\u00f4mica familiar (renda per capita). Os candidatos selecionados ser\u00e3o informados de sua classifica\u00e7\u00e3o para a etapa seguinte da sele\u00e7\u00e3o, por meio de publica\u00e7\u00e3o no Di\u00e1rio Oficial do Munic\u00edpio, no site da Prefeitura de Franca e tamb\u00e9m no link do Bolsa Universidade. Depois, ser\u00e1 feita a entrevista social, com visita domiciliar.<br \/>\nPara esclarecimentos de d\u00favidas, basta entrar em contato pelos telefones (16) 3711-9267 e 3711-9220.<\/p>\n","protected":false},"excerpt":{"rendered":"<p>As inscri\u00e7\u00f5es dever\u00e3o ser feitas a partir das 10 horas, do dia 6 de fevereiro at\u00e9 \u00e0s 23h59 do dia 10, do mesmo m\u00eas A Secretaria<span class=\"excerpt-hellip\"> [\u2026]<\/span><\/p>\n","protected":false},"author":4,"featured_media":31161,"comment_status":"open","ping_status":"open","sticky":false,"template":"","format":"standard","meta":{"_jetpack_memberships_contains_paid_content":false,"footnotes":"","jetpack_publicize_message":"","jetpack_publicize_feature_enabled":true,"jetpack_social_post_already_shared":false,"jetpack_social_options":{"image_generator_settings":{"template":"highway","default_image_id":0,"enabled":false},"version":2}},"categories":[28,81],"tags":[],"class_list":["post-31160","post","type-post","status-publish","format-standard","has-post-thumbnail","hentry","category-cotidiano","category-manchete"],"yoast_head":"<!-- This site is optimized with the Yoast SEO plugin v25.6 - https:\/\/yoast.com\/wordpress\/plugins\/seo\/ -->\n<title>Bolsa Universidade abre inscri\u00e7\u00f5es para 171 vagas para estudantes de baixa renda - VerdadeOn<\/title>\n<meta name=\"robots\" content=\"index, follow, max-snippet:-1, max-image-preview:large, max-video-preview:-1\" \/>\n<link rel=\"canonical\" href=\"https:\/\/verdadeon.com.br\/portal\/2023\/01\/16\/bolsa-universidade-abre-inscricoes-para-171-vagas-para-estudantes-de-baixa-renda\/\" \/>\n<meta property=\"og:locale\" content=\"pt_BR\" \/>\n<meta property=\"og:type\" content=\"article\" \/>\n<meta property=\"og:title\" content=\"Bolsa Universidade abre inscri\u00e7\u00f5es para 171 vagas para estudantes de baixa renda - VerdadeOn\" \/>\n<meta property=\"og:description\" content=\"As inscri\u00e7\u00f5es dever\u00e3o ser feitas a partir das 10 horas, do dia 6 de fevereiro at\u00e9 \u00e0s 23h59 do dia 10, do mesmo m\u00eas A Secretaria [\u2026]\" \/>\n<meta property=\"og:url\" content=\"https:\/\/verdadeon.com.br\/portal\/2023\/01\/16\/bolsa-universidade-abre-inscricoes-para-171-vagas-para-estudantes-de-baixa-renda\/\" \/>\n<meta property=\"og:site_name\" content=\"VerdadeOn\" \/>\n<meta property=\"article:published_time\" content=\"2023-01-16T20:46:13+00:00\" \/>\n<meta property=\"og:image\" content=\"https:\/\/verdadeon.com.br\/portal\/wp-content\/uploads\/2023\/01\/WhatsApp-Image-2021-02-10-at-14.10.05.jpeg\" \/>\n\t<meta property=\"og:image:width\" content=\"1000\" \/>\n\t<meta property=\"og:image:height\" content=\"670\" \/>\n\t<meta property=\"og:image:type\" content=\"image\/jpeg\" \/>\n<meta name=\"author\" content=\"Fernando Calixto\" \/>\n<meta name=\"twitter:card\" content=\"summary_large_image\" \/>\n<meta name=\"twitter:label1\" content=\"Escrito por\" \/>\n\t<meta name=\"twitter:data1\" content=\"Fernando Calixto\" \/>\n\t<meta name=\"twitter:label2\" content=\"Est. tempo de leitura\" \/>\n\t<meta name=\"twitter:data2\" content=\"3 minutos\" \/>\n<script type=\"application\/ld+json\" class=\"yoast-schema-graph\">{\"@context\":\"https:\/\/schema.org\",\"@graph\":[{\"@type\":\"WebPage\",\"@id\":\"https:\/\/verdadeon.com.br\/portal\/2023\/01\/16\/bolsa-universidade-abre-inscricoes-para-171-vagas-para-estudantes-de-baixa-renda\/\",\"url\":\"https:\/\/verdadeon.com.br\/portal\/2023\/01\/16\/bolsa-universidade-abre-inscricoes-para-171-vagas-para-estudantes-de-baixa-renda\/\",\"name\":\"Bolsa Universidade abre inscri\u00e7\u00f5es para 171 vagas para estudantes de baixa renda - VerdadeOn\",\"isPartOf\":{\"@id\":\"https:\/\/verdadeon.com.br\/portal\/#website\"},\"primaryImageOfPage\":{\"@id\":\"https:\/\/verdadeon.com.br\/portal\/2023\/01\/16\/bolsa-universidade-abre-inscricoes-para-171-vagas-para-estudantes-de-baixa-renda\/#primaryimage\"},\"image\":{\"@id\":\"https:\/\/verdadeon.com.br\/portal\/2023\/01\/16\/bolsa-universidade-abre-inscricoes-para-171-vagas-para-estudantes-de-baixa-renda\/#primaryimage\"},\"thumbnailUrl\":\"https:\/\/i0.wp.com\/verdadeon.com.br\/portal\/wp-content\/uploads\/2023\/01\/WhatsApp-Image-2021-02-10-at-14.10.05.jpeg?fit=1000%2C670&ssl=1\",\"datePublished\":\"2023-01-16T20:46:13+00:00\",\"author\":{\"@id\":\"https:\/\/verdadeon.com.br\/portal\/#\/schema\/person\/8994718f49ee62ba5610471e29ca1f62\"},\"breadcrumb\":{\"@id\":\"https:\/\/verdadeon.com.br\/portal\/2023\/01\/16\/bolsa-universidade-abre-inscricoes-para-171-vagas-para-estudantes-de-baixa-renda\/#breadcrumb\"},\"inLanguage\":\"pt-BR\",\"potentialAction\":[{\"@type\":\"ReadAction\",\"target\":[\"https:\/\/verdadeon.com.br\/portal\/2023\/01\/16\/bolsa-universidade-abre-inscricoes-para-171-vagas-para-estudantes-de-baixa-renda\/\"]}]},{\"@type\":\"ImageObject\",\"inLanguage\":\"pt-BR\",\"@id\":\"https:\/\/verdadeon.com.br\/portal\/2023\/01\/16\/bolsa-universidade-abre-inscricoes-para-171-vagas-para-estudantes-de-baixa-renda\/#primaryimage\",\"url\":\"https:\/\/i0.wp.com\/verdadeon.com.br\/portal\/wp-content\/uploads\/2023\/01\/WhatsApp-Image-2021-02-10-at-14.10.05.jpeg?fit=1000%2C670&ssl=1\",\"contentUrl\":\"https:\/\/i0.wp.com\/verdadeon.com.br\/portal\/wp-content\/uploads\/2023\/01\/WhatsApp-Image-2021-02-10-at-14.10.05.jpeg?fit=1000%2C670&ssl=1\",\"width\":1000,\"height\":670,\"caption\":\"Programa Bolsa Universidade tem 171 vagas em 2022; Faculdade de Direito de Franca \u00e9 uma das parceiras do munic\u00edpio para concess\u00e3o do benef\u00edcio aos universit\u00e1rios | Foto: Jornal Verdade\"},{\"@type\":\"BreadcrumbList\",\"@id\":\"https:\/\/verdadeon.com.br\/portal\/2023\/01\/16\/bolsa-universidade-abre-inscricoes-para-171-vagas-para-estudantes-de-baixa-renda\/#breadcrumb\",\"itemListElement\":[{\"@type\":\"ListItem\",\"position\":1,\"name\":\"In\u00edcio\",\"item\":\"https:\/\/verdadeon.com.br\/portal\/\"},{\"@type\":\"ListItem\",\"position\":2,\"name\":\"Bolsa Universidade abre inscri\u00e7\u00f5es para 171 vagas para estudantes de baixa renda\"}]},{\"@type\":\"WebSite\",\"@id\":\"https:\/\/verdadeon.com.br\/portal\/#website\",\"url\":\"https:\/\/verdadeon.com.br\/portal\/\",\"name\":\"VerdadeOn\",\"description\":\"Not\u00edcias di\u00e1rias sobre Franca, Regi\u00e3o, Esporte, Cultura, Cotidiano, Colunas. Cobertura nos principais eventos da cidade \u00e9 aqui - Verdadeon Franca\",\"potentialAction\":[{\"@type\":\"SearchAction\",\"target\":{\"@type\":\"EntryPoint\",\"urlTemplate\":\"https:\/\/verdadeon.com.br\/portal\/?s={search_term_string}\"},\"query-input\":{\"@type\":\"PropertyValueSpecification\",\"valueRequired\":true,\"valueName\":\"search_term_string\"}}],\"inLanguage\":\"pt-BR\"},{\"@type\":\"Person\",\"@id\":\"https:\/\/verdadeon.com.br\/portal\/#\/schema\/person\/8994718f49ee62ba5610471e29ca1f62\",\"name\":\"Fernando Calixto\",\"image\":{\"@type\":\"ImageObject\",\"inLanguage\":\"pt-BR\",\"@id\":\"https:\/\/verdadeon.com.br\/portal\/#\/schema\/person\/image\/\",\"url\":\"https:\/\/secure.gravatar.com\/avatar\/7578910c24966c0316c340f9dbd601e93ee9f9212e1033968b367af9306bd9fb?s=96&d=mm&r=g\",\"contentUrl\":\"https:\/\/secure.gravatar.com\/avatar\/7578910c24966c0316c340f9dbd601e93ee9f9212e1033968b367af9306bd9fb?s=96&d=mm&r=g\",\"caption\":\"Fernando Calixto\"},\"url\":\"https:\/\/verdadeon.com.br\/portal\/author\/fernando-calixto\/\"}]}<\/script>\n<!-- \/ Yoast SEO plugin. -->","yoast_head_json":{"title":"Bolsa Universidade abre inscri\u00e7\u00f5es para 171 vagas para estudantes de baixa renda - VerdadeOn","robots":{"index":"index","follow":"follow","max-snippet":"max-snippet:-1","max-image-preview":"max-image-preview:large","max-video-preview":"max-video-preview:-1"},"canonical":"https:\/\/verdadeon.com.br\/portal\/2023\/01\/16\/bolsa-universidade-abre-inscricoes-para-171-vagas-para-estudantes-de-baixa-renda\/","og_locale":"pt_BR","og_type":"article","og_title":"Bolsa Universidade abre inscri\u00e7\u00f5es para 171 vagas para estudantes de baixa renda - VerdadeOn","og_description":"As inscri\u00e7\u00f5es dever\u00e3o ser feitas a partir das 10 horas, do dia 6 de fevereiro at\u00e9 \u00e0s 23h59 do dia 10, do mesmo m\u00eas A Secretaria [\u2026]","og_url":"https:\/\/verdadeon.com.br\/portal\/2023\/01\/16\/bolsa-universidade-abre-inscricoes-para-171-vagas-para-estudantes-de-baixa-renda\/","og_site_name":"VerdadeOn","article_published_time":"2023-01-16T20:46:13+00:00","og_image":[{"width":1000,"height":670,"url":"https:\/\/verdadeon.com.br\/portal\/wp-content\/uploads\/2023\/01\/WhatsApp-Image-2021-02-10-at-14.10.05.jpeg","type":"image\/jpeg"}],"author":"Fernando Calixto","twitter_card":"summary_large_image","twitter_misc":{"Escrito por":"Fernando Calixto","Est. tempo de leitura":"3 minutos"},"schema":{"@context":"https:\/\/schema.org","@graph":[{"@type":"WebPage","@id":"https:\/\/verdadeon.com.br\/portal\/2023\/01\/16\/bolsa-universidade-abre-inscricoes-para-171-vagas-para-estudantes-de-baixa-renda\/","url":"https:\/\/verdadeon.com.br\/portal\/2023\/01\/16\/bolsa-universidade-abre-inscricoes-para-171-vagas-para-estudantes-de-baixa-renda\/","name":"Bolsa Universidade abre inscri\u00e7\u00f5es para 171 vagas para estudantes de baixa renda - VerdadeOn","isPartOf":{"@id":"https:\/\/verdadeon.com.br\/portal\/#website"},"primaryImageOfPage":{"@id":"https:\/\/verdadeon.com.br\/portal\/2023\/01\/16\/bolsa-universidade-abre-inscricoes-para-171-vagas-para-estudantes-de-baixa-renda\/#primaryimage"},"image":{"@id":"https:\/\/verdadeon.com.br\/portal\/2023\/01\/16\/bolsa-universidade-abre-inscricoes-para-171-vagas-para-estudantes-de-baixa-renda\/#primaryimage"},"thumbnailUrl":"https:\/\/i0.wp.com\/verdadeon.com.br\/portal\/wp-content\/uploads\/2023\/01\/WhatsApp-Image-2021-02-10-at-14.10.05.jpeg?fit=1000%2C670&ssl=1","datePublished":"2023-01-16T20:46:13+00:00","author":{"@id":"https:\/\/verdadeon.com.br\/portal\/#\/schema\/person\/8994718f49ee62ba5610471e29ca1f62"},"breadcrumb":{"@id":"https:\/\/verdadeon.com.br\/portal\/2023\/01\/16\/bolsa-universidade-abre-inscricoes-para-171-vagas-para-estudantes-de-baixa-renda\/#breadcrumb"},"inLanguage":"pt-BR","potentialAction":[{"@type":"ReadAction","target":["https:\/\/verdadeon.com.br\/portal\/2023\/01\/16\/bolsa-universidade-abre-inscricoes-para-171-vagas-para-estudantes-de-baixa-renda\/"]}]},{"@type":"ImageObject","inLanguage":"pt-BR","@id":"https:\/\/verdadeon.com.br\/portal\/2023\/01\/16\/bolsa-universidade-abre-inscricoes-para-171-vagas-para-estudantes-de-baixa-renda\/#primaryimage","url":"https:\/\/i0.wp.com\/verdadeon.com.br\/portal\/wp-content\/uploads\/2023\/01\/WhatsApp-Image-2021-02-10-at-14.10.05.jpeg?fit=1000%2C670&ssl=1","contentUrl":"https:\/\/i0.wp.com\/verdadeon.com.br\/portal\/wp-content\/uploads\/2023\/01\/WhatsApp-Image-2021-02-10-at-14.10.05.jpeg?fit=1000%2C670&ssl=1","width":1000,"height":670,"caption":"Programa Bolsa Universidade tem 171 vagas em 2022; Faculdade de Direito de Franca \u00e9 uma das parceiras do munic\u00edpio para concess\u00e3o do benef\u00edcio aos universit\u00e1rios | Foto: Jornal Verdade"},{"@type":"BreadcrumbList","@id":"https:\/\/verdadeon.com.br\/portal\/2023\/01\/16\/bolsa-universidade-abre-inscricoes-para-171-vagas-para-estudantes-de-baixa-renda\/#breadcrumb","itemListElement":[{"@type":"ListItem","position":1,"name":"In\u00edcio","item":"https:\/\/verdadeon.com.br\/portal\/"},{"@type":"ListItem","position":2,"name":"Bolsa Universidade abre inscri\u00e7\u00f5es para 171 vagas para estudantes de baixa renda"}]},{"@type":"WebSite","@id":"https:\/\/verdadeon.com.br\/portal\/#website","url":"https:\/\/verdadeon.com.br\/portal\/","name":"VerdadeOn","description":"Not\u00edcias di\u00e1rias sobre Franca, Regi\u00e3o, Esporte, Cultura, Cotidiano, Colunas. Cobertura nos principais eventos da cidade \u00e9 aqui - Verdadeon Franca","potentialAction":[{"@type":"SearchAction","target":{"@type":"EntryPoint","urlTemplate":"https:\/\/verdadeon.com.br\/portal\/?s={search_term_string}"},"query-input":{"@type":"PropertyValueSpecification","valueRequired":true,"valueName":"search_term_string"}}],"inLanguage":"pt-BR"},{"@type":"Person","@id":"https:\/\/verdadeon.com.br\/portal\/#\/schema\/person\/8994718f49ee62ba5610471e29ca1f62","name":"Fernando Calixto","image":{"@type":"ImageObject","inLanguage":"pt-BR","@id":"https:\/\/verdadeon.com.br\/portal\/#\/schema\/person\/image\/","url":"https:\/\/secure.gravatar.com\/avatar\/7578910c24966c0316c340f9dbd601e93ee9f9212e1033968b367af9306bd9fb?s=96&d=mm&r=g","contentUrl":"https:\/\/secure.gravatar.com\/avatar\/7578910c24966c0316c340f9dbd601e93ee9f9212e1033968b367af9306bd9fb?s=96&d=mm&r=g","caption":"Fernando Calixto"},"url":"https:\/\/verdadeon.com.br\/portal\/author\/fernando-calixto\/"}]}},"jetpack_publicize_connections":[],"jetpack_featured_media_url":"https:\/\/i0.wp.com\/verdadeon.com.br\/portal\/wp-content\/uploads\/2023\/01\/WhatsApp-Image-2021-02-10-at-14.10.05.jpeg?fit=1000%2C670&ssl=1","jetpack_sharing_enabled":true,"_links":{"self":[{"href":"https:\/\/verdadeon.com.br\/portal\/wp-json\/wp\/v2\/posts\/31160","targetHints":{"allow":["GET"]}}],"collection":[{"href":"https:\/\/verdadeon.com.br\/portal\/wp-json\/wp\/v2\/posts"}],"about":[{"href":"https:\/\/verdadeon.com.br\/portal\/wp-json\/wp\/v2\/types\/post"}],"author":[{"embeddable":true,"href":"https:\/\/verdadeon.com.br\/portal\/wp-json\/wp\/v2\/users\/4"}],"replies":[{"embeddable":true,"href":"https:\/\/verdadeon.com.br\/portal\/wp-json\/wp\/v2\/comments?post=31160"}],"version-history":[{"count":1,"href":"https:\/\/verdadeon.com.br\/portal\/wp-json\/wp\/v2\/posts\/31160\/revisions"}],"predecessor-version":[{"id":31162,"href":"https:\/\/verdadeon.com.br\/portal\/wp-json\/wp\/v2\/posts\/31160\/revisions\/31162"}],"wp:featuredmedia":[{"embeddable":true,"href":"https:\/\/verdadeon.com.br\/portal\/wp-json\/wp\/v2\/media\/31161"}],"wp:attachment":[{"href":"https:\/\/verdadeon.com.br\/portal\/wp-json\/wp\/v2\/media?parent=31160"}],"wp:term":[{"taxonomy":"category","embeddable":true,"href":"https:\/\/verdadeon.com.br\/portal\/wp-json\/wp\/v2\/categories?post=31160"},{"taxonomy":"post_tag","embeddable":true,"href":"https:\/\/verdadeon.com.br\/portal\/wp-json\/wp\/v2\/tags?post=31160"}],"curies":[{"name":"wp","href":"https:\/\/api.w.org\/{rel}","templated":true}]}}