{"id":31119,"date":"2023-01-13T17:43:54","date_gmt":"2023-01-13T20:43:54","guid":{"rendered":"https:\/\/verdadeon.com.br\/portal\/?p=31119"},"modified":"2023-01-13T17:50:20","modified_gmt":"2023-01-13T20:50:20","slug":"dise-prende-tres-por-trafico-de-drogas-no-aerporto-3","status":"publish","type":"post","link":"https:\/\/verdadeon.com.br\/portal\/2023\/01\/13\/dise-prende-tres-por-trafico-de-drogas-no-aerporto-3\/","title":{"rendered":"DISE prende tr\u00eas por tr\u00e1fico de drogas no Aeroporto 3"},"content":{"rendered":"<h2>A\u00e7\u00e3o foi realizada em pela especializada, nesta sexta-feira, ap\u00f3s den\u00fancia anonima<\/h2>\n<p>Nesta sexta-feira (13), a Pol\u00edcia Civil, realizou mais uma importante a\u00e7\u00e3o em Franca. Por meio da equipe da DISE de Franca, sob o comando do Delegado Eduardo Lopes Bonfim dois\u00a0 rapazes de 19 anos foram\u00a0 presos\u00a0 em flagrante pelo crime de tr\u00e1fico de drogas e um adolescente de 17 anos foi apreendido praticando ato infracional an\u00e1logo ao crime de tr\u00e1fico de drogas.<\/p>\n<p>Os investigadores receberam den\u00fancia an\u00f4nima dando conta que um morador do Bairro Jardim Aeroporto 3 estaria praticando tr\u00e1fico de drogas em sua resid\u00eancia.<\/p>\n<p>Atrav\u00e9s de campanas foi verificado que as den\u00fancias eram procedentes e foi constatado que n\u00e3o um, mas tr\u00eas rapazes ficavam vendendo drogas no local.<\/p>\n<p>Durante cumprimento do mandado de busca domiciliar no im\u00f3vel pelos policiais foram encontradas v\u00e1rias por\u00e7\u00f5es de maconha, coca\u00edna e crack com o suspeito e mais duas pessoas na resid\u00eancia.<\/p>\n<p>O investigado principal j\u00e1 possui passagens criminais pelo crime de tr\u00e1fico de drogas, \u00a0o outro rapaz possui passagem criminal por roubo e o menor de idade tamb\u00e9m j\u00e1 havia sido apreendido anteriormente por\u00a0 tr\u00e1fico de drogas.<\/p>\n<p>Os presos maiores de idade foram encaminhandos \u00e0 cadeia p\u00fablica local enquanto o adolescente\u00a0 foi recolhido e \u00a0encaminhado \u00e0 Funda\u00e7\u00e3o Casa onde se encontra a disposi\u00e7\u00e3o da justi\u00e7a.<\/p>\n","protected":false},"excerpt":{"rendered":"<p>A\u00e7\u00e3o foi realizada em pela especializada, nesta sexta-feira, ap\u00f3s den\u00fancia anonima Nesta sexta-feira (13), a Pol\u00edcia Civil, realizou mais uma importante a\u00e7\u00e3o em Franca. Por meio<span class=\"excerpt-hellip\"> [\u2026]<\/span><\/p>\n","protected":false},"author":4,"featured_media":31120,"comment_status":"open","ping_status":"open","sticky":false,"template":"","format":"standard","meta":{"_jetpack_memberships_contains_paid_content":false,"footnotes":"","jetpack_publicize_message":"","jetpack_publicize_feature_enabled":true,"jetpack_social_post_already_shared":false,"jetpack_social_options":{"image_generator_settings":{"template":"highway","default_image_id":0,"enabled":false},"version":2}},"categories":[28,81],"tags":[],"class_list":["post-31119","post","type-post","status-publish","format-standard","has-post-thumbnail","hentry","category-cotidiano","category-manchete"],"yoast_head":"<!-- This site is optimized with the Yoast SEO plugin v25.6 - https:\/\/yoast.com\/wordpress\/plugins\/seo\/ -->\n<title>DISE prende tr\u00eas por tr\u00e1fico de drogas no Aeroporto 3 - VerdadeOn<\/title>\n<meta name=\"robots\" content=\"index, follow, max-snippet:-1, max-image-preview:large, max-video-preview:-1\" \/>\n<link rel=\"canonical\" href=\"https:\/\/verdadeon.com.br\/portal\/2023\/01\/13\/dise-prende-tres-por-trafico-de-drogas-no-aerporto-3\/\" \/>\n<meta property=\"og:locale\" content=\"pt_BR\" \/>\n<meta property=\"og:type\" content=\"article\" \/>\n<meta property=\"og:title\" content=\"DISE prende tr\u00eas por tr\u00e1fico de drogas no Aeroporto 3 - VerdadeOn\" \/>\n<meta property=\"og:description\" content=\"A\u00e7\u00e3o foi realizada em pela especializada, nesta sexta-feira, ap\u00f3s den\u00fancia anonima Nesta sexta-feira (13), a Pol\u00edcia Civil, realizou mais uma importante a\u00e7\u00e3o em Franca. Por meio [\u2026]\" \/>\n<meta property=\"og:url\" content=\"https:\/\/verdadeon.com.br\/portal\/2023\/01\/13\/dise-prende-tres-por-trafico-de-drogas-no-aerporto-3\/\" \/>\n<meta property=\"og:site_name\" content=\"VerdadeOn\" \/>\n<meta property=\"article:published_time\" content=\"2023-01-13T20:43:54+00:00\" \/>\n<meta property=\"article:modified_time\" content=\"2023-01-13T20:50:20+00:00\" \/>\n<meta property=\"og:image\" content=\"https:\/\/verdadeon.com.br\/portal\/wp-content\/uploads\/2023\/01\/d7e367b2-6c87-4f06-8309-f1cf85bcc327.jpg\" \/>\n\t<meta property=\"og:image:width\" content=\"1076\" \/>\n\t<meta property=\"og:image:height\" content=\"721\" \/>\n\t<meta property=\"og:image:type\" content=\"image\/jpeg\" \/>\n<meta name=\"author\" content=\"Fernando Calixto\" \/>\n<meta name=\"twitter:card\" content=\"summary_large_image\" \/>\n<meta name=\"twitter:label1\" content=\"Escrito por\" \/>\n\t<meta name=\"twitter:data1\" content=\"Fernando Calixto\" \/>\n\t<meta name=\"twitter:label2\" content=\"Est. tempo de leitura\" \/>\n\t<meta name=\"twitter:data2\" content=\"2 minutos\" \/>\n<script type=\"application\/ld+json\" class=\"yoast-schema-graph\">{\"@context\":\"https:\/\/schema.org\",\"@graph\":[{\"@type\":\"WebPage\",\"@id\":\"https:\/\/verdadeon.com.br\/portal\/2023\/01\/13\/dise-prende-tres-por-trafico-de-drogas-no-aerporto-3\/\",\"url\":\"https:\/\/verdadeon.com.br\/portal\/2023\/01\/13\/dise-prende-tres-por-trafico-de-drogas-no-aerporto-3\/\",\"name\":\"DISE prende tr\u00eas por tr\u00e1fico de drogas no Aeroporto 3 - VerdadeOn\",\"isPartOf\":{\"@id\":\"https:\/\/verdadeon.com.br\/portal\/#website\"},\"primaryImageOfPage\":{\"@id\":\"https:\/\/verdadeon.com.br\/portal\/2023\/01\/13\/dise-prende-tres-por-trafico-de-drogas-no-aerporto-3\/#primaryimage\"},\"image\":{\"@id\":\"https:\/\/verdadeon.com.br\/portal\/2023\/01\/13\/dise-prende-tres-por-trafico-de-drogas-no-aerporto-3\/#primaryimage\"},\"thumbnailUrl\":\"https:\/\/i0.wp.com\/verdadeon.com.br\/portal\/wp-content\/uploads\/2023\/01\/d7e367b2-6c87-4f06-8309-f1cf85bcc327.jpg?fit=1076%2C721&ssl=1\",\"datePublished\":\"2023-01-13T20:43:54+00:00\",\"dateModified\":\"2023-01-13T20:50:20+00:00\",\"author\":{\"@id\":\"https:\/\/verdadeon.com.br\/portal\/#\/schema\/person\/8994718f49ee62ba5610471e29ca1f62\"},\"breadcrumb\":{\"@id\":\"https:\/\/verdadeon.com.br\/portal\/2023\/01\/13\/dise-prende-tres-por-trafico-de-drogas-no-aerporto-3\/#breadcrumb\"},\"inLanguage\":\"pt-BR\",\"potentialAction\":[{\"@type\":\"ReadAction\",\"target\":[\"https:\/\/verdadeon.com.br\/portal\/2023\/01\/13\/dise-prende-tres-por-trafico-de-drogas-no-aerporto-3\/\"]}]},{\"@type\":\"ImageObject\",\"inLanguage\":\"pt-BR\",\"@id\":\"https:\/\/verdadeon.com.br\/portal\/2023\/01\/13\/dise-prende-tres-por-trafico-de-drogas-no-aerporto-3\/#primaryimage\",\"url\":\"https:\/\/i0.wp.com\/verdadeon.com.br\/portal\/wp-content\/uploads\/2023\/01\/d7e367b2-6c87-4f06-8309-f1cf85bcc327.jpg?fit=1076%2C721&ssl=1\",\"contentUrl\":\"https:\/\/i0.wp.com\/verdadeon.com.br\/portal\/wp-content\/uploads\/2023\/01\/d7e367b2-6c87-4f06-8309-f1cf85bcc327.jpg?fit=1076%2C721&ssl=1\",\"width\":1076,\"height\":721,\"caption\":\"Durante cumprimento do mandado de busca domiciliar no im\u00f3vel pelos policiais foram encontradas v\u00e1rias por\u00e7\u00f5es de maconha, coca\u00edna e crack\"},{\"@type\":\"BreadcrumbList\",\"@id\":\"https:\/\/verdadeon.com.br\/portal\/2023\/01\/13\/dise-prende-tres-por-trafico-de-drogas-no-aerporto-3\/#breadcrumb\",\"itemListElement\":[{\"@type\":\"ListItem\",\"position\":1,\"name\":\"In\u00edcio\",\"item\":\"https:\/\/verdadeon.com.br\/portal\/\"},{\"@type\":\"ListItem\",\"position\":2,\"name\":\"DISE prende tr\u00eas por tr\u00e1fico de drogas no Aeroporto 3\"}]},{\"@type\":\"WebSite\",\"@id\":\"https:\/\/verdadeon.com.br\/portal\/#website\",\"url\":\"https:\/\/verdadeon.com.br\/portal\/\",\"name\":\"VerdadeOn\",\"description\":\"Not\u00edcias di\u00e1rias sobre Franca, Regi\u00e3o, Esporte, Cultura, Cotidiano, Colunas. Cobertura nos principais eventos da cidade \u00e9 aqui - Verdadeon Franca\",\"potentialAction\":[{\"@type\":\"SearchAction\",\"target\":{\"@type\":\"EntryPoint\",\"urlTemplate\":\"https:\/\/verdadeon.com.br\/portal\/?s={search_term_string}\"},\"query-input\":{\"@type\":\"PropertyValueSpecification\",\"valueRequired\":true,\"valueName\":\"search_term_string\"}}],\"inLanguage\":\"pt-BR\"},{\"@type\":\"Person\",\"@id\":\"https:\/\/verdadeon.com.br\/portal\/#\/schema\/person\/8994718f49ee62ba5610471e29ca1f62\",\"name\":\"Fernando Calixto\",\"image\":{\"@type\":\"ImageObject\",\"inLanguage\":\"pt-BR\",\"@id\":\"https:\/\/verdadeon.com.br\/portal\/#\/schema\/person\/image\/\",\"url\":\"https:\/\/secure.gravatar.com\/avatar\/7578910c24966c0316c340f9dbd601e93ee9f9212e1033968b367af9306bd9fb?s=96&d=mm&r=g\",\"contentUrl\":\"https:\/\/secure.gravatar.com\/avatar\/7578910c24966c0316c340f9dbd601e93ee9f9212e1033968b367af9306bd9fb?s=96&d=mm&r=g\",\"caption\":\"Fernando Calixto\"},\"url\":\"https:\/\/verdadeon.com.br\/portal\/author\/fernando-calixto\/\"}]}<\/script>\n<!-- \/ Yoast SEO plugin. -->","yoast_head_json":{"title":"DISE prende tr\u00eas por tr\u00e1fico de drogas no Aeroporto 3 - VerdadeOn","robots":{"index":"index","follow":"follow","max-snippet":"max-snippet:-1","max-image-preview":"max-image-preview:large","max-video-preview":"max-video-preview:-1"},"canonical":"https:\/\/verdadeon.com.br\/portal\/2023\/01\/13\/dise-prende-tres-por-trafico-de-drogas-no-aerporto-3\/","og_locale":"pt_BR","og_type":"article","og_title":"DISE prende tr\u00eas por tr\u00e1fico de drogas no Aeroporto 3 - VerdadeOn","og_description":"A\u00e7\u00e3o foi realizada em pela especializada, nesta sexta-feira, ap\u00f3s den\u00fancia anonima Nesta sexta-feira (13), a Pol\u00edcia Civil, realizou mais uma importante a\u00e7\u00e3o em Franca. Por meio [\u2026]","og_url":"https:\/\/verdadeon.com.br\/portal\/2023\/01\/13\/dise-prende-tres-por-trafico-de-drogas-no-aerporto-3\/","og_site_name":"VerdadeOn","article_published_time":"2023-01-13T20:43:54+00:00","article_modified_time":"2023-01-13T20:50:20+00:00","og_image":[{"width":1076,"height":721,"url":"https:\/\/verdadeon.com.br\/portal\/wp-content\/uploads\/2023\/01\/d7e367b2-6c87-4f06-8309-f1cf85bcc327.jpg","type":"image\/jpeg"}],"author":"Fernando Calixto","twitter_card":"summary_large_image","twitter_misc":{"Escrito por":"Fernando Calixto","Est. tempo de leitura":"2 minutos"},"schema":{"@context":"https:\/\/schema.org","@graph":[{"@type":"WebPage","@id":"https:\/\/verdadeon.com.br\/portal\/2023\/01\/13\/dise-prende-tres-por-trafico-de-drogas-no-aerporto-3\/","url":"https:\/\/verdadeon.com.br\/portal\/2023\/01\/13\/dise-prende-tres-por-trafico-de-drogas-no-aerporto-3\/","name":"DISE prende tr\u00eas por tr\u00e1fico de drogas no Aeroporto 3 - VerdadeOn","isPartOf":{"@id":"https:\/\/verdadeon.com.br\/portal\/#website"},"primaryImageOfPage":{"@id":"https:\/\/verdadeon.com.br\/portal\/2023\/01\/13\/dise-prende-tres-por-trafico-de-drogas-no-aerporto-3\/#primaryimage"},"image":{"@id":"https:\/\/verdadeon.com.br\/portal\/2023\/01\/13\/dise-prende-tres-por-trafico-de-drogas-no-aerporto-3\/#primaryimage"},"thumbnailUrl":"https:\/\/i0.wp.com\/verdadeon.com.br\/portal\/wp-content\/uploads\/2023\/01\/d7e367b2-6c87-4f06-8309-f1cf85bcc327.jpg?fit=1076%2C721&ssl=1","datePublished":"2023-01-13T20:43:54+00:00","dateModified":"2023-01-13T20:50:20+00:00","author":{"@id":"https:\/\/verdadeon.com.br\/portal\/#\/schema\/person\/8994718f49ee62ba5610471e29ca1f62"},"breadcrumb":{"@id":"https:\/\/verdadeon.com.br\/portal\/2023\/01\/13\/dise-prende-tres-por-trafico-de-drogas-no-aerporto-3\/#breadcrumb"},"inLanguage":"pt-BR","potentialAction":[{"@type":"ReadAction","target":["https:\/\/verdadeon.com.br\/portal\/2023\/01\/13\/dise-prende-tres-por-trafico-de-drogas-no-aerporto-3\/"]}]},{"@type":"ImageObject","inLanguage":"pt-BR","@id":"https:\/\/verdadeon.com.br\/portal\/2023\/01\/13\/dise-prende-tres-por-trafico-de-drogas-no-aerporto-3\/#primaryimage","url":"https:\/\/i0.wp.com\/verdadeon.com.br\/portal\/wp-content\/uploads\/2023\/01\/d7e367b2-6c87-4f06-8309-f1cf85bcc327.jpg?fit=1076%2C721&ssl=1","contentUrl":"https:\/\/i0.wp.com\/verdadeon.com.br\/portal\/wp-content\/uploads\/2023\/01\/d7e367b2-6c87-4f06-8309-f1cf85bcc327.jpg?fit=1076%2C721&ssl=1","width":1076,"height":721,"caption":"Durante cumprimento do mandado de busca domiciliar no im\u00f3vel pelos policiais foram encontradas v\u00e1rias por\u00e7\u00f5es de maconha, coca\u00edna e crack"},{"@type":"BreadcrumbList","@id":"https:\/\/verdadeon.com.br\/portal\/2023\/01\/13\/dise-prende-tres-por-trafico-de-drogas-no-aerporto-3\/#breadcrumb","itemListElement":[{"@type":"ListItem","position":1,"name":"In\u00edcio","item":"https:\/\/verdadeon.com.br\/portal\/"},{"@type":"ListItem","position":2,"name":"DISE prende tr\u00eas por tr\u00e1fico de drogas no Aeroporto 3"}]},{"@type":"WebSite","@id":"https:\/\/verdadeon.com.br\/portal\/#website","url":"https:\/\/verdadeon.com.br\/portal\/","name":"VerdadeOn","description":"Not\u00edcias di\u00e1rias sobre Franca, Regi\u00e3o, Esporte, Cultura, Cotidiano, Colunas. Cobertura nos principais eventos da cidade \u00e9 aqui - Verdadeon Franca","potentialAction":[{"@type":"SearchAction","target":{"@type":"EntryPoint","urlTemplate":"https:\/\/verdadeon.com.br\/portal\/?s={search_term_string}"},"query-input":{"@type":"PropertyValueSpecification","valueRequired":true,"valueName":"search_term_string"}}],"inLanguage":"pt-BR"},{"@type":"Person","@id":"https:\/\/verdadeon.com.br\/portal\/#\/schema\/person\/8994718f49ee62ba5610471e29ca1f62","name":"Fernando Calixto","image":{"@type":"ImageObject","inLanguage":"pt-BR","@id":"https:\/\/verdadeon.com.br\/portal\/#\/schema\/person\/image\/","url":"https:\/\/secure.gravatar.com\/avatar\/7578910c24966c0316c340f9dbd601e93ee9f9212e1033968b367af9306bd9fb?s=96&d=mm&r=g","contentUrl":"https:\/\/secure.gravatar.com\/avatar\/7578910c24966c0316c340f9dbd601e93ee9f9212e1033968b367af9306bd9fb?s=96&d=mm&r=g","caption":"Fernando Calixto"},"url":"https:\/\/verdadeon.com.br\/portal\/author\/fernando-calixto\/"}]}},"jetpack_publicize_connections":[],"jetpack_featured_media_url":"https:\/\/i0.wp.com\/verdadeon.com.br\/portal\/wp-content\/uploads\/2023\/01\/d7e367b2-6c87-4f06-8309-f1cf85bcc327.jpg?fit=1076%2C721&ssl=1","jetpack_sharing_enabled":true,"_links":{"self":[{"href":"https:\/\/verdadeon.com.br\/portal\/wp-json\/wp\/v2\/posts\/31119","targetHints":{"allow":["GET"]}}],"collection":[{"href":"https:\/\/verdadeon.com.br\/portal\/wp-json\/wp\/v2\/posts"}],"about":[{"href":"https:\/\/verdadeon.com.br\/portal\/wp-json\/wp\/v2\/types\/post"}],"author":[{"embeddable":true,"href":"https:\/\/verdadeon.com.br\/portal\/wp-json\/wp\/v2\/users\/4"}],"replies":[{"embeddable":true,"href":"https:\/\/verdadeon.com.br\/portal\/wp-json\/wp\/v2\/comments?post=31119"}],"version-history":[{"count":2,"href":"https:\/\/verdadeon.com.br\/portal\/wp-json\/wp\/v2\/posts\/31119\/revisions"}],"predecessor-version":[{"id":31122,"href":"https:\/\/verdadeon.com.br\/portal\/wp-json\/wp\/v2\/posts\/31119\/revisions\/31122"}],"wp:featuredmedia":[{"embeddable":true,"href":"https:\/\/verdadeon.com.br\/portal\/wp-json\/wp\/v2\/media\/31120"}],"wp:attachment":[{"href":"https:\/\/verdadeon.com.br\/portal\/wp-json\/wp\/v2\/media?parent=31119"}],"wp:term":[{"taxonomy":"category","embeddable":true,"href":"https:\/\/verdadeon.com.br\/portal\/wp-json\/wp\/v2\/categories?post=31119"},{"taxonomy":"post_tag","embeddable":true,"href":"https:\/\/verdadeon.com.br\/portal\/wp-json\/wp\/v2\/tags?post=31119"}],"curies":[{"name":"wp","href":"https:\/\/api.w.org\/{rel}","templated":true}]}}