{"id":31110,"date":"2023-01-13T15:13:16","date_gmt":"2023-01-13T18:13:16","guid":{"rendered":"https:\/\/verdadeon.com.br\/portal\/?p=31110"},"modified":"2023-01-13T15:13:16","modified_gmt":"2023-01-13T18:13:16","slug":"caixa-suspende-credito-consignado-para-beneficiarios-do-bolsa-familia","status":"publish","type":"post","link":"https:\/\/verdadeon.com.br\/portal\/2023\/01\/13\/caixa-suspende-credito-consignado-para-beneficiarios-do-bolsa-familia\/","title":{"rendered":"Caixa suspende cr\u00e9dito consignado para benefici\u00e1rios do Bolsa Fam\u00edlia"},"content":{"rendered":"<div class=\"col-lg-12 mb-3\">\n<div class=\"row\">\n<h3 class=\"col-10 offset-1 animated fadeInDown dealy-900 display-8 display-md-8 alt-font font-italic my-1 text-center\">Contrata\u00e7\u00f5es j\u00e1 realizadas n\u00e3o passar\u00e3o por mudan\u00e7as<\/h3>\n<\/div>\n<div class=\"row\">\n<div><\/div>\n<div id=\"tts-container\" class=\"col-xl-7 offset-xl-1 col-lg-8 offset-lg-0 col-md-10 offset-md-1 mb-3\">A Caixa Econ\u00f4mica Federal informou nesta sexta-feira (13) que suspendeu a oferta de cr\u00e9dito consignado para benefici\u00e1rios do Bolsa Fam\u00edlia\u00a0 a chamada linha Consignado Aux\u00edlio. Em comunicado, a Caixa disse que o produto passar\u00e1 por uma &#8220;revis\u00e3o completa de par\u00e2metros e crit\u00e9rios&#8221;. O antigo Aux\u00edlio Brasil voltou a se chamar Bolsa Fam\u00edlia, na atual gest\u00e3o.<img data-recalc-dims=\"1\" decoding=\"async\" src=\"https:\/\/i0.wp.com\/agenciabrasil.ebc.com.br\/ebc.png?w=1220&#038;ssl=1\" \/><img data-recalc-dims=\"1\" decoding=\"async\" src=\"https:\/\/i0.wp.com\/agenciabrasil.ebc.com.br\/ebc.gif?w=1220&#038;ssl=1\" \/><\/div>\n<\/div>\n<\/div>\n<div class=\"col-xl-7 offset-xl-1 col-lg-8 offset-lg-0 col-md-10 offset-md-1 mb-3\">\n<div class=\"post-item alt-font\">\n<div class=\"post-item-wrap\">\n<p>A suspens\u00e3o est\u00e1 valendo desde ontem (12). Segundo o banco, as contrata\u00e7\u00f5es j\u00e1 realizadas n\u00e3o passar\u00e3o por mudan\u00e7as e as parcelas do financiamento ser\u00e3o debitadas de maneira regular e de acordo com cada contrato.<\/p>\n<p>A Caixa\u00a0<a href=\"https:\/\/agenciabrasil.ebc.com.br\/economia\/noticia\/2022-10\/bancos-ja-podem-fazer-emprestimo-consignado-do-auxilio-brasil-e-bpc\" target=\"_blank\" rel=\"noopener\">criou o consignado do Aux\u00edlio Brasil<\/a>, que tamb\u00e9m atende quem recebe o Benef\u00edcio de Presta\u00e7\u00e3o Continuada (BPC) no dia 10 de outubro. A modalidade de cr\u00e9dito oferecia empr\u00e9stimos aos benefici\u00e1rios do Aux\u00edlio Brasil que podiam chegar a R$ 2,5 mil, pagos em parcelas de at\u00e9 R$ 160 descontadas do benef\u00edcio por at\u00e9 24 meses.<\/p>\n<p>O cr\u00e9dito consignado \u00e9 aquele concedido por institui\u00e7\u00f5es financeiras com desconto autom\u00e1tico das parcelas em folha de pagamento do sal\u00e1rio ou benef\u00edcio.<\/p>\n<\/div>\n<p class=\"alt-font font-italic my-2 small text-info\">Fonte: Ag\u00eancia Brasil<\/p>\n<\/div>\n<\/div>\n","protected":false},"excerpt":{"rendered":"<p>Contrata\u00e7\u00f5es j\u00e1 realizadas n\u00e3o passar\u00e3o por mudan\u00e7as A Caixa Econ\u00f4mica Federal informou nesta sexta-feira (13) que suspendeu a oferta de cr\u00e9dito consignado para benefici\u00e1rios do Bolsa<span class=\"excerpt-hellip\"> [\u2026]<\/span><\/p>\n","protected":false},"author":4,"featured_media":0,"comment_status":"open","ping_status":"open","sticky":false,"template":"","format":"standard","meta":{"_jetpack_memberships_contains_paid_content":false,"footnotes":"","jetpack_publicize_message":"","jetpack_publicize_feature_enabled":true,"jetpack_social_post_already_shared":false,"jetpack_social_options":{"image_generator_settings":{"template":"highway","default_image_id":0,"enabled":false},"version":2}},"categories":[28,44],"tags":[],"class_list":["post-31110","post","type-post","status-publish","format-standard","hentry","category-cotidiano","category-noticias"],"yoast_head":"<!-- This site is optimized with the Yoast SEO plugin v25.6 - https:\/\/yoast.com\/wordpress\/plugins\/seo\/ -->\n<title>Caixa suspende cr\u00e9dito consignado para benefici\u00e1rios do Bolsa Fam\u00edlia - VerdadeOn<\/title>\n<meta name=\"robots\" content=\"index, follow, max-snippet:-1, max-image-preview:large, max-video-preview:-1\" \/>\n<link rel=\"canonical\" href=\"https:\/\/verdadeon.com.br\/portal\/2023\/01\/13\/caixa-suspende-credito-consignado-para-beneficiarios-do-bolsa-familia\/\" \/>\n<meta property=\"og:locale\" content=\"pt_BR\" \/>\n<meta property=\"og:type\" content=\"article\" \/>\n<meta property=\"og:title\" content=\"Caixa suspende cr\u00e9dito consignado para benefici\u00e1rios do Bolsa Fam\u00edlia - VerdadeOn\" \/>\n<meta property=\"og:description\" content=\"Contrata\u00e7\u00f5es j\u00e1 realizadas n\u00e3o passar\u00e3o por mudan\u00e7as A Caixa Econ\u00f4mica Federal informou nesta sexta-feira (13) que suspendeu a oferta de cr\u00e9dito consignado para benefici\u00e1rios do Bolsa [\u2026]\" \/>\n<meta property=\"og:url\" content=\"https:\/\/verdadeon.com.br\/portal\/2023\/01\/13\/caixa-suspende-credito-consignado-para-beneficiarios-do-bolsa-familia\/\" \/>\n<meta property=\"og:site_name\" content=\"VerdadeOn\" \/>\n<meta property=\"article:published_time\" content=\"2023-01-13T18:13:16+00:00\" \/>\n<meta property=\"og:image\" content=\"https:\/\/verdadeon.com.br\/portal\/wp-content\/uploads\/2023\/01\/edificio_sede_caixa_economica_federal_170120182636-1.jpg\" \/>\n\t<meta property=\"og:image:width\" content=\"1044\" \/>\n\t<meta property=\"og:image:height\" content=\"700\" \/>\n\t<meta property=\"og:image:type\" content=\"image\/jpeg\" \/>\n<meta name=\"author\" content=\"Fernando Calixto\" \/>\n<meta name=\"twitter:card\" content=\"summary_large_image\" \/>\n<meta name=\"twitter:label1\" content=\"Escrito por\" \/>\n\t<meta name=\"twitter:data1\" content=\"Fernando Calixto\" \/>\n\t<meta name=\"twitter:label2\" content=\"Est. tempo de leitura\" \/>\n\t<meta name=\"twitter:data2\" content=\"1 minuto\" \/>\n<script type=\"application\/ld+json\" class=\"yoast-schema-graph\">{\"@context\":\"https:\/\/schema.org\",\"@graph\":[{\"@type\":\"WebPage\",\"@id\":\"https:\/\/verdadeon.com.br\/portal\/2023\/01\/13\/caixa-suspende-credito-consignado-para-beneficiarios-do-bolsa-familia\/\",\"url\":\"https:\/\/verdadeon.com.br\/portal\/2023\/01\/13\/caixa-suspende-credito-consignado-para-beneficiarios-do-bolsa-familia\/\",\"name\":\"Caixa suspende cr\u00e9dito consignado para benefici\u00e1rios do Bolsa Fam\u00edlia - VerdadeOn\",\"isPartOf\":{\"@id\":\"https:\/\/verdadeon.com.br\/portal\/#website\"},\"primaryImageOfPage\":{\"@id\":\"https:\/\/verdadeon.com.br\/portal\/2023\/01\/13\/caixa-suspende-credito-consignado-para-beneficiarios-do-bolsa-familia\/#primaryimage\"},\"image\":{\"@id\":\"https:\/\/verdadeon.com.br\/portal\/2023\/01\/13\/caixa-suspende-credito-consignado-para-beneficiarios-do-bolsa-familia\/#primaryimage\"},\"thumbnailUrl\":\"https:\/\/agenciabrasil.ebc.com.br\/ebc.png?id=1504221&amp;o=node\",\"datePublished\":\"2023-01-13T18:13:16+00:00\",\"author\":{\"@id\":\"https:\/\/verdadeon.com.br\/portal\/#\/schema\/person\/8994718f49ee62ba5610471e29ca1f62\"},\"breadcrumb\":{\"@id\":\"https:\/\/verdadeon.com.br\/portal\/2023\/01\/13\/caixa-suspende-credito-consignado-para-beneficiarios-do-bolsa-familia\/#breadcrumb\"},\"inLanguage\":\"pt-BR\",\"potentialAction\":[{\"@type\":\"ReadAction\",\"target\":[\"https:\/\/verdadeon.com.br\/portal\/2023\/01\/13\/caixa-suspende-credito-consignado-para-beneficiarios-do-bolsa-familia\/\"]}]},{\"@type\":\"ImageObject\",\"inLanguage\":\"pt-BR\",\"@id\":\"https:\/\/verdadeon.com.br\/portal\/2023\/01\/13\/caixa-suspende-credito-consignado-para-beneficiarios-do-bolsa-familia\/#primaryimage\",\"url\":\"https:\/\/agenciabrasil.ebc.com.br\/ebc.png?id=1504221&amp;o=node\",\"contentUrl\":\"https:\/\/agenciabrasil.ebc.com.br\/ebc.png?id=1504221&amp;o=node\"},{\"@type\":\"BreadcrumbList\",\"@id\":\"https:\/\/verdadeon.com.br\/portal\/2023\/01\/13\/caixa-suspende-credito-consignado-para-beneficiarios-do-bolsa-familia\/#breadcrumb\",\"itemListElement\":[{\"@type\":\"ListItem\",\"position\":1,\"name\":\"In\u00edcio\",\"item\":\"https:\/\/verdadeon.com.br\/portal\/\"},{\"@type\":\"ListItem\",\"position\":2,\"name\":\"Caixa suspende cr\u00e9dito consignado para benefici\u00e1rios do Bolsa Fam\u00edlia\"}]},{\"@type\":\"WebSite\",\"@id\":\"https:\/\/verdadeon.com.br\/portal\/#website\",\"url\":\"https:\/\/verdadeon.com.br\/portal\/\",\"name\":\"VerdadeOn\",\"description\":\"Not\u00edcias di\u00e1rias sobre Franca, Regi\u00e3o, Esporte, Cultura, Cotidiano, Colunas. Cobertura nos principais eventos da cidade \u00e9 aqui - Verdadeon Franca\",\"potentialAction\":[{\"@type\":\"SearchAction\",\"target\":{\"@type\":\"EntryPoint\",\"urlTemplate\":\"https:\/\/verdadeon.com.br\/portal\/?s={search_term_string}\"},\"query-input\":{\"@type\":\"PropertyValueSpecification\",\"valueRequired\":true,\"valueName\":\"search_term_string\"}}],\"inLanguage\":\"pt-BR\"},{\"@type\":\"Person\",\"@id\":\"https:\/\/verdadeon.com.br\/portal\/#\/schema\/person\/8994718f49ee62ba5610471e29ca1f62\",\"name\":\"Fernando Calixto\",\"image\":{\"@type\":\"ImageObject\",\"inLanguage\":\"pt-BR\",\"@id\":\"https:\/\/verdadeon.com.br\/portal\/#\/schema\/person\/image\/\",\"url\":\"https:\/\/secure.gravatar.com\/avatar\/7578910c24966c0316c340f9dbd601e93ee9f9212e1033968b367af9306bd9fb?s=96&d=mm&r=g\",\"contentUrl\":\"https:\/\/secure.gravatar.com\/avatar\/7578910c24966c0316c340f9dbd601e93ee9f9212e1033968b367af9306bd9fb?s=96&d=mm&r=g\",\"caption\":\"Fernando Calixto\"},\"url\":\"https:\/\/verdadeon.com.br\/portal\/author\/fernando-calixto\/\"}]}<\/script>\n<!-- \/ Yoast SEO plugin. -->","yoast_head_json":{"title":"Caixa suspende cr\u00e9dito consignado para benefici\u00e1rios do Bolsa Fam\u00edlia - VerdadeOn","robots":{"index":"index","follow":"follow","max-snippet":"max-snippet:-1","max-image-preview":"max-image-preview:large","max-video-preview":"max-video-preview:-1"},"canonical":"https:\/\/verdadeon.com.br\/portal\/2023\/01\/13\/caixa-suspende-credito-consignado-para-beneficiarios-do-bolsa-familia\/","og_locale":"pt_BR","og_type":"article","og_title":"Caixa suspende cr\u00e9dito consignado para benefici\u00e1rios do Bolsa Fam\u00edlia - VerdadeOn","og_description":"Contrata\u00e7\u00f5es j\u00e1 realizadas n\u00e3o passar\u00e3o por mudan\u00e7as A Caixa Econ\u00f4mica Federal informou nesta sexta-feira (13) que suspendeu a oferta de cr\u00e9dito consignado para benefici\u00e1rios do Bolsa [\u2026]","og_url":"https:\/\/verdadeon.com.br\/portal\/2023\/01\/13\/caixa-suspende-credito-consignado-para-beneficiarios-do-bolsa-familia\/","og_site_name":"VerdadeOn","article_published_time":"2023-01-13T18:13:16+00:00","og_image":[{"width":1044,"height":700,"url":"https:\/\/verdadeon.com.br\/portal\/wp-content\/uploads\/2023\/01\/edificio_sede_caixa_economica_federal_170120182636-1.jpg","type":"image\/jpeg"}],"author":"Fernando Calixto","twitter_card":"summary_large_image","twitter_misc":{"Escrito por":"Fernando Calixto","Est. tempo de leitura":"1 minuto"},"schema":{"@context":"https:\/\/schema.org","@graph":[{"@type":"WebPage","@id":"https:\/\/verdadeon.com.br\/portal\/2023\/01\/13\/caixa-suspende-credito-consignado-para-beneficiarios-do-bolsa-familia\/","url":"https:\/\/verdadeon.com.br\/portal\/2023\/01\/13\/caixa-suspende-credito-consignado-para-beneficiarios-do-bolsa-familia\/","name":"Caixa suspende cr\u00e9dito consignado para benefici\u00e1rios do Bolsa Fam\u00edlia - VerdadeOn","isPartOf":{"@id":"https:\/\/verdadeon.com.br\/portal\/#website"},"primaryImageOfPage":{"@id":"https:\/\/verdadeon.com.br\/portal\/2023\/01\/13\/caixa-suspende-credito-consignado-para-beneficiarios-do-bolsa-familia\/#primaryimage"},"image":{"@id":"https:\/\/verdadeon.com.br\/portal\/2023\/01\/13\/caixa-suspende-credito-consignado-para-beneficiarios-do-bolsa-familia\/#primaryimage"},"thumbnailUrl":"https:\/\/agenciabrasil.ebc.com.br\/ebc.png?id=1504221&amp;o=node","datePublished":"2023-01-13T18:13:16+00:00","author":{"@id":"https:\/\/verdadeon.com.br\/portal\/#\/schema\/person\/8994718f49ee62ba5610471e29ca1f62"},"breadcrumb":{"@id":"https:\/\/verdadeon.com.br\/portal\/2023\/01\/13\/caixa-suspende-credito-consignado-para-beneficiarios-do-bolsa-familia\/#breadcrumb"},"inLanguage":"pt-BR","potentialAction":[{"@type":"ReadAction","target":["https:\/\/verdadeon.com.br\/portal\/2023\/01\/13\/caixa-suspende-credito-consignado-para-beneficiarios-do-bolsa-familia\/"]}]},{"@type":"ImageObject","inLanguage":"pt-BR","@id":"https:\/\/verdadeon.com.br\/portal\/2023\/01\/13\/caixa-suspende-credito-consignado-para-beneficiarios-do-bolsa-familia\/#primaryimage","url":"https:\/\/agenciabrasil.ebc.com.br\/ebc.png?id=1504221&amp;o=node","contentUrl":"https:\/\/agenciabrasil.ebc.com.br\/ebc.png?id=1504221&amp;o=node"},{"@type":"BreadcrumbList","@id":"https:\/\/verdadeon.com.br\/portal\/2023\/01\/13\/caixa-suspende-credito-consignado-para-beneficiarios-do-bolsa-familia\/#breadcrumb","itemListElement":[{"@type":"ListItem","position":1,"name":"In\u00edcio","item":"https:\/\/verdadeon.com.br\/portal\/"},{"@type":"ListItem","position":2,"name":"Caixa suspende cr\u00e9dito consignado para benefici\u00e1rios do Bolsa Fam\u00edlia"}]},{"@type":"WebSite","@id":"https:\/\/verdadeon.com.br\/portal\/#website","url":"https:\/\/verdadeon.com.br\/portal\/","name":"VerdadeOn","description":"Not\u00edcias di\u00e1rias sobre Franca, Regi\u00e3o, Esporte, Cultura, Cotidiano, Colunas. Cobertura nos principais eventos da cidade \u00e9 aqui - Verdadeon Franca","potentialAction":[{"@type":"SearchAction","target":{"@type":"EntryPoint","urlTemplate":"https:\/\/verdadeon.com.br\/portal\/?s={search_term_string}"},"query-input":{"@type":"PropertyValueSpecification","valueRequired":true,"valueName":"search_term_string"}}],"inLanguage":"pt-BR"},{"@type":"Person","@id":"https:\/\/verdadeon.com.br\/portal\/#\/schema\/person\/8994718f49ee62ba5610471e29ca1f62","name":"Fernando Calixto","image":{"@type":"ImageObject","inLanguage":"pt-BR","@id":"https:\/\/verdadeon.com.br\/portal\/#\/schema\/person\/image\/","url":"https:\/\/secure.gravatar.com\/avatar\/7578910c24966c0316c340f9dbd601e93ee9f9212e1033968b367af9306bd9fb?s=96&d=mm&r=g","contentUrl":"https:\/\/secure.gravatar.com\/avatar\/7578910c24966c0316c340f9dbd601e93ee9f9212e1033968b367af9306bd9fb?s=96&d=mm&r=g","caption":"Fernando Calixto"},"url":"https:\/\/verdadeon.com.br\/portal\/author\/fernando-calixto\/"}]}},"jetpack_publicize_connections":[],"jetpack_featured_media_url":"","jetpack_sharing_enabled":true,"_links":{"self":[{"href":"https:\/\/verdadeon.com.br\/portal\/wp-json\/wp\/v2\/posts\/31110","targetHints":{"allow":["GET"]}}],"collection":[{"href":"https:\/\/verdadeon.com.br\/portal\/wp-json\/wp\/v2\/posts"}],"about":[{"href":"https:\/\/verdadeon.com.br\/portal\/wp-json\/wp\/v2\/types\/post"}],"author":[{"embeddable":true,"href":"https:\/\/verdadeon.com.br\/portal\/wp-json\/wp\/v2\/users\/4"}],"replies":[{"embeddable":true,"href":"https:\/\/verdadeon.com.br\/portal\/wp-json\/wp\/v2\/comments?post=31110"}],"version-history":[{"count":1,"href":"https:\/\/verdadeon.com.br\/portal\/wp-json\/wp\/v2\/posts\/31110\/revisions"}],"predecessor-version":[{"id":31116,"href":"https:\/\/verdadeon.com.br\/portal\/wp-json\/wp\/v2\/posts\/31110\/revisions\/31116"}],"wp:attachment":[{"href":"https:\/\/verdadeon.com.br\/portal\/wp-json\/wp\/v2\/media?parent=31110"}],"wp:term":[{"taxonomy":"category","embeddable":true,"href":"https:\/\/verdadeon.com.br\/portal\/wp-json\/wp\/v2\/categories?post=31110"},{"taxonomy":"post_tag","embeddable":true,"href":"https:\/\/verdadeon.com.br\/portal\/wp-json\/wp\/v2\/tags?post=31110"}],"curies":[{"name":"wp","href":"https:\/\/api.w.org\/{rel}","templated":true}]}}