{"id":31100,"date":"2023-01-13T11:47:55","date_gmt":"2023-01-13T14:47:55","guid":{"rendered":"https:\/\/verdadeon.com.br\/portal\/?p=31100"},"modified":"2023-01-13T11:47:55","modified_gmt":"2023-01-13T14:47:55","slug":"acif-lanca-consultoria-para-empresas-atuarem-com-sistema-de-milhas","status":"publish","type":"post","link":"https:\/\/verdadeon.com.br\/portal\/2023\/01\/13\/acif-lanca-consultoria-para-empresas-atuarem-com-sistema-de-milhas\/","title":{"rendered":"ACIF lan\u00e7a consultoria para empresas atuarem com sistema de milhas"},"content":{"rendered":"<h2><em>Al\u00e9m do servi\u00e7o permanente, a entidade promover\u00e1 curso sobre o tema, este m\u00eas<\/em><\/h2>\n<p>A ACIF (Associa\u00e7\u00e3o do Com\u00e9rcio e Ind\u00fastria de Franca) acaba de lan\u00e7ar um servi\u00e7o de consultoria para empresas que querem atuar no mercado de convers\u00e3o de milhas, a fim de monetiz\u00e1-las e obterem benef\u00edcios. Denominado Milhas ACIF, o servi\u00e7o oferecer\u00e1 suporte que vai desde a apresenta\u00e7\u00e3o de t\u00e9cnicas para acumular milhas e convert\u00ea-las em dinheiro ou viagens, bem como para usufruir de vantagens disponibilizadas por clubes de benef\u00edcios e pelas bandeiras de cart\u00e3o de cr\u00e9dito, como salas VIPs em aeroportos e seguro de prote\u00e7\u00e3o de pre\u00e7os.<\/p>\n<p>A primeira a\u00e7\u00e3o do Milhas ACIF acontece este m\u00eas, com a aplica\u00e7\u00e3o do curso \u2018Lucrando com Milhas\u2019. As inscri\u00e7\u00f5es est\u00e3o abertas e os interessados ter\u00e3o acesso a uma programa\u00e7\u00e3o sobre como acumular milhas, funcionamento dos clubes de benef\u00edcios, convers\u00e3o e muito mais. Al\u00e9m disso, por tr\u00eas meses, os participantes ter\u00e3o acesso um grupo de WhatsApp exclusivo para informa\u00e7\u00f5es e promo\u00e7\u00f5es do setor de milhas. D\u00favidas ser\u00e3o esclarecidas por especialistas da \u00e1rea, durante o per\u00edodo.<\/p>\n<p>\u201cO intuito \u00e9 apresentar essas oportunidades \u00e0s empresas para que tenham acesso a uma s\u00e9rie de vantagens e retorno financeiro s\u00f3 sabendo como atuar nesse mercado de milhas\u201d, explica o supervisor do Milhas ACIF, L\u00e1zaro Ferreira. Ainda de acordo com L\u00e1zaro, \u00e9 poss\u00edvel acumular milhas e convert\u00ea-las mesmo sem a utiliza\u00e7\u00e3o de cart\u00f5es de cr\u00e9dito. \u201cTudo isso ser\u00e1 ensinado no curso \u2018Lucrando com Milhas\u2019 e, al\u00e9m disso, os empres\u00e1rios ter\u00e3o todo o suporte de especialistas no momento de suas transa\u00e7\u00f5es, atrav\u00e9s das consultorias do Milhas ACIF\u201d, explica.<\/p>\n<p><strong>Curso \u2018Lucrando com Milhas\u2019<\/strong><\/p>\n<p>O curso \u2018Lucrando com Milhas\u2019 est\u00e1 marcado para acontecer em quatro encontros, nos dias 24 e 31 de janeiro, e 2 e 8 de fevereiro. As vagas s\u00e3o limitadas e os interessados devem se inscrever pelo telefone (16) 99973-6667 (WhatsApp).<\/p>\n","protected":false},"excerpt":{"rendered":"<p>Al\u00e9m do servi\u00e7o permanente, a entidade promover\u00e1 curso sobre o tema, este m\u00eas A ACIF (Associa\u00e7\u00e3o do Com\u00e9rcio e Ind\u00fastria de Franca) acaba de lan\u00e7ar um<span class=\"excerpt-hellip\"> [\u2026]<\/span><\/p>\n","protected":false},"author":4,"featured_media":31101,"comment_status":"open","ping_status":"open","sticky":false,"template":"","format":"standard","meta":{"_jetpack_memberships_contains_paid_content":false,"footnotes":"","jetpack_publicize_message":"","jetpack_publicize_feature_enabled":true,"jetpack_social_post_already_shared":false,"jetpack_social_options":{"image_generator_settings":{"template":"highway","default_image_id":0,"enabled":false},"version":2}},"categories":[28,81],"tags":[],"class_list":["post-31100","post","type-post","status-publish","format-standard","has-post-thumbnail","hentry","category-cotidiano","category-manchete"],"yoast_head":"<!-- This site is optimized with the Yoast SEO plugin v25.6 - https:\/\/yoast.com\/wordpress\/plugins\/seo\/ -->\n<title>ACIF lan\u00e7a consultoria para empresas atuarem com sistema de milhas - VerdadeOn<\/title>\n<meta name=\"robots\" content=\"index, follow, max-snippet:-1, max-image-preview:large, max-video-preview:-1\" \/>\n<link rel=\"canonical\" href=\"https:\/\/verdadeon.com.br\/portal\/2023\/01\/13\/acif-lanca-consultoria-para-empresas-atuarem-com-sistema-de-milhas\/\" \/>\n<meta property=\"og:locale\" content=\"pt_BR\" \/>\n<meta property=\"og:type\" content=\"article\" \/>\n<meta property=\"og:title\" content=\"ACIF lan\u00e7a consultoria para empresas atuarem com sistema de milhas - VerdadeOn\" \/>\n<meta property=\"og:description\" content=\"Al\u00e9m do servi\u00e7o permanente, a entidade promover\u00e1 curso sobre o tema, este m\u00eas A ACIF (Associa\u00e7\u00e3o do Com\u00e9rcio e Ind\u00fastria de Franca) acaba de lan\u00e7ar um [\u2026]\" \/>\n<meta property=\"og:url\" content=\"https:\/\/verdadeon.com.br\/portal\/2023\/01\/13\/acif-lanca-consultoria-para-empresas-atuarem-com-sistema-de-milhas\/\" \/>\n<meta property=\"og:site_name\" content=\"VerdadeOn\" \/>\n<meta property=\"article:published_time\" content=\"2023-01-13T14:47:55+00:00\" \/>\n<meta property=\"og:image\" content=\"https:\/\/verdadeon.com.br\/portal\/wp-content\/uploads\/2023\/01\/milhasnocartaodecredito.jpg\" \/>\n\t<meta property=\"og:image:width\" content=\"805\" \/>\n\t<meta property=\"og:image:height\" content=\"540\" \/>\n\t<meta property=\"og:image:type\" content=\"image\/jpeg\" \/>\n<meta name=\"author\" content=\"Fernando Calixto\" \/>\n<meta name=\"twitter:card\" content=\"summary_large_image\" \/>\n<meta name=\"twitter:label1\" content=\"Escrito por\" \/>\n\t<meta name=\"twitter:data1\" content=\"Fernando Calixto\" \/>\n\t<meta name=\"twitter:label2\" content=\"Est. tempo de leitura\" \/>\n\t<meta name=\"twitter:data2\" content=\"2 minutos\" \/>\n<script type=\"application\/ld+json\" class=\"yoast-schema-graph\">{\"@context\":\"https:\/\/schema.org\",\"@graph\":[{\"@type\":\"WebPage\",\"@id\":\"https:\/\/verdadeon.com.br\/portal\/2023\/01\/13\/acif-lanca-consultoria-para-empresas-atuarem-com-sistema-de-milhas\/\",\"url\":\"https:\/\/verdadeon.com.br\/portal\/2023\/01\/13\/acif-lanca-consultoria-para-empresas-atuarem-com-sistema-de-milhas\/\",\"name\":\"ACIF lan\u00e7a consultoria para empresas atuarem com sistema de milhas - VerdadeOn\",\"isPartOf\":{\"@id\":\"https:\/\/verdadeon.com.br\/portal\/#website\"},\"primaryImageOfPage\":{\"@id\":\"https:\/\/verdadeon.com.br\/portal\/2023\/01\/13\/acif-lanca-consultoria-para-empresas-atuarem-com-sistema-de-milhas\/#primaryimage\"},\"image\":{\"@id\":\"https:\/\/verdadeon.com.br\/portal\/2023\/01\/13\/acif-lanca-consultoria-para-empresas-atuarem-com-sistema-de-milhas\/#primaryimage\"},\"thumbnailUrl\":\"https:\/\/i0.wp.com\/verdadeon.com.br\/portal\/wp-content\/uploads\/2023\/01\/milhasnocartaodecredito.jpg?fit=805%2C540&ssl=1\",\"datePublished\":\"2023-01-13T14:47:55+00:00\",\"author\":{\"@id\":\"https:\/\/verdadeon.com.br\/portal\/#\/schema\/person\/8994718f49ee62ba5610471e29ca1f62\"},\"breadcrumb\":{\"@id\":\"https:\/\/verdadeon.com.br\/portal\/2023\/01\/13\/acif-lanca-consultoria-para-empresas-atuarem-com-sistema-de-milhas\/#breadcrumb\"},\"inLanguage\":\"pt-BR\",\"potentialAction\":[{\"@type\":\"ReadAction\",\"target\":[\"https:\/\/verdadeon.com.br\/portal\/2023\/01\/13\/acif-lanca-consultoria-para-empresas-atuarem-com-sistema-de-milhas\/\"]}]},{\"@type\":\"ImageObject\",\"inLanguage\":\"pt-BR\",\"@id\":\"https:\/\/verdadeon.com.br\/portal\/2023\/01\/13\/acif-lanca-consultoria-para-empresas-atuarem-com-sistema-de-milhas\/#primaryimage\",\"url\":\"https:\/\/i0.wp.com\/verdadeon.com.br\/portal\/wp-content\/uploads\/2023\/01\/milhasnocartaodecredito.jpg?fit=805%2C540&ssl=1\",\"contentUrl\":\"https:\/\/i0.wp.com\/verdadeon.com.br\/portal\/wp-content\/uploads\/2023\/01\/milhasnocartaodecredito.jpg?fit=805%2C540&ssl=1\",\"width\":805,\"height\":540,\"caption\":\"A primeira a\u00e7\u00e3o do Milhas ACIF acontece este m\u00eas, com a aplica\u00e7\u00e3o do curso \u2018Lucrando com Milhas\u2019\"},{\"@type\":\"BreadcrumbList\",\"@id\":\"https:\/\/verdadeon.com.br\/portal\/2023\/01\/13\/acif-lanca-consultoria-para-empresas-atuarem-com-sistema-de-milhas\/#breadcrumb\",\"itemListElement\":[{\"@type\":\"ListItem\",\"position\":1,\"name\":\"In\u00edcio\",\"item\":\"https:\/\/verdadeon.com.br\/portal\/\"},{\"@type\":\"ListItem\",\"position\":2,\"name\":\"ACIF lan\u00e7a consultoria para empresas atuarem com sistema de milhas\"}]},{\"@type\":\"WebSite\",\"@id\":\"https:\/\/verdadeon.com.br\/portal\/#website\",\"url\":\"https:\/\/verdadeon.com.br\/portal\/\",\"name\":\"VerdadeOn\",\"description\":\"Not\u00edcias di\u00e1rias sobre Franca, Regi\u00e3o, Esporte, Cultura, Cotidiano, Colunas. Cobertura nos principais eventos da cidade \u00e9 aqui - Verdadeon Franca\",\"potentialAction\":[{\"@type\":\"SearchAction\",\"target\":{\"@type\":\"EntryPoint\",\"urlTemplate\":\"https:\/\/verdadeon.com.br\/portal\/?s={search_term_string}\"},\"query-input\":{\"@type\":\"PropertyValueSpecification\",\"valueRequired\":true,\"valueName\":\"search_term_string\"}}],\"inLanguage\":\"pt-BR\"},{\"@type\":\"Person\",\"@id\":\"https:\/\/verdadeon.com.br\/portal\/#\/schema\/person\/8994718f49ee62ba5610471e29ca1f62\",\"name\":\"Fernando Calixto\",\"image\":{\"@type\":\"ImageObject\",\"inLanguage\":\"pt-BR\",\"@id\":\"https:\/\/verdadeon.com.br\/portal\/#\/schema\/person\/image\/\",\"url\":\"https:\/\/secure.gravatar.com\/avatar\/7578910c24966c0316c340f9dbd601e93ee9f9212e1033968b367af9306bd9fb?s=96&d=mm&r=g\",\"contentUrl\":\"https:\/\/secure.gravatar.com\/avatar\/7578910c24966c0316c340f9dbd601e93ee9f9212e1033968b367af9306bd9fb?s=96&d=mm&r=g\",\"caption\":\"Fernando Calixto\"},\"url\":\"https:\/\/verdadeon.com.br\/portal\/author\/fernando-calixto\/\"}]}<\/script>\n<!-- \/ Yoast SEO plugin. -->","yoast_head_json":{"title":"ACIF lan\u00e7a consultoria para empresas atuarem com sistema de milhas - VerdadeOn","robots":{"index":"index","follow":"follow","max-snippet":"max-snippet:-1","max-image-preview":"max-image-preview:large","max-video-preview":"max-video-preview:-1"},"canonical":"https:\/\/verdadeon.com.br\/portal\/2023\/01\/13\/acif-lanca-consultoria-para-empresas-atuarem-com-sistema-de-milhas\/","og_locale":"pt_BR","og_type":"article","og_title":"ACIF lan\u00e7a consultoria para empresas atuarem com sistema de milhas - VerdadeOn","og_description":"Al\u00e9m do servi\u00e7o permanente, a entidade promover\u00e1 curso sobre o tema, este m\u00eas A ACIF (Associa\u00e7\u00e3o do Com\u00e9rcio e Ind\u00fastria de Franca) acaba de lan\u00e7ar um [\u2026]","og_url":"https:\/\/verdadeon.com.br\/portal\/2023\/01\/13\/acif-lanca-consultoria-para-empresas-atuarem-com-sistema-de-milhas\/","og_site_name":"VerdadeOn","article_published_time":"2023-01-13T14:47:55+00:00","og_image":[{"width":805,"height":540,"url":"https:\/\/verdadeon.com.br\/portal\/wp-content\/uploads\/2023\/01\/milhasnocartaodecredito.jpg","type":"image\/jpeg"}],"author":"Fernando Calixto","twitter_card":"summary_large_image","twitter_misc":{"Escrito por":"Fernando Calixto","Est. tempo de leitura":"2 minutos"},"schema":{"@context":"https:\/\/schema.org","@graph":[{"@type":"WebPage","@id":"https:\/\/verdadeon.com.br\/portal\/2023\/01\/13\/acif-lanca-consultoria-para-empresas-atuarem-com-sistema-de-milhas\/","url":"https:\/\/verdadeon.com.br\/portal\/2023\/01\/13\/acif-lanca-consultoria-para-empresas-atuarem-com-sistema-de-milhas\/","name":"ACIF lan\u00e7a consultoria para empresas atuarem com sistema de milhas - VerdadeOn","isPartOf":{"@id":"https:\/\/verdadeon.com.br\/portal\/#website"},"primaryImageOfPage":{"@id":"https:\/\/verdadeon.com.br\/portal\/2023\/01\/13\/acif-lanca-consultoria-para-empresas-atuarem-com-sistema-de-milhas\/#primaryimage"},"image":{"@id":"https:\/\/verdadeon.com.br\/portal\/2023\/01\/13\/acif-lanca-consultoria-para-empresas-atuarem-com-sistema-de-milhas\/#primaryimage"},"thumbnailUrl":"https:\/\/i0.wp.com\/verdadeon.com.br\/portal\/wp-content\/uploads\/2023\/01\/milhasnocartaodecredito.jpg?fit=805%2C540&ssl=1","datePublished":"2023-01-13T14:47:55+00:00","author":{"@id":"https:\/\/verdadeon.com.br\/portal\/#\/schema\/person\/8994718f49ee62ba5610471e29ca1f62"},"breadcrumb":{"@id":"https:\/\/verdadeon.com.br\/portal\/2023\/01\/13\/acif-lanca-consultoria-para-empresas-atuarem-com-sistema-de-milhas\/#breadcrumb"},"inLanguage":"pt-BR","potentialAction":[{"@type":"ReadAction","target":["https:\/\/verdadeon.com.br\/portal\/2023\/01\/13\/acif-lanca-consultoria-para-empresas-atuarem-com-sistema-de-milhas\/"]}]},{"@type":"ImageObject","inLanguage":"pt-BR","@id":"https:\/\/verdadeon.com.br\/portal\/2023\/01\/13\/acif-lanca-consultoria-para-empresas-atuarem-com-sistema-de-milhas\/#primaryimage","url":"https:\/\/i0.wp.com\/verdadeon.com.br\/portal\/wp-content\/uploads\/2023\/01\/milhasnocartaodecredito.jpg?fit=805%2C540&ssl=1","contentUrl":"https:\/\/i0.wp.com\/verdadeon.com.br\/portal\/wp-content\/uploads\/2023\/01\/milhasnocartaodecredito.jpg?fit=805%2C540&ssl=1","width":805,"height":540,"caption":"A primeira a\u00e7\u00e3o do Milhas ACIF acontece este m\u00eas, com a aplica\u00e7\u00e3o do curso \u2018Lucrando com Milhas\u2019"},{"@type":"BreadcrumbList","@id":"https:\/\/verdadeon.com.br\/portal\/2023\/01\/13\/acif-lanca-consultoria-para-empresas-atuarem-com-sistema-de-milhas\/#breadcrumb","itemListElement":[{"@type":"ListItem","position":1,"name":"In\u00edcio","item":"https:\/\/verdadeon.com.br\/portal\/"},{"@type":"ListItem","position":2,"name":"ACIF lan\u00e7a consultoria para empresas atuarem com sistema de milhas"}]},{"@type":"WebSite","@id":"https:\/\/verdadeon.com.br\/portal\/#website","url":"https:\/\/verdadeon.com.br\/portal\/","name":"VerdadeOn","description":"Not\u00edcias di\u00e1rias sobre Franca, Regi\u00e3o, Esporte, Cultura, Cotidiano, Colunas. Cobertura nos principais eventos da cidade \u00e9 aqui - Verdadeon Franca","potentialAction":[{"@type":"SearchAction","target":{"@type":"EntryPoint","urlTemplate":"https:\/\/verdadeon.com.br\/portal\/?s={search_term_string}"},"query-input":{"@type":"PropertyValueSpecification","valueRequired":true,"valueName":"search_term_string"}}],"inLanguage":"pt-BR"},{"@type":"Person","@id":"https:\/\/verdadeon.com.br\/portal\/#\/schema\/person\/8994718f49ee62ba5610471e29ca1f62","name":"Fernando Calixto","image":{"@type":"ImageObject","inLanguage":"pt-BR","@id":"https:\/\/verdadeon.com.br\/portal\/#\/schema\/person\/image\/","url":"https:\/\/secure.gravatar.com\/avatar\/7578910c24966c0316c340f9dbd601e93ee9f9212e1033968b367af9306bd9fb?s=96&d=mm&r=g","contentUrl":"https:\/\/secure.gravatar.com\/avatar\/7578910c24966c0316c340f9dbd601e93ee9f9212e1033968b367af9306bd9fb?s=96&d=mm&r=g","caption":"Fernando Calixto"},"url":"https:\/\/verdadeon.com.br\/portal\/author\/fernando-calixto\/"}]}},"jetpack_publicize_connections":[],"jetpack_featured_media_url":"https:\/\/i0.wp.com\/verdadeon.com.br\/portal\/wp-content\/uploads\/2023\/01\/milhasnocartaodecredito.jpg?fit=805%2C540&ssl=1","jetpack_sharing_enabled":true,"_links":{"self":[{"href":"https:\/\/verdadeon.com.br\/portal\/wp-json\/wp\/v2\/posts\/31100","targetHints":{"allow":["GET"]}}],"collection":[{"href":"https:\/\/verdadeon.com.br\/portal\/wp-json\/wp\/v2\/posts"}],"about":[{"href":"https:\/\/verdadeon.com.br\/portal\/wp-json\/wp\/v2\/types\/post"}],"author":[{"embeddable":true,"href":"https:\/\/verdadeon.com.br\/portal\/wp-json\/wp\/v2\/users\/4"}],"replies":[{"embeddable":true,"href":"https:\/\/verdadeon.com.br\/portal\/wp-json\/wp\/v2\/comments?post=31100"}],"version-history":[{"count":1,"href":"https:\/\/verdadeon.com.br\/portal\/wp-json\/wp\/v2\/posts\/31100\/revisions"}],"predecessor-version":[{"id":31106,"href":"https:\/\/verdadeon.com.br\/portal\/wp-json\/wp\/v2\/posts\/31100\/revisions\/31106"}],"wp:featuredmedia":[{"embeddable":true,"href":"https:\/\/verdadeon.com.br\/portal\/wp-json\/wp\/v2\/media\/31101"}],"wp:attachment":[{"href":"https:\/\/verdadeon.com.br\/portal\/wp-json\/wp\/v2\/media?parent=31100"}],"wp:term":[{"taxonomy":"category","embeddable":true,"href":"https:\/\/verdadeon.com.br\/portal\/wp-json\/wp\/v2\/categories?post=31100"},{"taxonomy":"post_tag","embeddable":true,"href":"https:\/\/verdadeon.com.br\/portal\/wp-json\/wp\/v2\/tags?post=31100"}],"curies":[{"name":"wp","href":"https:\/\/api.w.org\/{rel}","templated":true}]}}