{"id":31094,"date":"2023-01-12T18:39:17","date_gmt":"2023-01-12T21:39:17","guid":{"rendered":"https:\/\/verdadeon.com.br\/portal\/?p=31094"},"modified":"2023-01-12T18:39:17","modified_gmt":"2023-01-12T21:39:17","slug":"fussol-abre-novas-vagas-de-cursos-na-area-da-beleza-e-no-ramo-alimenticio","status":"publish","type":"post","link":"https:\/\/verdadeon.com.br\/portal\/2023\/01\/12\/fussol-abre-novas-vagas-de-cursos-na-area-da-beleza-e-no-ramo-alimenticio\/","title":{"rendered":"Fussol abre novas vagas de cursos na \u00e1rea da beleza e no ramo aliment\u00edcio"},"content":{"rendered":"<h2>A partir desta sexta-feira, 48 vagas de cursos do setor aliment\u00edcio estar\u00e3o dispon\u00edveis em entidades do munic\u00edpio<\/h2>\n<div><\/div>\n<div>O FUSSOL (Fundo Social de Solidariedade) abrir\u00e1 na pr\u00f3xima semana, novas inscri\u00e7\u00f5es para os cursos da Escola da Beleza, ainda neste m\u00eas de janeiro. A partir desta sexta-feira, 48 vagas de cursos do setor aliment\u00edcio estar\u00e3o dispon\u00edveis em entidades do munic\u00edpio, levando as oportunidades aos Jardins Aeroporto 2, Pulicano e City Petr\u00f3polis. Depois, no dia 17, ser\u00e3o abertas 66 vagas para Auxiliar de Cabeleireiro Feminino, Cabelo Crespo, Manicure e Pedicure e SPA dos P\u00e9s. Todos os cursos s\u00e3o gratuitos.<\/div>\n<div>O curso de Fabrica\u00e7\u00e3o de Produtos de Confeitaria ser\u00e1 ministrado no per\u00edodo de 1\u00ba a 23 de fevereiro, das 18h30 \u00e0s 22h30, no Cantinho Amor e Caridade, que fica na avenida Gabriela Almeida Piraj\u00e1, 168, Jardim Aeroporto 2. As inscri\u00e7\u00f5es devem ser feitas pelo telefone (16) 99440-1518.<\/div>\n<div>J\u00e1 o de Fabrica\u00e7\u00e3o de Pizzas e Salgados acontecer\u00e1 de 30 de janeiro a 1\u00ba de mar\u00e7o, das 18h30 \u00e0s 22h30, na EMEB Professora Rita de C\u00e1ssia Calixto, localizada na rua Ota\u00eddes Eur\u00edpedes Eleut\u00e9rio, 2505, Jardim Pulicano. As inscri\u00e7\u00f5es podem ser realizadas pelo (16) 3723-5464.<\/div>\n<div>A capacita\u00e7\u00e3o de Cupcakes e Bolos Caseiros ser\u00e1 de 28 de fevereiro a 9 de mar\u00e7o, das 18h30 \u00e0s 22 horas, no Centro Comunit\u00e1rio do City Petr\u00f3polis, que fica na avenida Santa Terezinha, 830. As ades\u00f5es podem ser feitas pelo telefone (16) 99213-5432. Os cursos da \u00e1rea aliment\u00edcia ser\u00e3o realizados, atrav\u00e9s de parceria\u00a0 do FUSSOL, Sebrae e Senai.<\/div>\n<div>A sede do FUSSOL, que fica no Col\u00e9gio Champagnat, receber\u00e1 66 novos alunos da Escola da Beleza. Com carga hor\u00e1ria de 80 horas, h\u00e1 20 vagas para o curso de Auxiliar de Cabeleireiro Feminino, que come\u00e7a no dia 1\u00ba de fevereiro e vai at\u00e9 3 de maio. Para a turma de segunda e quarta-feira, o hor\u00e1rio ser\u00e1 das 13 \u00e0s 17 horas. J\u00e1 os alunos que ir\u00e3o \u00e0s ter\u00e7as e quintas, ter\u00e3o aulas das 18 \u00e0s 22 horas.<\/div>\n<div>Para quem j\u00e1 trabalha como cabeleireiro, o FUSSOL tamb\u00e9m disponibilizar\u00e1 um curso de aperfei\u00e7oamento. O foco est\u00e1 no Cabelo Crespo, com carga hor\u00e1ria de 44 horas, com realiza\u00e7\u00e3o no per\u00edodo de 2 de fevereiro\u00a0 at\u00e9 30 de mar\u00e7o. As aulas ser\u00e3o \u00e0 tarde, das 13 \u00e0s 17 horas.<\/div>\n<div>As pessoas que almejam trabalhar como Manicure e Pedicure podem se inscrever na Escola da Beleza. O curso ser\u00e1 \u00e0s segundas, ter\u00e7as e quartas-feiras, de 6 de fevereiro a 5 de abril, das 7h30 \u00e0s 11 horas ou das 18h30 \u00e0s 22 horas. Para as profissionais da \u00e1rea, que buscam aperfei\u00e7oamento, h\u00e1 o curso de SPA dos P\u00e9s, com 12 vagas e in\u00edcio no dia 2 de fevereiro at\u00e9 16 de mar\u00e7o. As aulas ser\u00e3o das 18h30 \u00e0s 22 horas.<\/div>\n<div>Confira a rela\u00e7\u00e3o completa das vagas, datas e hor\u00e1rios:<\/div>\n<div><\/div>\n<div><\/div>\n<div><strong>Fabrica\u00e7\u00e3o de Produtos de Confeitaria (16 vagas)<\/strong><\/div>\n<div>01\/02 a 23\/02 das 18h30 \u00e0s 22h30<\/div>\n<div>Cantinho Amor e Caridade<\/div>\n<div>Avenida Gabriela Almeida Piraj\u00e1, 168, Jardim Aeroporto 2<\/div>\n<div>Inscri\u00e7\u00f5es: (16) 99440-1518<\/div>\n<div><\/div>\n<div><\/div>\n<div><strong>Fabrica\u00e7\u00e3o de Pizzas e Salgados<\/strong><\/div>\n<div>30\/01 a 01\/03 das 18h30 \u00e0s 22h30<\/div>\n<div>EMEB Professora Rita de Cassia Calixto<\/div>\n<div>Rua Ota\u00eddes Euripedes Eleut\u00e9rio, 2505, Jardim Pulicano<\/div>\n<div>Inscri\u00e7\u00f5es: (16) 3723-5464<\/div>\n<div><\/div>\n<div><strong>Fabrica\u00e7\u00e3o de Cupcakes e Bolos Caseiros<\/strong><\/div>\n<div>28\/02 a 09\/03 das 18h30 \u00e0s 22h30<\/div>\n<div>Centro Comunit\u00e1rio do City Petr\u00f3polis<\/div>\n<div>Avenida Santa Terezinha, 830<\/div>\n<div>Inscri\u00e7\u00f5es: (16) 99213-5432<\/div>\n<div><\/div>\n<div><strong>Auxiliar de Cabeleireiro Feminino (Carga hor\u00e1ria: 80 horas)<\/strong><\/div>\n<div>10 vagas<\/div>\n<div>01\/02 a 03\/05 das 13 \u00e0s 17 horas<\/div>\n<div>Segundas e quartas-feiras<\/div>\n<div><\/div>\n<div>10 vagas<\/div>\n<div>02\/02 a 02\/05 das 18 \u00e0s 22 horas<\/div>\n<div>Ter\u00e7as e quintas-feiras<\/div>\n<div><\/div>\n<div><\/div>\n<div><strong>Cabelo Crespo* (Carga hor\u00e1ria: 44 horas)<\/strong><\/div>\n<div>10 vagas<\/div>\n<div>Ter\u00e7as e Quintas<\/div>\n<div>02\/02 a 30\/03 das 13 \u00e0s 17 horas<\/div>\n<div><\/div>\n<div>*Pr\u00e9-requisito: j\u00e1 trabalhar como cabeleireiro (a), pois \u00e9 um curso de aperfei\u00e7oamento.<\/div>\n<div><\/div>\n<div><\/div>\n<div><strong>Manicure e Pedicure &#8211; SPA dos P\u00e9s (Carga hor\u00e1ria: 84 horas)<\/strong><\/div>\n<div><\/div>\n<div>12 vagas<\/div>\n<div>Segundas, ter\u00e7as e quartas-feiras<\/div>\n<div>06\/02 a 05\/04 das 7h30 \u00e0s 11 horas<\/div>\n<div><\/div>\n<div>12 vagas<\/div>\n<div>Segundas, ter\u00e7as e quartas-feiras<\/div>\n<div>06\/02 a 05\/04 das 18h30 \u00e0s 22 horas<\/div>\n<div><\/div>\n<div><\/div>\n<div><strong>SPA dos P\u00e9s* (Carga hor\u00e1ria: 21 horas)<\/strong><\/div>\n<div><\/div>\n<div>12 vagas<\/div>\n<div>Quintas-feiras<\/div>\n<div>02\/02 a 16\/03 das 18h30 \u00e0s 22 horas<\/div>\n<div>*Pr\u00e9-requisito: j\u00e1 trabalhar como manicure, pois \u00e9 um curso de aperfei\u00e7oamento<\/div>\n","protected":false},"excerpt":{"rendered":"<p>A partir desta sexta-feira, 48 vagas de cursos do setor aliment\u00edcio estar\u00e3o dispon\u00edveis em entidades do munic\u00edpio O FUSSOL (Fundo Social de Solidariedade) abrir\u00e1 na pr\u00f3xima<span class=\"excerpt-hellip\"> [\u2026]<\/span><\/p>\n","protected":false},"author":4,"featured_media":31096,"comment_status":"open","ping_status":"open","sticky":false,"template":"","format":"standard","meta":{"_jetpack_memberships_contains_paid_content":false,"footnotes":"","jetpack_publicize_message":"","jetpack_publicize_feature_enabled":true,"jetpack_social_post_already_shared":false,"jetpack_social_options":{"image_generator_settings":{"template":"highway","default_image_id":0,"enabled":false},"version":2}},"categories":[28,81],"tags":[],"class_list":["post-31094","post","type-post","status-publish","format-standard","has-post-thumbnail","hentry","category-cotidiano","category-manchete"],"yoast_head":"<!-- This site is optimized with the Yoast SEO plugin v25.6 - https:\/\/yoast.com\/wordpress\/plugins\/seo\/ -->\n<title>Fussol abre novas vagas de cursos na \u00e1rea da beleza e no ramo aliment\u00edcio - VerdadeOn<\/title>\n<meta name=\"robots\" content=\"index, follow, max-snippet:-1, max-image-preview:large, max-video-preview:-1\" \/>\n<link rel=\"canonical\" href=\"https:\/\/verdadeon.com.br\/portal\/2023\/01\/12\/fussol-abre-novas-vagas-de-cursos-na-area-da-beleza-e-no-ramo-alimenticio\/\" \/>\n<meta property=\"og:locale\" content=\"pt_BR\" \/>\n<meta property=\"og:type\" content=\"article\" \/>\n<meta property=\"og:title\" content=\"Fussol abre novas vagas de cursos na \u00e1rea da beleza e no ramo aliment\u00edcio - VerdadeOn\" \/>\n<meta property=\"og:description\" content=\"A partir desta sexta-feira, 48 vagas de cursos do setor aliment\u00edcio estar\u00e3o dispon\u00edveis em entidades do munic\u00edpio O FUSSOL (Fundo Social de Solidariedade) abrir\u00e1 na pr\u00f3xima [\u2026]\" \/>\n<meta property=\"og:url\" content=\"https:\/\/verdadeon.com.br\/portal\/2023\/01\/12\/fussol-abre-novas-vagas-de-cursos-na-area-da-beleza-e-no-ramo-alimenticio\/\" \/>\n<meta property=\"og:site_name\" content=\"VerdadeOn\" \/>\n<meta property=\"article:published_time\" content=\"2023-01-12T21:39:17+00:00\" \/>\n<meta property=\"og:image\" content=\"https:\/\/verdadeon.com.br\/portal\/wp-content\/uploads\/2023\/01\/122687-veja-10-dicas-de-manicure-tiradas-da-pag-article_media_new_1-1.jpg\" \/>\n\t<meta property=\"og:image:width\" content=\"1000\" \/>\n\t<meta property=\"og:image:height\" content=\"670\" \/>\n\t<meta property=\"og:image:type\" content=\"image\/jpeg\" \/>\n<meta name=\"author\" content=\"Fernando Calixto\" \/>\n<meta name=\"twitter:card\" content=\"summary_large_image\" \/>\n<meta name=\"twitter:label1\" content=\"Escrito por\" \/>\n\t<meta name=\"twitter:data1\" content=\"Fernando Calixto\" \/>\n\t<meta name=\"twitter:label2\" content=\"Est. tempo de leitura\" \/>\n\t<meta name=\"twitter:data2\" content=\"4 minutos\" \/>\n<script type=\"application\/ld+json\" class=\"yoast-schema-graph\">{\"@context\":\"https:\/\/schema.org\",\"@graph\":[{\"@type\":\"WebPage\",\"@id\":\"https:\/\/verdadeon.com.br\/portal\/2023\/01\/12\/fussol-abre-novas-vagas-de-cursos-na-area-da-beleza-e-no-ramo-alimenticio\/\",\"url\":\"https:\/\/verdadeon.com.br\/portal\/2023\/01\/12\/fussol-abre-novas-vagas-de-cursos-na-area-da-beleza-e-no-ramo-alimenticio\/\",\"name\":\"Fussol abre novas vagas de cursos na \u00e1rea da beleza e no ramo aliment\u00edcio - VerdadeOn\",\"isPartOf\":{\"@id\":\"https:\/\/verdadeon.com.br\/portal\/#website\"},\"primaryImageOfPage\":{\"@id\":\"https:\/\/verdadeon.com.br\/portal\/2023\/01\/12\/fussol-abre-novas-vagas-de-cursos-na-area-da-beleza-e-no-ramo-alimenticio\/#primaryimage\"},\"image\":{\"@id\":\"https:\/\/verdadeon.com.br\/portal\/2023\/01\/12\/fussol-abre-novas-vagas-de-cursos-na-area-da-beleza-e-no-ramo-alimenticio\/#primaryimage\"},\"thumbnailUrl\":\"https:\/\/i0.wp.com\/verdadeon.com.br\/portal\/wp-content\/uploads\/2023\/01\/122687-veja-10-dicas-de-manicure-tiradas-da-pag-article_media_new_1-1.jpg?fit=1000%2C670&ssl=1\",\"datePublished\":\"2023-01-12T21:39:17+00:00\",\"author\":{\"@id\":\"https:\/\/verdadeon.com.br\/portal\/#\/schema\/person\/8994718f49ee62ba5610471e29ca1f62\"},\"breadcrumb\":{\"@id\":\"https:\/\/verdadeon.com.br\/portal\/2023\/01\/12\/fussol-abre-novas-vagas-de-cursos-na-area-da-beleza-e-no-ramo-alimenticio\/#breadcrumb\"},\"inLanguage\":\"pt-BR\",\"potentialAction\":[{\"@type\":\"ReadAction\",\"target\":[\"https:\/\/verdadeon.com.br\/portal\/2023\/01\/12\/fussol-abre-novas-vagas-de-cursos-na-area-da-beleza-e-no-ramo-alimenticio\/\"]}]},{\"@type\":\"ImageObject\",\"inLanguage\":\"pt-BR\",\"@id\":\"https:\/\/verdadeon.com.br\/portal\/2023\/01\/12\/fussol-abre-novas-vagas-de-cursos-na-area-da-beleza-e-no-ramo-alimenticio\/#primaryimage\",\"url\":\"https:\/\/i0.wp.com\/verdadeon.com.br\/portal\/wp-content\/uploads\/2023\/01\/122687-veja-10-dicas-de-manicure-tiradas-da-pag-article_media_new_1-1.jpg?fit=1000%2C670&ssl=1\",\"contentUrl\":\"https:\/\/i0.wp.com\/verdadeon.com.br\/portal\/wp-content\/uploads\/2023\/01\/122687-veja-10-dicas-de-manicure-tiradas-da-pag-article_media_new_1-1.jpg?fit=1000%2C670&ssl=1\",\"width\":1000,\"height\":670,\"caption\":\"ser\u00e3o abertas 66 vagas para Auxiliar de Cabeleireiro Feminino, Cabelo Crespo, Manicure e Pedicure e SPA dos P\u00e9s. Todos os cursos s\u00e3o gratuitos\"},{\"@type\":\"BreadcrumbList\",\"@id\":\"https:\/\/verdadeon.com.br\/portal\/2023\/01\/12\/fussol-abre-novas-vagas-de-cursos-na-area-da-beleza-e-no-ramo-alimenticio\/#breadcrumb\",\"itemListElement\":[{\"@type\":\"ListItem\",\"position\":1,\"name\":\"In\u00edcio\",\"item\":\"https:\/\/verdadeon.com.br\/portal\/\"},{\"@type\":\"ListItem\",\"position\":2,\"name\":\"Fussol abre novas vagas de cursos na \u00e1rea da beleza e no ramo aliment\u00edcio\"}]},{\"@type\":\"WebSite\",\"@id\":\"https:\/\/verdadeon.com.br\/portal\/#website\",\"url\":\"https:\/\/verdadeon.com.br\/portal\/\",\"name\":\"VerdadeOn\",\"description\":\"Not\u00edcias di\u00e1rias sobre Franca, Regi\u00e3o, Esporte, Cultura, Cotidiano, Colunas. Cobertura nos principais eventos da cidade \u00e9 aqui - Verdadeon Franca\",\"potentialAction\":[{\"@type\":\"SearchAction\",\"target\":{\"@type\":\"EntryPoint\",\"urlTemplate\":\"https:\/\/verdadeon.com.br\/portal\/?s={search_term_string}\"},\"query-input\":{\"@type\":\"PropertyValueSpecification\",\"valueRequired\":true,\"valueName\":\"search_term_string\"}}],\"inLanguage\":\"pt-BR\"},{\"@type\":\"Person\",\"@id\":\"https:\/\/verdadeon.com.br\/portal\/#\/schema\/person\/8994718f49ee62ba5610471e29ca1f62\",\"name\":\"Fernando Calixto\",\"image\":{\"@type\":\"ImageObject\",\"inLanguage\":\"pt-BR\",\"@id\":\"https:\/\/verdadeon.com.br\/portal\/#\/schema\/person\/image\/\",\"url\":\"https:\/\/secure.gravatar.com\/avatar\/7578910c24966c0316c340f9dbd601e93ee9f9212e1033968b367af9306bd9fb?s=96&d=mm&r=g\",\"contentUrl\":\"https:\/\/secure.gravatar.com\/avatar\/7578910c24966c0316c340f9dbd601e93ee9f9212e1033968b367af9306bd9fb?s=96&d=mm&r=g\",\"caption\":\"Fernando Calixto\"},\"url\":\"https:\/\/verdadeon.com.br\/portal\/author\/fernando-calixto\/\"}]}<\/script>\n<!-- \/ Yoast SEO plugin. -->","yoast_head_json":{"title":"Fussol abre novas vagas de cursos na \u00e1rea da beleza e no ramo aliment\u00edcio - VerdadeOn","robots":{"index":"index","follow":"follow","max-snippet":"max-snippet:-1","max-image-preview":"max-image-preview:large","max-video-preview":"max-video-preview:-1"},"canonical":"https:\/\/verdadeon.com.br\/portal\/2023\/01\/12\/fussol-abre-novas-vagas-de-cursos-na-area-da-beleza-e-no-ramo-alimenticio\/","og_locale":"pt_BR","og_type":"article","og_title":"Fussol abre novas vagas de cursos na \u00e1rea da beleza e no ramo aliment\u00edcio - VerdadeOn","og_description":"A partir desta sexta-feira, 48 vagas de cursos do setor aliment\u00edcio estar\u00e3o dispon\u00edveis em entidades do munic\u00edpio O FUSSOL (Fundo Social de Solidariedade) abrir\u00e1 na pr\u00f3xima [\u2026]","og_url":"https:\/\/verdadeon.com.br\/portal\/2023\/01\/12\/fussol-abre-novas-vagas-de-cursos-na-area-da-beleza-e-no-ramo-alimenticio\/","og_site_name":"VerdadeOn","article_published_time":"2023-01-12T21:39:17+00:00","og_image":[{"width":1000,"height":670,"url":"https:\/\/verdadeon.com.br\/portal\/wp-content\/uploads\/2023\/01\/122687-veja-10-dicas-de-manicure-tiradas-da-pag-article_media_new_1-1.jpg","type":"image\/jpeg"}],"author":"Fernando Calixto","twitter_card":"summary_large_image","twitter_misc":{"Escrito por":"Fernando Calixto","Est. tempo de leitura":"4 minutos"},"schema":{"@context":"https:\/\/schema.org","@graph":[{"@type":"WebPage","@id":"https:\/\/verdadeon.com.br\/portal\/2023\/01\/12\/fussol-abre-novas-vagas-de-cursos-na-area-da-beleza-e-no-ramo-alimenticio\/","url":"https:\/\/verdadeon.com.br\/portal\/2023\/01\/12\/fussol-abre-novas-vagas-de-cursos-na-area-da-beleza-e-no-ramo-alimenticio\/","name":"Fussol abre novas vagas de cursos na \u00e1rea da beleza e no ramo aliment\u00edcio - VerdadeOn","isPartOf":{"@id":"https:\/\/verdadeon.com.br\/portal\/#website"},"primaryImageOfPage":{"@id":"https:\/\/verdadeon.com.br\/portal\/2023\/01\/12\/fussol-abre-novas-vagas-de-cursos-na-area-da-beleza-e-no-ramo-alimenticio\/#primaryimage"},"image":{"@id":"https:\/\/verdadeon.com.br\/portal\/2023\/01\/12\/fussol-abre-novas-vagas-de-cursos-na-area-da-beleza-e-no-ramo-alimenticio\/#primaryimage"},"thumbnailUrl":"https:\/\/i0.wp.com\/verdadeon.com.br\/portal\/wp-content\/uploads\/2023\/01\/122687-veja-10-dicas-de-manicure-tiradas-da-pag-article_media_new_1-1.jpg?fit=1000%2C670&ssl=1","datePublished":"2023-01-12T21:39:17+00:00","author":{"@id":"https:\/\/verdadeon.com.br\/portal\/#\/schema\/person\/8994718f49ee62ba5610471e29ca1f62"},"breadcrumb":{"@id":"https:\/\/verdadeon.com.br\/portal\/2023\/01\/12\/fussol-abre-novas-vagas-de-cursos-na-area-da-beleza-e-no-ramo-alimenticio\/#breadcrumb"},"inLanguage":"pt-BR","potentialAction":[{"@type":"ReadAction","target":["https:\/\/verdadeon.com.br\/portal\/2023\/01\/12\/fussol-abre-novas-vagas-de-cursos-na-area-da-beleza-e-no-ramo-alimenticio\/"]}]},{"@type":"ImageObject","inLanguage":"pt-BR","@id":"https:\/\/verdadeon.com.br\/portal\/2023\/01\/12\/fussol-abre-novas-vagas-de-cursos-na-area-da-beleza-e-no-ramo-alimenticio\/#primaryimage","url":"https:\/\/i0.wp.com\/verdadeon.com.br\/portal\/wp-content\/uploads\/2023\/01\/122687-veja-10-dicas-de-manicure-tiradas-da-pag-article_media_new_1-1.jpg?fit=1000%2C670&ssl=1","contentUrl":"https:\/\/i0.wp.com\/verdadeon.com.br\/portal\/wp-content\/uploads\/2023\/01\/122687-veja-10-dicas-de-manicure-tiradas-da-pag-article_media_new_1-1.jpg?fit=1000%2C670&ssl=1","width":1000,"height":670,"caption":"ser\u00e3o abertas 66 vagas para Auxiliar de Cabeleireiro Feminino, Cabelo Crespo, Manicure e Pedicure e SPA dos P\u00e9s. Todos os cursos s\u00e3o gratuitos"},{"@type":"BreadcrumbList","@id":"https:\/\/verdadeon.com.br\/portal\/2023\/01\/12\/fussol-abre-novas-vagas-de-cursos-na-area-da-beleza-e-no-ramo-alimenticio\/#breadcrumb","itemListElement":[{"@type":"ListItem","position":1,"name":"In\u00edcio","item":"https:\/\/verdadeon.com.br\/portal\/"},{"@type":"ListItem","position":2,"name":"Fussol abre novas vagas de cursos na \u00e1rea da beleza e no ramo aliment\u00edcio"}]},{"@type":"WebSite","@id":"https:\/\/verdadeon.com.br\/portal\/#website","url":"https:\/\/verdadeon.com.br\/portal\/","name":"VerdadeOn","description":"Not\u00edcias di\u00e1rias sobre Franca, Regi\u00e3o, Esporte, Cultura, Cotidiano, Colunas. Cobertura nos principais eventos da cidade \u00e9 aqui - Verdadeon Franca","potentialAction":[{"@type":"SearchAction","target":{"@type":"EntryPoint","urlTemplate":"https:\/\/verdadeon.com.br\/portal\/?s={search_term_string}"},"query-input":{"@type":"PropertyValueSpecification","valueRequired":true,"valueName":"search_term_string"}}],"inLanguage":"pt-BR"},{"@type":"Person","@id":"https:\/\/verdadeon.com.br\/portal\/#\/schema\/person\/8994718f49ee62ba5610471e29ca1f62","name":"Fernando Calixto","image":{"@type":"ImageObject","inLanguage":"pt-BR","@id":"https:\/\/verdadeon.com.br\/portal\/#\/schema\/person\/image\/","url":"https:\/\/secure.gravatar.com\/avatar\/7578910c24966c0316c340f9dbd601e93ee9f9212e1033968b367af9306bd9fb?s=96&d=mm&r=g","contentUrl":"https:\/\/secure.gravatar.com\/avatar\/7578910c24966c0316c340f9dbd601e93ee9f9212e1033968b367af9306bd9fb?s=96&d=mm&r=g","caption":"Fernando Calixto"},"url":"https:\/\/verdadeon.com.br\/portal\/author\/fernando-calixto\/"}]}},"jetpack_publicize_connections":[],"jetpack_featured_media_url":"https:\/\/i0.wp.com\/verdadeon.com.br\/portal\/wp-content\/uploads\/2023\/01\/122687-veja-10-dicas-de-manicure-tiradas-da-pag-article_media_new_1-1.jpg?fit=1000%2C670&ssl=1","jetpack_sharing_enabled":true,"_links":{"self":[{"href":"https:\/\/verdadeon.com.br\/portal\/wp-json\/wp\/v2\/posts\/31094","targetHints":{"allow":["GET"]}}],"collection":[{"href":"https:\/\/verdadeon.com.br\/portal\/wp-json\/wp\/v2\/posts"}],"about":[{"href":"https:\/\/verdadeon.com.br\/portal\/wp-json\/wp\/v2\/types\/post"}],"author":[{"embeddable":true,"href":"https:\/\/verdadeon.com.br\/portal\/wp-json\/wp\/v2\/users\/4"}],"replies":[{"embeddable":true,"href":"https:\/\/verdadeon.com.br\/portal\/wp-json\/wp\/v2\/comments?post=31094"}],"version-history":[{"count":1,"href":"https:\/\/verdadeon.com.br\/portal\/wp-json\/wp\/v2\/posts\/31094\/revisions"}],"predecessor-version":[{"id":31097,"href":"https:\/\/verdadeon.com.br\/portal\/wp-json\/wp\/v2\/posts\/31094\/revisions\/31097"}],"wp:featuredmedia":[{"embeddable":true,"href":"https:\/\/verdadeon.com.br\/portal\/wp-json\/wp\/v2\/media\/31096"}],"wp:attachment":[{"href":"https:\/\/verdadeon.com.br\/portal\/wp-json\/wp\/v2\/media?parent=31094"}],"wp:term":[{"taxonomy":"category","embeddable":true,"href":"https:\/\/verdadeon.com.br\/portal\/wp-json\/wp\/v2\/categories?post=31094"},{"taxonomy":"post_tag","embeddable":true,"href":"https:\/\/verdadeon.com.br\/portal\/wp-json\/wp\/v2\/tags?post=31094"}],"curies":[{"name":"wp","href":"https:\/\/api.w.org\/{rel}","templated":true}]}}