{"id":31026,"date":"2023-01-10T11:23:01","date_gmt":"2023-01-10T14:23:01","guid":{"rendered":"https:\/\/verdadeon.com.br\/portal\/?p=31026"},"modified":"2023-01-10T11:23:01","modified_gmt":"2023-01-10T14:23:01","slug":"entidades-querem-federalizar-apuracao-de-agressoes-contra-jornalistas","status":"publish","type":"post","link":"https:\/\/verdadeon.com.br\/portal\/2023\/01\/10\/entidades-querem-federalizar-apuracao-de-agressoes-contra-jornalistas\/","title":{"rendered":"Entidades querem federalizar apura\u00e7\u00e3o de agress\u00f5es contra jornalistas"},"content":{"rendered":"<div class=\"col-lg-12 mb-3\">\n<div class=\"row\">\n<h3 class=\"col-10 offset-1 animated fadeInDown dealy-900 display-8 display-md-8 alt-font font-italic my-1 text-center\">Houve abordagem padr\u00e3o contra comunicadores em Bras\u00edlia, diz sindicato<\/h3>\n<\/div>\n<p>O ministro da Secretaria de Comunica\u00e7\u00e3o Social (Secom) da Presid\u00eancia da Rep\u00fablica, Paulo Pimenta, se reuniu com representantes das entidades de jornalistas do Brasil e profissionais de imprensa no Pal\u00e1cio do Planalto, em Bras\u00edlia, nesta\u00a0segunda-feira (9), um dia ap\u00f3s os atos antidemocr\u00e1ticos que resultaram na\u00a0<a href=\"https:\/\/www.gov.br\/secom\/pt-br\/assuntos\/noticias\/2023\/01\/em-encontro-com-representantes-de-entidades-jornalisticas-paulo-pimenta-defende-liberdade-no-exercicio-do-trabalho-jornalistico\" target=\"_blank\" rel=\"noopener\">depreda\u00e7\u00e3o dos pr\u00e9dios p\u00fablicos<\/a>\u00a0na Pra\u00e7a dos Tr\u00eas Poderes, em Bras\u00edlia. O encontro foi realizado em meio a diversas den\u00fancias de agress\u00f5es \u00e0 imprensa registradas durante os atos violentos na capital.\u00a0<img data-recalc-dims=\"1\" decoding=\"async\" src=\"https:\/\/i0.wp.com\/agenciabrasil.ebc.com.br\/ebc.png?w=1220&#038;ssl=1\" \/><img data-recalc-dims=\"1\" decoding=\"async\" src=\"https:\/\/i0.wp.com\/agenciabrasil.ebc.com.br\/ebc.gif?w=1220&#038;ssl=1\" \/><\/div>\n<div class=\"col-xl-7 offset-xl-1 col-lg-8 offset-lg-0 col-md-10 offset-md-1 mb-3\">\n<div class=\"post-item alt-font\">\n<div class=\"post-item-wrap\">\n<p>De acordo com o Sindicato dos Jornalistas Profissionais do Distrito Federal (SJPDF), em balan\u00e7o atualizado no in\u00edcio da noite, foram reportados relatos de\u00a0<a href=\"https:\/\/www.sjpdf.org.br\/noticias-teste\/52-em-destaque\/4559-sjpdf-atualiza-balanco-de-jornalistas-agredidos-nos-atos-terroristas-deste-domingo\" target=\"_blank\" rel=\"noopener\">14 profissionais da imprensa<\/a>\u00a0agredidos nos atos golpistas. Pelo menos dois deles relatam ter solicitado\u00a0ajuda da Pol\u00edcia Militar do Distrito Federal\u00a0e n\u00e3o receberam qualquer apoio. Uma profissional relatou que um dos policiais chegou a apontar um fuzil para ela.<\/p>\n<h2>Abordagem<\/h2>\n<p>&#8220;Relatos dos colegas mostram que os terroristas estavam orientados sobre como nos identificar e como abordar, com exig\u00eancia de apagar ou confiscar material. Houve um padr\u00e3o de abordagem, inclusive na forma de amea\u00e7ar. E uma\u00a0segunda\u00a0coisa que a gente identificou foi a participa\u00e7\u00e3o dos policiais militares no constrangimento aos colegas, que n\u00e3o foram acolhidos nem protegidos pelos agentes de seguran\u00e7a, mesmo sob amea\u00e7a dos extremistas&#8221;, afirmou Juliana C\u00e9zar Nunes, coordenadora-geral do SJPDF, que participou da reuni\u00e3o com Pimenta.<\/p>\n<p>Segundo a dirigente sindical, as entidades presentes pediram para que o governo estude a federaliza\u00e7\u00e3o de crimes contra jornalistas e comunicadores, al\u00e9m de, no curto prazo, determinar\u00a0a identifica\u00e7\u00e3o e puni\u00e7\u00e3o de todos os respons\u00e1veis pelas agress\u00f5es contra profissionais da imprensa. Agora sob interven\u00e7\u00e3o do governo federal, a Seguran\u00e7a P\u00fablica do DF ser\u00e1 acionada para abrir um canal de escuta aos comunicadores v\u00edtimas de viol\u00eancia<\/p>\n<p>&#8220;Em que pese que em todas as reuni\u00f5es do sindicato com a \u00e1rea de Seguran\u00e7a P\u00fablica do DF, os profissionais de imprensa ficaram desprotegidos. Por isso, muitos colegas est\u00e3o com medo de registrar boletim de ocorr\u00eancia na pol\u00edcia ap\u00f3s esses eventos&#8221;, revelou Nunes.<\/p>\n<p>Al\u00e9m do Sindicato dos Jornalistas Profissionais do DF, o encontro contou com a presen\u00e7a de representantes da Associa\u00e7\u00e3o Brasileira de Jornalismo Investigativo (Abraji), da Federa\u00e7\u00e3o Nacional dos Jornalistas (Fenaj), da organiza\u00e7\u00e3o Rep\u00f3rteres sem Fronteiras, e de outros profissionais da imprensa, incluindo a ex-presidente da\u00a0<strong>Empresa Brasil de Comunica\u00e7\u00e3o<\/strong>\u00a0(<strong>EBC<\/strong>), Tereza Cruvinel, que\u00a0foi agredida com chutes e empurr\u00f5es por golpistas na Esplanada dos Minist\u00e9rios.<\/p>\n<p>O ministro Paulo Pimenta afirmou que &#8220;h\u00e1 a preocupa\u00e7\u00e3o do governo federal em demonstrar publicamente a solidariedade aos profissionais de comunica\u00e7\u00e3o e confirmar o compromisso com a liberdade no exerc\u00edcio do trabalho jornal\u00edstico. Nosso desejo \u00e9, dentro das v\u00e1rias iniciativas que est\u00e3o sendo adotadas, fazer um cap\u00edtulo especial com rela\u00e7\u00e3o aos jornalistas&#8221;.<\/p>\n<h2>Outra medidas<\/h2>\n<p>Durante a reuni\u00e3o, as entidades tamb\u00e9m concordaram com a necessidade de estabelecer di\u00e1logo com os empregadores para cobrar e alertar sobre a necessidade de ado\u00e7\u00e3o de medidas de seguran\u00e7a mitigat\u00f3rias aos riscos.\u00a0Ontem, durante a cobertura dos atos violentos de vandalismo, muitos jornalistas estavam sozinhos.<\/p>\n<p>Tamb\u00e9m foi solicitado, pela Fenaj, como medida de m\u00e9dio prazo, apoio do governo brasileiro \u00e0 proposta da Federa\u00e7\u00e3o Internacional dos Jornalistas (FIJ) de cria\u00e7\u00e3o de uma conven\u00e7\u00e3o da Organiza\u00e7\u00e3o das Na\u00e7\u00f5es Unidas (ONU) espec\u00edfica para a seguran\u00e7a dos jornalistas, al\u00e9m da cria\u00e7\u00e3o do Observat\u00f3rio Nacional da Viol\u00eancia contra Jornalistas.<\/p>\n<p><em>Fonte: Ag\u00eancia Brasil<\/em><\/p>\n<\/div>\n<\/div>\n<\/div>\n","protected":false},"excerpt":{"rendered":"<p>Houve abordagem padr\u00e3o contra comunicadores em Bras\u00edlia, diz sindicato O ministro da Secretaria de Comunica\u00e7\u00e3o Social (Secom) da Presid\u00eancia da Rep\u00fablica, Paulo Pimenta, se reuniu com<span class=\"excerpt-hellip\"> [\u2026]<\/span><\/p>\n","protected":false},"author":4,"featured_media":31032,"comment_status":"open","ping_status":"open","sticky":false,"template":"","format":"standard","meta":{"_jetpack_memberships_contains_paid_content":false,"footnotes":"","jetpack_publicize_message":"","jetpack_publicize_feature_enabled":true,"jetpack_social_post_already_shared":false,"jetpack_social_options":{"image_generator_settings":{"template":"highway","default_image_id":0,"enabled":false},"version":2}},"categories":[28,44],"tags":[],"class_list":["post-31026","post","type-post","status-publish","format-standard","has-post-thumbnail","hentry","category-cotidiano","category-noticias"],"yoast_head":"<!-- This site is optimized with the Yoast SEO plugin v25.6 - https:\/\/yoast.com\/wordpress\/plugins\/seo\/ -->\n<title>Entidades querem federalizar apura\u00e7\u00e3o de agress\u00f5es contra jornalistas - VerdadeOn<\/title>\n<meta name=\"robots\" content=\"index, follow, max-snippet:-1, max-image-preview:large, max-video-preview:-1\" \/>\n<link rel=\"canonical\" href=\"https:\/\/verdadeon.com.br\/portal\/2023\/01\/10\/entidades-querem-federalizar-apuracao-de-agressoes-contra-jornalistas\/\" \/>\n<meta property=\"og:locale\" content=\"pt_BR\" \/>\n<meta property=\"og:type\" content=\"article\" \/>\n<meta property=\"og:title\" content=\"Entidades querem federalizar apura\u00e7\u00e3o de agress\u00f5es contra jornalistas - VerdadeOn\" \/>\n<meta property=\"og:description\" content=\"Houve abordagem padr\u00e3o contra comunicadores em Bras\u00edlia, diz sindicato O ministro da Secretaria de Comunica\u00e7\u00e3o Social (Secom) da Presid\u00eancia da Rep\u00fablica, Paulo Pimenta, se reuniu com [\u2026]\" \/>\n<meta property=\"og:url\" content=\"https:\/\/verdadeon.com.br\/portal\/2023\/01\/10\/entidades-querem-federalizar-apuracao-de-agressoes-contra-jornalistas\/\" \/>\n<meta property=\"og:site_name\" content=\"VerdadeOn\" \/>\n<meta property=\"article:published_time\" content=\"2023-01-10T14:23:01+00:00\" \/>\n<meta property=\"og:image\" content=\"https:\/\/verdadeon.com.br\/portal\/wp-content\/uploads\/2023\/01\/pzzb7893.jpg\" \/>\n\t<meta property=\"og:image:width\" content=\"1044\" \/>\n\t<meta property=\"og:image:height\" content=\"700\" \/>\n\t<meta property=\"og:image:type\" content=\"image\/jpeg\" \/>\n<meta name=\"author\" content=\"Fernando Calixto\" \/>\n<meta name=\"twitter:card\" content=\"summary_large_image\" \/>\n<meta name=\"twitter:label1\" content=\"Escrito por\" \/>\n\t<meta name=\"twitter:data1\" content=\"Fernando Calixto\" \/>\n\t<meta name=\"twitter:label2\" content=\"Est. tempo de leitura\" \/>\n\t<meta name=\"twitter:data2\" content=\"4 minutos\" \/>\n<script type=\"application\/ld+json\" class=\"yoast-schema-graph\">{\"@context\":\"https:\/\/schema.org\",\"@graph\":[{\"@type\":\"WebPage\",\"@id\":\"https:\/\/verdadeon.com.br\/portal\/2023\/01\/10\/entidades-querem-federalizar-apuracao-de-agressoes-contra-jornalistas\/\",\"url\":\"https:\/\/verdadeon.com.br\/portal\/2023\/01\/10\/entidades-querem-federalizar-apuracao-de-agressoes-contra-jornalistas\/\",\"name\":\"Entidades querem federalizar apura\u00e7\u00e3o de agress\u00f5es contra jornalistas - VerdadeOn\",\"isPartOf\":{\"@id\":\"https:\/\/verdadeon.com.br\/portal\/#website\"},\"primaryImageOfPage\":{\"@id\":\"https:\/\/verdadeon.com.br\/portal\/2023\/01\/10\/entidades-querem-federalizar-apuracao-de-agressoes-contra-jornalistas\/#primaryimage\"},\"image\":{\"@id\":\"https:\/\/verdadeon.com.br\/portal\/2023\/01\/10\/entidades-querem-federalizar-apuracao-de-agressoes-contra-jornalistas\/#primaryimage\"},\"thumbnailUrl\":\"https:\/\/i0.wp.com\/verdadeon.com.br\/portal\/wp-content\/uploads\/2023\/01\/pzzb7893.jpg?fit=1044%2C700&ssl=1\",\"datePublished\":\"2023-01-10T14:23:01+00:00\",\"author\":{\"@id\":\"https:\/\/verdadeon.com.br\/portal\/#\/schema\/person\/8994718f49ee62ba5610471e29ca1f62\"},\"breadcrumb\":{\"@id\":\"https:\/\/verdadeon.com.br\/portal\/2023\/01\/10\/entidades-querem-federalizar-apuracao-de-agressoes-contra-jornalistas\/#breadcrumb\"},\"inLanguage\":\"pt-BR\",\"potentialAction\":[{\"@type\":\"ReadAction\",\"target\":[\"https:\/\/verdadeon.com.br\/portal\/2023\/01\/10\/entidades-querem-federalizar-apuracao-de-agressoes-contra-jornalistas\/\"]}]},{\"@type\":\"ImageObject\",\"inLanguage\":\"pt-BR\",\"@id\":\"https:\/\/verdadeon.com.br\/portal\/2023\/01\/10\/entidades-querem-federalizar-apuracao-de-agressoes-contra-jornalistas\/#primaryimage\",\"url\":\"https:\/\/i0.wp.com\/verdadeon.com.br\/portal\/wp-content\/uploads\/2023\/01\/pzzb7893.jpg?fit=1044%2C700&ssl=1\",\"contentUrl\":\"https:\/\/i0.wp.com\/verdadeon.com.br\/portal\/wp-content\/uploads\/2023\/01\/pzzb7893.jpg?fit=1044%2C700&ssl=1\",\"width\":1044,\"height\":700,\"caption\":\"O ministro chefe da Secretaria de Comunica\u00e7\u00e3o Social da Presid\u00eancia da Rep\u00fablica, Paulo Pimenta, re\u00fane-se, no Pal\u00e1cio do Planalto, com integrantes de entidades representativas de jornalistas e profissionais da imprensa.\"},{\"@type\":\"BreadcrumbList\",\"@id\":\"https:\/\/verdadeon.com.br\/portal\/2023\/01\/10\/entidades-querem-federalizar-apuracao-de-agressoes-contra-jornalistas\/#breadcrumb\",\"itemListElement\":[{\"@type\":\"ListItem\",\"position\":1,\"name\":\"In\u00edcio\",\"item\":\"https:\/\/verdadeon.com.br\/portal\/\"},{\"@type\":\"ListItem\",\"position\":2,\"name\":\"Entidades querem federalizar apura\u00e7\u00e3o de agress\u00f5es contra jornalistas\"}]},{\"@type\":\"WebSite\",\"@id\":\"https:\/\/verdadeon.com.br\/portal\/#website\",\"url\":\"https:\/\/verdadeon.com.br\/portal\/\",\"name\":\"VerdadeOn\",\"description\":\"Not\u00edcias di\u00e1rias sobre Franca, Regi\u00e3o, Esporte, Cultura, Cotidiano, Colunas. Cobertura nos principais eventos da cidade \u00e9 aqui - Verdadeon Franca\",\"potentialAction\":[{\"@type\":\"SearchAction\",\"target\":{\"@type\":\"EntryPoint\",\"urlTemplate\":\"https:\/\/verdadeon.com.br\/portal\/?s={search_term_string}\"},\"query-input\":{\"@type\":\"PropertyValueSpecification\",\"valueRequired\":true,\"valueName\":\"search_term_string\"}}],\"inLanguage\":\"pt-BR\"},{\"@type\":\"Person\",\"@id\":\"https:\/\/verdadeon.com.br\/portal\/#\/schema\/person\/8994718f49ee62ba5610471e29ca1f62\",\"name\":\"Fernando Calixto\",\"image\":{\"@type\":\"ImageObject\",\"inLanguage\":\"pt-BR\",\"@id\":\"https:\/\/verdadeon.com.br\/portal\/#\/schema\/person\/image\/\",\"url\":\"https:\/\/secure.gravatar.com\/avatar\/7578910c24966c0316c340f9dbd601e93ee9f9212e1033968b367af9306bd9fb?s=96&d=mm&r=g\",\"contentUrl\":\"https:\/\/secure.gravatar.com\/avatar\/7578910c24966c0316c340f9dbd601e93ee9f9212e1033968b367af9306bd9fb?s=96&d=mm&r=g\",\"caption\":\"Fernando Calixto\"},\"url\":\"https:\/\/verdadeon.com.br\/portal\/author\/fernando-calixto\/\"}]}<\/script>\n<!-- \/ Yoast SEO plugin. -->","yoast_head_json":{"title":"Entidades querem federalizar apura\u00e7\u00e3o de agress\u00f5es contra jornalistas - VerdadeOn","robots":{"index":"index","follow":"follow","max-snippet":"max-snippet:-1","max-image-preview":"max-image-preview:large","max-video-preview":"max-video-preview:-1"},"canonical":"https:\/\/verdadeon.com.br\/portal\/2023\/01\/10\/entidades-querem-federalizar-apuracao-de-agressoes-contra-jornalistas\/","og_locale":"pt_BR","og_type":"article","og_title":"Entidades querem federalizar apura\u00e7\u00e3o de agress\u00f5es contra jornalistas - VerdadeOn","og_description":"Houve abordagem padr\u00e3o contra comunicadores em Bras\u00edlia, diz sindicato O ministro da Secretaria de Comunica\u00e7\u00e3o Social (Secom) da Presid\u00eancia da Rep\u00fablica, Paulo Pimenta, se reuniu com [\u2026]","og_url":"https:\/\/verdadeon.com.br\/portal\/2023\/01\/10\/entidades-querem-federalizar-apuracao-de-agressoes-contra-jornalistas\/","og_site_name":"VerdadeOn","article_published_time":"2023-01-10T14:23:01+00:00","og_image":[{"width":1044,"height":700,"url":"https:\/\/verdadeon.com.br\/portal\/wp-content\/uploads\/2023\/01\/pzzb7893.jpg","type":"image\/jpeg"}],"author":"Fernando Calixto","twitter_card":"summary_large_image","twitter_misc":{"Escrito por":"Fernando Calixto","Est. tempo de leitura":"4 minutos"},"schema":{"@context":"https:\/\/schema.org","@graph":[{"@type":"WebPage","@id":"https:\/\/verdadeon.com.br\/portal\/2023\/01\/10\/entidades-querem-federalizar-apuracao-de-agressoes-contra-jornalistas\/","url":"https:\/\/verdadeon.com.br\/portal\/2023\/01\/10\/entidades-querem-federalizar-apuracao-de-agressoes-contra-jornalistas\/","name":"Entidades querem federalizar apura\u00e7\u00e3o de agress\u00f5es contra jornalistas - VerdadeOn","isPartOf":{"@id":"https:\/\/verdadeon.com.br\/portal\/#website"},"primaryImageOfPage":{"@id":"https:\/\/verdadeon.com.br\/portal\/2023\/01\/10\/entidades-querem-federalizar-apuracao-de-agressoes-contra-jornalistas\/#primaryimage"},"image":{"@id":"https:\/\/verdadeon.com.br\/portal\/2023\/01\/10\/entidades-querem-federalizar-apuracao-de-agressoes-contra-jornalistas\/#primaryimage"},"thumbnailUrl":"https:\/\/i0.wp.com\/verdadeon.com.br\/portal\/wp-content\/uploads\/2023\/01\/pzzb7893.jpg?fit=1044%2C700&ssl=1","datePublished":"2023-01-10T14:23:01+00:00","author":{"@id":"https:\/\/verdadeon.com.br\/portal\/#\/schema\/person\/8994718f49ee62ba5610471e29ca1f62"},"breadcrumb":{"@id":"https:\/\/verdadeon.com.br\/portal\/2023\/01\/10\/entidades-querem-federalizar-apuracao-de-agressoes-contra-jornalistas\/#breadcrumb"},"inLanguage":"pt-BR","potentialAction":[{"@type":"ReadAction","target":["https:\/\/verdadeon.com.br\/portal\/2023\/01\/10\/entidades-querem-federalizar-apuracao-de-agressoes-contra-jornalistas\/"]}]},{"@type":"ImageObject","inLanguage":"pt-BR","@id":"https:\/\/verdadeon.com.br\/portal\/2023\/01\/10\/entidades-querem-federalizar-apuracao-de-agressoes-contra-jornalistas\/#primaryimage","url":"https:\/\/i0.wp.com\/verdadeon.com.br\/portal\/wp-content\/uploads\/2023\/01\/pzzb7893.jpg?fit=1044%2C700&ssl=1","contentUrl":"https:\/\/i0.wp.com\/verdadeon.com.br\/portal\/wp-content\/uploads\/2023\/01\/pzzb7893.jpg?fit=1044%2C700&ssl=1","width":1044,"height":700,"caption":"O ministro chefe da Secretaria de Comunica\u00e7\u00e3o Social da Presid\u00eancia da Rep\u00fablica, Paulo Pimenta, re\u00fane-se, no Pal\u00e1cio do Planalto, com integrantes de entidades representativas de jornalistas e profissionais da imprensa."},{"@type":"BreadcrumbList","@id":"https:\/\/verdadeon.com.br\/portal\/2023\/01\/10\/entidades-querem-federalizar-apuracao-de-agressoes-contra-jornalistas\/#breadcrumb","itemListElement":[{"@type":"ListItem","position":1,"name":"In\u00edcio","item":"https:\/\/verdadeon.com.br\/portal\/"},{"@type":"ListItem","position":2,"name":"Entidades querem federalizar apura\u00e7\u00e3o de agress\u00f5es contra jornalistas"}]},{"@type":"WebSite","@id":"https:\/\/verdadeon.com.br\/portal\/#website","url":"https:\/\/verdadeon.com.br\/portal\/","name":"VerdadeOn","description":"Not\u00edcias di\u00e1rias sobre Franca, Regi\u00e3o, Esporte, Cultura, Cotidiano, Colunas. Cobertura nos principais eventos da cidade \u00e9 aqui - Verdadeon Franca","potentialAction":[{"@type":"SearchAction","target":{"@type":"EntryPoint","urlTemplate":"https:\/\/verdadeon.com.br\/portal\/?s={search_term_string}"},"query-input":{"@type":"PropertyValueSpecification","valueRequired":true,"valueName":"search_term_string"}}],"inLanguage":"pt-BR"},{"@type":"Person","@id":"https:\/\/verdadeon.com.br\/portal\/#\/schema\/person\/8994718f49ee62ba5610471e29ca1f62","name":"Fernando Calixto","image":{"@type":"ImageObject","inLanguage":"pt-BR","@id":"https:\/\/verdadeon.com.br\/portal\/#\/schema\/person\/image\/","url":"https:\/\/secure.gravatar.com\/avatar\/7578910c24966c0316c340f9dbd601e93ee9f9212e1033968b367af9306bd9fb?s=96&d=mm&r=g","contentUrl":"https:\/\/secure.gravatar.com\/avatar\/7578910c24966c0316c340f9dbd601e93ee9f9212e1033968b367af9306bd9fb?s=96&d=mm&r=g","caption":"Fernando Calixto"},"url":"https:\/\/verdadeon.com.br\/portal\/author\/fernando-calixto\/"}]}},"jetpack_publicize_connections":[],"jetpack_featured_media_url":"https:\/\/i0.wp.com\/verdadeon.com.br\/portal\/wp-content\/uploads\/2023\/01\/pzzb7893.jpg?fit=1044%2C700&ssl=1","jetpack_sharing_enabled":true,"_links":{"self":[{"href":"https:\/\/verdadeon.com.br\/portal\/wp-json\/wp\/v2\/posts\/31026","targetHints":{"allow":["GET"]}}],"collection":[{"href":"https:\/\/verdadeon.com.br\/portal\/wp-json\/wp\/v2\/posts"}],"about":[{"href":"https:\/\/verdadeon.com.br\/portal\/wp-json\/wp\/v2\/types\/post"}],"author":[{"embeddable":true,"href":"https:\/\/verdadeon.com.br\/portal\/wp-json\/wp\/v2\/users\/4"}],"replies":[{"embeddable":true,"href":"https:\/\/verdadeon.com.br\/portal\/wp-json\/wp\/v2\/comments?post=31026"}],"version-history":[{"count":1,"href":"https:\/\/verdadeon.com.br\/portal\/wp-json\/wp\/v2\/posts\/31026\/revisions"}],"predecessor-version":[{"id":31033,"href":"https:\/\/verdadeon.com.br\/portal\/wp-json\/wp\/v2\/posts\/31026\/revisions\/31033"}],"wp:featuredmedia":[{"embeddable":true,"href":"https:\/\/verdadeon.com.br\/portal\/wp-json\/wp\/v2\/media\/31032"}],"wp:attachment":[{"href":"https:\/\/verdadeon.com.br\/portal\/wp-json\/wp\/v2\/media?parent=31026"}],"wp:term":[{"taxonomy":"category","embeddable":true,"href":"https:\/\/verdadeon.com.br\/portal\/wp-json\/wp\/v2\/categories?post=31026"},{"taxonomy":"post_tag","embeddable":true,"href":"https:\/\/verdadeon.com.br\/portal\/wp-json\/wp\/v2\/tags?post=31026"}],"curies":[{"name":"wp","href":"https:\/\/api.w.org\/{rel}","templated":true}]}}