{"id":30996,"date":"2023-01-07T11:28:43","date_gmt":"2023-01-07T14:28:43","guid":{"rendered":"https:\/\/verdadeon.com.br\/portal\/?p=30996"},"modified":"2023-01-07T11:28:43","modified_gmt":"2023-01-07T14:28:43","slug":"franca-tem-7-mortes-e-579-novos-casos-de-covid-19-em-uma-semana","status":"publish","type":"post","link":"https:\/\/verdadeon.com.br\/portal\/2023\/01\/07\/franca-tem-7-mortes-e-579-novos-casos-de-covid-19-em-uma-semana\/","title":{"rendered":"Franca tem 7 mortes e 579 novos casos de Covid-19 em uma semana"},"content":{"rendered":"<h2>Mortes e novos casos confirmados foram registradas entre os dias 31 de dezembro e 6 de janeiro. Vacina\u00e7\u00e3o para quem ainda n\u00e3o completou ciclo vacinal segue nas UBSs<\/h2>\n<p>Franca registrou sete mortes em decorr\u00eancia da covid-19 entre os dias 31 de dezembro e 06 de janeiro. No mesmo per\u00edodo foram confirmados mais 579 casos da doen\u00e7a na cidade. Os dados fazem parte do Boletim Epidemiol\u00f3gico de Franca, divulgado nesta sexta-feira, 06.<\/p>\n<p>O n\u00famero de casos positivos em Franca voltou a crescer nos \u00faltimos meses de 2022. O ano passado foi o campe\u00e3o de casos confirmados com mais de 44 mil pessoas contaminadas pelo coronav\u00edrus. Apesar desse crescimento, com a vacina\u00e7\u00e3o o n\u00famero de mortes foi bem menor que nos anos anteriores.<\/p>\n<p>Ao longo de toda a pandemia, que teve o primeiro caso confirmado na cidade em mar\u00e7o de 2020, mais de 91 mil casos j\u00e1 foram confirmados em Franca.<\/p>\n<p>O boletim epidemiol\u00f3gico mais recente ainda mostra que todas as nove vagas de enfermaria dispon\u00edveis no SUS (Sistema \u00danico de Sa\u00fade) est\u00e3o ocupadas. O mesmo acontece com a \u00fanica vaga de UTI (Unidade de Terapia Intensiva) do SUS.<\/p>\n<p>Na rede particular 5 das 12 vagas de enfermaria dispon\u00edveis est\u00e3o com pacientes. Nos leitos de UTI particular a ocupa\u00e7\u00e3o \u00e9 de 2 dos 6 existentes.<\/p>\n<p><strong>VACINA\u00c7\u00c3O<\/strong><\/p>\n<p>A primeira, segunda e terceira doses para 12 a 29 anos, gestantes, quarta dose para pessoas, que tenham 30 anos ou mais e 5\u00aa dose para imunossuprimidos, com 18 anos ou mais da vacina Pfizer, poder\u00e3o ser recebidas nas UBSs (Unidades B\u00e1sicas de Sa\u00fade) do Aeroporto 1, Progresso, Guanabara, Horto, Leporace, Planalto, Brasil\u00e2ndia, Paulista, \u00c2ngela Rosa, Esta\u00e7\u00e3o, Paulistano, Santa Clara, S\u00e3o Sebasti\u00e3o, Santa Terezinha e Aeroporto 3, das 8 \u00e0s 19 horas, nesta segunda-feira, 9.<\/p>\n","protected":false},"excerpt":{"rendered":"<p>Mortes e novos casos confirmados foram registradas entre os dias 31 de dezembro e 6 de janeiro. Vacina\u00e7\u00e3o para quem ainda n\u00e3o completou ciclo vacinal segue<span class=\"excerpt-hellip\"> [\u2026]<\/span><\/p>\n","protected":false},"author":10,"featured_media":22368,"comment_status":"open","ping_status":"open","sticky":false,"template":"","format":"standard","meta":{"_jetpack_memberships_contains_paid_content":false,"footnotes":"","jetpack_publicize_message":"","jetpack_publicize_feature_enabled":true,"jetpack_social_post_already_shared":false,"jetpack_social_options":{"image_generator_settings":{"template":"highway","default_image_id":0,"enabled":false},"version":2}},"categories":[28,81],"tags":[],"class_list":["post-30996","post","type-post","status-publish","format-standard","has-post-thumbnail","hentry","category-cotidiano","category-manchete"],"yoast_head":"<!-- This site is optimized with the Yoast SEO plugin v25.6 - https:\/\/yoast.com\/wordpress\/plugins\/seo\/ -->\n<title>Franca tem 7 mortes e 579 novos casos de Covid-19 em uma semana - VerdadeOn<\/title>\n<meta name=\"robots\" content=\"index, follow, max-snippet:-1, max-image-preview:large, max-video-preview:-1\" \/>\n<link rel=\"canonical\" href=\"https:\/\/verdadeon.com.br\/portal\/2023\/01\/07\/franca-tem-7-mortes-e-579-novos-casos-de-covid-19-em-uma-semana\/\" \/>\n<meta property=\"og:locale\" content=\"pt_BR\" \/>\n<meta property=\"og:type\" content=\"article\" \/>\n<meta property=\"og:title\" content=\"Franca tem 7 mortes e 579 novos casos de Covid-19 em uma semana - VerdadeOn\" \/>\n<meta property=\"og:description\" content=\"Mortes e novos casos confirmados foram registradas entre os dias 31 de dezembro e 6 de janeiro. Vacina\u00e7\u00e3o para quem ainda n\u00e3o completou ciclo vacinal segue [\u2026]\" \/>\n<meta property=\"og:url\" content=\"https:\/\/verdadeon.com.br\/portal\/2023\/01\/07\/franca-tem-7-mortes-e-579-novos-casos-de-covid-19-em-uma-semana\/\" \/>\n<meta property=\"og:site_name\" content=\"VerdadeOn\" \/>\n<meta property=\"article:published_time\" content=\"2023-01-07T14:28:43+00:00\" \/>\n<meta property=\"og:image\" content=\"https:\/\/verdadeon.com.br\/portal\/wp-content\/uploads\/2022\/01\/Vacinacao-infantil-1024x677.png\" \/>\n\t<meta property=\"og:image:width\" content=\"1024\" \/>\n\t<meta property=\"og:image:height\" content=\"677\" \/>\n\t<meta property=\"og:image:type\" content=\"image\/png\" \/>\n<meta name=\"author\" content=\"Redacao VerdadeOn\" \/>\n<meta name=\"twitter:card\" content=\"summary_large_image\" \/>\n<meta name=\"twitter:label1\" content=\"Escrito por\" \/>\n\t<meta name=\"twitter:data1\" content=\"Redacao VerdadeOn\" \/>\n\t<meta name=\"twitter:label2\" content=\"Est. tempo de leitura\" \/>\n\t<meta name=\"twitter:data2\" content=\"2 minutos\" \/>\n<script type=\"application\/ld+json\" class=\"yoast-schema-graph\">{\"@context\":\"https:\/\/schema.org\",\"@graph\":[{\"@type\":\"WebPage\",\"@id\":\"https:\/\/verdadeon.com.br\/portal\/2023\/01\/07\/franca-tem-7-mortes-e-579-novos-casos-de-covid-19-em-uma-semana\/\",\"url\":\"https:\/\/verdadeon.com.br\/portal\/2023\/01\/07\/franca-tem-7-mortes-e-579-novos-casos-de-covid-19-em-uma-semana\/\",\"name\":\"Franca tem 7 mortes e 579 novos casos de Covid-19 em uma semana - VerdadeOn\",\"isPartOf\":{\"@id\":\"https:\/\/verdadeon.com.br\/portal\/#website\"},\"primaryImageOfPage\":{\"@id\":\"https:\/\/verdadeon.com.br\/portal\/2023\/01\/07\/franca-tem-7-mortes-e-579-novos-casos-de-covid-19-em-uma-semana\/#primaryimage\"},\"image\":{\"@id\":\"https:\/\/verdadeon.com.br\/portal\/2023\/01\/07\/franca-tem-7-mortes-e-579-novos-casos-de-covid-19-em-uma-semana\/#primaryimage\"},\"thumbnailUrl\":\"https:\/\/i0.wp.com\/verdadeon.com.br\/portal\/wp-content\/uploads\/2022\/01\/Vacinacao-infantil.png?fit=2588%2C1712&ssl=1\",\"datePublished\":\"2023-01-07T14:28:43+00:00\",\"author\":{\"@id\":\"https:\/\/verdadeon.com.br\/portal\/#\/schema\/person\/a5060ad1e9ea3df545188fc93ce43d2f\"},\"breadcrumb\":{\"@id\":\"https:\/\/verdadeon.com.br\/portal\/2023\/01\/07\/franca-tem-7-mortes-e-579-novos-casos-de-covid-19-em-uma-semana\/#breadcrumb\"},\"inLanguage\":\"pt-BR\",\"potentialAction\":[{\"@type\":\"ReadAction\",\"target\":[\"https:\/\/verdadeon.com.br\/portal\/2023\/01\/07\/franca-tem-7-mortes-e-579-novos-casos-de-covid-19-em-uma-semana\/\"]}]},{\"@type\":\"ImageObject\",\"inLanguage\":\"pt-BR\",\"@id\":\"https:\/\/verdadeon.com.br\/portal\/2023\/01\/07\/franca-tem-7-mortes-e-579-novos-casos-de-covid-19-em-uma-semana\/#primaryimage\",\"url\":\"https:\/\/i0.wp.com\/verdadeon.com.br\/portal\/wp-content\/uploads\/2022\/01\/Vacinacao-infantil.png?fit=2588%2C1712&ssl=1\",\"contentUrl\":\"https:\/\/i0.wp.com\/verdadeon.com.br\/portal\/wp-content\/uploads\/2022\/01\/Vacinacao-infantil.png?fit=2588%2C1712&ssl=1\",\"width\":2588,\"height\":1712,\"caption\":\"Vacina\u00e7\u00e3o segue sendo a melhor arma contra a Covid-19| Foto: Divulga\u00e7\u00e3o\"},{\"@type\":\"BreadcrumbList\",\"@id\":\"https:\/\/verdadeon.com.br\/portal\/2023\/01\/07\/franca-tem-7-mortes-e-579-novos-casos-de-covid-19-em-uma-semana\/#breadcrumb\",\"itemListElement\":[{\"@type\":\"ListItem\",\"position\":1,\"name\":\"In\u00edcio\",\"item\":\"https:\/\/verdadeon.com.br\/portal\/\"},{\"@type\":\"ListItem\",\"position\":2,\"name\":\"Franca tem 7 mortes e 579 novos casos de Covid-19 em uma semana\"}]},{\"@type\":\"WebSite\",\"@id\":\"https:\/\/verdadeon.com.br\/portal\/#website\",\"url\":\"https:\/\/verdadeon.com.br\/portal\/\",\"name\":\"VerdadeOn\",\"description\":\"Not\u00edcias di\u00e1rias sobre Franca, Regi\u00e3o, Esporte, Cultura, Cotidiano, Colunas. Cobertura nos principais eventos da cidade \u00e9 aqui - Verdadeon Franca\",\"potentialAction\":[{\"@type\":\"SearchAction\",\"target\":{\"@type\":\"EntryPoint\",\"urlTemplate\":\"https:\/\/verdadeon.com.br\/portal\/?s={search_term_string}\"},\"query-input\":{\"@type\":\"PropertyValueSpecification\",\"valueRequired\":true,\"valueName\":\"search_term_string\"}}],\"inLanguage\":\"pt-BR\"},{\"@type\":\"Person\",\"@id\":\"https:\/\/verdadeon.com.br\/portal\/#\/schema\/person\/a5060ad1e9ea3df545188fc93ce43d2f\",\"name\":\"Redacao VerdadeOn\",\"image\":{\"@type\":\"ImageObject\",\"inLanguage\":\"pt-BR\",\"@id\":\"https:\/\/verdadeon.com.br\/portal\/#\/schema\/person\/image\/\",\"url\":\"https:\/\/secure.gravatar.com\/avatar\/459a9613caaaf07f582c3d0841eea68bdd66f533e465e6ba8b9cb45619572cf4?s=96&d=mm&r=g\",\"contentUrl\":\"https:\/\/secure.gravatar.com\/avatar\/459a9613caaaf07f582c3d0841eea68bdd66f533e465e6ba8b9cb45619572cf4?s=96&d=mm&r=g\",\"caption\":\"Redacao VerdadeOn\"},\"url\":\"https:\/\/verdadeon.com.br\/portal\/author\/redacao\/\"}]}<\/script>\n<!-- \/ Yoast SEO plugin. -->","yoast_head_json":{"title":"Franca tem 7 mortes e 579 novos casos de Covid-19 em uma semana - VerdadeOn","robots":{"index":"index","follow":"follow","max-snippet":"max-snippet:-1","max-image-preview":"max-image-preview:large","max-video-preview":"max-video-preview:-1"},"canonical":"https:\/\/verdadeon.com.br\/portal\/2023\/01\/07\/franca-tem-7-mortes-e-579-novos-casos-de-covid-19-em-uma-semana\/","og_locale":"pt_BR","og_type":"article","og_title":"Franca tem 7 mortes e 579 novos casos de Covid-19 em uma semana - VerdadeOn","og_description":"Mortes e novos casos confirmados foram registradas entre os dias 31 de dezembro e 6 de janeiro. Vacina\u00e7\u00e3o para quem ainda n\u00e3o completou ciclo vacinal segue [\u2026]","og_url":"https:\/\/verdadeon.com.br\/portal\/2023\/01\/07\/franca-tem-7-mortes-e-579-novos-casos-de-covid-19-em-uma-semana\/","og_site_name":"VerdadeOn","article_published_time":"2023-01-07T14:28:43+00:00","og_image":[{"width":1024,"height":677,"url":"https:\/\/verdadeon.com.br\/portal\/wp-content\/uploads\/2022\/01\/Vacinacao-infantil-1024x677.png","type":"image\/png"}],"author":"Redacao VerdadeOn","twitter_card":"summary_large_image","twitter_misc":{"Escrito por":"Redacao VerdadeOn","Est. tempo de leitura":"2 minutos"},"schema":{"@context":"https:\/\/schema.org","@graph":[{"@type":"WebPage","@id":"https:\/\/verdadeon.com.br\/portal\/2023\/01\/07\/franca-tem-7-mortes-e-579-novos-casos-de-covid-19-em-uma-semana\/","url":"https:\/\/verdadeon.com.br\/portal\/2023\/01\/07\/franca-tem-7-mortes-e-579-novos-casos-de-covid-19-em-uma-semana\/","name":"Franca tem 7 mortes e 579 novos casos de Covid-19 em uma semana - VerdadeOn","isPartOf":{"@id":"https:\/\/verdadeon.com.br\/portal\/#website"},"primaryImageOfPage":{"@id":"https:\/\/verdadeon.com.br\/portal\/2023\/01\/07\/franca-tem-7-mortes-e-579-novos-casos-de-covid-19-em-uma-semana\/#primaryimage"},"image":{"@id":"https:\/\/verdadeon.com.br\/portal\/2023\/01\/07\/franca-tem-7-mortes-e-579-novos-casos-de-covid-19-em-uma-semana\/#primaryimage"},"thumbnailUrl":"https:\/\/i0.wp.com\/verdadeon.com.br\/portal\/wp-content\/uploads\/2022\/01\/Vacinacao-infantil.png?fit=2588%2C1712&ssl=1","datePublished":"2023-01-07T14:28:43+00:00","author":{"@id":"https:\/\/verdadeon.com.br\/portal\/#\/schema\/person\/a5060ad1e9ea3df545188fc93ce43d2f"},"breadcrumb":{"@id":"https:\/\/verdadeon.com.br\/portal\/2023\/01\/07\/franca-tem-7-mortes-e-579-novos-casos-de-covid-19-em-uma-semana\/#breadcrumb"},"inLanguage":"pt-BR","potentialAction":[{"@type":"ReadAction","target":["https:\/\/verdadeon.com.br\/portal\/2023\/01\/07\/franca-tem-7-mortes-e-579-novos-casos-de-covid-19-em-uma-semana\/"]}]},{"@type":"ImageObject","inLanguage":"pt-BR","@id":"https:\/\/verdadeon.com.br\/portal\/2023\/01\/07\/franca-tem-7-mortes-e-579-novos-casos-de-covid-19-em-uma-semana\/#primaryimage","url":"https:\/\/i0.wp.com\/verdadeon.com.br\/portal\/wp-content\/uploads\/2022\/01\/Vacinacao-infantil.png?fit=2588%2C1712&ssl=1","contentUrl":"https:\/\/i0.wp.com\/verdadeon.com.br\/portal\/wp-content\/uploads\/2022\/01\/Vacinacao-infantil.png?fit=2588%2C1712&ssl=1","width":2588,"height":1712,"caption":"Vacina\u00e7\u00e3o segue sendo a melhor arma contra a Covid-19| Foto: Divulga\u00e7\u00e3o"},{"@type":"BreadcrumbList","@id":"https:\/\/verdadeon.com.br\/portal\/2023\/01\/07\/franca-tem-7-mortes-e-579-novos-casos-de-covid-19-em-uma-semana\/#breadcrumb","itemListElement":[{"@type":"ListItem","position":1,"name":"In\u00edcio","item":"https:\/\/verdadeon.com.br\/portal\/"},{"@type":"ListItem","position":2,"name":"Franca tem 7 mortes e 579 novos casos de Covid-19 em uma semana"}]},{"@type":"WebSite","@id":"https:\/\/verdadeon.com.br\/portal\/#website","url":"https:\/\/verdadeon.com.br\/portal\/","name":"VerdadeOn","description":"Not\u00edcias di\u00e1rias sobre Franca, Regi\u00e3o, Esporte, Cultura, Cotidiano, Colunas. Cobertura nos principais eventos da cidade \u00e9 aqui - Verdadeon Franca","potentialAction":[{"@type":"SearchAction","target":{"@type":"EntryPoint","urlTemplate":"https:\/\/verdadeon.com.br\/portal\/?s={search_term_string}"},"query-input":{"@type":"PropertyValueSpecification","valueRequired":true,"valueName":"search_term_string"}}],"inLanguage":"pt-BR"},{"@type":"Person","@id":"https:\/\/verdadeon.com.br\/portal\/#\/schema\/person\/a5060ad1e9ea3df545188fc93ce43d2f","name":"Redacao VerdadeOn","image":{"@type":"ImageObject","inLanguage":"pt-BR","@id":"https:\/\/verdadeon.com.br\/portal\/#\/schema\/person\/image\/","url":"https:\/\/secure.gravatar.com\/avatar\/459a9613caaaf07f582c3d0841eea68bdd66f533e465e6ba8b9cb45619572cf4?s=96&d=mm&r=g","contentUrl":"https:\/\/secure.gravatar.com\/avatar\/459a9613caaaf07f582c3d0841eea68bdd66f533e465e6ba8b9cb45619572cf4?s=96&d=mm&r=g","caption":"Redacao VerdadeOn"},"url":"https:\/\/verdadeon.com.br\/portal\/author\/redacao\/"}]}},"jetpack_publicize_connections":[],"jetpack_featured_media_url":"https:\/\/i0.wp.com\/verdadeon.com.br\/portal\/wp-content\/uploads\/2022\/01\/Vacinacao-infantil.png?fit=2588%2C1712&ssl=1","jetpack_sharing_enabled":true,"_links":{"self":[{"href":"https:\/\/verdadeon.com.br\/portal\/wp-json\/wp\/v2\/posts\/30996","targetHints":{"allow":["GET"]}}],"collection":[{"href":"https:\/\/verdadeon.com.br\/portal\/wp-json\/wp\/v2\/posts"}],"about":[{"href":"https:\/\/verdadeon.com.br\/portal\/wp-json\/wp\/v2\/types\/post"}],"author":[{"embeddable":true,"href":"https:\/\/verdadeon.com.br\/portal\/wp-json\/wp\/v2\/users\/10"}],"replies":[{"embeddable":true,"href":"https:\/\/verdadeon.com.br\/portal\/wp-json\/wp\/v2\/comments?post=30996"}],"version-history":[{"count":1,"href":"https:\/\/verdadeon.com.br\/portal\/wp-json\/wp\/v2\/posts\/30996\/revisions"}],"predecessor-version":[{"id":30997,"href":"https:\/\/verdadeon.com.br\/portal\/wp-json\/wp\/v2\/posts\/30996\/revisions\/30997"}],"wp:featuredmedia":[{"embeddable":true,"href":"https:\/\/verdadeon.com.br\/portal\/wp-json\/wp\/v2\/media\/22368"}],"wp:attachment":[{"href":"https:\/\/verdadeon.com.br\/portal\/wp-json\/wp\/v2\/media?parent=30996"}],"wp:term":[{"taxonomy":"category","embeddable":true,"href":"https:\/\/verdadeon.com.br\/portal\/wp-json\/wp\/v2\/categories?post=30996"},{"taxonomy":"post_tag","embeddable":true,"href":"https:\/\/verdadeon.com.br\/portal\/wp-json\/wp\/v2\/tags?post=30996"}],"curies":[{"name":"wp","href":"https:\/\/api.w.org\/{rel}","templated":true}]}}