{"id":30878,"date":"2023-01-03T16:59:03","date_gmt":"2023-01-03T19:59:03","guid":{"rendered":"https:\/\/verdadeon.com.br\/portal\/?p=30878"},"modified":"2023-01-03T17:13:58","modified_gmt":"2023-01-03T20:13:58","slug":"francanos-comecam-a-receber-carnes-de-iptu-2023","status":"publish","type":"post","link":"https:\/\/verdadeon.com.br\/portal\/2023\/01\/03\/francanos-comecam-a-receber-carnes-de-iptu-2023\/","title":{"rendered":"Francanos come\u00e7am a receber carn\u00eas de IPTU 2023"},"content":{"rendered":"<h2>Boletos come\u00e7aram a ser entregues para 172 mil contribuintes. Estimativa \u00e9 arrecadar mais de R$ 140 milh\u00f5es<\/h2>\n<p>O novo ano chegou e com ele os contribuintes j\u00e1 sabem que ter\u00e3o que desembolsar dinheiro para o pagamento de impostos. Em Franca, come\u00e7ou nesta semana a distribui\u00e7\u00e3o dos boletos do IPTU (Imposto Predial, Territorial e Urbano) 2023. S\u00e3o mais de 172 mil contribuintes recebendo os boletos nos pr\u00f3ximos dias. A previs\u00e3o \u00e9 que todos sejam entregues at\u00e9 o fim da pr\u00f3xima semana.<\/p>\n<p>A estimativa \u00e9 que mais de R$ 140 milh\u00f5es sejam arrecadados neste ano com o pagamento do imposto.<\/p>\n<p>Os propriet\u00e1rios dos im\u00f3veis poder\u00e3o optar pelo pagamento \u00e0 vista at\u00e9 o dia 16. Neste caso receber\u00e3o desconto de 10%. Tamb\u00e9m existe a op\u00e7\u00e3o para pagamento com desconto de 5%, no dia 15 de fevereiro, ou sem desconto, com os valores lan\u00e7ados, em cota \u00fanica, no dia 15 de mar\u00e7o. \u00c9 neste dia que come\u00e7a tamb\u00e9m o parcelamento para aqueles que optarem por essa modalidade.<\/p>\n<p>\u00c9 poss\u00edvel tamb\u00e9m emitir a segunda via do IPTU atrav\u00e9s do link <a href=\"https:\/\/www.franca.sp.gov.br\/administracao-municipal\/administracao-direta\/financas\/2-via-de-iptu\">https:\/\/www.franca.sp.gov.br\/administracao-municipal\/administracao-direta\/financas\/2-via-de-iptu<\/a><\/p>\n<p>Para d\u00favidas, o contribuinte poder\u00e1 utilizar os canais eletr\u00f4nicos de atendimento, via Whatsapp (16) 3711-9575, o e-mail iptu@franca.sp.gov.br ou protocolar pedidos relacionados na Central On-Line no site da Prefeitura, lembrando que, por conta das normativas da Lei Geral de Prote\u00e7\u00e3o de Dados (LGPD), informa\u00e7\u00f5es espec\u00edficas por meio telef\u00f4nico est\u00e3o restritas.<\/p>\n<p><strong>PR\u00caMIO<\/strong><\/p>\n<p>Os contribuintes que pagarem o IPTU poder\u00e3o participar do pr\u00eamio do projeto \u201cIPTU em Dia\u201d. Neste ano o valor do pr\u00eamio ser\u00e1 R$ 153,2 mil, dividido em dois sorteios. O primeiro no fim de mar\u00e7o, para aqueles que optarem por pagamento \u00e0 vista, e em dezembro para os que pagarem o imposto parcelado. Cada sorteio ser\u00e1 de R$ 76,7 mil, mas para concorrer o contribuinte tamb\u00e9m n\u00e3o dever\u00e1 ter nenhum tipo de d\u00e9bito com a Prefeitura.<\/p>\n<p><strong>IPVA <\/strong><\/p>\n<p>Os propriet\u00e1rios de ve\u00edculos emplacados em S\u00e3o Paulo j\u00e1 podem consultar e pagar o IPVA (Imposto sobre a Propriedade de Ve\u00edculos Automotores) 2023.<\/p>\n<p>\u00c9 poss\u00edvel quitar o imposto, que ficou 10,77% mais caro neste ano, nos aplicativos dos bancos, pelo internet banking, nos caixas eletr\u00f4nicos e nas ag\u00eancias banc\u00e1rias.<\/p>\n","protected":false},"excerpt":{"rendered":"<p>Boletos come\u00e7aram a ser entregues para 172 mil contribuintes. Estimativa \u00e9 arrecadar mais de R$ 140 milh\u00f5es O novo ano chegou e com ele os contribuintes<span class=\"excerpt-hellip\"> [\u2026]<\/span><\/p>\n","protected":false},"author":10,"featured_media":30879,"comment_status":"open","ping_status":"open","sticky":false,"template":"","format":"standard","meta":{"_jetpack_memberships_contains_paid_content":false,"footnotes":"","jetpack_publicize_message":"","jetpack_publicize_feature_enabled":true,"jetpack_social_post_already_shared":false,"jetpack_social_options":{"image_generator_settings":{"template":"highway","default_image_id":0,"enabled":false},"version":2}},"categories":[28,81],"tags":[],"class_list":["post-30878","post","type-post","status-publish","format-standard","has-post-thumbnail","hentry","category-cotidiano","category-manchete"],"yoast_head":"<!-- This site is optimized with the Yoast SEO plugin v25.6 - https:\/\/yoast.com\/wordpress\/plugins\/seo\/ -->\n<title>Francanos come\u00e7am a receber carn\u00eas de IPTU 2023 - VerdadeOn<\/title>\n<meta name=\"robots\" content=\"index, follow, max-snippet:-1, max-image-preview:large, max-video-preview:-1\" \/>\n<link rel=\"canonical\" href=\"https:\/\/verdadeon.com.br\/portal\/2023\/01\/03\/francanos-comecam-a-receber-carnes-de-iptu-2023\/\" \/>\n<meta property=\"og:locale\" content=\"pt_BR\" \/>\n<meta property=\"og:type\" content=\"article\" \/>\n<meta property=\"og:title\" content=\"Francanos come\u00e7am a receber carn\u00eas de IPTU 2023 - VerdadeOn\" \/>\n<meta property=\"og:description\" content=\"Boletos come\u00e7aram a ser entregues para 172 mil contribuintes. Estimativa \u00e9 arrecadar mais de R$ 140 milh\u00f5es O novo ano chegou e com ele os contribuintes [\u2026]\" \/>\n<meta property=\"og:url\" content=\"https:\/\/verdadeon.com.br\/portal\/2023\/01\/03\/francanos-comecam-a-receber-carnes-de-iptu-2023\/\" \/>\n<meta property=\"og:site_name\" content=\"VerdadeOn\" \/>\n<meta property=\"article:published_time\" content=\"2023-01-03T19:59:03+00:00\" \/>\n<meta property=\"article:modified_time\" content=\"2023-01-03T20:13:58+00:00\" \/>\n<meta property=\"og:image\" content=\"https:\/\/verdadeon.com.br\/portal\/wp-content\/uploads\/2023\/01\/WhatsApp-Image-2023-01-03-at-15.17.50.jpeg\" \/>\n\t<meta property=\"og:image:width\" content=\"1000\" \/>\n\t<meta property=\"og:image:height\" content=\"667\" \/>\n\t<meta property=\"og:image:type\" content=\"image\/jpeg\" \/>\n<meta name=\"author\" content=\"Redacao VerdadeOn\" \/>\n<meta name=\"twitter:card\" content=\"summary_large_image\" \/>\n<meta name=\"twitter:label1\" content=\"Escrito por\" \/>\n\t<meta name=\"twitter:data1\" content=\"Redacao VerdadeOn\" \/>\n\t<meta name=\"twitter:label2\" content=\"Est. tempo de leitura\" \/>\n\t<meta name=\"twitter:data2\" content=\"2 minutos\" \/>\n<script type=\"application\/ld+json\" class=\"yoast-schema-graph\">{\"@context\":\"https:\/\/schema.org\",\"@graph\":[{\"@type\":\"WebPage\",\"@id\":\"https:\/\/verdadeon.com.br\/portal\/2023\/01\/03\/francanos-comecam-a-receber-carnes-de-iptu-2023\/\",\"url\":\"https:\/\/verdadeon.com.br\/portal\/2023\/01\/03\/francanos-comecam-a-receber-carnes-de-iptu-2023\/\",\"name\":\"Francanos come\u00e7am a receber carn\u00eas de IPTU 2023 - VerdadeOn\",\"isPartOf\":{\"@id\":\"https:\/\/verdadeon.com.br\/portal\/#website\"},\"primaryImageOfPage\":{\"@id\":\"https:\/\/verdadeon.com.br\/portal\/2023\/01\/03\/francanos-comecam-a-receber-carnes-de-iptu-2023\/#primaryimage\"},\"image\":{\"@id\":\"https:\/\/verdadeon.com.br\/portal\/2023\/01\/03\/francanos-comecam-a-receber-carnes-de-iptu-2023\/#primaryimage\"},\"thumbnailUrl\":\"https:\/\/i0.wp.com\/verdadeon.com.br\/portal\/wp-content\/uploads\/2023\/01\/WhatsApp-Image-2023-01-03-at-15.17.50.jpeg?fit=1000%2C667&ssl=1\",\"datePublished\":\"2023-01-03T19:59:03+00:00\",\"dateModified\":\"2023-01-03T20:13:58+00:00\",\"author\":{\"@id\":\"https:\/\/verdadeon.com.br\/portal\/#\/schema\/person\/a5060ad1e9ea3df545188fc93ce43d2f\"},\"breadcrumb\":{\"@id\":\"https:\/\/verdadeon.com.br\/portal\/2023\/01\/03\/francanos-comecam-a-receber-carnes-de-iptu-2023\/#breadcrumb\"},\"inLanguage\":\"pt-BR\",\"potentialAction\":[{\"@type\":\"ReadAction\",\"target\":[\"https:\/\/verdadeon.com.br\/portal\/2023\/01\/03\/francanos-comecam-a-receber-carnes-de-iptu-2023\/\"]}]},{\"@type\":\"ImageObject\",\"inLanguage\":\"pt-BR\",\"@id\":\"https:\/\/verdadeon.com.br\/portal\/2023\/01\/03\/francanos-comecam-a-receber-carnes-de-iptu-2023\/#primaryimage\",\"url\":\"https:\/\/i0.wp.com\/verdadeon.com.br\/portal\/wp-content\/uploads\/2023\/01\/WhatsApp-Image-2023-01-03-at-15.17.50.jpeg?fit=1000%2C667&ssl=1\",\"contentUrl\":\"https:\/\/i0.wp.com\/verdadeon.com.br\/portal\/wp-content\/uploads\/2023\/01\/WhatsApp-Image-2023-01-03-at-15.17.50.jpeg?fit=1000%2C667&ssl=1\",\"width\":1000,\"height\":667,\"caption\":\"Na segunda-feira, 4, os contribuintes poder\u00e3o imprimir as guias e op\u00e7\u00f5es em cota \u00fanica, sem desconto, com vencimento para o dia 15 de mar\u00e7o (\u00a9Divulga\u00e7\u00e3o)\"},{\"@type\":\"BreadcrumbList\",\"@id\":\"https:\/\/verdadeon.com.br\/portal\/2023\/01\/03\/francanos-comecam-a-receber-carnes-de-iptu-2023\/#breadcrumb\",\"itemListElement\":[{\"@type\":\"ListItem\",\"position\":1,\"name\":\"In\u00edcio\",\"item\":\"https:\/\/verdadeon.com.br\/portal\/\"},{\"@type\":\"ListItem\",\"position\":2,\"name\":\"Francanos come\u00e7am a receber carn\u00eas de IPTU 2023\"}]},{\"@type\":\"WebSite\",\"@id\":\"https:\/\/verdadeon.com.br\/portal\/#website\",\"url\":\"https:\/\/verdadeon.com.br\/portal\/\",\"name\":\"VerdadeOn\",\"description\":\"Not\u00edcias di\u00e1rias sobre Franca, Regi\u00e3o, Esporte, Cultura, Cotidiano, Colunas. Cobertura nos principais eventos da cidade \u00e9 aqui - Verdadeon Franca\",\"potentialAction\":[{\"@type\":\"SearchAction\",\"target\":{\"@type\":\"EntryPoint\",\"urlTemplate\":\"https:\/\/verdadeon.com.br\/portal\/?s={search_term_string}\"},\"query-input\":{\"@type\":\"PropertyValueSpecification\",\"valueRequired\":true,\"valueName\":\"search_term_string\"}}],\"inLanguage\":\"pt-BR\"},{\"@type\":\"Person\",\"@id\":\"https:\/\/verdadeon.com.br\/portal\/#\/schema\/person\/a5060ad1e9ea3df545188fc93ce43d2f\",\"name\":\"Redacao VerdadeOn\",\"image\":{\"@type\":\"ImageObject\",\"inLanguage\":\"pt-BR\",\"@id\":\"https:\/\/verdadeon.com.br\/portal\/#\/schema\/person\/image\/\",\"url\":\"https:\/\/secure.gravatar.com\/avatar\/459a9613caaaf07f582c3d0841eea68bdd66f533e465e6ba8b9cb45619572cf4?s=96&d=mm&r=g\",\"contentUrl\":\"https:\/\/secure.gravatar.com\/avatar\/459a9613caaaf07f582c3d0841eea68bdd66f533e465e6ba8b9cb45619572cf4?s=96&d=mm&r=g\",\"caption\":\"Redacao VerdadeOn\"},\"url\":\"https:\/\/verdadeon.com.br\/portal\/author\/redacao\/\"}]}<\/script>\n<!-- \/ Yoast SEO plugin. -->","yoast_head_json":{"title":"Francanos come\u00e7am a receber carn\u00eas de IPTU 2023 - VerdadeOn","robots":{"index":"index","follow":"follow","max-snippet":"max-snippet:-1","max-image-preview":"max-image-preview:large","max-video-preview":"max-video-preview:-1"},"canonical":"https:\/\/verdadeon.com.br\/portal\/2023\/01\/03\/francanos-comecam-a-receber-carnes-de-iptu-2023\/","og_locale":"pt_BR","og_type":"article","og_title":"Francanos come\u00e7am a receber carn\u00eas de IPTU 2023 - VerdadeOn","og_description":"Boletos come\u00e7aram a ser entregues para 172 mil contribuintes. Estimativa \u00e9 arrecadar mais de R$ 140 milh\u00f5es O novo ano chegou e com ele os contribuintes [\u2026]","og_url":"https:\/\/verdadeon.com.br\/portal\/2023\/01\/03\/francanos-comecam-a-receber-carnes-de-iptu-2023\/","og_site_name":"VerdadeOn","article_published_time":"2023-01-03T19:59:03+00:00","article_modified_time":"2023-01-03T20:13:58+00:00","og_image":[{"width":1000,"height":667,"url":"https:\/\/verdadeon.com.br\/portal\/wp-content\/uploads\/2023\/01\/WhatsApp-Image-2023-01-03-at-15.17.50.jpeg","type":"image\/jpeg"}],"author":"Redacao VerdadeOn","twitter_card":"summary_large_image","twitter_misc":{"Escrito por":"Redacao VerdadeOn","Est. tempo de leitura":"2 minutos"},"schema":{"@context":"https:\/\/schema.org","@graph":[{"@type":"WebPage","@id":"https:\/\/verdadeon.com.br\/portal\/2023\/01\/03\/francanos-comecam-a-receber-carnes-de-iptu-2023\/","url":"https:\/\/verdadeon.com.br\/portal\/2023\/01\/03\/francanos-comecam-a-receber-carnes-de-iptu-2023\/","name":"Francanos come\u00e7am a receber carn\u00eas de IPTU 2023 - VerdadeOn","isPartOf":{"@id":"https:\/\/verdadeon.com.br\/portal\/#website"},"primaryImageOfPage":{"@id":"https:\/\/verdadeon.com.br\/portal\/2023\/01\/03\/francanos-comecam-a-receber-carnes-de-iptu-2023\/#primaryimage"},"image":{"@id":"https:\/\/verdadeon.com.br\/portal\/2023\/01\/03\/francanos-comecam-a-receber-carnes-de-iptu-2023\/#primaryimage"},"thumbnailUrl":"https:\/\/i0.wp.com\/verdadeon.com.br\/portal\/wp-content\/uploads\/2023\/01\/WhatsApp-Image-2023-01-03-at-15.17.50.jpeg?fit=1000%2C667&ssl=1","datePublished":"2023-01-03T19:59:03+00:00","dateModified":"2023-01-03T20:13:58+00:00","author":{"@id":"https:\/\/verdadeon.com.br\/portal\/#\/schema\/person\/a5060ad1e9ea3df545188fc93ce43d2f"},"breadcrumb":{"@id":"https:\/\/verdadeon.com.br\/portal\/2023\/01\/03\/francanos-comecam-a-receber-carnes-de-iptu-2023\/#breadcrumb"},"inLanguage":"pt-BR","potentialAction":[{"@type":"ReadAction","target":["https:\/\/verdadeon.com.br\/portal\/2023\/01\/03\/francanos-comecam-a-receber-carnes-de-iptu-2023\/"]}]},{"@type":"ImageObject","inLanguage":"pt-BR","@id":"https:\/\/verdadeon.com.br\/portal\/2023\/01\/03\/francanos-comecam-a-receber-carnes-de-iptu-2023\/#primaryimage","url":"https:\/\/i0.wp.com\/verdadeon.com.br\/portal\/wp-content\/uploads\/2023\/01\/WhatsApp-Image-2023-01-03-at-15.17.50.jpeg?fit=1000%2C667&ssl=1","contentUrl":"https:\/\/i0.wp.com\/verdadeon.com.br\/portal\/wp-content\/uploads\/2023\/01\/WhatsApp-Image-2023-01-03-at-15.17.50.jpeg?fit=1000%2C667&ssl=1","width":1000,"height":667,"caption":"Na segunda-feira, 4, os contribuintes poder\u00e3o imprimir as guias e op\u00e7\u00f5es em cota \u00fanica, sem desconto, com vencimento para o dia 15 de mar\u00e7o (\u00a9Divulga\u00e7\u00e3o)"},{"@type":"BreadcrumbList","@id":"https:\/\/verdadeon.com.br\/portal\/2023\/01\/03\/francanos-comecam-a-receber-carnes-de-iptu-2023\/#breadcrumb","itemListElement":[{"@type":"ListItem","position":1,"name":"In\u00edcio","item":"https:\/\/verdadeon.com.br\/portal\/"},{"@type":"ListItem","position":2,"name":"Francanos come\u00e7am a receber carn\u00eas de IPTU 2023"}]},{"@type":"WebSite","@id":"https:\/\/verdadeon.com.br\/portal\/#website","url":"https:\/\/verdadeon.com.br\/portal\/","name":"VerdadeOn","description":"Not\u00edcias di\u00e1rias sobre Franca, Regi\u00e3o, Esporte, Cultura, Cotidiano, Colunas. Cobertura nos principais eventos da cidade \u00e9 aqui - Verdadeon Franca","potentialAction":[{"@type":"SearchAction","target":{"@type":"EntryPoint","urlTemplate":"https:\/\/verdadeon.com.br\/portal\/?s={search_term_string}"},"query-input":{"@type":"PropertyValueSpecification","valueRequired":true,"valueName":"search_term_string"}}],"inLanguage":"pt-BR"},{"@type":"Person","@id":"https:\/\/verdadeon.com.br\/portal\/#\/schema\/person\/a5060ad1e9ea3df545188fc93ce43d2f","name":"Redacao VerdadeOn","image":{"@type":"ImageObject","inLanguage":"pt-BR","@id":"https:\/\/verdadeon.com.br\/portal\/#\/schema\/person\/image\/","url":"https:\/\/secure.gravatar.com\/avatar\/459a9613caaaf07f582c3d0841eea68bdd66f533e465e6ba8b9cb45619572cf4?s=96&d=mm&r=g","contentUrl":"https:\/\/secure.gravatar.com\/avatar\/459a9613caaaf07f582c3d0841eea68bdd66f533e465e6ba8b9cb45619572cf4?s=96&d=mm&r=g","caption":"Redacao VerdadeOn"},"url":"https:\/\/verdadeon.com.br\/portal\/author\/redacao\/"}]}},"jetpack_publicize_connections":[],"jetpack_featured_media_url":"https:\/\/i0.wp.com\/verdadeon.com.br\/portal\/wp-content\/uploads\/2023\/01\/WhatsApp-Image-2023-01-03-at-15.17.50.jpeg?fit=1000%2C667&ssl=1","jetpack_sharing_enabled":true,"_links":{"self":[{"href":"https:\/\/verdadeon.com.br\/portal\/wp-json\/wp\/v2\/posts\/30878","targetHints":{"allow":["GET"]}}],"collection":[{"href":"https:\/\/verdadeon.com.br\/portal\/wp-json\/wp\/v2\/posts"}],"about":[{"href":"https:\/\/verdadeon.com.br\/portal\/wp-json\/wp\/v2\/types\/post"}],"author":[{"embeddable":true,"href":"https:\/\/verdadeon.com.br\/portal\/wp-json\/wp\/v2\/users\/10"}],"replies":[{"embeddable":true,"href":"https:\/\/verdadeon.com.br\/portal\/wp-json\/wp\/v2\/comments?post=30878"}],"version-history":[{"count":1,"href":"https:\/\/verdadeon.com.br\/portal\/wp-json\/wp\/v2\/posts\/30878\/revisions"}],"predecessor-version":[{"id":30880,"href":"https:\/\/verdadeon.com.br\/portal\/wp-json\/wp\/v2\/posts\/30878\/revisions\/30880"}],"wp:featuredmedia":[{"embeddable":true,"href":"https:\/\/verdadeon.com.br\/portal\/wp-json\/wp\/v2\/media\/30879"}],"wp:attachment":[{"href":"https:\/\/verdadeon.com.br\/portal\/wp-json\/wp\/v2\/media?parent=30878"}],"wp:term":[{"taxonomy":"category","embeddable":true,"href":"https:\/\/verdadeon.com.br\/portal\/wp-json\/wp\/v2\/categories?post=30878"},{"taxonomy":"post_tag","embeddable":true,"href":"https:\/\/verdadeon.com.br\/portal\/wp-json\/wp\/v2\/tags?post=30878"}],"curies":[{"name":"wp","href":"https:\/\/api.w.org\/{rel}","templated":true}]}}