{"id":30872,"date":"2023-01-03T14:53:41","date_gmt":"2023-01-03T17:53:41","guid":{"rendered":"https:\/\/verdadeon.com.br\/portal\/?p=30872"},"modified":"2023-01-03T14:53:41","modified_gmt":"2023-01-03T17:53:41","slug":"prefeito-de-sao-jose-da-bela-vista-faz-video-e-nega-que-seja-ganhador-da-mega-da-virada","status":"publish","type":"post","link":"https:\/\/verdadeon.com.br\/portal\/2023\/01\/03\/prefeito-de-sao-jose-da-bela-vista-faz-video-e-nega-que-seja-ganhador-da-mega-da-virada\/","title":{"rendered":"Prefeito de S\u00e3o Jos\u00e9 da Bela Vista faz v\u00eddeo e nega que seja ganhador da Mega da Virada"},"content":{"rendered":"<h2>Walter C\u00e1ssio usou as redes sociais para negar not\u00edcias que circulavam de que ele seria um dos participantes do bol\u00e3o que faturou mais de R$ 108 milh\u00f5es<\/h2>\n<p>O prefeito de S\u00e3o Jos\u00e9 da Bela Vista, Walter C\u00e1ssio (Podemos), fez um v\u00eddeo negando que seja um dos ganhadores da Mega da Virada. No v\u00eddeo, divulgado nas redes sociais nessa segunda-feira, 2, o prefeito negou a informa\u00e7\u00e3o que tinha ganhado for\u00e7a na cidade e at\u00e9 em um portal de not\u00edcias.<\/p>\n<p>\u201cOl\u00e1, pessoal, depois de um dia de muito trabalho, cumprindo com a minha obriga\u00e7\u00e3o, estou passando aqui para dizer que gostaria muito que fosse verdade a not\u00edcia que est\u00e1 circulando, mas eu n\u00e3o confirmo em nenhum momento essa premia\u00e7\u00e3o\u201d, disse. \u201cEnt\u00e3o quero pedir a ajuda de amigos que ajudem a desmentir essa not\u00edcia\u201d, completou.<\/p>\n<p>O mist\u00e9rio, e a curiosidade, sobre quem seriam os ganhadores do bol\u00e3o de nove cotas que foi uma das apostas premiadas na Mega da Virada come\u00e7ou ainda na noite de s\u00e1bado, 31, dia do sorteio. Desde ent\u00e3o os moradores buscam saber quem s\u00e3o os sortudos e v\u00e1rias teorias se formaram. Especialmente pela cidade ser pequena e ter pouco mais de 7,6 mil habitantes.<\/p>\n<p>Assim como acontece normalmente, a Caixa Econ\u00f4mica Federal e nem a lot\u00e9rica de S\u00e3o Jos\u00e9 da Bela Vista, que \u00e9 a \u00fanica da cidade, divulgaram os nomes dos sortudos. Mas a Caixa informou que tr\u00eas dos nove participantes do bol\u00e3o j\u00e1 retiraram seus pr\u00eamios.<\/p>\n<p>A aposta feita na cidade foi uma das cinco que levaram o pr\u00eamio do sorteio do dia 31 de dezembro. As outras apostas foram feitas em Santos, Florestal (MG), Arroio do Sal (RS) e Natal (RN).<\/p>\n<p>Cada aposta faturou R$ 108,3 milh\u00f5es. Assim, cada cota do bol\u00e3o feito em S\u00e3o Jos\u00e9 da Bela Vista embolsar\u00e1 R$ 12 milh\u00f5es. O valor total faturado pela aposta \u00e9 maior que o or\u00e7amento previsto para 2023 da cidade.<\/p>\n","protected":false},"excerpt":{"rendered":"<p>Walter C\u00e1ssio usou as redes sociais para negar not\u00edcias que circulavam de que ele seria um dos participantes do bol\u00e3o que faturou mais de R$ 108<span class=\"excerpt-hellip\"> [\u2026]<\/span><\/p>\n","protected":false},"author":10,"featured_media":30873,"comment_status":"open","ping_status":"open","sticky":false,"template":"","format":"standard","meta":{"_jetpack_memberships_contains_paid_content":false,"footnotes":"","jetpack_publicize_message":"","jetpack_publicize_feature_enabled":true,"jetpack_social_post_already_shared":false,"jetpack_social_options":{"image_generator_settings":{"template":"highway","default_image_id":0,"enabled":false},"version":2}},"categories":[28,81],"tags":[],"class_list":["post-30872","post","type-post","status-publish","format-standard","has-post-thumbnail","hentry","category-cotidiano","category-manchete"],"yoast_head":"<!-- This site is optimized with the Yoast SEO plugin v25.6 - https:\/\/yoast.com\/wordpress\/plugins\/seo\/ -->\n<title>Prefeito de S\u00e3o Jos\u00e9 da Bela Vista faz v\u00eddeo e nega que seja ganhador da Mega da Virada - VerdadeOn<\/title>\n<meta name=\"robots\" content=\"index, follow, max-snippet:-1, max-image-preview:large, max-video-preview:-1\" \/>\n<link rel=\"canonical\" href=\"https:\/\/verdadeon.com.br\/portal\/2023\/01\/03\/prefeito-de-sao-jose-da-bela-vista-faz-video-e-nega-que-seja-ganhador-da-mega-da-virada\/\" \/>\n<meta property=\"og:locale\" content=\"pt_BR\" \/>\n<meta property=\"og:type\" content=\"article\" \/>\n<meta property=\"og:title\" content=\"Prefeito de S\u00e3o Jos\u00e9 da Bela Vista faz v\u00eddeo e nega que seja ganhador da Mega da Virada - VerdadeOn\" \/>\n<meta property=\"og:description\" content=\"Walter C\u00e1ssio usou as redes sociais para negar not\u00edcias que circulavam de que ele seria um dos participantes do bol\u00e3o que faturou mais de R$ 108 [\u2026]\" \/>\n<meta property=\"og:url\" content=\"https:\/\/verdadeon.com.br\/portal\/2023\/01\/03\/prefeito-de-sao-jose-da-bela-vista-faz-video-e-nega-que-seja-ganhador-da-mega-da-virada\/\" \/>\n<meta property=\"og:site_name\" content=\"VerdadeOn\" \/>\n<meta property=\"article:published_time\" content=\"2023-01-03T17:53:41+00:00\" \/>\n<meta property=\"og:image\" content=\"https:\/\/verdadeon.com.br\/portal\/wp-content\/uploads\/2023\/01\/WhatsApp-Image-2023-01-03-at-14.50.30.jpeg\" \/>\n\t<meta property=\"og:image:width\" content=\"1000\" \/>\n\t<meta property=\"og:image:height\" content=\"670\" \/>\n\t<meta property=\"og:image:type\" content=\"image\/jpeg\" \/>\n<meta name=\"author\" content=\"Redacao VerdadeOn\" \/>\n<meta name=\"twitter:card\" content=\"summary_large_image\" \/>\n<meta name=\"twitter:label1\" content=\"Escrito por\" \/>\n\t<meta name=\"twitter:data1\" content=\"Redacao VerdadeOn\" \/>\n\t<meta name=\"twitter:label2\" content=\"Est. tempo de leitura\" \/>\n\t<meta name=\"twitter:data2\" content=\"2 minutos\" \/>\n<script type=\"application\/ld+json\" class=\"yoast-schema-graph\">{\"@context\":\"https:\/\/schema.org\",\"@graph\":[{\"@type\":\"WebPage\",\"@id\":\"https:\/\/verdadeon.com.br\/portal\/2023\/01\/03\/prefeito-de-sao-jose-da-bela-vista-faz-video-e-nega-que-seja-ganhador-da-mega-da-virada\/\",\"url\":\"https:\/\/verdadeon.com.br\/portal\/2023\/01\/03\/prefeito-de-sao-jose-da-bela-vista-faz-video-e-nega-que-seja-ganhador-da-mega-da-virada\/\",\"name\":\"Prefeito de S\u00e3o Jos\u00e9 da Bela Vista faz v\u00eddeo e nega que seja ganhador da Mega da Virada - VerdadeOn\",\"isPartOf\":{\"@id\":\"https:\/\/verdadeon.com.br\/portal\/#website\"},\"primaryImageOfPage\":{\"@id\":\"https:\/\/verdadeon.com.br\/portal\/2023\/01\/03\/prefeito-de-sao-jose-da-bela-vista-faz-video-e-nega-que-seja-ganhador-da-mega-da-virada\/#primaryimage\"},\"image\":{\"@id\":\"https:\/\/verdadeon.com.br\/portal\/2023\/01\/03\/prefeito-de-sao-jose-da-bela-vista-faz-video-e-nega-que-seja-ganhador-da-mega-da-virada\/#primaryimage\"},\"thumbnailUrl\":\"https:\/\/i0.wp.com\/verdadeon.com.br\/portal\/wp-content\/uploads\/2023\/01\/WhatsApp-Image-2023-01-03-at-14.50.30.jpeg?fit=1000%2C670&ssl=1\",\"datePublished\":\"2023-01-03T17:53:41+00:00\",\"author\":{\"@id\":\"https:\/\/verdadeon.com.br\/portal\/#\/schema\/person\/a5060ad1e9ea3df545188fc93ce43d2f\"},\"breadcrumb\":{\"@id\":\"https:\/\/verdadeon.com.br\/portal\/2023\/01\/03\/prefeito-de-sao-jose-da-bela-vista-faz-video-e-nega-que-seja-ganhador-da-mega-da-virada\/#breadcrumb\"},\"inLanguage\":\"pt-BR\",\"potentialAction\":[{\"@type\":\"ReadAction\",\"target\":[\"https:\/\/verdadeon.com.br\/portal\/2023\/01\/03\/prefeito-de-sao-jose-da-bela-vista-faz-video-e-nega-que-seja-ganhador-da-mega-da-virada\/\"]}]},{\"@type\":\"ImageObject\",\"inLanguage\":\"pt-BR\",\"@id\":\"https:\/\/verdadeon.com.br\/portal\/2023\/01\/03\/prefeito-de-sao-jose-da-bela-vista-faz-video-e-nega-que-seja-ganhador-da-mega-da-virada\/#primaryimage\",\"url\":\"https:\/\/i0.wp.com\/verdadeon.com.br\/portal\/wp-content\/uploads\/2023\/01\/WhatsApp-Image-2023-01-03-at-14.50.30.jpeg?fit=1000%2C670&ssl=1\",\"contentUrl\":\"https:\/\/i0.wp.com\/verdadeon.com.br\/portal\/wp-content\/uploads\/2023\/01\/WhatsApp-Image-2023-01-03-at-14.50.30.jpeg?fit=1000%2C670&ssl=1\",\"width\":1000,\"height\":670,\"caption\":\"O prefeito Walter C\u00e1ssio, de S\u00e3o Jos\u00e9 da Bela Vista, negou que tenha sido um dos participantes de bol\u00e3o que faturou mais de R$ 108 milh\u00f5es| Reprodu\u00e7\u00e3o Redes Sociais\"},{\"@type\":\"BreadcrumbList\",\"@id\":\"https:\/\/verdadeon.com.br\/portal\/2023\/01\/03\/prefeito-de-sao-jose-da-bela-vista-faz-video-e-nega-que-seja-ganhador-da-mega-da-virada\/#breadcrumb\",\"itemListElement\":[{\"@type\":\"ListItem\",\"position\":1,\"name\":\"In\u00edcio\",\"item\":\"https:\/\/verdadeon.com.br\/portal\/\"},{\"@type\":\"ListItem\",\"position\":2,\"name\":\"Prefeito de S\u00e3o Jos\u00e9 da Bela Vista faz v\u00eddeo e nega que seja ganhador da Mega da Virada\"}]},{\"@type\":\"WebSite\",\"@id\":\"https:\/\/verdadeon.com.br\/portal\/#website\",\"url\":\"https:\/\/verdadeon.com.br\/portal\/\",\"name\":\"VerdadeOn\",\"description\":\"Not\u00edcias di\u00e1rias sobre Franca, Regi\u00e3o, Esporte, Cultura, Cotidiano, Colunas. Cobertura nos principais eventos da cidade \u00e9 aqui - Verdadeon Franca\",\"potentialAction\":[{\"@type\":\"SearchAction\",\"target\":{\"@type\":\"EntryPoint\",\"urlTemplate\":\"https:\/\/verdadeon.com.br\/portal\/?s={search_term_string}\"},\"query-input\":{\"@type\":\"PropertyValueSpecification\",\"valueRequired\":true,\"valueName\":\"search_term_string\"}}],\"inLanguage\":\"pt-BR\"},{\"@type\":\"Person\",\"@id\":\"https:\/\/verdadeon.com.br\/portal\/#\/schema\/person\/a5060ad1e9ea3df545188fc93ce43d2f\",\"name\":\"Redacao VerdadeOn\",\"image\":{\"@type\":\"ImageObject\",\"inLanguage\":\"pt-BR\",\"@id\":\"https:\/\/verdadeon.com.br\/portal\/#\/schema\/person\/image\/\",\"url\":\"https:\/\/secure.gravatar.com\/avatar\/459a9613caaaf07f582c3d0841eea68bdd66f533e465e6ba8b9cb45619572cf4?s=96&d=mm&r=g\",\"contentUrl\":\"https:\/\/secure.gravatar.com\/avatar\/459a9613caaaf07f582c3d0841eea68bdd66f533e465e6ba8b9cb45619572cf4?s=96&d=mm&r=g\",\"caption\":\"Redacao VerdadeOn\"},\"url\":\"https:\/\/verdadeon.com.br\/portal\/author\/redacao\/\"}]}<\/script>\n<!-- \/ Yoast SEO plugin. -->","yoast_head_json":{"title":"Prefeito de S\u00e3o Jos\u00e9 da Bela Vista faz v\u00eddeo e nega que seja ganhador da Mega da Virada - VerdadeOn","robots":{"index":"index","follow":"follow","max-snippet":"max-snippet:-1","max-image-preview":"max-image-preview:large","max-video-preview":"max-video-preview:-1"},"canonical":"https:\/\/verdadeon.com.br\/portal\/2023\/01\/03\/prefeito-de-sao-jose-da-bela-vista-faz-video-e-nega-que-seja-ganhador-da-mega-da-virada\/","og_locale":"pt_BR","og_type":"article","og_title":"Prefeito de S\u00e3o Jos\u00e9 da Bela Vista faz v\u00eddeo e nega que seja ganhador da Mega da Virada - VerdadeOn","og_description":"Walter C\u00e1ssio usou as redes sociais para negar not\u00edcias que circulavam de que ele seria um dos participantes do bol\u00e3o que faturou mais de R$ 108 [\u2026]","og_url":"https:\/\/verdadeon.com.br\/portal\/2023\/01\/03\/prefeito-de-sao-jose-da-bela-vista-faz-video-e-nega-que-seja-ganhador-da-mega-da-virada\/","og_site_name":"VerdadeOn","article_published_time":"2023-01-03T17:53:41+00:00","og_image":[{"width":1000,"height":670,"url":"https:\/\/verdadeon.com.br\/portal\/wp-content\/uploads\/2023\/01\/WhatsApp-Image-2023-01-03-at-14.50.30.jpeg","type":"image\/jpeg"}],"author":"Redacao VerdadeOn","twitter_card":"summary_large_image","twitter_misc":{"Escrito por":"Redacao VerdadeOn","Est. tempo de leitura":"2 minutos"},"schema":{"@context":"https:\/\/schema.org","@graph":[{"@type":"WebPage","@id":"https:\/\/verdadeon.com.br\/portal\/2023\/01\/03\/prefeito-de-sao-jose-da-bela-vista-faz-video-e-nega-que-seja-ganhador-da-mega-da-virada\/","url":"https:\/\/verdadeon.com.br\/portal\/2023\/01\/03\/prefeito-de-sao-jose-da-bela-vista-faz-video-e-nega-que-seja-ganhador-da-mega-da-virada\/","name":"Prefeito de S\u00e3o Jos\u00e9 da Bela Vista faz v\u00eddeo e nega que seja ganhador da Mega da Virada - VerdadeOn","isPartOf":{"@id":"https:\/\/verdadeon.com.br\/portal\/#website"},"primaryImageOfPage":{"@id":"https:\/\/verdadeon.com.br\/portal\/2023\/01\/03\/prefeito-de-sao-jose-da-bela-vista-faz-video-e-nega-que-seja-ganhador-da-mega-da-virada\/#primaryimage"},"image":{"@id":"https:\/\/verdadeon.com.br\/portal\/2023\/01\/03\/prefeito-de-sao-jose-da-bela-vista-faz-video-e-nega-que-seja-ganhador-da-mega-da-virada\/#primaryimage"},"thumbnailUrl":"https:\/\/i0.wp.com\/verdadeon.com.br\/portal\/wp-content\/uploads\/2023\/01\/WhatsApp-Image-2023-01-03-at-14.50.30.jpeg?fit=1000%2C670&ssl=1","datePublished":"2023-01-03T17:53:41+00:00","author":{"@id":"https:\/\/verdadeon.com.br\/portal\/#\/schema\/person\/a5060ad1e9ea3df545188fc93ce43d2f"},"breadcrumb":{"@id":"https:\/\/verdadeon.com.br\/portal\/2023\/01\/03\/prefeito-de-sao-jose-da-bela-vista-faz-video-e-nega-que-seja-ganhador-da-mega-da-virada\/#breadcrumb"},"inLanguage":"pt-BR","potentialAction":[{"@type":"ReadAction","target":["https:\/\/verdadeon.com.br\/portal\/2023\/01\/03\/prefeito-de-sao-jose-da-bela-vista-faz-video-e-nega-que-seja-ganhador-da-mega-da-virada\/"]}]},{"@type":"ImageObject","inLanguage":"pt-BR","@id":"https:\/\/verdadeon.com.br\/portal\/2023\/01\/03\/prefeito-de-sao-jose-da-bela-vista-faz-video-e-nega-que-seja-ganhador-da-mega-da-virada\/#primaryimage","url":"https:\/\/i0.wp.com\/verdadeon.com.br\/portal\/wp-content\/uploads\/2023\/01\/WhatsApp-Image-2023-01-03-at-14.50.30.jpeg?fit=1000%2C670&ssl=1","contentUrl":"https:\/\/i0.wp.com\/verdadeon.com.br\/portal\/wp-content\/uploads\/2023\/01\/WhatsApp-Image-2023-01-03-at-14.50.30.jpeg?fit=1000%2C670&ssl=1","width":1000,"height":670,"caption":"O prefeito Walter C\u00e1ssio, de S\u00e3o Jos\u00e9 da Bela Vista, negou que tenha sido um dos participantes de bol\u00e3o que faturou mais de R$ 108 milh\u00f5es| Reprodu\u00e7\u00e3o Redes Sociais"},{"@type":"BreadcrumbList","@id":"https:\/\/verdadeon.com.br\/portal\/2023\/01\/03\/prefeito-de-sao-jose-da-bela-vista-faz-video-e-nega-que-seja-ganhador-da-mega-da-virada\/#breadcrumb","itemListElement":[{"@type":"ListItem","position":1,"name":"In\u00edcio","item":"https:\/\/verdadeon.com.br\/portal\/"},{"@type":"ListItem","position":2,"name":"Prefeito de S\u00e3o Jos\u00e9 da Bela Vista faz v\u00eddeo e nega que seja ganhador da Mega da Virada"}]},{"@type":"WebSite","@id":"https:\/\/verdadeon.com.br\/portal\/#website","url":"https:\/\/verdadeon.com.br\/portal\/","name":"VerdadeOn","description":"Not\u00edcias di\u00e1rias sobre Franca, Regi\u00e3o, Esporte, Cultura, Cotidiano, Colunas. Cobertura nos principais eventos da cidade \u00e9 aqui - Verdadeon Franca","potentialAction":[{"@type":"SearchAction","target":{"@type":"EntryPoint","urlTemplate":"https:\/\/verdadeon.com.br\/portal\/?s={search_term_string}"},"query-input":{"@type":"PropertyValueSpecification","valueRequired":true,"valueName":"search_term_string"}}],"inLanguage":"pt-BR"},{"@type":"Person","@id":"https:\/\/verdadeon.com.br\/portal\/#\/schema\/person\/a5060ad1e9ea3df545188fc93ce43d2f","name":"Redacao VerdadeOn","image":{"@type":"ImageObject","inLanguage":"pt-BR","@id":"https:\/\/verdadeon.com.br\/portal\/#\/schema\/person\/image\/","url":"https:\/\/secure.gravatar.com\/avatar\/459a9613caaaf07f582c3d0841eea68bdd66f533e465e6ba8b9cb45619572cf4?s=96&d=mm&r=g","contentUrl":"https:\/\/secure.gravatar.com\/avatar\/459a9613caaaf07f582c3d0841eea68bdd66f533e465e6ba8b9cb45619572cf4?s=96&d=mm&r=g","caption":"Redacao VerdadeOn"},"url":"https:\/\/verdadeon.com.br\/portal\/author\/redacao\/"}]}},"jetpack_publicize_connections":[],"jetpack_featured_media_url":"https:\/\/i0.wp.com\/verdadeon.com.br\/portal\/wp-content\/uploads\/2023\/01\/WhatsApp-Image-2023-01-03-at-14.50.30.jpeg?fit=1000%2C670&ssl=1","jetpack_sharing_enabled":true,"_links":{"self":[{"href":"https:\/\/verdadeon.com.br\/portal\/wp-json\/wp\/v2\/posts\/30872","targetHints":{"allow":["GET"]}}],"collection":[{"href":"https:\/\/verdadeon.com.br\/portal\/wp-json\/wp\/v2\/posts"}],"about":[{"href":"https:\/\/verdadeon.com.br\/portal\/wp-json\/wp\/v2\/types\/post"}],"author":[{"embeddable":true,"href":"https:\/\/verdadeon.com.br\/portal\/wp-json\/wp\/v2\/users\/10"}],"replies":[{"embeddable":true,"href":"https:\/\/verdadeon.com.br\/portal\/wp-json\/wp\/v2\/comments?post=30872"}],"version-history":[{"count":1,"href":"https:\/\/verdadeon.com.br\/portal\/wp-json\/wp\/v2\/posts\/30872\/revisions"}],"predecessor-version":[{"id":30874,"href":"https:\/\/verdadeon.com.br\/portal\/wp-json\/wp\/v2\/posts\/30872\/revisions\/30874"}],"wp:featuredmedia":[{"embeddable":true,"href":"https:\/\/verdadeon.com.br\/portal\/wp-json\/wp\/v2\/media\/30873"}],"wp:attachment":[{"href":"https:\/\/verdadeon.com.br\/portal\/wp-json\/wp\/v2\/media?parent=30872"}],"wp:term":[{"taxonomy":"category","embeddable":true,"href":"https:\/\/verdadeon.com.br\/portal\/wp-json\/wp\/v2\/categories?post=30872"},{"taxonomy":"post_tag","embeddable":true,"href":"https:\/\/verdadeon.com.br\/portal\/wp-json\/wp\/v2\/tags?post=30872"}],"curies":[{"name":"wp","href":"https:\/\/api.w.org\/{rel}","templated":true}]}}