{"id":30836,"date":"2023-01-02T10:44:02","date_gmt":"2023-01-02T13:44:02","guid":{"rendered":"https:\/\/verdadeon.com.br\/portal\/?p=30836"},"modified":"2023-01-02T10:44:02","modified_gmt":"2023-01-02T13:44:02","slug":"fgts-podera-ser-usado-para-quitar-ate-seis-prestacoes-da-casa-propria","status":"publish","type":"post","link":"https:\/\/verdadeon.com.br\/portal\/2023\/01\/02\/fgts-podera-ser-usado-para-quitar-ate-seis-prestacoes-da-casa-propria\/","title":{"rendered":"FGTS poder\u00e1 ser usado para quitar at\u00e9 seis presta\u00e7\u00f5es da casa pr\u00f3pria"},"content":{"rendered":"<div class=\"col-lg-12 mb-3\">\n<div class=\"row\">\n<h3 class=\"col-10 offset-1 animated fadeInDown dealy-900 display-8 display-md-8 alt-font font-italic my-1 text-center\">Regras anteriores permitiam o pagamento de 12 parcelas em atraso<\/h3>\n<\/div>\n<\/div>\n<div class=\"col-xl-7 offset-xl-1 col-lg-8 offset-lg-0 col-md-10 offset-md-1 mb-3\">\n<div class=\"post-item alt-font\">\n<div class=\"post-item-wrap\">\n<p>A partir desta segunda-feira (2), o mutu\u00e1rio inadimplente com a casa pr\u00f3pria poder\u00e1 usar o <a href=\"https:\/\/agenciabrasil.ebc.com.br\/economia\/noticia\/2022-12\/fgts-podera-ser-usado-para-quitar-ate-seis-prestacoes-da-casa-propria\" target=\"_blank\" rel=\"noopener\">Fundo de Garantia do Tempo de Servi\u00e7o<\/a>\u00a0(FGTS) para negociar o pagamento de at\u00e9 seis presta\u00e7\u00f5es em atraso, em vez das 12 em vigor at\u00e9 agora. A medida foi autorizada pelo Conselho Curador do FGTS no \u00faltimo dia 13.<img data-recalc-dims=\"1\" decoding=\"async\" src=\"https:\/\/i0.wp.com\/agenciabrasil.ebc.com.br\/ebc.png?w=1220&#038;ssl=1\" \/><img data-recalc-dims=\"1\" decoding=\"async\" src=\"https:\/\/i0.wp.com\/agenciabrasil.ebc.com.br\/ebc.gif?w=1220&#038;ssl=1\" \/><\/p>\n<p>Apesar da diminui\u00e7\u00e3o do prazo de car\u00eancia, o mutu\u00e1rio ainda est\u00e1 em vantagem. Caso n\u00e3o tivesse aprovado a medida, o intervalo cairia para at\u00e9 tr\u00eas meses, como ocorre tradicionalmente.<\/p>\n<p>Em abril do ano passado, o Conselho Curador aumentou, de tr\u00eas meses para 12 meses, o limite de uso do saldo do fundo para quitar\u00a0<a href=\"https:\/\/agenciabrasil.ebc.com.br\/economia\/noticia\/2022-04\/fgts-podera-ser-usado-para-pagar-ate-12-parcelas-atrasadas-do-imovel\" target=\"_blank\" rel=\"noopener\">parcelas em atraso<\/a>. A medida vigorou at\u00e9 o fim do ano passado.<\/p>\n<p>O uso do FGTS para reduzir o valor de presta\u00e7\u00f5es futuras ou abater atrasos inferiores a 90 dias existe h\u00e1 bastante tempo, mas a destina\u00e7\u00e3o dos recursos para pagar mais de tr\u00eas parcelas atrasadas, at\u00e9 abril do ano passado, exigia autoriza\u00e7\u00e3o da Justi\u00e7a.<\/p>\n<p>De acordo com o Conselho Curador, cerca de 80 mil mutu\u00e1rios de financiamentos habitacionais t\u00eam mais de tr\u00eas parcelas em atraso e s\u00e3o considerados casos de inadimpl\u00eancia grave. Desse total, 50% t\u00eam conta vinculada ao FGTS.<\/p>\n<h2>Procedimentos<\/h2>\n<p>O trabalhador interessado em quitar parcelas n\u00e3o pagas deve procurar o banco onde fez o financiamento habitacional. O mutu\u00e1rio assinar\u00e1 um documento de Autoriza\u00e7\u00e3o de Movimenta\u00e7\u00e3o da Conta Vinculada do FGTS para poder abater at\u00e9 80% de cada presta\u00e7\u00e3o, limitado a seis parcelas atrasadas.<\/p>\n<p>O mecanismo s\u00f3 vale para im\u00f3veis avaliados em at\u00e9 R$ 1,5 milh\u00e3o e haver\u00e1 restri\u00e7\u00f5es. Quem usou o saldo de alguma conta do FGTS para diminuir o saldo devedor e o n\u00famero de presta\u00e7\u00f5es n\u00e3o poder\u00e1 usar o fundo para quitar presta\u00e7\u00f5es n\u00e3o pagas antes do fim desse intervalo. O prazo \u00e9 estabelecido com base na data da \u00faltima amortiza\u00e7\u00e3o ou liquida\u00e7\u00e3o.<\/p>\n<p>Segundo o Manual do FGTS, os crit\u00e9rios para fazer o saque s\u00e3o os mesmos dos trabalhadores que usam o dinheiro do fundo para comprar\u00a0ou construir\u00a0a casa pr\u00f3pria. O trabalhador dever\u00e1\u00a0ter\u00a0contribu\u00eddo para o FGTS por, pelo menos, tr\u00eas anos, em per\u00edodos consecutivos ou n\u00e3o, n\u00e3o poder\u00e1\u00a0ter\u00a0outro im\u00f3vel no munic\u00edpio ou regi\u00e3o metropolitana onde trabalha ou mora e n\u00e3o poder\u00e1\u00a0ter\u00a0outro financiamento ativo no Sistema Financeiro de Habita\u00e7\u00e3o.<\/p>\n<p>Na reuni\u00e3o\u00a0de dezembro, o Conselho Curador n\u00e3o alterou as demais regras de\u00a0uso do FGTS para a compra da casa pr\u00f3pria. As condi\u00e7\u00f5es para liquida\u00e7\u00e3o, amortiza\u00e7\u00e3o ou adiantamento de parte das parcelas adimplentes continuam em vigor.<\/p>\n<\/div>\n<p class=\"alt-font font-italic my-2 small text-info\">Fonte: Ag\u00eancia Brasil<\/p>\n<\/div>\n<\/div>\n","protected":false},"excerpt":{"rendered":"<p>Regras anteriores permitiam o pagamento de 12 parcelas em atraso A partir desta segunda-feira (2), o mutu\u00e1rio inadimplente com a casa pr\u00f3pria poder\u00e1 usar o Fundo<span class=\"excerpt-hellip\"> [\u2026]<\/span><\/p>\n","protected":false},"author":4,"featured_media":30839,"comment_status":"open","ping_status":"open","sticky":false,"template":"","format":"standard","meta":{"_jetpack_memberships_contains_paid_content":false,"footnotes":"","jetpack_publicize_message":"","jetpack_publicize_feature_enabled":true,"jetpack_social_post_already_shared":false,"jetpack_social_options":{"image_generator_settings":{"template":"highway","default_image_id":0,"enabled":false},"version":2}},"categories":[28,81],"tags":[],"class_list":["post-30836","post","type-post","status-publish","format-standard","has-post-thumbnail","hentry","category-cotidiano","category-manchete"],"yoast_head":"<!-- This site is optimized with the Yoast SEO plugin v25.6 - https:\/\/yoast.com\/wordpress\/plugins\/seo\/ -->\n<title>FGTS poder\u00e1 ser usado para quitar at\u00e9 seis presta\u00e7\u00f5es da casa pr\u00f3pria - VerdadeOn<\/title>\n<meta name=\"robots\" content=\"index, follow, max-snippet:-1, max-image-preview:large, max-video-preview:-1\" \/>\n<link rel=\"canonical\" href=\"https:\/\/verdadeon.com.br\/portal\/2023\/01\/02\/fgts-podera-ser-usado-para-quitar-ate-seis-prestacoes-da-casa-propria\/\" \/>\n<meta property=\"og:locale\" content=\"pt_BR\" \/>\n<meta property=\"og:type\" content=\"article\" \/>\n<meta property=\"og:title\" content=\"FGTS poder\u00e1 ser usado para quitar at\u00e9 seis presta\u00e7\u00f5es da casa pr\u00f3pria - VerdadeOn\" \/>\n<meta property=\"og:description\" content=\"Regras anteriores permitiam o pagamento de 12 parcelas em atraso A partir desta segunda-feira (2), o mutu\u00e1rio inadimplente com a casa pr\u00f3pria poder\u00e1 usar o Fundo [\u2026]\" \/>\n<meta property=\"og:url\" content=\"https:\/\/verdadeon.com.br\/portal\/2023\/01\/02\/fgts-podera-ser-usado-para-quitar-ate-seis-prestacoes-da-casa-propria\/\" \/>\n<meta property=\"og:site_name\" content=\"VerdadeOn\" \/>\n<meta property=\"article:published_time\" content=\"2023-01-02T13:44:02+00:00\" \/>\n<meta property=\"og:image\" content=\"https:\/\/verdadeon.com.br\/portal\/wp-content\/uploads\/2023\/01\/canuto_casas_abr181219img_94484904.jpg\" \/>\n\t<meta property=\"og:image:width\" content=\"1000\" \/>\n\t<meta property=\"og:image:height\" content=\"670\" \/>\n\t<meta property=\"og:image:type\" content=\"image\/jpeg\" \/>\n<meta name=\"author\" content=\"Fernando Calixto\" \/>\n<meta name=\"twitter:card\" content=\"summary_large_image\" \/>\n<meta name=\"twitter:label1\" content=\"Escrito por\" \/>\n\t<meta name=\"twitter:data1\" content=\"Fernando Calixto\" \/>\n\t<meta name=\"twitter:label2\" content=\"Est. tempo de leitura\" \/>\n\t<meta name=\"twitter:data2\" content=\"3 minutos\" \/>\n<script type=\"application\/ld+json\" class=\"yoast-schema-graph\">{\"@context\":\"https:\/\/schema.org\",\"@graph\":[{\"@type\":\"WebPage\",\"@id\":\"https:\/\/verdadeon.com.br\/portal\/2023\/01\/02\/fgts-podera-ser-usado-para-quitar-ate-seis-prestacoes-da-casa-propria\/\",\"url\":\"https:\/\/verdadeon.com.br\/portal\/2023\/01\/02\/fgts-podera-ser-usado-para-quitar-ate-seis-prestacoes-da-casa-propria\/\",\"name\":\"FGTS poder\u00e1 ser usado para quitar at\u00e9 seis presta\u00e7\u00f5es da casa pr\u00f3pria - VerdadeOn\",\"isPartOf\":{\"@id\":\"https:\/\/verdadeon.com.br\/portal\/#website\"},\"primaryImageOfPage\":{\"@id\":\"https:\/\/verdadeon.com.br\/portal\/2023\/01\/02\/fgts-podera-ser-usado-para-quitar-ate-seis-prestacoes-da-casa-propria\/#primaryimage\"},\"image\":{\"@id\":\"https:\/\/verdadeon.com.br\/portal\/2023\/01\/02\/fgts-podera-ser-usado-para-quitar-ate-seis-prestacoes-da-casa-propria\/#primaryimage\"},\"thumbnailUrl\":\"https:\/\/i0.wp.com\/verdadeon.com.br\/portal\/wp-content\/uploads\/2023\/01\/canuto_casas_abr181219img_94484904.jpg?fit=1000%2C670&ssl=1\",\"datePublished\":\"2023-01-02T13:44:02+00:00\",\"author\":{\"@id\":\"https:\/\/verdadeon.com.br\/portal\/#\/schema\/person\/8994718f49ee62ba5610471e29ca1f62\"},\"breadcrumb\":{\"@id\":\"https:\/\/verdadeon.com.br\/portal\/2023\/01\/02\/fgts-podera-ser-usado-para-quitar-ate-seis-prestacoes-da-casa-propria\/#breadcrumb\"},\"inLanguage\":\"pt-BR\",\"potentialAction\":[{\"@type\":\"ReadAction\",\"target\":[\"https:\/\/verdadeon.com.br\/portal\/2023\/01\/02\/fgts-podera-ser-usado-para-quitar-ate-seis-prestacoes-da-casa-propria\/\"]}]},{\"@type\":\"ImageObject\",\"inLanguage\":\"pt-BR\",\"@id\":\"https:\/\/verdadeon.com.br\/portal\/2023\/01\/02\/fgts-podera-ser-usado-para-quitar-ate-seis-prestacoes-da-casa-propria\/#primaryimage\",\"url\":\"https:\/\/i0.wp.com\/verdadeon.com.br\/portal\/wp-content\/uploads\/2023\/01\/canuto_casas_abr181219img_94484904.jpg?fit=1000%2C670&ssl=1\",\"contentUrl\":\"https:\/\/i0.wp.com\/verdadeon.com.br\/portal\/wp-content\/uploads\/2023\/01\/canuto_casas_abr181219img_94484904.jpg?fit=1000%2C670&ssl=1\",\"width\":1000,\"height\":670,\"caption\":\"Entrega de 528 novas moradias do programa de habita\u00e7\u00e3o de interesse social do Governo Federal, em S\u00e3o Sebasti\u00e3o, Distrito Federal\"},{\"@type\":\"BreadcrumbList\",\"@id\":\"https:\/\/verdadeon.com.br\/portal\/2023\/01\/02\/fgts-podera-ser-usado-para-quitar-ate-seis-prestacoes-da-casa-propria\/#breadcrumb\",\"itemListElement\":[{\"@type\":\"ListItem\",\"position\":1,\"name\":\"In\u00edcio\",\"item\":\"https:\/\/verdadeon.com.br\/portal\/\"},{\"@type\":\"ListItem\",\"position\":2,\"name\":\"FGTS poder\u00e1 ser usado para quitar at\u00e9 seis presta\u00e7\u00f5es da casa pr\u00f3pria\"}]},{\"@type\":\"WebSite\",\"@id\":\"https:\/\/verdadeon.com.br\/portal\/#website\",\"url\":\"https:\/\/verdadeon.com.br\/portal\/\",\"name\":\"VerdadeOn\",\"description\":\"Not\u00edcias di\u00e1rias sobre Franca, Regi\u00e3o, Esporte, Cultura, Cotidiano, Colunas. Cobertura nos principais eventos da cidade \u00e9 aqui - Verdadeon Franca\",\"potentialAction\":[{\"@type\":\"SearchAction\",\"target\":{\"@type\":\"EntryPoint\",\"urlTemplate\":\"https:\/\/verdadeon.com.br\/portal\/?s={search_term_string}\"},\"query-input\":{\"@type\":\"PropertyValueSpecification\",\"valueRequired\":true,\"valueName\":\"search_term_string\"}}],\"inLanguage\":\"pt-BR\"},{\"@type\":\"Person\",\"@id\":\"https:\/\/verdadeon.com.br\/portal\/#\/schema\/person\/8994718f49ee62ba5610471e29ca1f62\",\"name\":\"Fernando Calixto\",\"image\":{\"@type\":\"ImageObject\",\"inLanguage\":\"pt-BR\",\"@id\":\"https:\/\/verdadeon.com.br\/portal\/#\/schema\/person\/image\/\",\"url\":\"https:\/\/secure.gravatar.com\/avatar\/7578910c24966c0316c340f9dbd601e93ee9f9212e1033968b367af9306bd9fb?s=96&d=mm&r=g\",\"contentUrl\":\"https:\/\/secure.gravatar.com\/avatar\/7578910c24966c0316c340f9dbd601e93ee9f9212e1033968b367af9306bd9fb?s=96&d=mm&r=g\",\"caption\":\"Fernando Calixto\"},\"url\":\"https:\/\/verdadeon.com.br\/portal\/author\/fernando-calixto\/\"}]}<\/script>\n<!-- \/ Yoast SEO plugin. -->","yoast_head_json":{"title":"FGTS poder\u00e1 ser usado para quitar at\u00e9 seis presta\u00e7\u00f5es da casa pr\u00f3pria - VerdadeOn","robots":{"index":"index","follow":"follow","max-snippet":"max-snippet:-1","max-image-preview":"max-image-preview:large","max-video-preview":"max-video-preview:-1"},"canonical":"https:\/\/verdadeon.com.br\/portal\/2023\/01\/02\/fgts-podera-ser-usado-para-quitar-ate-seis-prestacoes-da-casa-propria\/","og_locale":"pt_BR","og_type":"article","og_title":"FGTS poder\u00e1 ser usado para quitar at\u00e9 seis presta\u00e7\u00f5es da casa pr\u00f3pria - VerdadeOn","og_description":"Regras anteriores permitiam o pagamento de 12 parcelas em atraso A partir desta segunda-feira (2), o mutu\u00e1rio inadimplente com a casa pr\u00f3pria poder\u00e1 usar o Fundo [\u2026]","og_url":"https:\/\/verdadeon.com.br\/portal\/2023\/01\/02\/fgts-podera-ser-usado-para-quitar-ate-seis-prestacoes-da-casa-propria\/","og_site_name":"VerdadeOn","article_published_time":"2023-01-02T13:44:02+00:00","og_image":[{"width":1000,"height":670,"url":"https:\/\/verdadeon.com.br\/portal\/wp-content\/uploads\/2023\/01\/canuto_casas_abr181219img_94484904.jpg","type":"image\/jpeg"}],"author":"Fernando Calixto","twitter_card":"summary_large_image","twitter_misc":{"Escrito por":"Fernando Calixto","Est. tempo de leitura":"3 minutos"},"schema":{"@context":"https:\/\/schema.org","@graph":[{"@type":"WebPage","@id":"https:\/\/verdadeon.com.br\/portal\/2023\/01\/02\/fgts-podera-ser-usado-para-quitar-ate-seis-prestacoes-da-casa-propria\/","url":"https:\/\/verdadeon.com.br\/portal\/2023\/01\/02\/fgts-podera-ser-usado-para-quitar-ate-seis-prestacoes-da-casa-propria\/","name":"FGTS poder\u00e1 ser usado para quitar at\u00e9 seis presta\u00e7\u00f5es da casa pr\u00f3pria - VerdadeOn","isPartOf":{"@id":"https:\/\/verdadeon.com.br\/portal\/#website"},"primaryImageOfPage":{"@id":"https:\/\/verdadeon.com.br\/portal\/2023\/01\/02\/fgts-podera-ser-usado-para-quitar-ate-seis-prestacoes-da-casa-propria\/#primaryimage"},"image":{"@id":"https:\/\/verdadeon.com.br\/portal\/2023\/01\/02\/fgts-podera-ser-usado-para-quitar-ate-seis-prestacoes-da-casa-propria\/#primaryimage"},"thumbnailUrl":"https:\/\/i0.wp.com\/verdadeon.com.br\/portal\/wp-content\/uploads\/2023\/01\/canuto_casas_abr181219img_94484904.jpg?fit=1000%2C670&ssl=1","datePublished":"2023-01-02T13:44:02+00:00","author":{"@id":"https:\/\/verdadeon.com.br\/portal\/#\/schema\/person\/8994718f49ee62ba5610471e29ca1f62"},"breadcrumb":{"@id":"https:\/\/verdadeon.com.br\/portal\/2023\/01\/02\/fgts-podera-ser-usado-para-quitar-ate-seis-prestacoes-da-casa-propria\/#breadcrumb"},"inLanguage":"pt-BR","potentialAction":[{"@type":"ReadAction","target":["https:\/\/verdadeon.com.br\/portal\/2023\/01\/02\/fgts-podera-ser-usado-para-quitar-ate-seis-prestacoes-da-casa-propria\/"]}]},{"@type":"ImageObject","inLanguage":"pt-BR","@id":"https:\/\/verdadeon.com.br\/portal\/2023\/01\/02\/fgts-podera-ser-usado-para-quitar-ate-seis-prestacoes-da-casa-propria\/#primaryimage","url":"https:\/\/i0.wp.com\/verdadeon.com.br\/portal\/wp-content\/uploads\/2023\/01\/canuto_casas_abr181219img_94484904.jpg?fit=1000%2C670&ssl=1","contentUrl":"https:\/\/i0.wp.com\/verdadeon.com.br\/portal\/wp-content\/uploads\/2023\/01\/canuto_casas_abr181219img_94484904.jpg?fit=1000%2C670&ssl=1","width":1000,"height":670,"caption":"Entrega de 528 novas moradias do programa de habita\u00e7\u00e3o de interesse social do Governo Federal, em S\u00e3o Sebasti\u00e3o, Distrito Federal"},{"@type":"BreadcrumbList","@id":"https:\/\/verdadeon.com.br\/portal\/2023\/01\/02\/fgts-podera-ser-usado-para-quitar-ate-seis-prestacoes-da-casa-propria\/#breadcrumb","itemListElement":[{"@type":"ListItem","position":1,"name":"In\u00edcio","item":"https:\/\/verdadeon.com.br\/portal\/"},{"@type":"ListItem","position":2,"name":"FGTS poder\u00e1 ser usado para quitar at\u00e9 seis presta\u00e7\u00f5es da casa pr\u00f3pria"}]},{"@type":"WebSite","@id":"https:\/\/verdadeon.com.br\/portal\/#website","url":"https:\/\/verdadeon.com.br\/portal\/","name":"VerdadeOn","description":"Not\u00edcias di\u00e1rias sobre Franca, Regi\u00e3o, Esporte, Cultura, Cotidiano, Colunas. Cobertura nos principais eventos da cidade \u00e9 aqui - Verdadeon Franca","potentialAction":[{"@type":"SearchAction","target":{"@type":"EntryPoint","urlTemplate":"https:\/\/verdadeon.com.br\/portal\/?s={search_term_string}"},"query-input":{"@type":"PropertyValueSpecification","valueRequired":true,"valueName":"search_term_string"}}],"inLanguage":"pt-BR"},{"@type":"Person","@id":"https:\/\/verdadeon.com.br\/portal\/#\/schema\/person\/8994718f49ee62ba5610471e29ca1f62","name":"Fernando Calixto","image":{"@type":"ImageObject","inLanguage":"pt-BR","@id":"https:\/\/verdadeon.com.br\/portal\/#\/schema\/person\/image\/","url":"https:\/\/secure.gravatar.com\/avatar\/7578910c24966c0316c340f9dbd601e93ee9f9212e1033968b367af9306bd9fb?s=96&d=mm&r=g","contentUrl":"https:\/\/secure.gravatar.com\/avatar\/7578910c24966c0316c340f9dbd601e93ee9f9212e1033968b367af9306bd9fb?s=96&d=mm&r=g","caption":"Fernando Calixto"},"url":"https:\/\/verdadeon.com.br\/portal\/author\/fernando-calixto\/"}]}},"jetpack_publicize_connections":[],"jetpack_featured_media_url":"https:\/\/i0.wp.com\/verdadeon.com.br\/portal\/wp-content\/uploads\/2023\/01\/canuto_casas_abr181219img_94484904.jpg?fit=1000%2C670&ssl=1","jetpack_sharing_enabled":true,"_links":{"self":[{"href":"https:\/\/verdadeon.com.br\/portal\/wp-json\/wp\/v2\/posts\/30836","targetHints":{"allow":["GET"]}}],"collection":[{"href":"https:\/\/verdadeon.com.br\/portal\/wp-json\/wp\/v2\/posts"}],"about":[{"href":"https:\/\/verdadeon.com.br\/portal\/wp-json\/wp\/v2\/types\/post"}],"author":[{"embeddable":true,"href":"https:\/\/verdadeon.com.br\/portal\/wp-json\/wp\/v2\/users\/4"}],"replies":[{"embeddable":true,"href":"https:\/\/verdadeon.com.br\/portal\/wp-json\/wp\/v2\/comments?post=30836"}],"version-history":[{"count":1,"href":"https:\/\/verdadeon.com.br\/portal\/wp-json\/wp\/v2\/posts\/30836\/revisions"}],"predecessor-version":[{"id":30840,"href":"https:\/\/verdadeon.com.br\/portal\/wp-json\/wp\/v2\/posts\/30836\/revisions\/30840"}],"wp:featuredmedia":[{"embeddable":true,"href":"https:\/\/verdadeon.com.br\/portal\/wp-json\/wp\/v2\/media\/30839"}],"wp:attachment":[{"href":"https:\/\/verdadeon.com.br\/portal\/wp-json\/wp\/v2\/media?parent=30836"}],"wp:term":[{"taxonomy":"category","embeddable":true,"href":"https:\/\/verdadeon.com.br\/portal\/wp-json\/wp\/v2\/categories?post=30836"},{"taxonomy":"post_tag","embeddable":true,"href":"https:\/\/verdadeon.com.br\/portal\/wp-json\/wp\/v2\/tags?post=30836"}],"curies":[{"name":"wp","href":"https:\/\/api.w.org\/{rel}","templated":true}]}}