{"id":30784,"date":"2022-12-29T17:00:44","date_gmt":"2022-12-29T20:00:44","guid":{"rendered":"https:\/\/verdadeon.com.br\/portal\/?p=30784"},"modified":"2022-12-29T17:30:11","modified_gmt":"2022-12-29T20:30:11","slug":"sem-apoio-de-vereadores-cristais-paulista-deve-deixar-de-receber-r-12-milhao","status":"publish","type":"post","link":"https:\/\/verdadeon.com.br\/portal\/2022\/12\/29\/sem-apoio-de-vereadores-cristais-paulista-deve-deixar-de-receber-r-12-milhao\/","title":{"rendered":"Sem apoio de vereadores, Cristais Paulista deve deixar de receber R$ 1,2 milh\u00e3o"},"content":{"rendered":"<h2>Prefeita Katiuscia Leonardo Mendes pediu sess\u00e3o extraordin\u00e1ria, mas solicita\u00e7\u00e3o foi negada pelos vereadores. Decis\u00e3o foi divulgada nas redes sociais<\/h2>\n<p>Os vereadores e a prefeita de Cristais Paulista, Katiuscia Leonardo Mendes (PSD), n\u00e3o entraram em acordo e, sem a realiza\u00e7\u00e3o de uma sess\u00e3o extraordin\u00e1ria ainda em 2022, a cidade deve deixar de receber R$ 1,2 milh\u00e3o em recursos.<\/p>\n<p>O embate entre o Executivo e o Legislativo da cidade vizinha come\u00e7ou h\u00e1 algum tempo e ganhou um novo cap\u00edtulo nos \u00faltimos dias. Primeiro a prefeita fez uma live nas redes sociais afirmando que solicitaria uma sess\u00e3o extraordin\u00e1ria para votar o projeto da Prefeitura e pediu a compreens\u00e3o da C\u00e2mara. Horas depois foi a vez da C\u00e2mara se pronunciar afirmando que n\u00e3o realizaria a sess\u00e3o extraordin\u00e1ria neste ano e sim que, caso recebesse o projeto protocolado dentro dos tr\u00e2mites legais e ajustados com a interlocutora da Prefeitura, a vota\u00e7\u00e3o seria feita em 2023.<\/p>\n<p>Mesmo assim a prefeita tentou protocolar o projeto, mas encontrou as portas da C\u00e2mara Municipal fechadas, em recesso. Apesar dos apelos de Katiuscia Leonardo, o projeto n\u00e3o foi protocolado e, segundo ela, o valor deve ser perdido.<\/p>\n<p>\u201cEssas a\u00e7\u00f5es que estamos fazendo s\u00e3o em prol da popula\u00e7\u00e3o cristalense. Nos \u00faltimos dias tentamos o contato mais pr\u00f3ximo com a C\u00e2mara para mostrar a import\u00e2ncia desse assunto, mas infelizmente n\u00e3o conseguimos. N\u00e3o podemos aceitar perder verbas que chegam a R$ 1.2 milh\u00e3o que s\u00e3o investimentos para a cidade. Precisamos apenas de uma Sess\u00e3o Extraordin\u00e1ria da C\u00e2mara para aprova\u00e7\u00e3o dessas verbas\u201d, explicou a prefeita.<\/p>\n<p>\u201cE isso est\u00e1 acontecendo no final do ano porque esses valores chegaram no dia 22 de dezembro. Mas quando s\u00e3o coisas boas para Cristais, independente do dia, vamos lutar at\u00e9 o fim para conseguir realizar nossos objetivos. Conto com a ajuda de voc\u00eas e com o apoio dos vereadores para a libera\u00e7\u00e3o desses valores\u201d, completou Katiuscia.<\/p>\n<p>De acordo com Katiuscia Mendes, R$ 200 mil seriam utilizados para a aquisi\u00e7\u00e3o de equipamentos para as unidades de sa\u00fade, entre eles um Raio-X; R$ 400 mil para recapeamento e R$ 600 mil para uma esta\u00e7\u00e3o elevat\u00f3ria de tratamento de esgoto que permitiria a libera\u00e7\u00e3o de 149 casas populares.<\/p>\n<p>Em nota, a Prefeitura de Cristais Paulista informou que \u201cas a\u00e7\u00f5es realizadas nesta semana s\u00e3o todas em prol da popula\u00e7\u00e3o cristalense. A luta \u00e9 para que n\u00e3o se perca verbas que somadas chegam ao valor de R$ 1.2 milh\u00e3o. E, para isso, \u00e9 necess\u00e1rio que seja feita uma Sess\u00e3o Extraordin\u00e1ria para aprovar os investimentos no or\u00e7amento deste ano\u201d.<\/p>\n<p>Ainda segundo a Prefeitura, a uni\u00e3o da administra\u00e7\u00e3o municipal e da popula\u00e7\u00e3o em frente \u00e0 C\u00e2mara dos Vereadores aconteceu para que fosse protocolado o projeto da Prefeitura.<\/p>\n<p>\u201cA necessidade da sess\u00e3o na \u00faltima semana do ano acontece por conta de duas situa\u00e7\u00f5es. A primeira delas \u00e9 que a concretiza\u00e7\u00e3o das verbas aconteceu no \u00faltimo dia 22. Al\u00e9m disso, o segundo ponto \u00e9 que a LOA (Lei Or\u00e7ament\u00e1ria Anual) de 2023 foi reprovado, ou seja, se n\u00e3o houver a libera\u00e7\u00e3o das verbas at\u00e9 o pr\u00f3ximo dia 31, os valores ser\u00e3o perdidos e isso prejudicar\u00e1 demais diversas fam\u00edlias de Cristais Paulista\u201d, finalizou a nota.<\/p>\n<p>A reportagem do<strong> Verdade<\/strong> tentou contato com o atual presidente da C\u00e2mara de Cristais Paulista, Ant\u00f4nio dos Reis Moraes, o Totonho (PSDB), mas at\u00e9 o fechamento da mat\u00e9ria ele n\u00e3o atendeu \u00e0s chamadas feitas para o seu celular.<\/p>\n","protected":false},"excerpt":{"rendered":"<p>Prefeita Katiuscia Leonardo Mendes pediu sess\u00e3o extraordin\u00e1ria, mas solicita\u00e7\u00e3o foi negada pelos vereadores. Decis\u00e3o foi divulgada nas redes sociais Os vereadores e a prefeita de Cristais<span class=\"excerpt-hellip\"> [\u2026]<\/span><\/p>\n","protected":false},"author":10,"featured_media":30785,"comment_status":"open","ping_status":"open","sticky":false,"template":"","format":"standard","meta":{"_jetpack_memberships_contains_paid_content":false,"footnotes":"","jetpack_publicize_message":"","jetpack_publicize_feature_enabled":true,"jetpack_social_post_already_shared":false,"jetpack_social_options":{"image_generator_settings":{"template":"highway","default_image_id":0,"enabled":false},"version":2}},"categories":[28,81],"tags":[],"class_list":["post-30784","post","type-post","status-publish","format-standard","has-post-thumbnail","hentry","category-cotidiano","category-manchete"],"yoast_head":"<!-- This site is optimized with the Yoast SEO plugin v25.6 - https:\/\/yoast.com\/wordpress\/plugins\/seo\/ -->\n<title>Sem apoio de vereadores, Cristais Paulista deve deixar de receber R$ 1,2 milh\u00e3o - VerdadeOn<\/title>\n<meta name=\"robots\" content=\"index, follow, max-snippet:-1, max-image-preview:large, max-video-preview:-1\" \/>\n<link rel=\"canonical\" href=\"https:\/\/verdadeon.com.br\/portal\/2022\/12\/29\/sem-apoio-de-vereadores-cristais-paulista-deve-deixar-de-receber-r-12-milhao\/\" \/>\n<meta property=\"og:locale\" content=\"pt_BR\" \/>\n<meta property=\"og:type\" content=\"article\" \/>\n<meta property=\"og:title\" content=\"Sem apoio de vereadores, Cristais Paulista deve deixar de receber R$ 1,2 milh\u00e3o - VerdadeOn\" \/>\n<meta property=\"og:description\" content=\"Prefeita Katiuscia Leonardo Mendes pediu sess\u00e3o extraordin\u00e1ria, mas solicita\u00e7\u00e3o foi negada pelos vereadores. Decis\u00e3o foi divulgada nas redes sociais Os vereadores e a prefeita de Cristais [\u2026]\" \/>\n<meta property=\"og:url\" content=\"https:\/\/verdadeon.com.br\/portal\/2022\/12\/29\/sem-apoio-de-vereadores-cristais-paulista-deve-deixar-de-receber-r-12-milhao\/\" \/>\n<meta property=\"og:site_name\" content=\"VerdadeOn\" \/>\n<meta property=\"article:published_time\" content=\"2022-12-29T20:00:44+00:00\" \/>\n<meta property=\"article:modified_time\" content=\"2022-12-29T20:30:11+00:00\" \/>\n<meta property=\"og:image\" content=\"https:\/\/verdadeon.com.br\/portal\/wp-content\/uploads\/2022\/12\/WhatsApp-Image-2022-12-29-at-14.40.51.jpeg\" \/>\n\t<meta property=\"og:image:width\" content=\"1000\" \/>\n\t<meta property=\"og:image:height\" content=\"670\" \/>\n\t<meta property=\"og:image:type\" content=\"image\/jpeg\" \/>\n<meta name=\"author\" content=\"Redacao VerdadeOn\" \/>\n<meta name=\"twitter:card\" content=\"summary_large_image\" \/>\n<meta name=\"twitter:label1\" content=\"Escrito por\" \/>\n\t<meta name=\"twitter:data1\" content=\"Redacao VerdadeOn\" \/>\n\t<meta name=\"twitter:label2\" content=\"Est. tempo de leitura\" \/>\n\t<meta name=\"twitter:data2\" content=\"4 minutos\" \/>\n<script type=\"application\/ld+json\" class=\"yoast-schema-graph\">{\"@context\":\"https:\/\/schema.org\",\"@graph\":[{\"@type\":\"WebPage\",\"@id\":\"https:\/\/verdadeon.com.br\/portal\/2022\/12\/29\/sem-apoio-de-vereadores-cristais-paulista-deve-deixar-de-receber-r-12-milhao\/\",\"url\":\"https:\/\/verdadeon.com.br\/portal\/2022\/12\/29\/sem-apoio-de-vereadores-cristais-paulista-deve-deixar-de-receber-r-12-milhao\/\",\"name\":\"Sem apoio de vereadores, Cristais Paulista deve deixar de receber R$ 1,2 milh\u00e3o - VerdadeOn\",\"isPartOf\":{\"@id\":\"https:\/\/verdadeon.com.br\/portal\/#website\"},\"primaryImageOfPage\":{\"@id\":\"https:\/\/verdadeon.com.br\/portal\/2022\/12\/29\/sem-apoio-de-vereadores-cristais-paulista-deve-deixar-de-receber-r-12-milhao\/#primaryimage\"},\"image\":{\"@id\":\"https:\/\/verdadeon.com.br\/portal\/2022\/12\/29\/sem-apoio-de-vereadores-cristais-paulista-deve-deixar-de-receber-r-12-milhao\/#primaryimage\"},\"thumbnailUrl\":\"https:\/\/i0.wp.com\/verdadeon.com.br\/portal\/wp-content\/uploads\/2022\/12\/WhatsApp-Image-2022-12-29-at-14.40.51.jpeg?fit=1000%2C670&ssl=1\",\"datePublished\":\"2022-12-29T20:00:44+00:00\",\"dateModified\":\"2022-12-29T20:30:11+00:00\",\"author\":{\"@id\":\"https:\/\/verdadeon.com.br\/portal\/#\/schema\/person\/a5060ad1e9ea3df545188fc93ce43d2f\"},\"breadcrumb\":{\"@id\":\"https:\/\/verdadeon.com.br\/portal\/2022\/12\/29\/sem-apoio-de-vereadores-cristais-paulista-deve-deixar-de-receber-r-12-milhao\/#breadcrumb\"},\"inLanguage\":\"pt-BR\",\"potentialAction\":[{\"@type\":\"ReadAction\",\"target\":[\"https:\/\/verdadeon.com.br\/portal\/2022\/12\/29\/sem-apoio-de-vereadores-cristais-paulista-deve-deixar-de-receber-r-12-milhao\/\"]}]},{\"@type\":\"ImageObject\",\"inLanguage\":\"pt-BR\",\"@id\":\"https:\/\/verdadeon.com.br\/portal\/2022\/12\/29\/sem-apoio-de-vereadores-cristais-paulista-deve-deixar-de-receber-r-12-milhao\/#primaryimage\",\"url\":\"https:\/\/i0.wp.com\/verdadeon.com.br\/portal\/wp-content\/uploads\/2022\/12\/WhatsApp-Image-2022-12-29-at-14.40.51.jpeg?fit=1000%2C670&ssl=1\",\"contentUrl\":\"https:\/\/i0.wp.com\/verdadeon.com.br\/portal\/wp-content\/uploads\/2022\/12\/WhatsApp-Image-2022-12-29-at-14.40.51.jpeg?fit=1000%2C670&ssl=1\",\"width\":1000,\"height\":670,\"caption\":\"A prefeita Katiuscia Leonardo Mendes em frente \u00e0 C\u00e2mara de Cristais Paulista| Reprodu\u00e7\u00e3o Redes Sociais\"},{\"@type\":\"BreadcrumbList\",\"@id\":\"https:\/\/verdadeon.com.br\/portal\/2022\/12\/29\/sem-apoio-de-vereadores-cristais-paulista-deve-deixar-de-receber-r-12-milhao\/#breadcrumb\",\"itemListElement\":[{\"@type\":\"ListItem\",\"position\":1,\"name\":\"In\u00edcio\",\"item\":\"https:\/\/verdadeon.com.br\/portal\/\"},{\"@type\":\"ListItem\",\"position\":2,\"name\":\"Sem apoio de vereadores, Cristais Paulista deve deixar de receber R$ 1,2 milh\u00e3o\"}]},{\"@type\":\"WebSite\",\"@id\":\"https:\/\/verdadeon.com.br\/portal\/#website\",\"url\":\"https:\/\/verdadeon.com.br\/portal\/\",\"name\":\"VerdadeOn\",\"description\":\"Not\u00edcias di\u00e1rias sobre Franca, Regi\u00e3o, Esporte, Cultura, Cotidiano, Colunas. Cobertura nos principais eventos da cidade \u00e9 aqui - Verdadeon Franca\",\"potentialAction\":[{\"@type\":\"SearchAction\",\"target\":{\"@type\":\"EntryPoint\",\"urlTemplate\":\"https:\/\/verdadeon.com.br\/portal\/?s={search_term_string}\"},\"query-input\":{\"@type\":\"PropertyValueSpecification\",\"valueRequired\":true,\"valueName\":\"search_term_string\"}}],\"inLanguage\":\"pt-BR\"},{\"@type\":\"Person\",\"@id\":\"https:\/\/verdadeon.com.br\/portal\/#\/schema\/person\/a5060ad1e9ea3df545188fc93ce43d2f\",\"name\":\"Redacao VerdadeOn\",\"image\":{\"@type\":\"ImageObject\",\"inLanguage\":\"pt-BR\",\"@id\":\"https:\/\/verdadeon.com.br\/portal\/#\/schema\/person\/image\/\",\"url\":\"https:\/\/secure.gravatar.com\/avatar\/459a9613caaaf07f582c3d0841eea68bdd66f533e465e6ba8b9cb45619572cf4?s=96&d=mm&r=g\",\"contentUrl\":\"https:\/\/secure.gravatar.com\/avatar\/459a9613caaaf07f582c3d0841eea68bdd66f533e465e6ba8b9cb45619572cf4?s=96&d=mm&r=g\",\"caption\":\"Redacao VerdadeOn\"},\"url\":\"https:\/\/verdadeon.com.br\/portal\/author\/redacao\/\"}]}<\/script>\n<!-- \/ Yoast SEO plugin. -->","yoast_head_json":{"title":"Sem apoio de vereadores, Cristais Paulista deve deixar de receber R$ 1,2 milh\u00e3o - VerdadeOn","robots":{"index":"index","follow":"follow","max-snippet":"max-snippet:-1","max-image-preview":"max-image-preview:large","max-video-preview":"max-video-preview:-1"},"canonical":"https:\/\/verdadeon.com.br\/portal\/2022\/12\/29\/sem-apoio-de-vereadores-cristais-paulista-deve-deixar-de-receber-r-12-milhao\/","og_locale":"pt_BR","og_type":"article","og_title":"Sem apoio de vereadores, Cristais Paulista deve deixar de receber R$ 1,2 milh\u00e3o - VerdadeOn","og_description":"Prefeita Katiuscia Leonardo Mendes pediu sess\u00e3o extraordin\u00e1ria, mas solicita\u00e7\u00e3o foi negada pelos vereadores. Decis\u00e3o foi divulgada nas redes sociais Os vereadores e a prefeita de Cristais [\u2026]","og_url":"https:\/\/verdadeon.com.br\/portal\/2022\/12\/29\/sem-apoio-de-vereadores-cristais-paulista-deve-deixar-de-receber-r-12-milhao\/","og_site_name":"VerdadeOn","article_published_time":"2022-12-29T20:00:44+00:00","article_modified_time":"2022-12-29T20:30:11+00:00","og_image":[{"width":1000,"height":670,"url":"https:\/\/verdadeon.com.br\/portal\/wp-content\/uploads\/2022\/12\/WhatsApp-Image-2022-12-29-at-14.40.51.jpeg","type":"image\/jpeg"}],"author":"Redacao VerdadeOn","twitter_card":"summary_large_image","twitter_misc":{"Escrito por":"Redacao VerdadeOn","Est. tempo de leitura":"4 minutos"},"schema":{"@context":"https:\/\/schema.org","@graph":[{"@type":"WebPage","@id":"https:\/\/verdadeon.com.br\/portal\/2022\/12\/29\/sem-apoio-de-vereadores-cristais-paulista-deve-deixar-de-receber-r-12-milhao\/","url":"https:\/\/verdadeon.com.br\/portal\/2022\/12\/29\/sem-apoio-de-vereadores-cristais-paulista-deve-deixar-de-receber-r-12-milhao\/","name":"Sem apoio de vereadores, Cristais Paulista deve deixar de receber R$ 1,2 milh\u00e3o - VerdadeOn","isPartOf":{"@id":"https:\/\/verdadeon.com.br\/portal\/#website"},"primaryImageOfPage":{"@id":"https:\/\/verdadeon.com.br\/portal\/2022\/12\/29\/sem-apoio-de-vereadores-cristais-paulista-deve-deixar-de-receber-r-12-milhao\/#primaryimage"},"image":{"@id":"https:\/\/verdadeon.com.br\/portal\/2022\/12\/29\/sem-apoio-de-vereadores-cristais-paulista-deve-deixar-de-receber-r-12-milhao\/#primaryimage"},"thumbnailUrl":"https:\/\/i0.wp.com\/verdadeon.com.br\/portal\/wp-content\/uploads\/2022\/12\/WhatsApp-Image-2022-12-29-at-14.40.51.jpeg?fit=1000%2C670&ssl=1","datePublished":"2022-12-29T20:00:44+00:00","dateModified":"2022-12-29T20:30:11+00:00","author":{"@id":"https:\/\/verdadeon.com.br\/portal\/#\/schema\/person\/a5060ad1e9ea3df545188fc93ce43d2f"},"breadcrumb":{"@id":"https:\/\/verdadeon.com.br\/portal\/2022\/12\/29\/sem-apoio-de-vereadores-cristais-paulista-deve-deixar-de-receber-r-12-milhao\/#breadcrumb"},"inLanguage":"pt-BR","potentialAction":[{"@type":"ReadAction","target":["https:\/\/verdadeon.com.br\/portal\/2022\/12\/29\/sem-apoio-de-vereadores-cristais-paulista-deve-deixar-de-receber-r-12-milhao\/"]}]},{"@type":"ImageObject","inLanguage":"pt-BR","@id":"https:\/\/verdadeon.com.br\/portal\/2022\/12\/29\/sem-apoio-de-vereadores-cristais-paulista-deve-deixar-de-receber-r-12-milhao\/#primaryimage","url":"https:\/\/i0.wp.com\/verdadeon.com.br\/portal\/wp-content\/uploads\/2022\/12\/WhatsApp-Image-2022-12-29-at-14.40.51.jpeg?fit=1000%2C670&ssl=1","contentUrl":"https:\/\/i0.wp.com\/verdadeon.com.br\/portal\/wp-content\/uploads\/2022\/12\/WhatsApp-Image-2022-12-29-at-14.40.51.jpeg?fit=1000%2C670&ssl=1","width":1000,"height":670,"caption":"A prefeita Katiuscia Leonardo Mendes em frente \u00e0 C\u00e2mara de Cristais Paulista| Reprodu\u00e7\u00e3o Redes Sociais"},{"@type":"BreadcrumbList","@id":"https:\/\/verdadeon.com.br\/portal\/2022\/12\/29\/sem-apoio-de-vereadores-cristais-paulista-deve-deixar-de-receber-r-12-milhao\/#breadcrumb","itemListElement":[{"@type":"ListItem","position":1,"name":"In\u00edcio","item":"https:\/\/verdadeon.com.br\/portal\/"},{"@type":"ListItem","position":2,"name":"Sem apoio de vereadores, Cristais Paulista deve deixar de receber R$ 1,2 milh\u00e3o"}]},{"@type":"WebSite","@id":"https:\/\/verdadeon.com.br\/portal\/#website","url":"https:\/\/verdadeon.com.br\/portal\/","name":"VerdadeOn","description":"Not\u00edcias di\u00e1rias sobre Franca, Regi\u00e3o, Esporte, Cultura, Cotidiano, Colunas. Cobertura nos principais eventos da cidade \u00e9 aqui - Verdadeon Franca","potentialAction":[{"@type":"SearchAction","target":{"@type":"EntryPoint","urlTemplate":"https:\/\/verdadeon.com.br\/portal\/?s={search_term_string}"},"query-input":{"@type":"PropertyValueSpecification","valueRequired":true,"valueName":"search_term_string"}}],"inLanguage":"pt-BR"},{"@type":"Person","@id":"https:\/\/verdadeon.com.br\/portal\/#\/schema\/person\/a5060ad1e9ea3df545188fc93ce43d2f","name":"Redacao VerdadeOn","image":{"@type":"ImageObject","inLanguage":"pt-BR","@id":"https:\/\/verdadeon.com.br\/portal\/#\/schema\/person\/image\/","url":"https:\/\/secure.gravatar.com\/avatar\/459a9613caaaf07f582c3d0841eea68bdd66f533e465e6ba8b9cb45619572cf4?s=96&d=mm&r=g","contentUrl":"https:\/\/secure.gravatar.com\/avatar\/459a9613caaaf07f582c3d0841eea68bdd66f533e465e6ba8b9cb45619572cf4?s=96&d=mm&r=g","caption":"Redacao VerdadeOn"},"url":"https:\/\/verdadeon.com.br\/portal\/author\/redacao\/"}]}},"jetpack_publicize_connections":[],"jetpack_featured_media_url":"https:\/\/i0.wp.com\/verdadeon.com.br\/portal\/wp-content\/uploads\/2022\/12\/WhatsApp-Image-2022-12-29-at-14.40.51.jpeg?fit=1000%2C670&ssl=1","jetpack_sharing_enabled":true,"_links":{"self":[{"href":"https:\/\/verdadeon.com.br\/portal\/wp-json\/wp\/v2\/posts\/30784","targetHints":{"allow":["GET"]}}],"collection":[{"href":"https:\/\/verdadeon.com.br\/portal\/wp-json\/wp\/v2\/posts"}],"about":[{"href":"https:\/\/verdadeon.com.br\/portal\/wp-json\/wp\/v2\/types\/post"}],"author":[{"embeddable":true,"href":"https:\/\/verdadeon.com.br\/portal\/wp-json\/wp\/v2\/users\/10"}],"replies":[{"embeddable":true,"href":"https:\/\/verdadeon.com.br\/portal\/wp-json\/wp\/v2\/comments?post=30784"}],"version-history":[{"count":1,"href":"https:\/\/verdadeon.com.br\/portal\/wp-json\/wp\/v2\/posts\/30784\/revisions"}],"predecessor-version":[{"id":30786,"href":"https:\/\/verdadeon.com.br\/portal\/wp-json\/wp\/v2\/posts\/30784\/revisions\/30786"}],"wp:featuredmedia":[{"embeddable":true,"href":"https:\/\/verdadeon.com.br\/portal\/wp-json\/wp\/v2\/media\/30785"}],"wp:attachment":[{"href":"https:\/\/verdadeon.com.br\/portal\/wp-json\/wp\/v2\/media?parent=30784"}],"wp:term":[{"taxonomy":"category","embeddable":true,"href":"https:\/\/verdadeon.com.br\/portal\/wp-json\/wp\/v2\/categories?post=30784"},{"taxonomy":"post_tag","embeddable":true,"href":"https:\/\/verdadeon.com.br\/portal\/wp-json\/wp\/v2\/tags?post=30784"}],"curies":[{"name":"wp","href":"https:\/\/api.w.org\/{rel}","templated":true}]}}