{"id":30755,"date":"2022-12-28T17:55:59","date_gmt":"2022-12-28T20:55:59","guid":{"rendered":"https:\/\/verdadeon.com.br\/portal\/?p=30755"},"modified":"2022-12-28T17:55:59","modified_gmt":"2022-12-28T20:55:59","slug":"geracao-de-empregos-formais-cai-de-outubro-para-novembro-em-franca","status":"publish","type":"post","link":"https:\/\/verdadeon.com.br\/portal\/2022\/12\/28\/geracao-de-empregos-formais-cai-de-outubro-para-novembro-em-franca\/","title":{"rendered":"Gera\u00e7\u00e3o de empregos formais cai de outubro para novembro em Franca"},"content":{"rendered":"<h2>Dados do Caged mostraram que foram 3.847 contrata\u00e7\u00f5es contra 4.450 demiss\u00f5es em novembro deste ano; ind\u00fastria teve saldo negativo de 947 vagas<\/h2>\n<p>O n\u00famero de vagas formais geradas em Franca caiu de outubro para novembro. Enquanto no m\u00eas anterior o saldo foi positivo, no pen\u00faltimo m\u00eas deste ano a cidade viu o n\u00famero despencar e ficar negativo: 603 oportunidades foram fechadas. Foram realizadas 3.847 contrata\u00e7\u00f5es contra 4.450 demiss\u00f5es. A ind\u00fastria foi o setor com o pior saldo. J\u00e1 o com\u00e9rcio teve resultado positivo.<\/p>\n<p>Os dados s\u00e3o do Caged (Cadastro Geral de Empregados e Desempregados) e foram divulgados nesta quarta-feira, 28, pelo Minist\u00e9rio do Trabalho e Previd\u00eancia. No com\u00e9rcio foram criadas 316 vagas e 57 na \u00e1rea de servi\u00e7os, enquanto na agropecu\u00e1ria, constru\u00e7\u00e3o e ind\u00fastria os saldos foram negativos: -1; -28; e -947 vagas, respectivamente.<\/p>\n<p>Tradicionalmente o setor cal\u00e7adista, que engloba a ind\u00fastria, fecha vagas no fim do ano, o que pode ser reflexo direto do resultado negativo do setor.<\/p>\n<p>Em outubro, diferente do que aconteceu em novembro, Franca registrou um saldo de 511 empregos. Foram 4.695 contrata\u00e7\u00f5es contra 4.184 demiss\u00f5es. Esse n\u00famero, apesar de positivo, j\u00e1 mostrava uma queda de 47,8% em rela\u00e7\u00e3o ao mesmo m\u00eas de 2021.<\/p>\n<p><strong>VAGAS <\/strong><\/p>\n<p>Apesar do resultado negativo de novembro, a Prefeitura divulgou que em 2022, apenas atrav\u00e9s do Programa &#8216;Emprega Franca&#8217;, servi\u00e7o disponibilizado atrav\u00e9s da Secretaria de Desenvolvimento, foram oferecidas 3.272 vagas de empregos.<\/p>\n<p>Atualmente est\u00e3o dispon\u00edveis 147 vagas de trabalho para profissionais nas \u00e1reas administrativas, vendedores, caseiros de ch\u00e1cara, estoquista, auxiliares de administra\u00e7\u00e3o, produ\u00e7\u00e3o e muitos outros.<\/p>\n<p>Os interessados podem consultar as vagas atrav\u00e9s do link: <a href=\"https:\/\/www.franca.sp.gov.br\/arquivos\/pat\/documentos\/vagas-27122022.pdf\">https:\/\/www.franca.sp.gov.br\/arquivos\/pat\/documentos\/vagas-27122022.pdf<\/a>. Ap\u00f3s conferir a vaga de interesse, o candidato pode se inscrever diretamente no link do Emprega Franca.<\/p>\n","protected":false},"excerpt":{"rendered":"<p>Dados do Caged mostraram que foram 3.847 contrata\u00e7\u00f5es contra 4.450 demiss\u00f5es em novembro deste ano; ind\u00fastria teve saldo negativo de 947 vagas O n\u00famero de vagas<span class=\"excerpt-hellip\"> [\u2026]<\/span><\/p>\n","protected":false},"author":10,"featured_media":30756,"comment_status":"open","ping_status":"open","sticky":false,"template":"","format":"standard","meta":{"_jetpack_memberships_contains_paid_content":false,"footnotes":"","jetpack_publicize_message":"","jetpack_publicize_feature_enabled":true,"jetpack_social_post_already_shared":false,"jetpack_social_options":{"image_generator_settings":{"template":"highway","default_image_id":0,"enabled":false},"version":2}},"categories":[28,81],"tags":[],"class_list":["post-30755","post","type-post","status-publish","format-standard","has-post-thumbnail","hentry","category-cotidiano","category-manchete"],"yoast_head":"<!-- This site is optimized with the Yoast SEO plugin v25.6 - https:\/\/yoast.com\/wordpress\/plugins\/seo\/ -->\n<title>Gera\u00e7\u00e3o de empregos formais cai de outubro para novembro em Franca - VerdadeOn<\/title>\n<meta name=\"robots\" content=\"index, follow, max-snippet:-1, max-image-preview:large, max-video-preview:-1\" \/>\n<link rel=\"canonical\" href=\"https:\/\/verdadeon.com.br\/portal\/2022\/12\/28\/geracao-de-empregos-formais-cai-de-outubro-para-novembro-em-franca\/\" \/>\n<meta property=\"og:locale\" content=\"pt_BR\" \/>\n<meta property=\"og:type\" content=\"article\" \/>\n<meta property=\"og:title\" content=\"Gera\u00e7\u00e3o de empregos formais cai de outubro para novembro em Franca - VerdadeOn\" \/>\n<meta property=\"og:description\" content=\"Dados do Caged mostraram que foram 3.847 contrata\u00e7\u00f5es contra 4.450 demiss\u00f5es em novembro deste ano; ind\u00fastria teve saldo negativo de 947 vagas O n\u00famero de vagas [\u2026]\" \/>\n<meta property=\"og:url\" content=\"https:\/\/verdadeon.com.br\/portal\/2022\/12\/28\/geracao-de-empregos-formais-cai-de-outubro-para-novembro-em-franca\/\" \/>\n<meta property=\"og:site_name\" content=\"VerdadeOn\" \/>\n<meta property=\"article:published_time\" content=\"2022-12-28T20:55:59+00:00\" \/>\n<meta property=\"og:image\" content=\"https:\/\/verdadeon.com.br\/portal\/wp-content\/uploads\/2022\/12\/WhatsApp-Image-2022-12-27-at-11.23.08.jpeg\" \/>\n\t<meta property=\"og:image:width\" content=\"1280\" \/>\n\t<meta property=\"og:image:height\" content=\"854\" \/>\n\t<meta property=\"og:image:type\" content=\"image\/jpeg\" \/>\n<meta name=\"author\" content=\"Redacao VerdadeOn\" \/>\n<meta name=\"twitter:card\" content=\"summary_large_image\" \/>\n<meta name=\"twitter:label1\" content=\"Escrito por\" \/>\n\t<meta name=\"twitter:data1\" content=\"Redacao VerdadeOn\" \/>\n\t<meta name=\"twitter:label2\" content=\"Est. tempo de leitura\" \/>\n\t<meta name=\"twitter:data2\" content=\"2 minutos\" \/>\n<script type=\"application\/ld+json\" class=\"yoast-schema-graph\">{\"@context\":\"https:\/\/schema.org\",\"@graph\":[{\"@type\":\"WebPage\",\"@id\":\"https:\/\/verdadeon.com.br\/portal\/2022\/12\/28\/geracao-de-empregos-formais-cai-de-outubro-para-novembro-em-franca\/\",\"url\":\"https:\/\/verdadeon.com.br\/portal\/2022\/12\/28\/geracao-de-empregos-formais-cai-de-outubro-para-novembro-em-franca\/\",\"name\":\"Gera\u00e7\u00e3o de empregos formais cai de outubro para novembro em Franca - VerdadeOn\",\"isPartOf\":{\"@id\":\"https:\/\/verdadeon.com.br\/portal\/#website\"},\"primaryImageOfPage\":{\"@id\":\"https:\/\/verdadeon.com.br\/portal\/2022\/12\/28\/geracao-de-empregos-formais-cai-de-outubro-para-novembro-em-franca\/#primaryimage\"},\"image\":{\"@id\":\"https:\/\/verdadeon.com.br\/portal\/2022\/12\/28\/geracao-de-empregos-formais-cai-de-outubro-para-novembro-em-franca\/#primaryimage\"},\"thumbnailUrl\":\"https:\/\/i0.wp.com\/verdadeon.com.br\/portal\/wp-content\/uploads\/2022\/12\/WhatsApp-Image-2022-12-27-at-11.23.08.jpeg?fit=1280%2C854&ssl=1\",\"datePublished\":\"2022-12-28T20:55:59+00:00\",\"author\":{\"@id\":\"https:\/\/verdadeon.com.br\/portal\/#\/schema\/person\/a5060ad1e9ea3df545188fc93ce43d2f\"},\"breadcrumb\":{\"@id\":\"https:\/\/verdadeon.com.br\/portal\/2022\/12\/28\/geracao-de-empregos-formais-cai-de-outubro-para-novembro-em-franca\/#breadcrumb\"},\"inLanguage\":\"pt-BR\",\"potentialAction\":[{\"@type\":\"ReadAction\",\"target\":[\"https:\/\/verdadeon.com.br\/portal\/2022\/12\/28\/geracao-de-empregos-formais-cai-de-outubro-para-novembro-em-franca\/\"]}]},{\"@type\":\"ImageObject\",\"inLanguage\":\"pt-BR\",\"@id\":\"https:\/\/verdadeon.com.br\/portal\/2022\/12\/28\/geracao-de-empregos-formais-cai-de-outubro-para-novembro-em-franca\/#primaryimage\",\"url\":\"https:\/\/i0.wp.com\/verdadeon.com.br\/portal\/wp-content\/uploads\/2022\/12\/WhatsApp-Image-2022-12-27-at-11.23.08.jpeg?fit=1280%2C854&ssl=1\",\"contentUrl\":\"https:\/\/i0.wp.com\/verdadeon.com.br\/portal\/wp-content\/uploads\/2022\/12\/WhatsApp-Image-2022-12-27-at-11.23.08.jpeg?fit=1280%2C854&ssl=1\",\"width\":1280,\"height\":854,\"caption\":\"Apesar do resultado negativo, o Emprega Franca, da Prefeitura, est\u00e1 com mais de 140 oportunidades dispon\u00edveis| Divulga\u00e7\u00e3o Prefeitura de Franca\"},{\"@type\":\"BreadcrumbList\",\"@id\":\"https:\/\/verdadeon.com.br\/portal\/2022\/12\/28\/geracao-de-empregos-formais-cai-de-outubro-para-novembro-em-franca\/#breadcrumb\",\"itemListElement\":[{\"@type\":\"ListItem\",\"position\":1,\"name\":\"In\u00edcio\",\"item\":\"https:\/\/verdadeon.com.br\/portal\/\"},{\"@type\":\"ListItem\",\"position\":2,\"name\":\"Gera\u00e7\u00e3o de empregos formais cai de outubro para novembro em Franca\"}]},{\"@type\":\"WebSite\",\"@id\":\"https:\/\/verdadeon.com.br\/portal\/#website\",\"url\":\"https:\/\/verdadeon.com.br\/portal\/\",\"name\":\"VerdadeOn\",\"description\":\"Not\u00edcias di\u00e1rias sobre Franca, Regi\u00e3o, Esporte, Cultura, Cotidiano, Colunas. Cobertura nos principais eventos da cidade \u00e9 aqui - Verdadeon Franca\",\"potentialAction\":[{\"@type\":\"SearchAction\",\"target\":{\"@type\":\"EntryPoint\",\"urlTemplate\":\"https:\/\/verdadeon.com.br\/portal\/?s={search_term_string}\"},\"query-input\":{\"@type\":\"PropertyValueSpecification\",\"valueRequired\":true,\"valueName\":\"search_term_string\"}}],\"inLanguage\":\"pt-BR\"},{\"@type\":\"Person\",\"@id\":\"https:\/\/verdadeon.com.br\/portal\/#\/schema\/person\/a5060ad1e9ea3df545188fc93ce43d2f\",\"name\":\"Redacao VerdadeOn\",\"image\":{\"@type\":\"ImageObject\",\"inLanguage\":\"pt-BR\",\"@id\":\"https:\/\/verdadeon.com.br\/portal\/#\/schema\/person\/image\/\",\"url\":\"https:\/\/secure.gravatar.com\/avatar\/459a9613caaaf07f582c3d0841eea68bdd66f533e465e6ba8b9cb45619572cf4?s=96&d=mm&r=g\",\"contentUrl\":\"https:\/\/secure.gravatar.com\/avatar\/459a9613caaaf07f582c3d0841eea68bdd66f533e465e6ba8b9cb45619572cf4?s=96&d=mm&r=g\",\"caption\":\"Redacao VerdadeOn\"},\"url\":\"https:\/\/verdadeon.com.br\/portal\/author\/redacao\/\"}]}<\/script>\n<!-- \/ Yoast SEO plugin. -->","yoast_head_json":{"title":"Gera\u00e7\u00e3o de empregos formais cai de outubro para novembro em Franca - VerdadeOn","robots":{"index":"index","follow":"follow","max-snippet":"max-snippet:-1","max-image-preview":"max-image-preview:large","max-video-preview":"max-video-preview:-1"},"canonical":"https:\/\/verdadeon.com.br\/portal\/2022\/12\/28\/geracao-de-empregos-formais-cai-de-outubro-para-novembro-em-franca\/","og_locale":"pt_BR","og_type":"article","og_title":"Gera\u00e7\u00e3o de empregos formais cai de outubro para novembro em Franca - VerdadeOn","og_description":"Dados do Caged mostraram que foram 3.847 contrata\u00e7\u00f5es contra 4.450 demiss\u00f5es em novembro deste ano; ind\u00fastria teve saldo negativo de 947 vagas O n\u00famero de vagas [\u2026]","og_url":"https:\/\/verdadeon.com.br\/portal\/2022\/12\/28\/geracao-de-empregos-formais-cai-de-outubro-para-novembro-em-franca\/","og_site_name":"VerdadeOn","article_published_time":"2022-12-28T20:55:59+00:00","og_image":[{"width":1280,"height":854,"url":"https:\/\/verdadeon.com.br\/portal\/wp-content\/uploads\/2022\/12\/WhatsApp-Image-2022-12-27-at-11.23.08.jpeg","type":"image\/jpeg"}],"author":"Redacao VerdadeOn","twitter_card":"summary_large_image","twitter_misc":{"Escrito por":"Redacao VerdadeOn","Est. tempo de leitura":"2 minutos"},"schema":{"@context":"https:\/\/schema.org","@graph":[{"@type":"WebPage","@id":"https:\/\/verdadeon.com.br\/portal\/2022\/12\/28\/geracao-de-empregos-formais-cai-de-outubro-para-novembro-em-franca\/","url":"https:\/\/verdadeon.com.br\/portal\/2022\/12\/28\/geracao-de-empregos-formais-cai-de-outubro-para-novembro-em-franca\/","name":"Gera\u00e7\u00e3o de empregos formais cai de outubro para novembro em Franca - VerdadeOn","isPartOf":{"@id":"https:\/\/verdadeon.com.br\/portal\/#website"},"primaryImageOfPage":{"@id":"https:\/\/verdadeon.com.br\/portal\/2022\/12\/28\/geracao-de-empregos-formais-cai-de-outubro-para-novembro-em-franca\/#primaryimage"},"image":{"@id":"https:\/\/verdadeon.com.br\/portal\/2022\/12\/28\/geracao-de-empregos-formais-cai-de-outubro-para-novembro-em-franca\/#primaryimage"},"thumbnailUrl":"https:\/\/i0.wp.com\/verdadeon.com.br\/portal\/wp-content\/uploads\/2022\/12\/WhatsApp-Image-2022-12-27-at-11.23.08.jpeg?fit=1280%2C854&ssl=1","datePublished":"2022-12-28T20:55:59+00:00","author":{"@id":"https:\/\/verdadeon.com.br\/portal\/#\/schema\/person\/a5060ad1e9ea3df545188fc93ce43d2f"},"breadcrumb":{"@id":"https:\/\/verdadeon.com.br\/portal\/2022\/12\/28\/geracao-de-empregos-formais-cai-de-outubro-para-novembro-em-franca\/#breadcrumb"},"inLanguage":"pt-BR","potentialAction":[{"@type":"ReadAction","target":["https:\/\/verdadeon.com.br\/portal\/2022\/12\/28\/geracao-de-empregos-formais-cai-de-outubro-para-novembro-em-franca\/"]}]},{"@type":"ImageObject","inLanguage":"pt-BR","@id":"https:\/\/verdadeon.com.br\/portal\/2022\/12\/28\/geracao-de-empregos-formais-cai-de-outubro-para-novembro-em-franca\/#primaryimage","url":"https:\/\/i0.wp.com\/verdadeon.com.br\/portal\/wp-content\/uploads\/2022\/12\/WhatsApp-Image-2022-12-27-at-11.23.08.jpeg?fit=1280%2C854&ssl=1","contentUrl":"https:\/\/i0.wp.com\/verdadeon.com.br\/portal\/wp-content\/uploads\/2022\/12\/WhatsApp-Image-2022-12-27-at-11.23.08.jpeg?fit=1280%2C854&ssl=1","width":1280,"height":854,"caption":"Apesar do resultado negativo, o Emprega Franca, da Prefeitura, est\u00e1 com mais de 140 oportunidades dispon\u00edveis| Divulga\u00e7\u00e3o Prefeitura de Franca"},{"@type":"BreadcrumbList","@id":"https:\/\/verdadeon.com.br\/portal\/2022\/12\/28\/geracao-de-empregos-formais-cai-de-outubro-para-novembro-em-franca\/#breadcrumb","itemListElement":[{"@type":"ListItem","position":1,"name":"In\u00edcio","item":"https:\/\/verdadeon.com.br\/portal\/"},{"@type":"ListItem","position":2,"name":"Gera\u00e7\u00e3o de empregos formais cai de outubro para novembro em Franca"}]},{"@type":"WebSite","@id":"https:\/\/verdadeon.com.br\/portal\/#website","url":"https:\/\/verdadeon.com.br\/portal\/","name":"VerdadeOn","description":"Not\u00edcias di\u00e1rias sobre Franca, Regi\u00e3o, Esporte, Cultura, Cotidiano, Colunas. Cobertura nos principais eventos da cidade \u00e9 aqui - Verdadeon Franca","potentialAction":[{"@type":"SearchAction","target":{"@type":"EntryPoint","urlTemplate":"https:\/\/verdadeon.com.br\/portal\/?s={search_term_string}"},"query-input":{"@type":"PropertyValueSpecification","valueRequired":true,"valueName":"search_term_string"}}],"inLanguage":"pt-BR"},{"@type":"Person","@id":"https:\/\/verdadeon.com.br\/portal\/#\/schema\/person\/a5060ad1e9ea3df545188fc93ce43d2f","name":"Redacao VerdadeOn","image":{"@type":"ImageObject","inLanguage":"pt-BR","@id":"https:\/\/verdadeon.com.br\/portal\/#\/schema\/person\/image\/","url":"https:\/\/secure.gravatar.com\/avatar\/459a9613caaaf07f582c3d0841eea68bdd66f533e465e6ba8b9cb45619572cf4?s=96&d=mm&r=g","contentUrl":"https:\/\/secure.gravatar.com\/avatar\/459a9613caaaf07f582c3d0841eea68bdd66f533e465e6ba8b9cb45619572cf4?s=96&d=mm&r=g","caption":"Redacao VerdadeOn"},"url":"https:\/\/verdadeon.com.br\/portal\/author\/redacao\/"}]}},"jetpack_publicize_connections":[],"jetpack_featured_media_url":"https:\/\/i0.wp.com\/verdadeon.com.br\/portal\/wp-content\/uploads\/2022\/12\/WhatsApp-Image-2022-12-27-at-11.23.08.jpeg?fit=1280%2C854&ssl=1","jetpack_sharing_enabled":true,"_links":{"self":[{"href":"https:\/\/verdadeon.com.br\/portal\/wp-json\/wp\/v2\/posts\/30755","targetHints":{"allow":["GET"]}}],"collection":[{"href":"https:\/\/verdadeon.com.br\/portal\/wp-json\/wp\/v2\/posts"}],"about":[{"href":"https:\/\/verdadeon.com.br\/portal\/wp-json\/wp\/v2\/types\/post"}],"author":[{"embeddable":true,"href":"https:\/\/verdadeon.com.br\/portal\/wp-json\/wp\/v2\/users\/10"}],"replies":[{"embeddable":true,"href":"https:\/\/verdadeon.com.br\/portal\/wp-json\/wp\/v2\/comments?post=30755"}],"version-history":[{"count":1,"href":"https:\/\/verdadeon.com.br\/portal\/wp-json\/wp\/v2\/posts\/30755\/revisions"}],"predecessor-version":[{"id":30757,"href":"https:\/\/verdadeon.com.br\/portal\/wp-json\/wp\/v2\/posts\/30755\/revisions\/30757"}],"wp:featuredmedia":[{"embeddable":true,"href":"https:\/\/verdadeon.com.br\/portal\/wp-json\/wp\/v2\/media\/30756"}],"wp:attachment":[{"href":"https:\/\/verdadeon.com.br\/portal\/wp-json\/wp\/v2\/media?parent=30755"}],"wp:term":[{"taxonomy":"category","embeddable":true,"href":"https:\/\/verdadeon.com.br\/portal\/wp-json\/wp\/v2\/categories?post=30755"},{"taxonomy":"post_tag","embeddable":true,"href":"https:\/\/verdadeon.com.br\/portal\/wp-json\/wp\/v2\/tags?post=30755"}],"curies":[{"name":"wp","href":"https:\/\/api.w.org\/{rel}","templated":true}]}}