{"id":30372,"date":"2022-12-13T15:27:27","date_gmt":"2022-12-13T18:27:27","guid":{"rendered":"https:\/\/verdadeon.com.br\/portal\/?p=30372"},"modified":"2022-12-13T15:27:27","modified_gmt":"2022-12-13T18:27:27","slug":"funcionarios-elegem-acif-como-excelente-lugar-para-se-trabalhar","status":"publish","type":"post","link":"https:\/\/verdadeon.com.br\/portal\/2022\/12\/13\/funcionarios-elegem-acif-como-excelente-lugar-para-se-trabalhar\/","title":{"rendered":"Funcion\u00e1rios elegem ACIF como excelente lugar para se trabalhar\u00a0"},"content":{"rendered":"<h2>Entidade foi considerada um excelente lugar para se trabalhar em pesquisa confidencial feita com os colaboradores<\/h2>\n<p>A ACIF (Associa\u00e7\u00e3o do Com\u00e9rcio e Ind\u00fastria de Franca) foi considerada mais uma vez um excelente lugar para se trabalhar. A entidade teve recentemente renovado o certificado GPTW (Great Place to Work). O reconhecimento veio atrav\u00e9s de uma pesquisa de clima aplicada com a metodologia da GPTW.<\/p>\n<p>A pesquisa \u00e9 respondida de forma confidencial por todos os funcion\u00e1rios da entidade com mais de 3 meses de contrata\u00e7\u00e3o. A pontua\u00e7\u00e3o alcan\u00e7ada pela ACIF foi de 90, sendo que o m\u00e1ximo poss\u00edvel era 100.<\/p>\n<p>Entre os benef\u00edcios oferecidos pela entidade aos seus colaboradores e que s\u00e3o destaque est\u00e3o bolsas de estudo em gradua\u00e7\u00f5es, p\u00f3s-gradua\u00e7\u00f5es e especializa\u00e7\u00f5es, al\u00e9m de manter a\u00e7\u00f5es cont\u00ednuas de RH, subs\u00eddio progressivo em planos de sa\u00fade que chega a 70%, vale alimenta\u00e7\u00e3o, plano de carreira e incentivo \u00e0s a\u00e7\u00f5es e manuten\u00e7\u00e3o do Gafa: Gr\u00eamio da Amizade dos Funcion\u00e1rios da ACIF, respons\u00e1vel por elaborar confraterniza\u00e7\u00f5es e promover engajamento dos colaboradores junto \u00e0 entidade.<\/p>\n<p>A ACIF tamb\u00e9m conta com um espa\u00e7o de conviv\u00eancia para os colaboradores com biblioteca, TV, wi-fi, poltronas de descanso e sala para futuros atendimentos com psic\u00f3logos e massoterapeutas.<\/p>\n<p>\u201cAcreditamos que um ambiente de trabalho sadio proporciona um atendimento de qualidade aos nossos associados e o interc\u00e2mbio de ideias em prol de bons projetos\u201d, explicou o presidente da ACIF, Tarciso B\u00f4tto.<\/p>\n<p>&nbsp;<\/p>\n","protected":false},"excerpt":{"rendered":"<p>Entidade foi considerada um excelente lugar para se trabalhar em pesquisa confidencial feita com os colaboradores A ACIF (Associa\u00e7\u00e3o do Com\u00e9rcio e Ind\u00fastria de Franca) foi<span class=\"excerpt-hellip\"> [\u2026]<\/span><\/p>\n","protected":false},"author":10,"featured_media":30373,"comment_status":"open","ping_status":"open","sticky":false,"template":"","format":"standard","meta":{"_jetpack_memberships_contains_paid_content":false,"footnotes":"","jetpack_publicize_message":"","jetpack_publicize_feature_enabled":true,"jetpack_social_post_already_shared":false,"jetpack_social_options":{"image_generator_settings":{"template":"highway","default_image_id":0,"enabled":false},"version":2}},"categories":[28,44],"tags":[],"class_list":["post-30372","post","type-post","status-publish","format-standard","has-post-thumbnail","hentry","category-cotidiano","category-noticias"],"yoast_head":"<!-- This site is optimized with the Yoast SEO plugin v25.6 - https:\/\/yoast.com\/wordpress\/plugins\/seo\/ -->\n<title>Funcion\u00e1rios elegem ACIF como excelente lugar para se trabalhar\u00a0 - VerdadeOn<\/title>\n<meta name=\"robots\" content=\"index, follow, max-snippet:-1, max-image-preview:large, max-video-preview:-1\" \/>\n<link rel=\"canonical\" href=\"https:\/\/verdadeon.com.br\/portal\/2022\/12\/13\/funcionarios-elegem-acif-como-excelente-lugar-para-se-trabalhar\/\" \/>\n<meta property=\"og:locale\" content=\"pt_BR\" \/>\n<meta property=\"og:type\" content=\"article\" \/>\n<meta property=\"og:title\" content=\"Funcion\u00e1rios elegem ACIF como excelente lugar para se trabalhar\u00a0 - VerdadeOn\" \/>\n<meta property=\"og:description\" content=\"Entidade foi considerada um excelente lugar para se trabalhar em pesquisa confidencial feita com os colaboradores A ACIF (Associa\u00e7\u00e3o do Com\u00e9rcio e Ind\u00fastria de Franca) foi [\u2026]\" \/>\n<meta property=\"og:url\" content=\"https:\/\/verdadeon.com.br\/portal\/2022\/12\/13\/funcionarios-elegem-acif-como-excelente-lugar-para-se-trabalhar\/\" \/>\n<meta property=\"og:site_name\" content=\"VerdadeOn\" \/>\n<meta property=\"article:published_time\" content=\"2022-12-13T18:27:27+00:00\" \/>\n<meta property=\"og:image\" content=\"https:\/\/verdadeon.com.br\/portal\/wp-content\/uploads\/2022\/12\/Wilker-Maia-ACIF-32.jpg\" \/>\n\t<meta property=\"og:image:width\" content=\"1280\" \/>\n\t<meta property=\"og:image:height\" content=\"853\" \/>\n\t<meta property=\"og:image:type\" content=\"image\/jpeg\" \/>\n<meta name=\"author\" content=\"Redacao VerdadeOn\" \/>\n<meta name=\"twitter:card\" content=\"summary_large_image\" \/>\n<meta name=\"twitter:label1\" content=\"Escrito por\" \/>\n\t<meta name=\"twitter:data1\" content=\"Redacao VerdadeOn\" \/>\n\t<meta name=\"twitter:label2\" content=\"Est. tempo de leitura\" \/>\n\t<meta name=\"twitter:data2\" content=\"2 minutos\" \/>\n<script type=\"application\/ld+json\" class=\"yoast-schema-graph\">{\"@context\":\"https:\/\/schema.org\",\"@graph\":[{\"@type\":\"WebPage\",\"@id\":\"https:\/\/verdadeon.com.br\/portal\/2022\/12\/13\/funcionarios-elegem-acif-como-excelente-lugar-para-se-trabalhar\/\",\"url\":\"https:\/\/verdadeon.com.br\/portal\/2022\/12\/13\/funcionarios-elegem-acif-como-excelente-lugar-para-se-trabalhar\/\",\"name\":\"Funcion\u00e1rios elegem ACIF como excelente lugar para se trabalhar\u00a0 - VerdadeOn\",\"isPartOf\":{\"@id\":\"https:\/\/verdadeon.com.br\/portal\/#website\"},\"primaryImageOfPage\":{\"@id\":\"https:\/\/verdadeon.com.br\/portal\/2022\/12\/13\/funcionarios-elegem-acif-como-excelente-lugar-para-se-trabalhar\/#primaryimage\"},\"image\":{\"@id\":\"https:\/\/verdadeon.com.br\/portal\/2022\/12\/13\/funcionarios-elegem-acif-como-excelente-lugar-para-se-trabalhar\/#primaryimage\"},\"thumbnailUrl\":\"https:\/\/i0.wp.com\/verdadeon.com.br\/portal\/wp-content\/uploads\/2022\/12\/Wilker-Maia-ACIF-32.jpg?fit=1280%2C853&ssl=1\",\"datePublished\":\"2022-12-13T18:27:27+00:00\",\"author\":{\"@id\":\"https:\/\/verdadeon.com.br\/portal\/#\/schema\/person\/a5060ad1e9ea3df545188fc93ce43d2f\"},\"breadcrumb\":{\"@id\":\"https:\/\/verdadeon.com.br\/portal\/2022\/12\/13\/funcionarios-elegem-acif-como-excelente-lugar-para-se-trabalhar\/#breadcrumb\"},\"inLanguage\":\"pt-BR\",\"potentialAction\":[{\"@type\":\"ReadAction\",\"target\":[\"https:\/\/verdadeon.com.br\/portal\/2022\/12\/13\/funcionarios-elegem-acif-como-excelente-lugar-para-se-trabalhar\/\"]}]},{\"@type\":\"ImageObject\",\"inLanguage\":\"pt-BR\",\"@id\":\"https:\/\/verdadeon.com.br\/portal\/2022\/12\/13\/funcionarios-elegem-acif-como-excelente-lugar-para-se-trabalhar\/#primaryimage\",\"url\":\"https:\/\/i0.wp.com\/verdadeon.com.br\/portal\/wp-content\/uploads\/2022\/12\/Wilker-Maia-ACIF-32.jpg?fit=1280%2C853&ssl=1\",\"contentUrl\":\"https:\/\/i0.wp.com\/verdadeon.com.br\/portal\/wp-content\/uploads\/2022\/12\/Wilker-Maia-ACIF-32.jpg?fit=1280%2C853&ssl=1\",\"width\":1280,\"height\":853,\"caption\":\"Equipe da ACIF em frente ao pr\u00e9dio da entidade que foi considerada um excelente lugar para se trabalhar| Wilker Maia\/ACIF\"},{\"@type\":\"BreadcrumbList\",\"@id\":\"https:\/\/verdadeon.com.br\/portal\/2022\/12\/13\/funcionarios-elegem-acif-como-excelente-lugar-para-se-trabalhar\/#breadcrumb\",\"itemListElement\":[{\"@type\":\"ListItem\",\"position\":1,\"name\":\"In\u00edcio\",\"item\":\"https:\/\/verdadeon.com.br\/portal\/\"},{\"@type\":\"ListItem\",\"position\":2,\"name\":\"Funcion\u00e1rios elegem ACIF como excelente lugar para se trabalhar\u00a0\"}]},{\"@type\":\"WebSite\",\"@id\":\"https:\/\/verdadeon.com.br\/portal\/#website\",\"url\":\"https:\/\/verdadeon.com.br\/portal\/\",\"name\":\"VerdadeOn\",\"description\":\"Not\u00edcias di\u00e1rias sobre Franca, Regi\u00e3o, Esporte, Cultura, Cotidiano, Colunas. Cobertura nos principais eventos da cidade \u00e9 aqui - Verdadeon Franca\",\"potentialAction\":[{\"@type\":\"SearchAction\",\"target\":{\"@type\":\"EntryPoint\",\"urlTemplate\":\"https:\/\/verdadeon.com.br\/portal\/?s={search_term_string}\"},\"query-input\":{\"@type\":\"PropertyValueSpecification\",\"valueRequired\":true,\"valueName\":\"search_term_string\"}}],\"inLanguage\":\"pt-BR\"},{\"@type\":\"Person\",\"@id\":\"https:\/\/verdadeon.com.br\/portal\/#\/schema\/person\/a5060ad1e9ea3df545188fc93ce43d2f\",\"name\":\"Redacao VerdadeOn\",\"image\":{\"@type\":\"ImageObject\",\"inLanguage\":\"pt-BR\",\"@id\":\"https:\/\/verdadeon.com.br\/portal\/#\/schema\/person\/image\/\",\"url\":\"https:\/\/secure.gravatar.com\/avatar\/459a9613caaaf07f582c3d0841eea68bdd66f533e465e6ba8b9cb45619572cf4?s=96&d=mm&r=g\",\"contentUrl\":\"https:\/\/secure.gravatar.com\/avatar\/459a9613caaaf07f582c3d0841eea68bdd66f533e465e6ba8b9cb45619572cf4?s=96&d=mm&r=g\",\"caption\":\"Redacao VerdadeOn\"},\"url\":\"https:\/\/verdadeon.com.br\/portal\/author\/redacao\/\"}]}<\/script>\n<!-- \/ Yoast SEO plugin. -->","yoast_head_json":{"title":"Funcion\u00e1rios elegem ACIF como excelente lugar para se trabalhar\u00a0 - VerdadeOn","robots":{"index":"index","follow":"follow","max-snippet":"max-snippet:-1","max-image-preview":"max-image-preview:large","max-video-preview":"max-video-preview:-1"},"canonical":"https:\/\/verdadeon.com.br\/portal\/2022\/12\/13\/funcionarios-elegem-acif-como-excelente-lugar-para-se-trabalhar\/","og_locale":"pt_BR","og_type":"article","og_title":"Funcion\u00e1rios elegem ACIF como excelente lugar para se trabalhar\u00a0 - VerdadeOn","og_description":"Entidade foi considerada um excelente lugar para se trabalhar em pesquisa confidencial feita com os colaboradores A ACIF (Associa\u00e7\u00e3o do Com\u00e9rcio e Ind\u00fastria de Franca) foi [\u2026]","og_url":"https:\/\/verdadeon.com.br\/portal\/2022\/12\/13\/funcionarios-elegem-acif-como-excelente-lugar-para-se-trabalhar\/","og_site_name":"VerdadeOn","article_published_time":"2022-12-13T18:27:27+00:00","og_image":[{"width":1280,"height":853,"url":"https:\/\/verdadeon.com.br\/portal\/wp-content\/uploads\/2022\/12\/Wilker-Maia-ACIF-32.jpg","type":"image\/jpeg"}],"author":"Redacao VerdadeOn","twitter_card":"summary_large_image","twitter_misc":{"Escrito por":"Redacao VerdadeOn","Est. tempo de leitura":"2 minutos"},"schema":{"@context":"https:\/\/schema.org","@graph":[{"@type":"WebPage","@id":"https:\/\/verdadeon.com.br\/portal\/2022\/12\/13\/funcionarios-elegem-acif-como-excelente-lugar-para-se-trabalhar\/","url":"https:\/\/verdadeon.com.br\/portal\/2022\/12\/13\/funcionarios-elegem-acif-como-excelente-lugar-para-se-trabalhar\/","name":"Funcion\u00e1rios elegem ACIF como excelente lugar para se trabalhar\u00a0 - VerdadeOn","isPartOf":{"@id":"https:\/\/verdadeon.com.br\/portal\/#website"},"primaryImageOfPage":{"@id":"https:\/\/verdadeon.com.br\/portal\/2022\/12\/13\/funcionarios-elegem-acif-como-excelente-lugar-para-se-trabalhar\/#primaryimage"},"image":{"@id":"https:\/\/verdadeon.com.br\/portal\/2022\/12\/13\/funcionarios-elegem-acif-como-excelente-lugar-para-se-trabalhar\/#primaryimage"},"thumbnailUrl":"https:\/\/i0.wp.com\/verdadeon.com.br\/portal\/wp-content\/uploads\/2022\/12\/Wilker-Maia-ACIF-32.jpg?fit=1280%2C853&ssl=1","datePublished":"2022-12-13T18:27:27+00:00","author":{"@id":"https:\/\/verdadeon.com.br\/portal\/#\/schema\/person\/a5060ad1e9ea3df545188fc93ce43d2f"},"breadcrumb":{"@id":"https:\/\/verdadeon.com.br\/portal\/2022\/12\/13\/funcionarios-elegem-acif-como-excelente-lugar-para-se-trabalhar\/#breadcrumb"},"inLanguage":"pt-BR","potentialAction":[{"@type":"ReadAction","target":["https:\/\/verdadeon.com.br\/portal\/2022\/12\/13\/funcionarios-elegem-acif-como-excelente-lugar-para-se-trabalhar\/"]}]},{"@type":"ImageObject","inLanguage":"pt-BR","@id":"https:\/\/verdadeon.com.br\/portal\/2022\/12\/13\/funcionarios-elegem-acif-como-excelente-lugar-para-se-trabalhar\/#primaryimage","url":"https:\/\/i0.wp.com\/verdadeon.com.br\/portal\/wp-content\/uploads\/2022\/12\/Wilker-Maia-ACIF-32.jpg?fit=1280%2C853&ssl=1","contentUrl":"https:\/\/i0.wp.com\/verdadeon.com.br\/portal\/wp-content\/uploads\/2022\/12\/Wilker-Maia-ACIF-32.jpg?fit=1280%2C853&ssl=1","width":1280,"height":853,"caption":"Equipe da ACIF em frente ao pr\u00e9dio da entidade que foi considerada um excelente lugar para se trabalhar| Wilker Maia\/ACIF"},{"@type":"BreadcrumbList","@id":"https:\/\/verdadeon.com.br\/portal\/2022\/12\/13\/funcionarios-elegem-acif-como-excelente-lugar-para-se-trabalhar\/#breadcrumb","itemListElement":[{"@type":"ListItem","position":1,"name":"In\u00edcio","item":"https:\/\/verdadeon.com.br\/portal\/"},{"@type":"ListItem","position":2,"name":"Funcion\u00e1rios elegem ACIF como excelente lugar para se trabalhar\u00a0"}]},{"@type":"WebSite","@id":"https:\/\/verdadeon.com.br\/portal\/#website","url":"https:\/\/verdadeon.com.br\/portal\/","name":"VerdadeOn","description":"Not\u00edcias di\u00e1rias sobre Franca, Regi\u00e3o, Esporte, Cultura, Cotidiano, Colunas. Cobertura nos principais eventos da cidade \u00e9 aqui - Verdadeon Franca","potentialAction":[{"@type":"SearchAction","target":{"@type":"EntryPoint","urlTemplate":"https:\/\/verdadeon.com.br\/portal\/?s={search_term_string}"},"query-input":{"@type":"PropertyValueSpecification","valueRequired":true,"valueName":"search_term_string"}}],"inLanguage":"pt-BR"},{"@type":"Person","@id":"https:\/\/verdadeon.com.br\/portal\/#\/schema\/person\/a5060ad1e9ea3df545188fc93ce43d2f","name":"Redacao VerdadeOn","image":{"@type":"ImageObject","inLanguage":"pt-BR","@id":"https:\/\/verdadeon.com.br\/portal\/#\/schema\/person\/image\/","url":"https:\/\/secure.gravatar.com\/avatar\/459a9613caaaf07f582c3d0841eea68bdd66f533e465e6ba8b9cb45619572cf4?s=96&d=mm&r=g","contentUrl":"https:\/\/secure.gravatar.com\/avatar\/459a9613caaaf07f582c3d0841eea68bdd66f533e465e6ba8b9cb45619572cf4?s=96&d=mm&r=g","caption":"Redacao VerdadeOn"},"url":"https:\/\/verdadeon.com.br\/portal\/author\/redacao\/"}]}},"jetpack_publicize_connections":[],"jetpack_featured_media_url":"https:\/\/i0.wp.com\/verdadeon.com.br\/portal\/wp-content\/uploads\/2022\/12\/Wilker-Maia-ACIF-32.jpg?fit=1280%2C853&ssl=1","jetpack_sharing_enabled":true,"_links":{"self":[{"href":"https:\/\/verdadeon.com.br\/portal\/wp-json\/wp\/v2\/posts\/30372","targetHints":{"allow":["GET"]}}],"collection":[{"href":"https:\/\/verdadeon.com.br\/portal\/wp-json\/wp\/v2\/posts"}],"about":[{"href":"https:\/\/verdadeon.com.br\/portal\/wp-json\/wp\/v2\/types\/post"}],"author":[{"embeddable":true,"href":"https:\/\/verdadeon.com.br\/portal\/wp-json\/wp\/v2\/users\/10"}],"replies":[{"embeddable":true,"href":"https:\/\/verdadeon.com.br\/portal\/wp-json\/wp\/v2\/comments?post=30372"}],"version-history":[{"count":1,"href":"https:\/\/verdadeon.com.br\/portal\/wp-json\/wp\/v2\/posts\/30372\/revisions"}],"predecessor-version":[{"id":30374,"href":"https:\/\/verdadeon.com.br\/portal\/wp-json\/wp\/v2\/posts\/30372\/revisions\/30374"}],"wp:featuredmedia":[{"embeddable":true,"href":"https:\/\/verdadeon.com.br\/portal\/wp-json\/wp\/v2\/media\/30373"}],"wp:attachment":[{"href":"https:\/\/verdadeon.com.br\/portal\/wp-json\/wp\/v2\/media?parent=30372"}],"wp:term":[{"taxonomy":"category","embeddable":true,"href":"https:\/\/verdadeon.com.br\/portal\/wp-json\/wp\/v2\/categories?post=30372"},{"taxonomy":"post_tag","embeddable":true,"href":"https:\/\/verdadeon.com.br\/portal\/wp-json\/wp\/v2\/tags?post=30372"}],"curies":[{"name":"wp","href":"https:\/\/api.w.org\/{rel}","templated":true}]}}