{"id":30359,"date":"2022-12-13T13:26:39","date_gmt":"2022-12-13T16:26:39","guid":{"rendered":"https:\/\/verdadeon.com.br\/portal\/?p=30359"},"modified":"2022-12-13T13:26:39","modified_gmt":"2022-12-13T16:26:39","slug":"atletas-de-franca-conquistam-3-medalhas-de-ouro-nas-olimpiadas-nacionais-das-apaes","status":"publish","type":"post","link":"https:\/\/verdadeon.com.br\/portal\/2022\/12\/13\/atletas-de-franca-conquistam-3-medalhas-de-ouro-nas-olimpiadas-nacionais-das-apaes\/","title":{"rendered":"Atletas de Franca conquistam 3 medalhas de ouro nas Olimp\u00edadas Nacionais das APAES"},"content":{"rendered":"<h2>Os atletas da APAE Franca foram tricampe\u00f5es no basquete e ficaram em primeiro tamb\u00e9m no salto em altura e no revezamento 4&#215;100 representando S\u00e3o Paulo<\/h2>\n<p>A APAE (Associa\u00e7\u00e3o dos Pais e Amigos dos Excepcionais) de Franca esteve presente na 23\u00aa edi\u00e7\u00e3o das Olimp\u00edadas Nacionais das APAES com nove atletas e eles trouxeram para casa tr\u00eas medalhas de ouro, representando a FEAPAES-SP (Federa\u00e7\u00e3o das APAES do Estado de S\u00e3o Paulo). A competi\u00e7\u00e3o aconteceu na semana passada, entre os dias 5 e 10, em Aracaj\u00fa (SE).<\/p>\n<p>Os nove atletas francanos se sagraram tricampe\u00f5es do basquete vencendo tr\u00eas partidas e dando show em quadra: S\u00e3o Paulo 40&#215;10 Piau\u00ed; S\u00e3o Paulo 33&#215;09 Paran\u00e1 e S\u00e3o Paulo 42&#215;02 Santa Catarina. Treinada pelo professor Alexandre de Oliveira Matos com aux\u00edlio do professor Alex Fabiano de Souza Franca, a equipe \u00e9 formada pelos atletas Caique Batista de Sousa, Cau\u00e3 Vinicius de Lima Silva, Eduardo Francisco Alves de Sousa, Jefferson Batista Pereira, Jo\u00e3o Victor Santos, Kevin Pereira de Oliveira, Lucas Henrique Benedito, Rafael de Oliveira Andrade e S\u00e9rgio Alves Flor\u00eancio.<\/p>\n<p>O atletismo tamb\u00e9m rendeu duas vit\u00f3rias: S\u00e9rgio Flor\u00eancio e Jefferson Pereira foram ouro no revezamento 4&#215;100, sendo que Jefferson tamb\u00e9m foi campe\u00e3o no salto em altura.<\/p>\n<p>Participaram das Olimp\u00edadas Nacionais das APAES 1,6 mil pessoas, com atletas 24 Estados, nas modalidades atletismo, basquetebol, bocha, capoeira, futebol society, futsal, gin\u00e1stica art\u00edstica, gin\u00e1stica r\u00edtmica, handebol, nata\u00e7\u00e3o e t\u00eanis de mesa.<\/p>\n<p>\u201cEsse t\u00edtulo \u00e9 de todos n\u00f3s, da APAE Franca. Com o total apoio do nosso presidente, Agenor Gado, conquistamos esse t\u00edtulo, que \u00e9 de todos n\u00f3s, diretores, gestores, colaboradores, usu\u00e1rios, atletas e familiares dos atletas\u201d, celebrou o coordenador de Artes, Esportes e Educa\u00e7\u00e3o F\u00edsica da APAE Franca, Adauto Edson Ferreira.<\/p>\n<p>A participa\u00e7\u00e3o dos atletas francanos contou com a parceria e o apoio da Prefeitura de Franca e da FEAC (Funda\u00e7\u00e3o Esporte, Artes e Cultura).<\/p>\n","protected":false},"excerpt":{"rendered":"<p>Os atletas da APAE Franca foram tricampe\u00f5es no basquete e ficaram em primeiro tamb\u00e9m no salto em altura e no revezamento 4&#215;100 representando S\u00e3o Paulo A<span class=\"excerpt-hellip\"> [\u2026]<\/span><\/p>\n","protected":false},"author":10,"featured_media":30360,"comment_status":"open","ping_status":"open","sticky":false,"template":"","format":"standard","meta":{"_jetpack_memberships_contains_paid_content":false,"footnotes":"","jetpack_publicize_message":"","jetpack_publicize_feature_enabled":true,"jetpack_social_post_already_shared":false,"jetpack_social_options":{"image_generator_settings":{"template":"highway","default_image_id":0,"enabled":false},"version":2}},"categories":[28,44],"tags":[],"class_list":["post-30359","post","type-post","status-publish","format-standard","has-post-thumbnail","hentry","category-cotidiano","category-noticias"],"yoast_head":"<!-- This site is optimized with the Yoast SEO plugin v25.6 - https:\/\/yoast.com\/wordpress\/plugins\/seo\/ -->\n<title>Atletas de Franca conquistam 3 medalhas de ouro nas Olimp\u00edadas Nacionais das APAES - VerdadeOn<\/title>\n<meta name=\"robots\" content=\"index, follow, max-snippet:-1, max-image-preview:large, max-video-preview:-1\" \/>\n<link rel=\"canonical\" href=\"https:\/\/verdadeon.com.br\/portal\/2022\/12\/13\/atletas-de-franca-conquistam-3-medalhas-de-ouro-nas-olimpiadas-nacionais-das-apaes\/\" \/>\n<meta property=\"og:locale\" content=\"pt_BR\" \/>\n<meta property=\"og:type\" content=\"article\" \/>\n<meta property=\"og:title\" content=\"Atletas de Franca conquistam 3 medalhas de ouro nas Olimp\u00edadas Nacionais das APAES - VerdadeOn\" \/>\n<meta property=\"og:description\" content=\"Os atletas da APAE Franca foram tricampe\u00f5es no basquete e ficaram em primeiro tamb\u00e9m no salto em altura e no revezamento 4&#215;100 representando S\u00e3o Paulo A [\u2026]\" \/>\n<meta property=\"og:url\" content=\"https:\/\/verdadeon.com.br\/portal\/2022\/12\/13\/atletas-de-franca-conquistam-3-medalhas-de-ouro-nas-olimpiadas-nacionais-das-apaes\/\" \/>\n<meta property=\"og:site_name\" content=\"VerdadeOn\" \/>\n<meta property=\"article:published_time\" content=\"2022-12-13T16:26:39+00:00\" \/>\n<meta property=\"og:image\" content=\"https:\/\/verdadeon.com.br\/portal\/wp-content\/uploads\/2022\/12\/WhatsApp-Image-2022-12-12-at-16.23.04-e1670948682528.jpeg\" \/>\n\t<meta property=\"og:image:width\" content=\"1000\" \/>\n\t<meta property=\"og:image:height\" content=\"670\" \/>\n\t<meta property=\"og:image:type\" content=\"image\/jpeg\" \/>\n<meta name=\"author\" content=\"Redacao VerdadeOn\" \/>\n<meta name=\"twitter:card\" content=\"summary_large_image\" \/>\n<meta name=\"twitter:label1\" content=\"Escrito por\" \/>\n\t<meta name=\"twitter:data1\" content=\"Redacao VerdadeOn\" \/>\n\t<meta name=\"twitter:label2\" content=\"Est. tempo de leitura\" \/>\n\t<meta name=\"twitter:data2\" content=\"2 minutos\" \/>\n<script type=\"application\/ld+json\" class=\"yoast-schema-graph\">{\"@context\":\"https:\/\/schema.org\",\"@graph\":[{\"@type\":\"WebPage\",\"@id\":\"https:\/\/verdadeon.com.br\/portal\/2022\/12\/13\/atletas-de-franca-conquistam-3-medalhas-de-ouro-nas-olimpiadas-nacionais-das-apaes\/\",\"url\":\"https:\/\/verdadeon.com.br\/portal\/2022\/12\/13\/atletas-de-franca-conquistam-3-medalhas-de-ouro-nas-olimpiadas-nacionais-das-apaes\/\",\"name\":\"Atletas de Franca conquistam 3 medalhas de ouro nas Olimp\u00edadas Nacionais das APAES - VerdadeOn\",\"isPartOf\":{\"@id\":\"https:\/\/verdadeon.com.br\/portal\/#website\"},\"primaryImageOfPage\":{\"@id\":\"https:\/\/verdadeon.com.br\/portal\/2022\/12\/13\/atletas-de-franca-conquistam-3-medalhas-de-ouro-nas-olimpiadas-nacionais-das-apaes\/#primaryimage\"},\"image\":{\"@id\":\"https:\/\/verdadeon.com.br\/portal\/2022\/12\/13\/atletas-de-franca-conquistam-3-medalhas-de-ouro-nas-olimpiadas-nacionais-das-apaes\/#primaryimage\"},\"thumbnailUrl\":\"https:\/\/i0.wp.com\/verdadeon.com.br\/portal\/wp-content\/uploads\/2022\/12\/WhatsApp-Image-2022-12-12-at-16.23.04-e1670948682528.jpeg?fit=1000%2C670&ssl=1\",\"datePublished\":\"2022-12-13T16:26:39+00:00\",\"author\":{\"@id\":\"https:\/\/verdadeon.com.br\/portal\/#\/schema\/person\/a5060ad1e9ea3df545188fc93ce43d2f\"},\"breadcrumb\":{\"@id\":\"https:\/\/verdadeon.com.br\/portal\/2022\/12\/13\/atletas-de-franca-conquistam-3-medalhas-de-ouro-nas-olimpiadas-nacionais-das-apaes\/#breadcrumb\"},\"inLanguage\":\"pt-BR\",\"potentialAction\":[{\"@type\":\"ReadAction\",\"target\":[\"https:\/\/verdadeon.com.br\/portal\/2022\/12\/13\/atletas-de-franca-conquistam-3-medalhas-de-ouro-nas-olimpiadas-nacionais-das-apaes\/\"]}]},{\"@type\":\"ImageObject\",\"inLanguage\":\"pt-BR\",\"@id\":\"https:\/\/verdadeon.com.br\/portal\/2022\/12\/13\/atletas-de-franca-conquistam-3-medalhas-de-ouro-nas-olimpiadas-nacionais-das-apaes\/#primaryimage\",\"url\":\"https:\/\/i0.wp.com\/verdadeon.com.br\/portal\/wp-content\/uploads\/2022\/12\/WhatsApp-Image-2022-12-12-at-16.23.04-e1670948682528.jpeg?fit=1000%2C670&ssl=1\",\"contentUrl\":\"https:\/\/i0.wp.com\/verdadeon.com.br\/portal\/wp-content\/uploads\/2022\/12\/WhatsApp-Image-2022-12-12-at-16.23.04-e1670948682528.jpeg?fit=1000%2C670&ssl=1\",\"width\":1000,\"height\":670,\"caption\":\"Atletas francanos conquistaram 3 medalhas de ouro nas Olimp\u00edadas Nacionais das APAES | Divulga\u00e7\u00e3o\"},{\"@type\":\"BreadcrumbList\",\"@id\":\"https:\/\/verdadeon.com.br\/portal\/2022\/12\/13\/atletas-de-franca-conquistam-3-medalhas-de-ouro-nas-olimpiadas-nacionais-das-apaes\/#breadcrumb\",\"itemListElement\":[{\"@type\":\"ListItem\",\"position\":1,\"name\":\"In\u00edcio\",\"item\":\"https:\/\/verdadeon.com.br\/portal\/\"},{\"@type\":\"ListItem\",\"position\":2,\"name\":\"Atletas de Franca conquistam 3 medalhas de ouro nas Olimp\u00edadas Nacionais das APAES\"}]},{\"@type\":\"WebSite\",\"@id\":\"https:\/\/verdadeon.com.br\/portal\/#website\",\"url\":\"https:\/\/verdadeon.com.br\/portal\/\",\"name\":\"VerdadeOn\",\"description\":\"Not\u00edcias di\u00e1rias sobre Franca, Regi\u00e3o, Esporte, Cultura, Cotidiano, Colunas. Cobertura nos principais eventos da cidade \u00e9 aqui - Verdadeon Franca\",\"potentialAction\":[{\"@type\":\"SearchAction\",\"target\":{\"@type\":\"EntryPoint\",\"urlTemplate\":\"https:\/\/verdadeon.com.br\/portal\/?s={search_term_string}\"},\"query-input\":{\"@type\":\"PropertyValueSpecification\",\"valueRequired\":true,\"valueName\":\"search_term_string\"}}],\"inLanguage\":\"pt-BR\"},{\"@type\":\"Person\",\"@id\":\"https:\/\/verdadeon.com.br\/portal\/#\/schema\/person\/a5060ad1e9ea3df545188fc93ce43d2f\",\"name\":\"Redacao VerdadeOn\",\"image\":{\"@type\":\"ImageObject\",\"inLanguage\":\"pt-BR\",\"@id\":\"https:\/\/verdadeon.com.br\/portal\/#\/schema\/person\/image\/\",\"url\":\"https:\/\/secure.gravatar.com\/avatar\/459a9613caaaf07f582c3d0841eea68bdd66f533e465e6ba8b9cb45619572cf4?s=96&d=mm&r=g\",\"contentUrl\":\"https:\/\/secure.gravatar.com\/avatar\/459a9613caaaf07f582c3d0841eea68bdd66f533e465e6ba8b9cb45619572cf4?s=96&d=mm&r=g\",\"caption\":\"Redacao VerdadeOn\"},\"url\":\"https:\/\/verdadeon.com.br\/portal\/author\/redacao\/\"}]}<\/script>\n<!-- \/ Yoast SEO plugin. -->","yoast_head_json":{"title":"Atletas de Franca conquistam 3 medalhas de ouro nas Olimp\u00edadas Nacionais das APAES - VerdadeOn","robots":{"index":"index","follow":"follow","max-snippet":"max-snippet:-1","max-image-preview":"max-image-preview:large","max-video-preview":"max-video-preview:-1"},"canonical":"https:\/\/verdadeon.com.br\/portal\/2022\/12\/13\/atletas-de-franca-conquistam-3-medalhas-de-ouro-nas-olimpiadas-nacionais-das-apaes\/","og_locale":"pt_BR","og_type":"article","og_title":"Atletas de Franca conquistam 3 medalhas de ouro nas Olimp\u00edadas Nacionais das APAES - VerdadeOn","og_description":"Os atletas da APAE Franca foram tricampe\u00f5es no basquete e ficaram em primeiro tamb\u00e9m no salto em altura e no revezamento 4&#215;100 representando S\u00e3o Paulo A [\u2026]","og_url":"https:\/\/verdadeon.com.br\/portal\/2022\/12\/13\/atletas-de-franca-conquistam-3-medalhas-de-ouro-nas-olimpiadas-nacionais-das-apaes\/","og_site_name":"VerdadeOn","article_published_time":"2022-12-13T16:26:39+00:00","og_image":[{"width":1000,"height":670,"url":"https:\/\/verdadeon.com.br\/portal\/wp-content\/uploads\/2022\/12\/WhatsApp-Image-2022-12-12-at-16.23.04-e1670948682528.jpeg","type":"image\/jpeg"}],"author":"Redacao VerdadeOn","twitter_card":"summary_large_image","twitter_misc":{"Escrito por":"Redacao VerdadeOn","Est. tempo de leitura":"2 minutos"},"schema":{"@context":"https:\/\/schema.org","@graph":[{"@type":"WebPage","@id":"https:\/\/verdadeon.com.br\/portal\/2022\/12\/13\/atletas-de-franca-conquistam-3-medalhas-de-ouro-nas-olimpiadas-nacionais-das-apaes\/","url":"https:\/\/verdadeon.com.br\/portal\/2022\/12\/13\/atletas-de-franca-conquistam-3-medalhas-de-ouro-nas-olimpiadas-nacionais-das-apaes\/","name":"Atletas de Franca conquistam 3 medalhas de ouro nas Olimp\u00edadas Nacionais das APAES - VerdadeOn","isPartOf":{"@id":"https:\/\/verdadeon.com.br\/portal\/#website"},"primaryImageOfPage":{"@id":"https:\/\/verdadeon.com.br\/portal\/2022\/12\/13\/atletas-de-franca-conquistam-3-medalhas-de-ouro-nas-olimpiadas-nacionais-das-apaes\/#primaryimage"},"image":{"@id":"https:\/\/verdadeon.com.br\/portal\/2022\/12\/13\/atletas-de-franca-conquistam-3-medalhas-de-ouro-nas-olimpiadas-nacionais-das-apaes\/#primaryimage"},"thumbnailUrl":"https:\/\/i0.wp.com\/verdadeon.com.br\/portal\/wp-content\/uploads\/2022\/12\/WhatsApp-Image-2022-12-12-at-16.23.04-e1670948682528.jpeg?fit=1000%2C670&ssl=1","datePublished":"2022-12-13T16:26:39+00:00","author":{"@id":"https:\/\/verdadeon.com.br\/portal\/#\/schema\/person\/a5060ad1e9ea3df545188fc93ce43d2f"},"breadcrumb":{"@id":"https:\/\/verdadeon.com.br\/portal\/2022\/12\/13\/atletas-de-franca-conquistam-3-medalhas-de-ouro-nas-olimpiadas-nacionais-das-apaes\/#breadcrumb"},"inLanguage":"pt-BR","potentialAction":[{"@type":"ReadAction","target":["https:\/\/verdadeon.com.br\/portal\/2022\/12\/13\/atletas-de-franca-conquistam-3-medalhas-de-ouro-nas-olimpiadas-nacionais-das-apaes\/"]}]},{"@type":"ImageObject","inLanguage":"pt-BR","@id":"https:\/\/verdadeon.com.br\/portal\/2022\/12\/13\/atletas-de-franca-conquistam-3-medalhas-de-ouro-nas-olimpiadas-nacionais-das-apaes\/#primaryimage","url":"https:\/\/i0.wp.com\/verdadeon.com.br\/portal\/wp-content\/uploads\/2022\/12\/WhatsApp-Image-2022-12-12-at-16.23.04-e1670948682528.jpeg?fit=1000%2C670&ssl=1","contentUrl":"https:\/\/i0.wp.com\/verdadeon.com.br\/portal\/wp-content\/uploads\/2022\/12\/WhatsApp-Image-2022-12-12-at-16.23.04-e1670948682528.jpeg?fit=1000%2C670&ssl=1","width":1000,"height":670,"caption":"Atletas francanos conquistaram 3 medalhas de ouro nas Olimp\u00edadas Nacionais das APAES | Divulga\u00e7\u00e3o"},{"@type":"BreadcrumbList","@id":"https:\/\/verdadeon.com.br\/portal\/2022\/12\/13\/atletas-de-franca-conquistam-3-medalhas-de-ouro-nas-olimpiadas-nacionais-das-apaes\/#breadcrumb","itemListElement":[{"@type":"ListItem","position":1,"name":"In\u00edcio","item":"https:\/\/verdadeon.com.br\/portal\/"},{"@type":"ListItem","position":2,"name":"Atletas de Franca conquistam 3 medalhas de ouro nas Olimp\u00edadas Nacionais das APAES"}]},{"@type":"WebSite","@id":"https:\/\/verdadeon.com.br\/portal\/#website","url":"https:\/\/verdadeon.com.br\/portal\/","name":"VerdadeOn","description":"Not\u00edcias di\u00e1rias sobre Franca, Regi\u00e3o, Esporte, Cultura, Cotidiano, Colunas. Cobertura nos principais eventos da cidade \u00e9 aqui - Verdadeon Franca","potentialAction":[{"@type":"SearchAction","target":{"@type":"EntryPoint","urlTemplate":"https:\/\/verdadeon.com.br\/portal\/?s={search_term_string}"},"query-input":{"@type":"PropertyValueSpecification","valueRequired":true,"valueName":"search_term_string"}}],"inLanguage":"pt-BR"},{"@type":"Person","@id":"https:\/\/verdadeon.com.br\/portal\/#\/schema\/person\/a5060ad1e9ea3df545188fc93ce43d2f","name":"Redacao VerdadeOn","image":{"@type":"ImageObject","inLanguage":"pt-BR","@id":"https:\/\/verdadeon.com.br\/portal\/#\/schema\/person\/image\/","url":"https:\/\/secure.gravatar.com\/avatar\/459a9613caaaf07f582c3d0841eea68bdd66f533e465e6ba8b9cb45619572cf4?s=96&d=mm&r=g","contentUrl":"https:\/\/secure.gravatar.com\/avatar\/459a9613caaaf07f582c3d0841eea68bdd66f533e465e6ba8b9cb45619572cf4?s=96&d=mm&r=g","caption":"Redacao VerdadeOn"},"url":"https:\/\/verdadeon.com.br\/portal\/author\/redacao\/"}]}},"jetpack_publicize_connections":[],"jetpack_featured_media_url":"https:\/\/i0.wp.com\/verdadeon.com.br\/portal\/wp-content\/uploads\/2022\/12\/WhatsApp-Image-2022-12-12-at-16.23.04-e1670948682528.jpeg?fit=1000%2C670&ssl=1","jetpack_sharing_enabled":true,"_links":{"self":[{"href":"https:\/\/verdadeon.com.br\/portal\/wp-json\/wp\/v2\/posts\/30359","targetHints":{"allow":["GET"]}}],"collection":[{"href":"https:\/\/verdadeon.com.br\/portal\/wp-json\/wp\/v2\/posts"}],"about":[{"href":"https:\/\/verdadeon.com.br\/portal\/wp-json\/wp\/v2\/types\/post"}],"author":[{"embeddable":true,"href":"https:\/\/verdadeon.com.br\/portal\/wp-json\/wp\/v2\/users\/10"}],"replies":[{"embeddable":true,"href":"https:\/\/verdadeon.com.br\/portal\/wp-json\/wp\/v2\/comments?post=30359"}],"version-history":[{"count":1,"href":"https:\/\/verdadeon.com.br\/portal\/wp-json\/wp\/v2\/posts\/30359\/revisions"}],"predecessor-version":[{"id":30361,"href":"https:\/\/verdadeon.com.br\/portal\/wp-json\/wp\/v2\/posts\/30359\/revisions\/30361"}],"wp:featuredmedia":[{"embeddable":true,"href":"https:\/\/verdadeon.com.br\/portal\/wp-json\/wp\/v2\/media\/30360"}],"wp:attachment":[{"href":"https:\/\/verdadeon.com.br\/portal\/wp-json\/wp\/v2\/media?parent=30359"}],"wp:term":[{"taxonomy":"category","embeddable":true,"href":"https:\/\/verdadeon.com.br\/portal\/wp-json\/wp\/v2\/categories?post=30359"},{"taxonomy":"post_tag","embeddable":true,"href":"https:\/\/verdadeon.com.br\/portal\/wp-json\/wp\/v2\/tags?post=30359"}],"curies":[{"name":"wp","href":"https:\/\/api.w.org\/{rel}","templated":true}]}}