{"id":29803,"date":"2022-11-24T19:07:52","date_gmt":"2022-11-24T22:07:52","guid":{"rendered":"https:\/\/verdadeon.com.br\/portal\/?p=29803"},"modified":"2022-11-24T19:07:52","modified_gmt":"2022-11-24T22:07:52","slug":"richarlison-decide-e-brasil-inicia-copa-com-vitoria-sobre-a-servia","status":"publish","type":"post","link":"https:\/\/verdadeon.com.br\/portal\/2022\/11\/24\/richarlison-decide-e-brasil-inicia-copa-com-vitoria-sobre-a-servia\/","title":{"rendered":"Richarlison decide e Brasil inicia Copa com vit\u00f3ria sobre a S\u00e9rvia"},"content":{"rendered":"<div class=\"col-lg-12 mb-3\">\n<div class=\"row\">\n<h3 class=\"col-10 offset-1 animated fadeInDown dealy-900 display-8 display-md-8 alt-font font-italic my-1 text-center\">Camisa 9 (foto) marcou duas vezes, uma delas um gola\u00e7o de voleio<\/h3>\n<\/div>\n<p>Carlos Molinari &#8211; TV Brasil &#8211; Bras\u00edlia<\/p>\n<div class=\"row\">\n<div id=\"tts-container\" class=\"col-xl-7 offset-xl-1 col-lg-8 offset-lg-0 col-md-10 offset-md-1 mb-3\">ontando com o faro de gol do atacante Richarlison, o Brasil derrotou a S\u00e9rvia por 2 a 0, nesta sexta-feira (24) no Est\u00e1dio de Lusail, em seu primeiro jogo pelo Grupo G da Copa do Catar. Com este resultado, a sele\u00e7\u00e3o brasileira lidera a chave com o mesmo n\u00famero de pontos da Su\u00ed\u00e7a, que tem um saldo de gols pior.<img data-recalc-dims=\"1\" decoding=\"async\" src=\"https:\/\/i0.wp.com\/agenciabrasil.ebc.com.br\/ebc.png?w=1220&#038;ssl=1\" \/><img data-recalc-dims=\"1\" decoding=\"async\" src=\"https:\/\/i0.wp.com\/agenciabrasil.ebc.com.br\/ebc.gif?w=1220&#038;ssl=1\" \/><\/div>\n<\/div>\n<\/div>\n<div class=\"col-xl-7 offset-xl-1 col-lg-8 offset-lg-0 col-md-10 offset-md-1 mb-3\">\n<div class=\"post-item alt-font\">\n<div class=\"post-item-wrap\">\n<div class=\"twitter-tweet twitter-tweet-rendered\"><iframe id=\"twitter-widget-0\" class=\"\" title=\"Twitter Tweet\" src=\"https:\/\/platform.twitter.com\/embed\/Tweet.html?creatorScreenName=agenciabrasil&amp;dnt=false&amp;embedId=twitter-widget-0&amp;features=eyJ0ZndfdGltZWxpbmVfbGlzdCI6eyJidWNrZXQiOlsibGlua3RyLmVlIiwidHIuZWUiLCJ0ZXJyYS5jb20uYnIiLCJ3d3cubGlua3RyLmVlIiwid3d3LnRyLmVlIiwid3d3LnRlcnJhLmNvbS5iciJdLCJ2ZXJzaW9uIjpudWxsfSwidGZ3X2hvcml6b25fdGltZWxpbmVfMTIwMzQiOnsiYnVja2V0IjoidHJlYXRtZW50IiwidmVyc2lvbiI6bnVsbH0sInRmd190d2VldF9lZGl0X2JhY2tlbmQiOnsiYnVja2V0Ijoib24iLCJ2ZXJzaW9uIjpudWxsfSwidGZ3X3JlZnNyY19zZXNzaW9uIjp7ImJ1Y2tldCI6Im9uIiwidmVyc2lvbiI6bnVsbH0sInRmd19jaGluX3BpbGxzXzE0NzQxIjp7ImJ1Y2tldCI6ImNvbG9yX2ljb25zIiwidmVyc2lvbiI6bnVsbH0sInRmd190d2VldF9yZXN1bHRfbWlncmF0aW9uXzEzOTc5Ijp7ImJ1Y2tldCI6InR3ZWV0X3Jlc3VsdCIsInZlcnNpb24iOm51bGx9LCJ0Zndfc2Vuc2l0aXZlX21lZGlhX2ludGVyc3RpdGlhbF8xMzk2MyI6eyJidWNrZXQiOiJpbnRlcnN0aXRpYWwiLCJ2ZXJzaW9uIjpudWxsfSwidGZ3X2V4cGVyaW1lbnRzX2Nvb2tpZV9leHBpcmF0aW9uIjp7ImJ1Y2tldCI6MTIwOTYwMCwidmVyc2lvbiI6bnVsbH0sInRmd19kdXBsaWNhdGVfc2NyaWJlc190b19zZXR0aW5ncyI6eyJidWNrZXQiOiJvbiIsInZlcnNpb24iOm51bGx9LCJ0ZndfdmlkZW9faGxzX2R5bmFtaWNfbWFuaWZlc3RzXzE1MDgyIjp7ImJ1Y2tldCI6InRydWVfYml0cmF0ZSIsInZlcnNpb24iOm51bGx9LCJ0Zndfc2hvd19ibHVlX3ZlcmlmaWVkX2JhZGdlIjp7ImJ1Y2tldCI6Im9uIiwidmVyc2lvbiI6bnVsbH0sInRmd190d2VldF9lZGl0X2Zyb250ZW5kIjp7ImJ1Y2tldCI6Im9uIiwidmVyc2lvbiI6bnVsbH19&amp;frame=false&amp;hideCard=false&amp;hideThread=false&amp;id=1595883967693176832&amp;lang=pt&amp;origin=https%3A%2F%2Fagenciabrasil.ebc.com.br%2Fesportes%2Fnoticia%2F2022-11%2Fricharlison-decide-e-brasil-inicia-copa-com-vitoria-sobre-servia&amp;sessionId=b610c48991a029014f0d02d6eb5a41785e3a867a&amp;siteScreenName=agenciabrasil&amp;theme=light&amp;widgetsVersion=a3525f077c700%3A1667415560940&amp;width=550px\" frameborder=\"0\" scrolling=\"no\" allowfullscreen=\"allowfullscreen\" data-tweet-id=\"1595883967693176832\" data-mce-fragment=\"1\"><\/iframe><\/div>\n<p>Diante de 88.103 torcedores (num est\u00e1dio com capacidade oficial para apenas 80 mil), o Brasil deu um show de futebol. Por\u00e9m, quando come\u00e7ou a partida ficou n\u00edtida a estrat\u00e9gia da S\u00e9rvia: fazer marca\u00e7\u00e3o alta, pressionando a sa\u00edda de bola da equipe brasileira. Seria apenas um sufoco inicial, que exige muito f\u00f4lego para continuar durante toda a partida. Ainda assim, isso fez com que o jogo ficasse sem espa\u00e7os, tanto para a cria\u00e7\u00e3o, quanto para os dribles e houvesse uma multiplica\u00e7\u00e3o do n\u00famero de faltas feitas pelo time europeu.<\/p>\n<p>O primeiro melhor momento ocorreu aos 12 minutos, quando Neymar cobrou um escanteio fechado e por pouco n\u00e3o fez um gol ol\u00edmpico. Por\u00e9m, o goleiro Milinkovic, de 2,02 metros, deu um soco em dire\u00e7\u00e3o \u00e0 linha e fundo. Aos 20 minutos, Casemiro teve liberdade para chutar da intermedi\u00e1ria e experimentou novamente o goleiro s\u00e9rvio, que defendeu em dois tempos.<\/p>\n<p>Aos 26 minutos, novo lance importante da sele\u00e7\u00e3o, quando Vin\u00edcius J\u00fanior foi lan\u00e7ado na \u00e1rea e Milinkovic saiu nos p\u00e9s do atacante brasileiro para abafar a jogada. A essa altura, a S\u00e9rvia j\u00e1 estava toda retrancada, com uma linha de cinco e outra de quatro homens diante da \u00e1rea. Aos 31, foi a vez de Neymar cruzar rasteiro e Thiago Silva tentar de carrinho, mas a S\u00e9rvia foi salva novamente por seu goleiro.<\/p>\n<p>Doze minutos depois Raphinha recebeu na \u00e1rea e finalizou, mas o chute saiu muito fraco, facilitando a defesa de Milinkovic. As chances, por mais que n\u00e3o fossem t\u00e3o claras, iam aparecendo. A S\u00e9rvia estava pressionada e s\u00f3 ia ao ataque em rar\u00edssimas ocasi\u00f5es. Dessa forma, com Richarlison encaixotado na frente e Raphinha e Vin\u00edcius J\u00fanior tendo poucas chances, o Brasil foi para o vesti\u00e1rio com o amargo empate por 0 a 0. Natural para uma sele\u00e7\u00e3o que estava desacostumada a enfrentar advers\u00e1rios europeus, times muito altos e que marcam sob press\u00e3o o campo todo.<\/p>\n<div class=\"twitter-tweet twitter-tweet-rendered\"><iframe id=\"twitter-widget-1\" class=\"\" title=\"Twitter Tweet\" src=\"https:\/\/platform.twitter.com\/embed\/Tweet.html?creatorScreenName=agenciabrasil&amp;dnt=false&amp;embedId=twitter-widget-1&amp;features=eyJ0ZndfdGltZWxpbmVfbGlzdCI6eyJidWNrZXQiOlsibGlua3RyLmVlIiwidHIuZWUiLCJ0ZXJyYS5jb20uYnIiLCJ3d3cubGlua3RyLmVlIiwid3d3LnRyLmVlIiwid3d3LnRlcnJhLmNvbS5iciJdLCJ2ZXJzaW9uIjpudWxsfSwidGZ3X2hvcml6b25fdGltZWxpbmVfMTIwMzQiOnsiYnVja2V0IjoidHJlYXRtZW50IiwidmVyc2lvbiI6bnVsbH0sInRmd190d2VldF9lZGl0X2JhY2tlbmQiOnsiYnVja2V0Ijoib24iLCJ2ZXJzaW9uIjpudWxsfSwidGZ3X3JlZnNyY19zZXNzaW9uIjp7ImJ1Y2tldCI6Im9uIiwidmVyc2lvbiI6bnVsbH0sInRmd19jaGluX3BpbGxzXzE0NzQxIjp7ImJ1Y2tldCI6ImNvbG9yX2ljb25zIiwidmVyc2lvbiI6bnVsbH0sInRmd190d2VldF9yZXN1bHRfbWlncmF0aW9uXzEzOTc5Ijp7ImJ1Y2tldCI6InR3ZWV0X3Jlc3VsdCIsInZlcnNpb24iOm51bGx9LCJ0Zndfc2Vuc2l0aXZlX21lZGlhX2ludGVyc3RpdGlhbF8xMzk2MyI6eyJidWNrZXQiOiJpbnRlcnN0aXRpYWwiLCJ2ZXJzaW9uIjpudWxsfSwidGZ3X2V4cGVyaW1lbnRzX2Nvb2tpZV9leHBpcmF0aW9uIjp7ImJ1Y2tldCI6MTIwOTYwMCwidmVyc2lvbiI6bnVsbH0sInRmd19kdXBsaWNhdGVfc2NyaWJlc190b19zZXR0aW5ncyI6eyJidWNrZXQiOiJvbiIsInZlcnNpb24iOm51bGx9LCJ0ZndfdmlkZW9faGxzX2R5bmFtaWNfbWFuaWZlc3RzXzE1MDgyIjp7ImJ1Y2tldCI6InRydWVfYml0cmF0ZSIsInZlcnNpb24iOm51bGx9LCJ0Zndfc2hvd19ibHVlX3ZlcmlmaWVkX2JhZGdlIjp7ImJ1Y2tldCI6Im9uIiwidmVyc2lvbiI6bnVsbH0sInRmd190d2VldF9lZGl0X2Zyb250ZW5kIjp7ImJ1Y2tldCI6Im9uIiwidmVyc2lvbiI6bnVsbH19&amp;frame=false&amp;hideCard=false&amp;hideThread=false&amp;id=1595867266993868804&amp;lang=pt&amp;origin=https%3A%2F%2Fagenciabrasil.ebc.com.br%2Fesportes%2Fnoticia%2F2022-11%2Fricharlison-decide-e-brasil-inicia-copa-com-vitoria-sobre-servia&amp;sessionId=b610c48991a029014f0d02d6eb5a41785e3a867a&amp;siteScreenName=agenciabrasil&amp;theme=light&amp;widgetsVersion=a3525f077c700%3A1667415560940&amp;width=550px\" frameborder=\"0\" scrolling=\"no\" allowfullscreen=\"allowfullscreen\" data-tweet-id=\"1595867266993868804\" data-mce-fragment=\"1\"><\/iframe><\/div>\n<p>Com um minuto da etapa final, Raphinha roubou a bola no ataque e teve uma chance de ouro, mas chutou em cima de Milinkovic. Um lance que poderia mudar o destino do jogo. Por\u00e9m, j\u00e1 era vis\u00edvel a nova postura do Brasil, pressionando ainda mais a defesa s\u00e9rvia e colocando fogo no jogo. Faltava apenas a finaliza\u00e7\u00e3o perfeita. Aos 9 minutos, Vin\u00edcius J\u00fanior tocou para Neymar na \u00e1rea, mas o camisa 10 chutou para fora.<\/p>\n<p>Por\u00e9m, o brasileiro lamentou mesmo o m\u00edssil dado por Alex Sandro aos 14 minutos, lance no qual a bola pegou no p\u00e9 da trave do goleiro s\u00e9rvio.<\/p>\n<p>Aos 17, enfim, a reden\u00e7\u00e3o! Neymar bagun\u00e7ou a zaga e tocou para Vin\u00edcius J\u00fanior, que chutou cruzado para o goleiro espalmar para a frente. A estrela de Richarlison come\u00e7ou a brilhar ent\u00e3o, quando o atacante do Tottenham (Inglaterra) bateu de primeira para fazer um pa\u00eds inteiro explodir de felicidade: 1 a 0! Aos 21 minutos, Vin\u00edcius J\u00fanior teve outra oportunidade clara, mas escorregou sozinho dentro da grande \u00e1rea.<\/p>\n<p>Mas o melhor ainda estava por vir. Aos 29 minutos Vin\u00edcius J\u00fanior avan\u00e7ou pela esquerda e cruzou \u00e0 meia altura. No meio da \u00e1rea Richarlison dominou de direita, levantando a bola, e bateu de voleio, de esquerda, para marcar um gola\u00e7o. O gol mais bonito da Copa do Catar at\u00e9 aqui. 2 a 0 para o Brasil!<\/p>\n<div class=\"twitter-tweet twitter-tweet-rendered\"><iframe id=\"twitter-widget-2\" class=\"\" title=\"Twitter Tweet\" src=\"https:\/\/platform.twitter.com\/embed\/Tweet.html?creatorScreenName=agenciabrasil&amp;dnt=false&amp;embedId=twitter-widget-2&amp;features=eyJ0ZndfdGltZWxpbmVfbGlzdCI6eyJidWNrZXQiOlsibGlua3RyLmVlIiwidHIuZWUiLCJ0ZXJyYS5jb20uYnIiLCJ3d3cubGlua3RyLmVlIiwid3d3LnRyLmVlIiwid3d3LnRlcnJhLmNvbS5iciJdLCJ2ZXJzaW9uIjpudWxsfSwidGZ3X2hvcml6b25fdGltZWxpbmVfMTIwMzQiOnsiYnVja2V0IjoidHJlYXRtZW50IiwidmVyc2lvbiI6bnVsbH0sInRmd190d2VldF9lZGl0X2JhY2tlbmQiOnsiYnVja2V0Ijoib24iLCJ2ZXJzaW9uIjpudWxsfSwidGZ3X3JlZnNyY19zZXNzaW9uIjp7ImJ1Y2tldCI6Im9uIiwidmVyc2lvbiI6bnVsbH0sInRmd19jaGluX3BpbGxzXzE0NzQxIjp7ImJ1Y2tldCI6ImNvbG9yX2ljb25zIiwidmVyc2lvbiI6bnVsbH0sInRmd190d2VldF9yZXN1bHRfbWlncmF0aW9uXzEzOTc5Ijp7ImJ1Y2tldCI6InR3ZWV0X3Jlc3VsdCIsInZlcnNpb24iOm51bGx9LCJ0Zndfc2Vuc2l0aXZlX21lZGlhX2ludGVyc3RpdGlhbF8xMzk2MyI6eyJidWNrZXQiOiJpbnRlcnN0aXRpYWwiLCJ2ZXJzaW9uIjpudWxsfSwidGZ3X2V4cGVyaW1lbnRzX2Nvb2tpZV9leHBpcmF0aW9uIjp7ImJ1Y2tldCI6MTIwOTYwMCwidmVyc2lvbiI6bnVsbH0sInRmd19kdXBsaWNhdGVfc2NyaWJlc190b19zZXR0aW5ncyI6eyJidWNrZXQiOiJvbiIsInZlcnNpb24iOm51bGx9LCJ0ZndfdmlkZW9faGxzX2R5bmFtaWNfbWFuaWZlc3RzXzE1MDgyIjp7ImJ1Y2tldCI6InRydWVfYml0cmF0ZSIsInZlcnNpb24iOm51bGx9LCJ0Zndfc2hvd19ibHVlX3ZlcmlmaWVkX2JhZGdlIjp7ImJ1Y2tldCI6Im9uIiwidmVyc2lvbiI6bnVsbH0sInRmd190d2VldF9lZGl0X2Zyb250ZW5kIjp7ImJ1Y2tldCI6Im9uIiwidmVyc2lvbiI6bnVsbH19&amp;frame=false&amp;hideCard=false&amp;hideThread=false&amp;id=1595886675976196096&amp;lang=pt&amp;origin=https%3A%2F%2Fagenciabrasil.ebc.com.br%2Fesportes%2Fnoticia%2F2022-11%2Fricharlison-decide-e-brasil-inicia-copa-com-vitoria-sobre-servia&amp;sessionId=b610c48991a029014f0d02d6eb5a41785e3a867a&amp;siteScreenName=agenciabrasil&amp;theme=light&amp;widgetsVersion=a3525f077c700%3A1667415560940&amp;width=550px\" frameborder=\"0\" scrolling=\"no\" allowfullscreen=\"allowfullscreen\" data-tweet-id=\"1595886675976196096\" data-mce-fragment=\"1\"><\/iframe><\/div>\n<p>O t\u00e9cnico Tite come\u00e7ou a realizar mudan\u00e7as na equipe, uma delas que deixa causa certa preocupa\u00e7\u00e3o, a de Neymar, que levou uma entrada dura no p\u00e9 direito. Por\u00e9m, mesmo com as mudan\u00e7as, o Brasil continuou mandando no confronto, e criando oportunidades, como a de Casemiro, aos 36 minutos, quando arriscou de fora da \u00e1rea para acertar o travess\u00e3o da S\u00e9rvia. Sem d\u00favida, a melhor apresenta\u00e7\u00e3o de uma sele\u00e7\u00e3o neste Mundial ap\u00f3s os 16 jogos da primeira rodada.<\/p>\n<p>Na pr\u00f3xima segunda (28), pela segunda rodada do Grupo G, o Brasil pega a Su\u00ed\u00e7a a partir das 13h (hor\u00e1rio de Bras\u00edlia). J\u00e1 S\u00e9rvia e Camar\u00f5es, derrotados na primeira rodada, buscar\u00e3o a reabilita\u00e7\u00e3o no mesmo dia, mas a partir das 7 horas.<\/p>\n<h2>Ficha T\u00e9cnica:<\/h2>\n<p><strong>Brasil 2 x 0 S\u00e9rvia<\/strong><\/p>\n<p><strong>Data:<\/strong>\u00a0Quinta-feira, 24 de novembro de 2022.<\/p>\n<p><strong>Local:<\/strong>\u00a0Al Daayen (Catar).<\/p>\n<p><strong>Juiz:<\/strong>\u00a0Alireza Faghani (Ir\u00e3).<\/p>\n<p><strong>P\u00fablico:<\/strong>\u00a088.103.<\/p>\n<p><strong>Brasil:<\/strong>\u00a0Alisson; Danilo, Thiago Silva, Marquinhos e Alex Sandro; Casemiro, Lucas Paquet\u00e1 (Fred) e Neymar (Antony); Richarlison (Gabriel Jesus), Raphinha (Martinelli) e Vin\u00edcius J\u00fanior (Rodrygo). T\u00e9cnico: Tite.<\/p>\n<p><strong>S\u00e9rvia:<\/strong>\u00a0Milinkovic; Pavlovic, Milenkovic e Veljkovic; Gudelj (Ilic), Zivkovic (Radonjic), Lukic (Lazovic) e Mladenovic (Vlahovic); Mitrovic (Maksimovic), Tadic e Savic. T\u00e9cnico: Dragan Stojkovic.<\/p>\n<p><strong>Gols:<\/strong>\u00a0No 2\u00ba tempo: Richarlison (17) e Richarlison (29).<\/p>\n<\/div>\n<p class=\"alt-font font-italic my-2 small text-info\">Edi\u00e7\u00e3o: F\u00e1bio Lisboa<\/p>\n<\/div>\n<\/div>\n","protected":false},"excerpt":{"rendered":"<p>Camisa 9 (foto) marcou duas vezes, uma delas um gola\u00e7o de voleio Carlos Molinari &#8211; TV Brasil &#8211; Bras\u00edlia ontando com o faro de gol do<span class=\"excerpt-hellip\"> [\u2026]<\/span><\/p>\n","protected":false},"author":4,"featured_media":29804,"comment_status":"open","ping_status":"open","sticky":false,"template":"","format":"standard","meta":{"_jetpack_memberships_contains_paid_content":false,"footnotes":"","jetpack_publicize_message":"","jetpack_publicize_feature_enabled":true,"jetpack_social_post_already_shared":false,"jetpack_social_options":{"image_generator_settings":{"template":"highway","default_image_id":0,"enabled":false},"version":2}},"categories":[28,81],"tags":[],"class_list":["post-29803","post","type-post","status-publish","format-standard","has-post-thumbnail","hentry","category-cotidiano","category-manchete"],"yoast_head":"<!-- This site is optimized with the Yoast SEO plugin v25.6 - https:\/\/yoast.com\/wordpress\/plugins\/seo\/ -->\n<title>Richarlison decide e Brasil inicia Copa com vit\u00f3ria sobre a S\u00e9rvia - VerdadeOn<\/title>\n<meta name=\"robots\" content=\"index, follow, max-snippet:-1, max-image-preview:large, max-video-preview:-1\" \/>\n<link rel=\"canonical\" href=\"https:\/\/verdadeon.com.br\/portal\/2022\/11\/24\/richarlison-decide-e-brasil-inicia-copa-com-vitoria-sobre-a-servia\/\" \/>\n<meta property=\"og:locale\" content=\"pt_BR\" \/>\n<meta property=\"og:type\" content=\"article\" \/>\n<meta property=\"og:title\" content=\"Richarlison decide e Brasil inicia Copa com vit\u00f3ria sobre a S\u00e9rvia - VerdadeOn\" \/>\n<meta property=\"og:description\" content=\"Camisa 9 (foto) marcou duas vezes, uma delas um gola\u00e7o de voleio Carlos Molinari &#8211; TV Brasil &#8211; Bras\u00edlia ontando com o faro de gol do [\u2026]\" \/>\n<meta property=\"og:url\" content=\"https:\/\/verdadeon.com.br\/portal\/2022\/11\/24\/richarlison-decide-e-brasil-inicia-copa-com-vitoria-sobre-a-servia\/\" \/>\n<meta property=\"og:site_name\" content=\"VerdadeOn\" \/>\n<meta property=\"article:published_time\" content=\"2022-11-24T22:07:52+00:00\" \/>\n<meta property=\"og:image\" content=\"https:\/\/verdadeon.com.br\/portal\/wp-content\/uploads\/2022\/11\/2022-11-24t204527z_242242574_up1eibo1lnpwv_rtrmadp_3_soccer-worldcup-bra-srb-report.jpeg\" \/>\n\t<meta property=\"og:image:width\" content=\"1170\" \/>\n\t<meta property=\"og:image:height\" content=\"700\" \/>\n\t<meta property=\"og:image:type\" content=\"image\/jpeg\" \/>\n<meta name=\"author\" content=\"Fernando Calixto\" \/>\n<meta name=\"twitter:card\" content=\"summary_large_image\" \/>\n<meta name=\"twitter:label1\" content=\"Escrito por\" \/>\n\t<meta name=\"twitter:data1\" content=\"Fernando Calixto\" \/>\n\t<meta name=\"twitter:label2\" content=\"Est. tempo de leitura\" \/>\n\t<meta name=\"twitter:data2\" content=\"5 minutos\" \/>\n<script type=\"application\/ld+json\" class=\"yoast-schema-graph\">{\"@context\":\"https:\/\/schema.org\",\"@graph\":[{\"@type\":\"WebPage\",\"@id\":\"https:\/\/verdadeon.com.br\/portal\/2022\/11\/24\/richarlison-decide-e-brasil-inicia-copa-com-vitoria-sobre-a-servia\/\",\"url\":\"https:\/\/verdadeon.com.br\/portal\/2022\/11\/24\/richarlison-decide-e-brasil-inicia-copa-com-vitoria-sobre-a-servia\/\",\"name\":\"Richarlison decide e Brasil inicia Copa com vit\u00f3ria sobre a S\u00e9rvia - VerdadeOn\",\"isPartOf\":{\"@id\":\"https:\/\/verdadeon.com.br\/portal\/#website\"},\"primaryImageOfPage\":{\"@id\":\"https:\/\/verdadeon.com.br\/portal\/2022\/11\/24\/richarlison-decide-e-brasil-inicia-copa-com-vitoria-sobre-a-servia\/#primaryimage\"},\"image\":{\"@id\":\"https:\/\/verdadeon.com.br\/portal\/2022\/11\/24\/richarlison-decide-e-brasil-inicia-copa-com-vitoria-sobre-a-servia\/#primaryimage\"},\"thumbnailUrl\":\"https:\/\/i0.wp.com\/verdadeon.com.br\/portal\/wp-content\/uploads\/2022\/11\/2022-11-24t204527z_242242574_up1eibo1lnpwv_rtrmadp_3_soccer-worldcup-bra-srb-report.jpeg?fit=1170%2C700&ssl=1\",\"datePublished\":\"2022-11-24T22:07:52+00:00\",\"author\":{\"@id\":\"https:\/\/verdadeon.com.br\/portal\/#\/schema\/person\/8994718f49ee62ba5610471e29ca1f62\"},\"breadcrumb\":{\"@id\":\"https:\/\/verdadeon.com.br\/portal\/2022\/11\/24\/richarlison-decide-e-brasil-inicia-copa-com-vitoria-sobre-a-servia\/#breadcrumb\"},\"inLanguage\":\"pt-BR\",\"potentialAction\":[{\"@type\":\"ReadAction\",\"target\":[\"https:\/\/verdadeon.com.br\/portal\/2022\/11\/24\/richarlison-decide-e-brasil-inicia-copa-com-vitoria-sobre-a-servia\/\"]}]},{\"@type\":\"ImageObject\",\"inLanguage\":\"pt-BR\",\"@id\":\"https:\/\/verdadeon.com.br\/portal\/2022\/11\/24\/richarlison-decide-e-brasil-inicia-copa-com-vitoria-sobre-a-servia\/#primaryimage\",\"url\":\"https:\/\/i0.wp.com\/verdadeon.com.br\/portal\/wp-content\/uploads\/2022\/11\/2022-11-24t204527z_242242574_up1eibo1lnpwv_rtrmadp_3_soccer-worldcup-bra-srb-report.jpeg?fit=1170%2C700&ssl=1\",\"contentUrl\":\"https:\/\/i0.wp.com\/verdadeon.com.br\/portal\/wp-content\/uploads\/2022\/11\/2022-11-24t204527z_242242574_up1eibo1lnpwv_rtrmadp_3_soccer-worldcup-bra-srb-report.jpeg?fit=1170%2C700&ssl=1\",\"width\":1170,\"height\":700},{\"@type\":\"BreadcrumbList\",\"@id\":\"https:\/\/verdadeon.com.br\/portal\/2022\/11\/24\/richarlison-decide-e-brasil-inicia-copa-com-vitoria-sobre-a-servia\/#breadcrumb\",\"itemListElement\":[{\"@type\":\"ListItem\",\"position\":1,\"name\":\"In\u00edcio\",\"item\":\"https:\/\/verdadeon.com.br\/portal\/\"},{\"@type\":\"ListItem\",\"position\":2,\"name\":\"Richarlison decide e Brasil inicia Copa com vit\u00f3ria sobre a S\u00e9rvia\"}]},{\"@type\":\"WebSite\",\"@id\":\"https:\/\/verdadeon.com.br\/portal\/#website\",\"url\":\"https:\/\/verdadeon.com.br\/portal\/\",\"name\":\"VerdadeOn\",\"description\":\"Not\u00edcias di\u00e1rias sobre Franca, Regi\u00e3o, Esporte, Cultura, Cotidiano, Colunas. Cobertura nos principais eventos da cidade \u00e9 aqui - Verdadeon Franca\",\"potentialAction\":[{\"@type\":\"SearchAction\",\"target\":{\"@type\":\"EntryPoint\",\"urlTemplate\":\"https:\/\/verdadeon.com.br\/portal\/?s={search_term_string}\"},\"query-input\":{\"@type\":\"PropertyValueSpecification\",\"valueRequired\":true,\"valueName\":\"search_term_string\"}}],\"inLanguage\":\"pt-BR\"},{\"@type\":\"Person\",\"@id\":\"https:\/\/verdadeon.com.br\/portal\/#\/schema\/person\/8994718f49ee62ba5610471e29ca1f62\",\"name\":\"Fernando Calixto\",\"image\":{\"@type\":\"ImageObject\",\"inLanguage\":\"pt-BR\",\"@id\":\"https:\/\/verdadeon.com.br\/portal\/#\/schema\/person\/image\/\",\"url\":\"https:\/\/secure.gravatar.com\/avatar\/7578910c24966c0316c340f9dbd601e93ee9f9212e1033968b367af9306bd9fb?s=96&d=mm&r=g\",\"contentUrl\":\"https:\/\/secure.gravatar.com\/avatar\/7578910c24966c0316c340f9dbd601e93ee9f9212e1033968b367af9306bd9fb?s=96&d=mm&r=g\",\"caption\":\"Fernando Calixto\"},\"url\":\"https:\/\/verdadeon.com.br\/portal\/author\/fernando-calixto\/\"}]}<\/script>\n<!-- \/ Yoast SEO plugin. -->","yoast_head_json":{"title":"Richarlison decide e Brasil inicia Copa com vit\u00f3ria sobre a S\u00e9rvia - VerdadeOn","robots":{"index":"index","follow":"follow","max-snippet":"max-snippet:-1","max-image-preview":"max-image-preview:large","max-video-preview":"max-video-preview:-1"},"canonical":"https:\/\/verdadeon.com.br\/portal\/2022\/11\/24\/richarlison-decide-e-brasil-inicia-copa-com-vitoria-sobre-a-servia\/","og_locale":"pt_BR","og_type":"article","og_title":"Richarlison decide e Brasil inicia Copa com vit\u00f3ria sobre a S\u00e9rvia - VerdadeOn","og_description":"Camisa 9 (foto) marcou duas vezes, uma delas um gola\u00e7o de voleio Carlos Molinari &#8211; TV Brasil &#8211; Bras\u00edlia ontando com o faro de gol do [\u2026]","og_url":"https:\/\/verdadeon.com.br\/portal\/2022\/11\/24\/richarlison-decide-e-brasil-inicia-copa-com-vitoria-sobre-a-servia\/","og_site_name":"VerdadeOn","article_published_time":"2022-11-24T22:07:52+00:00","og_image":[{"width":1170,"height":700,"url":"https:\/\/verdadeon.com.br\/portal\/wp-content\/uploads\/2022\/11\/2022-11-24t204527z_242242574_up1eibo1lnpwv_rtrmadp_3_soccer-worldcup-bra-srb-report.jpeg","type":"image\/jpeg"}],"author":"Fernando Calixto","twitter_card":"summary_large_image","twitter_misc":{"Escrito por":"Fernando Calixto","Est. tempo de leitura":"5 minutos"},"schema":{"@context":"https:\/\/schema.org","@graph":[{"@type":"WebPage","@id":"https:\/\/verdadeon.com.br\/portal\/2022\/11\/24\/richarlison-decide-e-brasil-inicia-copa-com-vitoria-sobre-a-servia\/","url":"https:\/\/verdadeon.com.br\/portal\/2022\/11\/24\/richarlison-decide-e-brasil-inicia-copa-com-vitoria-sobre-a-servia\/","name":"Richarlison decide e Brasil inicia Copa com vit\u00f3ria sobre a S\u00e9rvia - VerdadeOn","isPartOf":{"@id":"https:\/\/verdadeon.com.br\/portal\/#website"},"primaryImageOfPage":{"@id":"https:\/\/verdadeon.com.br\/portal\/2022\/11\/24\/richarlison-decide-e-brasil-inicia-copa-com-vitoria-sobre-a-servia\/#primaryimage"},"image":{"@id":"https:\/\/verdadeon.com.br\/portal\/2022\/11\/24\/richarlison-decide-e-brasil-inicia-copa-com-vitoria-sobre-a-servia\/#primaryimage"},"thumbnailUrl":"https:\/\/i0.wp.com\/verdadeon.com.br\/portal\/wp-content\/uploads\/2022\/11\/2022-11-24t204527z_242242574_up1eibo1lnpwv_rtrmadp_3_soccer-worldcup-bra-srb-report.jpeg?fit=1170%2C700&ssl=1","datePublished":"2022-11-24T22:07:52+00:00","author":{"@id":"https:\/\/verdadeon.com.br\/portal\/#\/schema\/person\/8994718f49ee62ba5610471e29ca1f62"},"breadcrumb":{"@id":"https:\/\/verdadeon.com.br\/portal\/2022\/11\/24\/richarlison-decide-e-brasil-inicia-copa-com-vitoria-sobre-a-servia\/#breadcrumb"},"inLanguage":"pt-BR","potentialAction":[{"@type":"ReadAction","target":["https:\/\/verdadeon.com.br\/portal\/2022\/11\/24\/richarlison-decide-e-brasil-inicia-copa-com-vitoria-sobre-a-servia\/"]}]},{"@type":"ImageObject","inLanguage":"pt-BR","@id":"https:\/\/verdadeon.com.br\/portal\/2022\/11\/24\/richarlison-decide-e-brasil-inicia-copa-com-vitoria-sobre-a-servia\/#primaryimage","url":"https:\/\/i0.wp.com\/verdadeon.com.br\/portal\/wp-content\/uploads\/2022\/11\/2022-11-24t204527z_242242574_up1eibo1lnpwv_rtrmadp_3_soccer-worldcup-bra-srb-report.jpeg?fit=1170%2C700&ssl=1","contentUrl":"https:\/\/i0.wp.com\/verdadeon.com.br\/portal\/wp-content\/uploads\/2022\/11\/2022-11-24t204527z_242242574_up1eibo1lnpwv_rtrmadp_3_soccer-worldcup-bra-srb-report.jpeg?fit=1170%2C700&ssl=1","width":1170,"height":700},{"@type":"BreadcrumbList","@id":"https:\/\/verdadeon.com.br\/portal\/2022\/11\/24\/richarlison-decide-e-brasil-inicia-copa-com-vitoria-sobre-a-servia\/#breadcrumb","itemListElement":[{"@type":"ListItem","position":1,"name":"In\u00edcio","item":"https:\/\/verdadeon.com.br\/portal\/"},{"@type":"ListItem","position":2,"name":"Richarlison decide e Brasil inicia Copa com vit\u00f3ria sobre a S\u00e9rvia"}]},{"@type":"WebSite","@id":"https:\/\/verdadeon.com.br\/portal\/#website","url":"https:\/\/verdadeon.com.br\/portal\/","name":"VerdadeOn","description":"Not\u00edcias di\u00e1rias sobre Franca, Regi\u00e3o, Esporte, Cultura, Cotidiano, Colunas. Cobertura nos principais eventos da cidade \u00e9 aqui - Verdadeon Franca","potentialAction":[{"@type":"SearchAction","target":{"@type":"EntryPoint","urlTemplate":"https:\/\/verdadeon.com.br\/portal\/?s={search_term_string}"},"query-input":{"@type":"PropertyValueSpecification","valueRequired":true,"valueName":"search_term_string"}}],"inLanguage":"pt-BR"},{"@type":"Person","@id":"https:\/\/verdadeon.com.br\/portal\/#\/schema\/person\/8994718f49ee62ba5610471e29ca1f62","name":"Fernando Calixto","image":{"@type":"ImageObject","inLanguage":"pt-BR","@id":"https:\/\/verdadeon.com.br\/portal\/#\/schema\/person\/image\/","url":"https:\/\/secure.gravatar.com\/avatar\/7578910c24966c0316c340f9dbd601e93ee9f9212e1033968b367af9306bd9fb?s=96&d=mm&r=g","contentUrl":"https:\/\/secure.gravatar.com\/avatar\/7578910c24966c0316c340f9dbd601e93ee9f9212e1033968b367af9306bd9fb?s=96&d=mm&r=g","caption":"Fernando Calixto"},"url":"https:\/\/verdadeon.com.br\/portal\/author\/fernando-calixto\/"}]}},"jetpack_publicize_connections":[],"jetpack_featured_media_url":"https:\/\/i0.wp.com\/verdadeon.com.br\/portal\/wp-content\/uploads\/2022\/11\/2022-11-24t204527z_242242574_up1eibo1lnpwv_rtrmadp_3_soccer-worldcup-bra-srb-report.jpeg?fit=1170%2C700&ssl=1","jetpack_sharing_enabled":true,"_links":{"self":[{"href":"https:\/\/verdadeon.com.br\/portal\/wp-json\/wp\/v2\/posts\/29803","targetHints":{"allow":["GET"]}}],"collection":[{"href":"https:\/\/verdadeon.com.br\/portal\/wp-json\/wp\/v2\/posts"}],"about":[{"href":"https:\/\/verdadeon.com.br\/portal\/wp-json\/wp\/v2\/types\/post"}],"author":[{"embeddable":true,"href":"https:\/\/verdadeon.com.br\/portal\/wp-json\/wp\/v2\/users\/4"}],"replies":[{"embeddable":true,"href":"https:\/\/verdadeon.com.br\/portal\/wp-json\/wp\/v2\/comments?post=29803"}],"version-history":[{"count":1,"href":"https:\/\/verdadeon.com.br\/portal\/wp-json\/wp\/v2\/posts\/29803\/revisions"}],"predecessor-version":[{"id":29805,"href":"https:\/\/verdadeon.com.br\/portal\/wp-json\/wp\/v2\/posts\/29803\/revisions\/29805"}],"wp:featuredmedia":[{"embeddable":true,"href":"https:\/\/verdadeon.com.br\/portal\/wp-json\/wp\/v2\/media\/29804"}],"wp:attachment":[{"href":"https:\/\/verdadeon.com.br\/portal\/wp-json\/wp\/v2\/media?parent=29803"}],"wp:term":[{"taxonomy":"category","embeddable":true,"href":"https:\/\/verdadeon.com.br\/portal\/wp-json\/wp\/v2\/categories?post=29803"},{"taxonomy":"post_tag","embeddable":true,"href":"https:\/\/verdadeon.com.br\/portal\/wp-json\/wp\/v2\/tags?post=29803"}],"curies":[{"name":"wp","href":"https:\/\/api.w.org\/{rel}","templated":true}]}}