{"id":2974,"date":"2020-02-04T16:52:35","date_gmt":"2020-02-04T19:52:35","guid":{"rendered":"http:\/\/verdadeon.com.br\/portal\/?p=2974"},"modified":"2020-02-04T16:53:53","modified_gmt":"2020-02-04T19:53:53","slug":"tempestades-solares-perigosas-atingem-a-terra-a-cada-25-anos","status":"publish","type":"post","link":"https:\/\/verdadeon.com.br\/portal\/2020\/02\/04\/tempestades-solares-perigosas-atingem-a-terra-a-cada-25-anos\/","title":{"rendered":"Tempestades solares perigosas atingem a Terra a cada 25 anos"},"content":{"rendered":"\n<p class=\"has-drop-cap\"> Gra\u00e7as \u00e0s suas capacidades de atrapalhar equipamentos de comunica\u00e7\u00e3o na Terra e sat\u00e9lites em \u00f3rbita, as\u00a0<a rel=\"noreferrer noopener\" href=\"https:\/\/canaltech.com.br\/espaco\/tempestades-magneticas-perigosas-estao-mais-perto-da-terra-do-que-se-imaginava-159298\/\" target=\"_blank\">tempestades solares t\u00eam sido cada vez mais alvo de investiga\u00e7\u00e3o<\/a>. Al\u00e9m de compreender melhor as origens desse fen\u00f4meno, os cientistas buscam prever as mais intensas\u00a0e perigosas para evitar danos que poderiam ser catastr\u00f3ficos. Para isso, uma equipe de pesquisadores classificou tempestades que aconteceram ao longo de 150 anos e mediu com que frequ\u00eancia elas ocorrem.<\/p>\n\n\n\n<p>\u00c0 medida que nosso mundo se torna mais conectado atrav\u00e9s da tecnologia, as tempestades solares representam um risco cada vez maior. Para compara\u00e7\u00e3o, a tempestade mais famosa \u00e9 o Evento Carrington de 1859, a mais poderosa j\u00e1 registrada. Ela derrubou alguns sistemas de tel\u00e9grafo em diferentes partes do mundo, provocou alguns inc\u00eandios e at\u00e9 causou choque em alguns operadores de tel\u00e9grafo. Uma tempestade como essa nos dias de hoje, em um mundo dependente de sat\u00e9lites, causaria bilh\u00f5es, possivelmente at\u00e9 trilh\u00f5es de d\u00f3lares, em danos \u2014 al\u00e9m da interrup\u00e7\u00e3o de servi\u00e7os essenciais para a sociedade.<\/p>\n\n\n\n<p>De acordo com o novo estudo, h\u00e1 dois tipos de tempestades solares poderosas: as \u201csupertempestades grandes\u201d e as \u201csupertempestades severas\u201d, que s\u00e3o mais fracas. As primeiras s\u00e3o fortes o suficiente para causar estragos em equipamentos eletr\u00f4nicos e atingem a Terra a cada 25 anos. As menos poderosas, mas ainda perigosas, acontecem a cada tr\u00eas anos ou mais.<\/p>\n\n\n\n<p>O novo artigo, publicado por uma equipe da Universidade de Warwick e da British Antarctic Survey, \u00e9 baseado em dados de campos magn\u00e9ticos que remontam a 150 anos. Os autores dizem que podem detectar quantas tempestades poderosas ocorreram naquele per\u00edodo e com que frequ\u00eancia elas aconteceram. De acordo com principal autora, Sandra Chapman, \u201cessas supertempestades s\u00e3o eventos raros, mas estimar sua chance de ocorr\u00eancia \u00e9 uma parte importante do planejamento do n\u00edvel de mitiga\u00e7\u00e3o necess\u00e1rio para proteger a infraestrutura nacional cr\u00edtica\u201d.<\/p>\n\n\n\n<figure class=\"wp-block-image size-large\"><img data-recalc-dims=\"1\" loading=\"lazy\" decoding=\"async\" width=\"730\" height=\"410\" src=\"https:\/\/i0.wp.com\/verdadeon.com.br\/portal\/wp-content\/uploads\/2020\/02\/286705.536468-Vento-solar.jpg?resize=730%2C410\" alt=\"\" class=\"wp-image-2975\" srcset=\"https:\/\/i0.wp.com\/verdadeon.com.br\/portal\/wp-content\/uploads\/2020\/02\/286705.536468-Vento-solar.jpg?w=730&amp;ssl=1 730w, https:\/\/i0.wp.com\/verdadeon.com.br\/portal\/wp-content\/uploads\/2020\/02\/286705.536468-Vento-solar.jpg?resize=300%2C168&amp;ssl=1 300w, https:\/\/i0.wp.com\/verdadeon.com.br\/portal\/wp-content\/uploads\/2020\/02\/286705.536468-Vento-solar.jpg?resize=260%2C146&amp;ssl=1 260w, https:\/\/i0.wp.com\/verdadeon.com.br\/portal\/wp-content\/uploads\/2020\/02\/286705.536468-Vento-solar.jpg?resize=50%2C28&amp;ssl=1 50w, https:\/\/i0.wp.com\/verdadeon.com.br\/portal\/wp-content\/uploads\/2020\/02\/286705.536468-Vento-solar.jpg?resize=134%2C75&amp;ssl=1 134w\" sizes=\"auto, (max-width: 730px) 100vw, 730px\" \/><figcaption><br><\/figcaption><\/figure>\n\n\n\n<p>Dentro desse per\u00edodo de 150 anos, \u201ctempestades severas\u201d ocorreram a cada tr\u00eas anos. J\u00e1 as \u201csupertempestades grandes\u201d ocorreram a cada 25 anos. Estas \u00faltimas podem causar blecautes, danificar&nbsp;sat\u00e9lites, interromper a avia\u00e7\u00e3o e causar perda tempor\u00e1ria de sinais de GPS ou comunica\u00e7\u00f5es de r\u00e1dio. Esta pesquisa, de acordo com Chapman, \u201cprop\u00f5e um novo m\u00e9todo de abordar dados hist\u00f3ricos para fornecer uma imagem melhor da chance de ocorr\u00eancia de super tempestades\u201d.<\/p>\n\n\n\n<p>A&nbsp;an\u00e1lise mostra que supertempestades t\u00e3o poderosas quanto o Evento de Carrington podem ser mais comuns do que se pensava, e podem acontecer a qualquer momento, sem aviso pr\u00e9vio. Embora existam dados para monitorar o clima espacial e as mudan\u00e7as no campo magn\u00e9tico na superf\u00edcie da Terra, ainda n\u00e3o h\u00e1 dados suficientes para fazer uma previs\u00e3o mais precisa.<\/p>\n\n\n\n<p>Uma melhor compreens\u00e3o das tempestades solares poderosas e sua taxa de ocorr\u00eancia requer um conjunto de dados maior. Por isso, os pesquisadores do novo estudo voltaram mais no tempo e analisaram o \u00edndice geomagn\u00e9tico do Reino Unido e Austr\u00e1lia, extremos opostos da Terra. O \u00edndice \u00e9 o registro mais longo e quase cont\u00ednuo de altera\u00e7\u00f5es nos campos magn\u00e9ticos na superf\u00edcie da Terra.<\/p>\n\n\n\n<p>Atualmente, existem naves espaciais que estudam o Sol, como o SOHO (Observat\u00f3rio Solar Heliosf\u00e9rico), o SDO (Observat\u00f3rio Solar de Din\u00e2mica) e a Sonda Solar Parker, para melhorar a compreens\u00e3o da nossa estrela e a capacidade de prever as tempestades.<br><\/p>\n\n\n\n<h6 class=\"wp-block-heading\"><em>Fontes: <a rel=\"noreferrer noopener\" href=\"https:\/\/www.universetoday.com\/144814\/destructive-super-solar-storms-hit-us-every-25-years-or-so\/\" target=\"_blank\">Universe Today<\/a> , Canaltech<\/em><\/h6>\n","protected":false},"excerpt":{"rendered":"<p>Gra\u00e7as \u00e0s suas capacidades de atrapalhar equipamentos de comunica\u00e7\u00e3o na Terra e sat\u00e9lites em \u00f3rbita, as\u00a0tempestades solares t\u00eam sido cada vez mais alvo de investiga\u00e7\u00e3o. Al\u00e9m<span class=\"excerpt-hellip\"> [\u2026]<\/span><\/p>\n","protected":false},"author":3,"featured_media":2976,"comment_status":"open","ping_status":"open","sticky":false,"template":"","format":"standard","meta":{"_jetpack_memberships_contains_paid_content":false,"footnotes":"","jetpack_publicize_message":"","jetpack_publicize_feature_enabled":true,"jetpack_social_post_already_shared":false,"jetpack_social_options":{"image_generator_settings":{"template":"highway","default_image_id":0,"enabled":false},"version":2}},"categories":[51,30],"tags":[52],"class_list":["post-2974","post","type-post","status-publish","format-standard","has-post-thumbnail","hentry","category-ciencia-e-tecnologia","category-variedades","tag-ciencia-tecnologia"],"yoast_head":"<!-- This site is optimized with the Yoast SEO plugin v25.6 - https:\/\/yoast.com\/wordpress\/plugins\/seo\/ -->\n<title>Tempestades solares perigosas atingem a Terra a cada 25 anos - VerdadeOn<\/title>\n<meta name=\"robots\" content=\"index, follow, max-snippet:-1, max-image-preview:large, max-video-preview:-1\" \/>\n<link rel=\"canonical\" href=\"https:\/\/verdadeon.com.br\/portal\/2020\/02\/04\/tempestades-solares-perigosas-atingem-a-terra-a-cada-25-anos\/\" \/>\n<meta property=\"og:locale\" content=\"pt_BR\" \/>\n<meta property=\"og:type\" content=\"article\" \/>\n<meta property=\"og:title\" content=\"Tempestades solares perigosas atingem a Terra a cada 25 anos - VerdadeOn\" \/>\n<meta property=\"og:description\" content=\"Gra\u00e7as \u00e0s suas capacidades de atrapalhar equipamentos de comunica\u00e7\u00e3o na Terra e sat\u00e9lites em \u00f3rbita, as\u00a0tempestades solares t\u00eam sido cada vez mais alvo de investiga\u00e7\u00e3o. Al\u00e9m [\u2026]\" \/>\n<meta property=\"og:url\" content=\"https:\/\/verdadeon.com.br\/portal\/2020\/02\/04\/tempestades-solares-perigosas-atingem-a-terra-a-cada-25-anos\/\" \/>\n<meta property=\"og:site_name\" content=\"VerdadeOn\" \/>\n<meta property=\"article:published_time\" content=\"2020-02-04T19:52:35+00:00\" \/>\n<meta property=\"article:modified_time\" content=\"2020-02-04T19:53:53+00:00\" \/>\n<meta property=\"og:image\" content=\"https:\/\/verdadeon.com.br\/portal\/wp-content\/uploads\/2020\/02\/tempestades-solares-perigosas-atingem-a-terra-a-cada-25-anos-scaled.jpg\" \/>\n\t<meta property=\"og:image:width\" content=\"1000\" \/>\n\t<meta property=\"og:image:height\" content=\"563\" \/>\n\t<meta property=\"og:image:type\" content=\"image\/jpeg\" \/>\n<meta name=\"author\" content=\"Admin\" \/>\n<meta name=\"twitter:card\" content=\"summary_large_image\" \/>\n<meta name=\"twitter:label1\" content=\"Escrito por\" \/>\n\t<meta name=\"twitter:data1\" content=\"Admin\" \/>\n\t<meta name=\"twitter:label2\" content=\"Est. tempo de leitura\" \/>\n\t<meta name=\"twitter:data2\" content=\"3 minutos\" \/>\n<script type=\"application\/ld+json\" class=\"yoast-schema-graph\">{\"@context\":\"https:\/\/schema.org\",\"@graph\":[{\"@type\":\"WebPage\",\"@id\":\"https:\/\/verdadeon.com.br\/portal\/2020\/02\/04\/tempestades-solares-perigosas-atingem-a-terra-a-cada-25-anos\/\",\"url\":\"https:\/\/verdadeon.com.br\/portal\/2020\/02\/04\/tempestades-solares-perigosas-atingem-a-terra-a-cada-25-anos\/\",\"name\":\"Tempestades solares perigosas atingem a Terra a cada 25 anos - VerdadeOn\",\"isPartOf\":{\"@id\":\"https:\/\/verdadeon.com.br\/portal\/#website\"},\"primaryImageOfPage\":{\"@id\":\"https:\/\/verdadeon.com.br\/portal\/2020\/02\/04\/tempestades-solares-perigosas-atingem-a-terra-a-cada-25-anos\/#primaryimage\"},\"image\":{\"@id\":\"https:\/\/verdadeon.com.br\/portal\/2020\/02\/04\/tempestades-solares-perigosas-atingem-a-terra-a-cada-25-anos\/#primaryimage\"},\"thumbnailUrl\":\"https:\/\/i0.wp.com\/verdadeon.com.br\/portal\/wp-content\/uploads\/2020\/02\/tempestades-solares-perigosas-atingem-a-terra-a-cada-25-anos-scaled.jpg?fit=1000%2C563&ssl=1\",\"datePublished\":\"2020-02-04T19:52:35+00:00\",\"dateModified\":\"2020-02-04T19:53:53+00:00\",\"author\":{\"@id\":\"https:\/\/verdadeon.com.br\/portal\/#\/schema\/person\/31b3f1eb559e4ce9d3c1dc1f2268a70c\"},\"breadcrumb\":{\"@id\":\"https:\/\/verdadeon.com.br\/portal\/2020\/02\/04\/tempestades-solares-perigosas-atingem-a-terra-a-cada-25-anos\/#breadcrumb\"},\"inLanguage\":\"pt-BR\",\"potentialAction\":[{\"@type\":\"ReadAction\",\"target\":[\"https:\/\/verdadeon.com.br\/portal\/2020\/02\/04\/tempestades-solares-perigosas-atingem-a-terra-a-cada-25-anos\/\"]}]},{\"@type\":\"ImageObject\",\"inLanguage\":\"pt-BR\",\"@id\":\"https:\/\/verdadeon.com.br\/portal\/2020\/02\/04\/tempestades-solares-perigosas-atingem-a-terra-a-cada-25-anos\/#primaryimage\",\"url\":\"https:\/\/i0.wp.com\/verdadeon.com.br\/portal\/wp-content\/uploads\/2020\/02\/tempestades-solares-perigosas-atingem-a-terra-a-cada-25-anos-scaled.jpg?fit=1000%2C563&ssl=1\",\"contentUrl\":\"https:\/\/i0.wp.com\/verdadeon.com.br\/portal\/wp-content\/uploads\/2020\/02\/tempestades-solares-perigosas-atingem-a-terra-a-cada-25-anos-scaled.jpg?fit=1000%2C563&ssl=1\",\"width\":1000,\"height\":563,\"caption\":\"Divulga\u00e7\u00e3o | Imagem do Sol\"},{\"@type\":\"BreadcrumbList\",\"@id\":\"https:\/\/verdadeon.com.br\/portal\/2020\/02\/04\/tempestades-solares-perigosas-atingem-a-terra-a-cada-25-anos\/#breadcrumb\",\"itemListElement\":[{\"@type\":\"ListItem\",\"position\":1,\"name\":\"In\u00edcio\",\"item\":\"https:\/\/verdadeon.com.br\/portal\/\"},{\"@type\":\"ListItem\",\"position\":2,\"name\":\"Tempestades solares perigosas atingem a Terra a cada 25 anos\"}]},{\"@type\":\"WebSite\",\"@id\":\"https:\/\/verdadeon.com.br\/portal\/#website\",\"url\":\"https:\/\/verdadeon.com.br\/portal\/\",\"name\":\"VerdadeOn\",\"description\":\"Not\u00edcias di\u00e1rias sobre Franca, Regi\u00e3o, Esporte, Cultura, Cotidiano, Colunas. Cobertura nos principais eventos da cidade \u00e9 aqui - Verdadeon Franca\",\"potentialAction\":[{\"@type\":\"SearchAction\",\"target\":{\"@type\":\"EntryPoint\",\"urlTemplate\":\"https:\/\/verdadeon.com.br\/portal\/?s={search_term_string}\"},\"query-input\":{\"@type\":\"PropertyValueSpecification\",\"valueRequired\":true,\"valueName\":\"search_term_string\"}}],\"inLanguage\":\"pt-BR\"},{\"@type\":\"Person\",\"@id\":\"https:\/\/verdadeon.com.br\/portal\/#\/schema\/person\/31b3f1eb559e4ce9d3c1dc1f2268a70c\",\"name\":\"Admin\",\"image\":{\"@type\":\"ImageObject\",\"inLanguage\":\"pt-BR\",\"@id\":\"https:\/\/verdadeon.com.br\/portal\/#\/schema\/person\/image\/\",\"url\":\"https:\/\/secure.gravatar.com\/avatar\/e550a5b4dab3efe8ca3a8bf0fb981073a921f9a24159040707270602980dd8af?s=96&d=mm&r=g\",\"contentUrl\":\"https:\/\/secure.gravatar.com\/avatar\/e550a5b4dab3efe8ca3a8bf0fb981073a921f9a24159040707270602980dd8af?s=96&d=mm&r=g\",\"caption\":\"Admin\"},\"url\":\"https:\/\/verdadeon.com.br\/portal\/author\/admin\/\"}]}<\/script>\n<!-- \/ Yoast SEO plugin. -->","yoast_head_json":{"title":"Tempestades solares perigosas atingem a Terra a cada 25 anos - VerdadeOn","robots":{"index":"index","follow":"follow","max-snippet":"max-snippet:-1","max-image-preview":"max-image-preview:large","max-video-preview":"max-video-preview:-1"},"canonical":"https:\/\/verdadeon.com.br\/portal\/2020\/02\/04\/tempestades-solares-perigosas-atingem-a-terra-a-cada-25-anos\/","og_locale":"pt_BR","og_type":"article","og_title":"Tempestades solares perigosas atingem a Terra a cada 25 anos - VerdadeOn","og_description":"Gra\u00e7as \u00e0s suas capacidades de atrapalhar equipamentos de comunica\u00e7\u00e3o na Terra e sat\u00e9lites em \u00f3rbita, as\u00a0tempestades solares t\u00eam sido cada vez mais alvo de investiga\u00e7\u00e3o. Al\u00e9m [\u2026]","og_url":"https:\/\/verdadeon.com.br\/portal\/2020\/02\/04\/tempestades-solares-perigosas-atingem-a-terra-a-cada-25-anos\/","og_site_name":"VerdadeOn","article_published_time":"2020-02-04T19:52:35+00:00","article_modified_time":"2020-02-04T19:53:53+00:00","og_image":[{"width":1000,"height":563,"url":"https:\/\/verdadeon.com.br\/portal\/wp-content\/uploads\/2020\/02\/tempestades-solares-perigosas-atingem-a-terra-a-cada-25-anos-scaled.jpg","type":"image\/jpeg"}],"author":"Admin","twitter_card":"summary_large_image","twitter_misc":{"Escrito por":"Admin","Est. tempo de leitura":"3 minutos"},"schema":{"@context":"https:\/\/schema.org","@graph":[{"@type":"WebPage","@id":"https:\/\/verdadeon.com.br\/portal\/2020\/02\/04\/tempestades-solares-perigosas-atingem-a-terra-a-cada-25-anos\/","url":"https:\/\/verdadeon.com.br\/portal\/2020\/02\/04\/tempestades-solares-perigosas-atingem-a-terra-a-cada-25-anos\/","name":"Tempestades solares perigosas atingem a Terra a cada 25 anos - VerdadeOn","isPartOf":{"@id":"https:\/\/verdadeon.com.br\/portal\/#website"},"primaryImageOfPage":{"@id":"https:\/\/verdadeon.com.br\/portal\/2020\/02\/04\/tempestades-solares-perigosas-atingem-a-terra-a-cada-25-anos\/#primaryimage"},"image":{"@id":"https:\/\/verdadeon.com.br\/portal\/2020\/02\/04\/tempestades-solares-perigosas-atingem-a-terra-a-cada-25-anos\/#primaryimage"},"thumbnailUrl":"https:\/\/i0.wp.com\/verdadeon.com.br\/portal\/wp-content\/uploads\/2020\/02\/tempestades-solares-perigosas-atingem-a-terra-a-cada-25-anos-scaled.jpg?fit=1000%2C563&ssl=1","datePublished":"2020-02-04T19:52:35+00:00","dateModified":"2020-02-04T19:53:53+00:00","author":{"@id":"https:\/\/verdadeon.com.br\/portal\/#\/schema\/person\/31b3f1eb559e4ce9d3c1dc1f2268a70c"},"breadcrumb":{"@id":"https:\/\/verdadeon.com.br\/portal\/2020\/02\/04\/tempestades-solares-perigosas-atingem-a-terra-a-cada-25-anos\/#breadcrumb"},"inLanguage":"pt-BR","potentialAction":[{"@type":"ReadAction","target":["https:\/\/verdadeon.com.br\/portal\/2020\/02\/04\/tempestades-solares-perigosas-atingem-a-terra-a-cada-25-anos\/"]}]},{"@type":"ImageObject","inLanguage":"pt-BR","@id":"https:\/\/verdadeon.com.br\/portal\/2020\/02\/04\/tempestades-solares-perigosas-atingem-a-terra-a-cada-25-anos\/#primaryimage","url":"https:\/\/i0.wp.com\/verdadeon.com.br\/portal\/wp-content\/uploads\/2020\/02\/tempestades-solares-perigosas-atingem-a-terra-a-cada-25-anos-scaled.jpg?fit=1000%2C563&ssl=1","contentUrl":"https:\/\/i0.wp.com\/verdadeon.com.br\/portal\/wp-content\/uploads\/2020\/02\/tempestades-solares-perigosas-atingem-a-terra-a-cada-25-anos-scaled.jpg?fit=1000%2C563&ssl=1","width":1000,"height":563,"caption":"Divulga\u00e7\u00e3o | Imagem do Sol"},{"@type":"BreadcrumbList","@id":"https:\/\/verdadeon.com.br\/portal\/2020\/02\/04\/tempestades-solares-perigosas-atingem-a-terra-a-cada-25-anos\/#breadcrumb","itemListElement":[{"@type":"ListItem","position":1,"name":"In\u00edcio","item":"https:\/\/verdadeon.com.br\/portal\/"},{"@type":"ListItem","position":2,"name":"Tempestades solares perigosas atingem a Terra a cada 25 anos"}]},{"@type":"WebSite","@id":"https:\/\/verdadeon.com.br\/portal\/#website","url":"https:\/\/verdadeon.com.br\/portal\/","name":"VerdadeOn","description":"Not\u00edcias di\u00e1rias sobre Franca, Regi\u00e3o, Esporte, Cultura, Cotidiano, Colunas. Cobertura nos principais eventos da cidade \u00e9 aqui - Verdadeon Franca","potentialAction":[{"@type":"SearchAction","target":{"@type":"EntryPoint","urlTemplate":"https:\/\/verdadeon.com.br\/portal\/?s={search_term_string}"},"query-input":{"@type":"PropertyValueSpecification","valueRequired":true,"valueName":"search_term_string"}}],"inLanguage":"pt-BR"},{"@type":"Person","@id":"https:\/\/verdadeon.com.br\/portal\/#\/schema\/person\/31b3f1eb559e4ce9d3c1dc1f2268a70c","name":"Admin","image":{"@type":"ImageObject","inLanguage":"pt-BR","@id":"https:\/\/verdadeon.com.br\/portal\/#\/schema\/person\/image\/","url":"https:\/\/secure.gravatar.com\/avatar\/e550a5b4dab3efe8ca3a8bf0fb981073a921f9a24159040707270602980dd8af?s=96&d=mm&r=g","contentUrl":"https:\/\/secure.gravatar.com\/avatar\/e550a5b4dab3efe8ca3a8bf0fb981073a921f9a24159040707270602980dd8af?s=96&d=mm&r=g","caption":"Admin"},"url":"https:\/\/verdadeon.com.br\/portal\/author\/admin\/"}]}},"jetpack_publicize_connections":[],"jetpack_featured_media_url":"https:\/\/i0.wp.com\/verdadeon.com.br\/portal\/wp-content\/uploads\/2020\/02\/tempestades-solares-perigosas-atingem-a-terra-a-cada-25-anos-scaled.jpg?fit=1000%2C563&ssl=1","jetpack_sharing_enabled":true,"_links":{"self":[{"href":"https:\/\/verdadeon.com.br\/portal\/wp-json\/wp\/v2\/posts\/2974","targetHints":{"allow":["GET"]}}],"collection":[{"href":"https:\/\/verdadeon.com.br\/portal\/wp-json\/wp\/v2\/posts"}],"about":[{"href":"https:\/\/verdadeon.com.br\/portal\/wp-json\/wp\/v2\/types\/post"}],"author":[{"embeddable":true,"href":"https:\/\/verdadeon.com.br\/portal\/wp-json\/wp\/v2\/users\/3"}],"replies":[{"embeddable":true,"href":"https:\/\/verdadeon.com.br\/portal\/wp-json\/wp\/v2\/comments?post=2974"}],"version-history":[{"count":0,"href":"https:\/\/verdadeon.com.br\/portal\/wp-json\/wp\/v2\/posts\/2974\/revisions"}],"wp:featuredmedia":[{"embeddable":true,"href":"https:\/\/verdadeon.com.br\/portal\/wp-json\/wp\/v2\/media\/2976"}],"wp:attachment":[{"href":"https:\/\/verdadeon.com.br\/portal\/wp-json\/wp\/v2\/media?parent=2974"}],"wp:term":[{"taxonomy":"category","embeddable":true,"href":"https:\/\/verdadeon.com.br\/portal\/wp-json\/wp\/v2\/categories?post=2974"},{"taxonomy":"post_tag","embeddable":true,"href":"https:\/\/verdadeon.com.br\/portal\/wp-json\/wp\/v2\/tags?post=2974"}],"curies":[{"name":"wp","href":"https:\/\/api.w.org\/{rel}","templated":true}]}}