{"id":29656,"date":"2022-11-19T13:43:40","date_gmt":"2022-11-19T16:43:40","guid":{"rendered":"https:\/\/verdadeon.com.br\/portal\/?p=29656"},"modified":"2022-11-19T13:41:21","modified_gmt":"2022-11-19T16:41:21","slug":"43a-feira-da-fraternidade-comeca-as-10h-neste-domingo","status":"publish","type":"post","link":"https:\/\/verdadeon.com.br\/portal\/2022\/11\/19\/43a-feira-da-fraternidade-comeca-as-10h-neste-domingo\/","title":{"rendered":"43\u00aa Feira da Fraternidade come\u00e7a \u00e0s 10h neste domingo"},"content":{"rendered":"<h2>Evento no Parque &#8216;Fernando Costa&#8217;, com venda de produtos diversos a pre\u00e7os abaixo do custo e pra\u00e7a de alimenta\u00e7\u00e3o<\/h2>\n<p><span style=\"font-weight: 400;\">A 43\u00aa edi\u00e7\u00e3o da Feira da Fraternidade, que come\u00e7ou na quinta-feira (17), continua neste domingo (20), a partir das 10h, no Parque de Exposi\u00e7\u00f5es \u201cFernando Costa\u201d. O evento \u00e9 tradicional na cidade e re\u00fane, nesta edi\u00e7\u00e3o, 24 entidades assistenciais para vender produtos diversos a pre\u00e7os bastante acess\u00edveis, arrecadando assim recursos para a manuten\u00e7\u00e3o dos trabalhos que desenvolvem. A entrada \u00e9 gratuita.<\/span><\/p>\n<p><span style=\"font-weight: 400;\">Participam da feira lares de idoso, creches, casas de sopa e entidades que atendem p\u00fablicos diversos. Fernando de Oliveira Campos, presidente da AEAF (Associa\u00e7\u00e3o das Entidades Assistenciais de Franca), organizadora do evento, destacou a import\u00e2ncia da Feira da Fraternidade, considerada uma das principais fontes de renda para as entidades.<\/span><\/p>\n<p><span style=\"font-weight: 400;\">Nos primeiros dias, o p\u00fablico aproveitou para comprar cal\u00e7ados, roupas, artesanatos, brinquedos e presentes abaixo do pre\u00e7o de custo. Ainda se divertiram com as atra\u00e7\u00f5es musicais e ampla pra\u00e7a de alimenta\u00e7\u00e3o.\u00a0<\/span><\/p>\n<p>&nbsp;<\/p>\n","protected":false},"excerpt":{"rendered":"<p>Evento no Parque &#8216;Fernando Costa&#8217;, com venda de produtos diversos a pre\u00e7os abaixo do custo e pra\u00e7a de alimenta\u00e7\u00e3o A 43\u00aa edi\u00e7\u00e3o da Feira da Fraternidade,<span class=\"excerpt-hellip\"> [\u2026]<\/span><\/p>\n","protected":false},"author":10,"featured_media":29657,"comment_status":"open","ping_status":"open","sticky":false,"template":"","format":"standard","meta":{"_jetpack_memberships_contains_paid_content":false,"footnotes":"","jetpack_publicize_message":"","jetpack_publicize_feature_enabled":true,"jetpack_social_post_already_shared":false,"jetpack_social_options":{"image_generator_settings":{"template":"highway","default_image_id":0,"enabled":false},"version":2}},"categories":[28,44],"tags":[],"class_list":["post-29656","post","type-post","status-publish","format-standard","has-post-thumbnail","hentry","category-cotidiano","category-noticias"],"yoast_head":"<!-- This site is optimized with the Yoast SEO plugin v25.6 - https:\/\/yoast.com\/wordpress\/plugins\/seo\/ -->\n<title>43\u00aa Feira da Fraternidade come\u00e7a \u00e0s 10h neste domingo - VerdadeOn<\/title>\n<meta name=\"robots\" content=\"index, follow, max-snippet:-1, max-image-preview:large, max-video-preview:-1\" \/>\n<link rel=\"canonical\" href=\"https:\/\/verdadeon.com.br\/portal\/2022\/11\/19\/43a-feira-da-fraternidade-comeca-as-10h-neste-domingo\/\" \/>\n<meta property=\"og:locale\" content=\"pt_BR\" \/>\n<meta property=\"og:type\" content=\"article\" \/>\n<meta property=\"og:title\" content=\"43\u00aa Feira da Fraternidade come\u00e7a \u00e0s 10h neste domingo - VerdadeOn\" \/>\n<meta property=\"og:description\" content=\"Evento no Parque &#8216;Fernando Costa&#8217;, com venda de produtos diversos a pre\u00e7os abaixo do custo e pra\u00e7a de alimenta\u00e7\u00e3o A 43\u00aa edi\u00e7\u00e3o da Feira da Fraternidade, [\u2026]\" \/>\n<meta property=\"og:url\" content=\"https:\/\/verdadeon.com.br\/portal\/2022\/11\/19\/43a-feira-da-fraternidade-comeca-as-10h-neste-domingo\/\" \/>\n<meta property=\"og:site_name\" content=\"VerdadeOn\" \/>\n<meta property=\"article:published_time\" content=\"2022-11-19T16:43:40+00:00\" \/>\n<meta property=\"og:image\" content=\"https:\/\/verdadeon.com.br\/portal\/wp-content\/uploads\/2022\/11\/feirafraternidade-3-scaled.jpg\" \/>\n\t<meta property=\"og:image:width\" content=\"2560\" \/>\n\t<meta property=\"og:image:height\" content=\"1707\" \/>\n\t<meta property=\"og:image:type\" content=\"image\/jpeg\" \/>\n<meta name=\"author\" content=\"Redacao VerdadeOn\" \/>\n<meta name=\"twitter:card\" content=\"summary_large_image\" \/>\n<meta name=\"twitter:label1\" content=\"Escrito por\" \/>\n\t<meta name=\"twitter:data1\" content=\"Redacao VerdadeOn\" \/>\n\t<meta name=\"twitter:label2\" content=\"Est. tempo de leitura\" \/>\n\t<meta name=\"twitter:data2\" content=\"1 minuto\" \/>\n<script type=\"application\/ld+json\" class=\"yoast-schema-graph\">{\"@context\":\"https:\/\/schema.org\",\"@graph\":[{\"@type\":\"WebPage\",\"@id\":\"https:\/\/verdadeon.com.br\/portal\/2022\/11\/19\/43a-feira-da-fraternidade-comeca-as-10h-neste-domingo\/\",\"url\":\"https:\/\/verdadeon.com.br\/portal\/2022\/11\/19\/43a-feira-da-fraternidade-comeca-as-10h-neste-domingo\/\",\"name\":\"43\u00aa Feira da Fraternidade come\u00e7a \u00e0s 10h neste domingo - VerdadeOn\",\"isPartOf\":{\"@id\":\"https:\/\/verdadeon.com.br\/portal\/#website\"},\"primaryImageOfPage\":{\"@id\":\"https:\/\/verdadeon.com.br\/portal\/2022\/11\/19\/43a-feira-da-fraternidade-comeca-as-10h-neste-domingo\/#primaryimage\"},\"image\":{\"@id\":\"https:\/\/verdadeon.com.br\/portal\/2022\/11\/19\/43a-feira-da-fraternidade-comeca-as-10h-neste-domingo\/#primaryimage\"},\"thumbnailUrl\":\"https:\/\/i0.wp.com\/verdadeon.com.br\/portal\/wp-content\/uploads\/2022\/11\/feirafraternidade-3-scaled.jpg?fit=2560%2C1707&ssl=1\",\"datePublished\":\"2022-11-19T16:43:40+00:00\",\"author\":{\"@id\":\"https:\/\/verdadeon.com.br\/portal\/#\/schema\/person\/a5060ad1e9ea3df545188fc93ce43d2f\"},\"breadcrumb\":{\"@id\":\"https:\/\/verdadeon.com.br\/portal\/2022\/11\/19\/43a-feira-da-fraternidade-comeca-as-10h-neste-domingo\/#breadcrumb\"},\"inLanguage\":\"pt-BR\",\"potentialAction\":[{\"@type\":\"ReadAction\",\"target\":[\"https:\/\/verdadeon.com.br\/portal\/2022\/11\/19\/43a-feira-da-fraternidade-comeca-as-10h-neste-domingo\/\"]}]},{\"@type\":\"ImageObject\",\"inLanguage\":\"pt-BR\",\"@id\":\"https:\/\/verdadeon.com.br\/portal\/2022\/11\/19\/43a-feira-da-fraternidade-comeca-as-10h-neste-domingo\/#primaryimage\",\"url\":\"https:\/\/i0.wp.com\/verdadeon.com.br\/portal\/wp-content\/uploads\/2022\/11\/feirafraternidade-3-scaled.jpg?fit=2560%2C1707&ssl=1\",\"contentUrl\":\"https:\/\/i0.wp.com\/verdadeon.com.br\/portal\/wp-content\/uploads\/2022\/11\/feirafraternidade-3-scaled.jpg?fit=2560%2C1707&ssl=1\",\"width\":2560,\"height\":1707,\"caption\":\"43\u00aa Feira da Fraternidade re\u00fane 24 entidades assistenciais no Parque Fernando Costa, comercializando cal\u00e7ados, roupas, brinquedos e artesanato | Foto: Divulga\u00e7\u00e3o\"},{\"@type\":\"BreadcrumbList\",\"@id\":\"https:\/\/verdadeon.com.br\/portal\/2022\/11\/19\/43a-feira-da-fraternidade-comeca-as-10h-neste-domingo\/#breadcrumb\",\"itemListElement\":[{\"@type\":\"ListItem\",\"position\":1,\"name\":\"In\u00edcio\",\"item\":\"https:\/\/verdadeon.com.br\/portal\/\"},{\"@type\":\"ListItem\",\"position\":2,\"name\":\"43\u00aa Feira da Fraternidade come\u00e7a \u00e0s 10h neste domingo\"}]},{\"@type\":\"WebSite\",\"@id\":\"https:\/\/verdadeon.com.br\/portal\/#website\",\"url\":\"https:\/\/verdadeon.com.br\/portal\/\",\"name\":\"VerdadeOn\",\"description\":\"Not\u00edcias di\u00e1rias sobre Franca, Regi\u00e3o, Esporte, Cultura, Cotidiano, Colunas. Cobertura nos principais eventos da cidade \u00e9 aqui - Verdadeon Franca\",\"potentialAction\":[{\"@type\":\"SearchAction\",\"target\":{\"@type\":\"EntryPoint\",\"urlTemplate\":\"https:\/\/verdadeon.com.br\/portal\/?s={search_term_string}\"},\"query-input\":{\"@type\":\"PropertyValueSpecification\",\"valueRequired\":true,\"valueName\":\"search_term_string\"}}],\"inLanguage\":\"pt-BR\"},{\"@type\":\"Person\",\"@id\":\"https:\/\/verdadeon.com.br\/portal\/#\/schema\/person\/a5060ad1e9ea3df545188fc93ce43d2f\",\"name\":\"Redacao VerdadeOn\",\"image\":{\"@type\":\"ImageObject\",\"inLanguage\":\"pt-BR\",\"@id\":\"https:\/\/verdadeon.com.br\/portal\/#\/schema\/person\/image\/\",\"url\":\"https:\/\/secure.gravatar.com\/avatar\/459a9613caaaf07f582c3d0841eea68bdd66f533e465e6ba8b9cb45619572cf4?s=96&d=mm&r=g\",\"contentUrl\":\"https:\/\/secure.gravatar.com\/avatar\/459a9613caaaf07f582c3d0841eea68bdd66f533e465e6ba8b9cb45619572cf4?s=96&d=mm&r=g\",\"caption\":\"Redacao VerdadeOn\"},\"url\":\"https:\/\/verdadeon.com.br\/portal\/author\/redacao\/\"}]}<\/script>\n<!-- \/ Yoast SEO plugin. -->","yoast_head_json":{"title":"43\u00aa Feira da Fraternidade come\u00e7a \u00e0s 10h neste domingo - VerdadeOn","robots":{"index":"index","follow":"follow","max-snippet":"max-snippet:-1","max-image-preview":"max-image-preview:large","max-video-preview":"max-video-preview:-1"},"canonical":"https:\/\/verdadeon.com.br\/portal\/2022\/11\/19\/43a-feira-da-fraternidade-comeca-as-10h-neste-domingo\/","og_locale":"pt_BR","og_type":"article","og_title":"43\u00aa Feira da Fraternidade come\u00e7a \u00e0s 10h neste domingo - VerdadeOn","og_description":"Evento no Parque &#8216;Fernando Costa&#8217;, com venda de produtos diversos a pre\u00e7os abaixo do custo e pra\u00e7a de alimenta\u00e7\u00e3o A 43\u00aa edi\u00e7\u00e3o da Feira da Fraternidade, [\u2026]","og_url":"https:\/\/verdadeon.com.br\/portal\/2022\/11\/19\/43a-feira-da-fraternidade-comeca-as-10h-neste-domingo\/","og_site_name":"VerdadeOn","article_published_time":"2022-11-19T16:43:40+00:00","og_image":[{"width":2560,"height":1707,"url":"https:\/\/verdadeon.com.br\/portal\/wp-content\/uploads\/2022\/11\/feirafraternidade-3-scaled.jpg","type":"image\/jpeg"}],"author":"Redacao VerdadeOn","twitter_card":"summary_large_image","twitter_misc":{"Escrito por":"Redacao VerdadeOn","Est. tempo de leitura":"1 minuto"},"schema":{"@context":"https:\/\/schema.org","@graph":[{"@type":"WebPage","@id":"https:\/\/verdadeon.com.br\/portal\/2022\/11\/19\/43a-feira-da-fraternidade-comeca-as-10h-neste-domingo\/","url":"https:\/\/verdadeon.com.br\/portal\/2022\/11\/19\/43a-feira-da-fraternidade-comeca-as-10h-neste-domingo\/","name":"43\u00aa Feira da Fraternidade come\u00e7a \u00e0s 10h neste domingo - VerdadeOn","isPartOf":{"@id":"https:\/\/verdadeon.com.br\/portal\/#website"},"primaryImageOfPage":{"@id":"https:\/\/verdadeon.com.br\/portal\/2022\/11\/19\/43a-feira-da-fraternidade-comeca-as-10h-neste-domingo\/#primaryimage"},"image":{"@id":"https:\/\/verdadeon.com.br\/portal\/2022\/11\/19\/43a-feira-da-fraternidade-comeca-as-10h-neste-domingo\/#primaryimage"},"thumbnailUrl":"https:\/\/i0.wp.com\/verdadeon.com.br\/portal\/wp-content\/uploads\/2022\/11\/feirafraternidade-3-scaled.jpg?fit=2560%2C1707&ssl=1","datePublished":"2022-11-19T16:43:40+00:00","author":{"@id":"https:\/\/verdadeon.com.br\/portal\/#\/schema\/person\/a5060ad1e9ea3df545188fc93ce43d2f"},"breadcrumb":{"@id":"https:\/\/verdadeon.com.br\/portal\/2022\/11\/19\/43a-feira-da-fraternidade-comeca-as-10h-neste-domingo\/#breadcrumb"},"inLanguage":"pt-BR","potentialAction":[{"@type":"ReadAction","target":["https:\/\/verdadeon.com.br\/portal\/2022\/11\/19\/43a-feira-da-fraternidade-comeca-as-10h-neste-domingo\/"]}]},{"@type":"ImageObject","inLanguage":"pt-BR","@id":"https:\/\/verdadeon.com.br\/portal\/2022\/11\/19\/43a-feira-da-fraternidade-comeca-as-10h-neste-domingo\/#primaryimage","url":"https:\/\/i0.wp.com\/verdadeon.com.br\/portal\/wp-content\/uploads\/2022\/11\/feirafraternidade-3-scaled.jpg?fit=2560%2C1707&ssl=1","contentUrl":"https:\/\/i0.wp.com\/verdadeon.com.br\/portal\/wp-content\/uploads\/2022\/11\/feirafraternidade-3-scaled.jpg?fit=2560%2C1707&ssl=1","width":2560,"height":1707,"caption":"43\u00aa Feira da Fraternidade re\u00fane 24 entidades assistenciais no Parque Fernando Costa, comercializando cal\u00e7ados, roupas, brinquedos e artesanato | Foto: Divulga\u00e7\u00e3o"},{"@type":"BreadcrumbList","@id":"https:\/\/verdadeon.com.br\/portal\/2022\/11\/19\/43a-feira-da-fraternidade-comeca-as-10h-neste-domingo\/#breadcrumb","itemListElement":[{"@type":"ListItem","position":1,"name":"In\u00edcio","item":"https:\/\/verdadeon.com.br\/portal\/"},{"@type":"ListItem","position":2,"name":"43\u00aa Feira da Fraternidade come\u00e7a \u00e0s 10h neste domingo"}]},{"@type":"WebSite","@id":"https:\/\/verdadeon.com.br\/portal\/#website","url":"https:\/\/verdadeon.com.br\/portal\/","name":"VerdadeOn","description":"Not\u00edcias di\u00e1rias sobre Franca, Regi\u00e3o, Esporte, Cultura, Cotidiano, Colunas. Cobertura nos principais eventos da cidade \u00e9 aqui - Verdadeon Franca","potentialAction":[{"@type":"SearchAction","target":{"@type":"EntryPoint","urlTemplate":"https:\/\/verdadeon.com.br\/portal\/?s={search_term_string}"},"query-input":{"@type":"PropertyValueSpecification","valueRequired":true,"valueName":"search_term_string"}}],"inLanguage":"pt-BR"},{"@type":"Person","@id":"https:\/\/verdadeon.com.br\/portal\/#\/schema\/person\/a5060ad1e9ea3df545188fc93ce43d2f","name":"Redacao VerdadeOn","image":{"@type":"ImageObject","inLanguage":"pt-BR","@id":"https:\/\/verdadeon.com.br\/portal\/#\/schema\/person\/image\/","url":"https:\/\/secure.gravatar.com\/avatar\/459a9613caaaf07f582c3d0841eea68bdd66f533e465e6ba8b9cb45619572cf4?s=96&d=mm&r=g","contentUrl":"https:\/\/secure.gravatar.com\/avatar\/459a9613caaaf07f582c3d0841eea68bdd66f533e465e6ba8b9cb45619572cf4?s=96&d=mm&r=g","caption":"Redacao VerdadeOn"},"url":"https:\/\/verdadeon.com.br\/portal\/author\/redacao\/"}]}},"jetpack_publicize_connections":[],"jetpack_featured_media_url":"https:\/\/i0.wp.com\/verdadeon.com.br\/portal\/wp-content\/uploads\/2022\/11\/feirafraternidade-3-scaled.jpg?fit=2560%2C1707&ssl=1","jetpack_sharing_enabled":true,"_links":{"self":[{"href":"https:\/\/verdadeon.com.br\/portal\/wp-json\/wp\/v2\/posts\/29656","targetHints":{"allow":["GET"]}}],"collection":[{"href":"https:\/\/verdadeon.com.br\/portal\/wp-json\/wp\/v2\/posts"}],"about":[{"href":"https:\/\/verdadeon.com.br\/portal\/wp-json\/wp\/v2\/types\/post"}],"author":[{"embeddable":true,"href":"https:\/\/verdadeon.com.br\/portal\/wp-json\/wp\/v2\/users\/10"}],"replies":[{"embeddable":true,"href":"https:\/\/verdadeon.com.br\/portal\/wp-json\/wp\/v2\/comments?post=29656"}],"version-history":[{"count":1,"href":"https:\/\/verdadeon.com.br\/portal\/wp-json\/wp\/v2\/posts\/29656\/revisions"}],"predecessor-version":[{"id":29658,"href":"https:\/\/verdadeon.com.br\/portal\/wp-json\/wp\/v2\/posts\/29656\/revisions\/29658"}],"wp:featuredmedia":[{"embeddable":true,"href":"https:\/\/verdadeon.com.br\/portal\/wp-json\/wp\/v2\/media\/29657"}],"wp:attachment":[{"href":"https:\/\/verdadeon.com.br\/portal\/wp-json\/wp\/v2\/media?parent=29656"}],"wp:term":[{"taxonomy":"category","embeddable":true,"href":"https:\/\/verdadeon.com.br\/portal\/wp-json\/wp\/v2\/categories?post=29656"},{"taxonomy":"post_tag","embeddable":true,"href":"https:\/\/verdadeon.com.br\/portal\/wp-json\/wp\/v2\/tags?post=29656"}],"curies":[{"name":"wp","href":"https:\/\/api.w.org\/{rel}","templated":true}]}}