{"id":29631,"date":"2022-11-18T14:58:09","date_gmt":"2022-11-18T17:58:09","guid":{"rendered":"https:\/\/verdadeon.com.br\/portal\/?p=29631"},"modified":"2022-11-18T14:56:00","modified_gmt":"2022-11-18T17:56:00","slug":"concurso-publico-da-prefeitura-de-franca-segue-com-prova-pratica-neste-domingo","status":"publish","type":"post","link":"https:\/\/verdadeon.com.br\/portal\/2022\/11\/18\/concurso-publico-da-prefeitura-de-franca-segue-com-prova-pratica-neste-domingo\/","title":{"rendered":"Concurso P\u00fablico da Prefeitura de Franca segue com prova pr\u00e1tica neste domingo"},"content":{"rendered":"<h2>Candidatos podem consultar de forma online se est\u00e3o aprovados para a nova etapa do concurso<\/h2>\n<p><span style=\"font-weight: 400;\">A Secretaria de Administra\u00e7\u00e3o e Recursos Humanos convocou os candidatos habilitados no Concurso P\u00fablico 06\/2022 para a segunda etapa das provas, compreendendo a entrega de t\u00edtulos, avalia\u00e7\u00f5es de aptid\u00e3o f\u00edsica e pr\u00e1tica neste domingo (20).<\/span><\/p>\n<p><span style=\"font-weight: 400;\">No hor\u00e1rio das 9h \u00e0s 14h, no Col\u00e9gio Champagnat, os candidatos aos empregos de Coordenador Pedag\u00f3gico e os Professores PEB I &#8211; Educa\u00e7\u00e3o Musical, PEB II &#8211; Biologia, PEB II &#8211; Ci\u00eancias, PEB II &#8211; Filosofia, PEB II &#8211; F\u00edsica, PEB II &#8211; Geografia, PEB II &#8211; Hist\u00f3ria, PEB II &#8211; L\u00edngua Portuguesa, PEB II &#8211; Matem\u00e1tica, PEB II &#8211; Qu\u00edmica e PEB II &#8211; Sociologia, que obtiveram no m\u00ednimo 50% de acertos na prova objetiva e cumpriram outros crit\u00e9rios previstos no edital, dever\u00e3o apresentar os t\u00edtulos.\u00a0<\/span><\/p>\n<p><span style=\"font-weight: 400;\">A rela\u00e7\u00e3o dos candidatos habilitados para essa etapa pode ser consultada pelo link <\/span><a href=\"https:\/\/www.franca.sp.gov.br\/arquivos\/diario-oficial\/documentos\/2161-11112022.pdf\"><span style=\"font-weight: 400;\">https:\/\/www.franca.sp.gov.br\/arquivos\/diario-oficial\/documentos\/2161-11112022.pdf<\/span><\/a><span style=\"font-weight: 400;\">, al\u00e9m dos sites da Prefeitura e IBAM.\u00a0<\/span><\/p>\n<p><span style=\"font-weight: 400;\">A prova de aptid\u00e3o f\u00edsica \u00e9 destinada aos candidatos da fun\u00e7\u00e3o de Agente de Defesa Civil, que registraram pelo menos 50% de acertos na prova objetiva, al\u00e9m de outros crit\u00e9rios previstos no edital. A avalia\u00e7\u00e3o est\u00e1 marcada tamb\u00e9m para este domingo, \u00e0s 8h, na Pista de Atletismo do Conjunto Poliesportivo (Rua dos Pracinhas, 510 \u2013 Parque Francal). A rela\u00e7\u00e3o dos candidatos habilitados poder\u00e1 ser conferida pelo link <\/span><a href=\"https:\/\/www.franca.sp.gov.br\/arquivos\/diario-oficial\/documentos\/2161-11112022.pdf\"><span style=\"font-weight: 400;\">https:\/\/www.franca.sp.gov.br\/arquivos\/diario-oficial\/documentos\/2161-11112022.pdf<\/span><\/a><span style=\"font-weight: 400;\"> , al\u00e9m dos sites da Prefeitura e IBAM.\u00a0\u00a0<\/span><\/p>\n<p><span style=\"font-weight: 400;\">Os candidatos dever\u00e3o estar no local com 30 minutos de anteced\u00eancia do hor\u00e1rio previsto, apresentarem original de documento de identifica\u00e7\u00e3o, assinarem e entregarem o Termo de Responsabilidade do pr\u00f3prio candidato, que ser\u00e1 retirado no local de aplica\u00e7\u00e3o das provas, dever\u00e3o tamb\u00e9m entregar Atestado M\u00e9dico, conforme modelo constante do anexo IV do Edital de Abertura, datado de at\u00e9 20 dias anteriores ao dia da prova, que o capacite a realizar testes de esfor\u00e7o f\u00edsico e estarem trajando roupa e cal\u00e7ado apropriados.\u00a0\u00a0<\/span><\/p>\n<h4><span style=\"font-weight: 400;\">Provas pr\u00e1ticas<\/span><\/h4>\n<p><span style=\"font-weight: 400;\">J\u00e1 a prova pr\u00e1tica est\u00e1 prevista para os empregos de Motorista e Operador de M\u00e1quinas, que atingiram no m\u00ednimo 50% de acertos nas provas objetivas, dentre outros crit\u00e9rios. A rela\u00e7\u00e3o dos habilitados poder\u00e1 ser acessada <\/span><a href=\"https:\/\/www.franca.sp.gov.br\/arquivos\/diario-oficial\/documentos\/2161-11112022.pdf\"><span style=\"font-weight: 400;\">https:\/\/www.franca.sp.gov.br\/arquivos\/diario-oficial\/documentos\/2161-11112022.pdf<\/span><\/a><span style=\"font-weight: 400;\"> , al\u00e9m dos sites da Prefeitura e IBAM.<\/span><\/p>\n<p><span style=\"font-weight: 400;\">O exame para essas fun\u00e7\u00f5es tamb\u00e9m est\u00e1 marcado para domingo, na sede da Emdef (Empresa Municipal para o Desenvolvimento de Franca), localizada na Rua Vera Beatriz Marques Mello, 5.965 \u2013 Distrito Industrial. O candidato dever\u00e1 comparecer ao local, com 30 minutos de anteced\u00eancia, ao ingressar no local de realiza\u00e7\u00e3o das provas dever\u00e1, obrigatoriamente, manter desligado qualquer aparelho eletr\u00f4nico.\u00a0\u00a0<\/span><\/p>\n<p><span style=\"font-weight: 400;\">A Secretaria de Administra\u00e7\u00e3o e Recursos Humanos orienta que os candidatos leiam atentamente os editais de convoca\u00e7\u00e3o das provas de t\u00edtulos, aptid\u00e3o f\u00edsica e pr\u00e1tica, para que estejam cientes das orienta\u00e7\u00f5es necess\u00e1rias, evitando poss\u00edveis transtornos. \u00c9 recomend\u00e1vel o uso de m\u00e1scara de prote\u00e7\u00e3o.\u00a0<\/span><\/p>\n<p>&nbsp;<\/p>\n","protected":false},"excerpt":{"rendered":"<p>Candidatos podem consultar de forma online se est\u00e3o aprovados para a nova etapa do concurso A Secretaria de Administra\u00e7\u00e3o e Recursos Humanos convocou os candidatos habilitados<span class=\"excerpt-hellip\"> [\u2026]<\/span><\/p>\n","protected":false},"author":10,"featured_media":25837,"comment_status":"open","ping_status":"open","sticky":false,"template":"","format":"standard","meta":{"_jetpack_memberships_contains_paid_content":false,"footnotes":"","jetpack_publicize_message":"","jetpack_publicize_feature_enabled":true,"jetpack_social_post_already_shared":false,"jetpack_social_options":{"image_generator_settings":{"template":"highway","default_image_id":0,"enabled":false},"version":2}},"categories":[28,44],"tags":[],"class_list":["post-29631","post","type-post","status-publish","format-standard","has-post-thumbnail","hentry","category-cotidiano","category-noticias"],"yoast_head":"<!-- This site is optimized with the Yoast SEO plugin v25.6 - https:\/\/yoast.com\/wordpress\/plugins\/seo\/ -->\n<title>Concurso P\u00fablico da Prefeitura de Franca segue com prova pr\u00e1tica neste domingo - VerdadeOn<\/title>\n<meta name=\"robots\" content=\"index, follow, max-snippet:-1, max-image-preview:large, max-video-preview:-1\" \/>\n<link rel=\"canonical\" href=\"https:\/\/verdadeon.com.br\/portal\/2022\/11\/18\/concurso-publico-da-prefeitura-de-franca-segue-com-prova-pratica-neste-domingo\/\" \/>\n<meta property=\"og:locale\" content=\"pt_BR\" \/>\n<meta property=\"og:type\" content=\"article\" \/>\n<meta property=\"og:title\" content=\"Concurso P\u00fablico da Prefeitura de Franca segue com prova pr\u00e1tica neste domingo - VerdadeOn\" \/>\n<meta property=\"og:description\" content=\"Candidatos podem consultar de forma online se est\u00e3o aprovados para a nova etapa do concurso A Secretaria de Administra\u00e7\u00e3o e Recursos Humanos convocou os candidatos habilitados [\u2026]\" \/>\n<meta property=\"og:url\" content=\"https:\/\/verdadeon.com.br\/portal\/2022\/11\/18\/concurso-publico-da-prefeitura-de-franca-segue-com-prova-pratica-neste-domingo\/\" \/>\n<meta property=\"og:site_name\" content=\"VerdadeOn\" \/>\n<meta property=\"article:published_time\" content=\"2022-11-18T17:58:09+00:00\" \/>\n<meta property=\"og:image\" content=\"https:\/\/verdadeon.com.br\/portal\/wp-content\/uploads\/2022\/06\/PREFEITURA-DE-FRANCA-FACHADA-scaled.jpg\" \/>\n\t<meta property=\"og:image:width\" content=\"2560\" \/>\n\t<meta property=\"og:image:height\" content=\"1707\" \/>\n\t<meta property=\"og:image:type\" content=\"image\/jpeg\" \/>\n<meta name=\"author\" content=\"Redacao VerdadeOn\" \/>\n<meta name=\"twitter:card\" content=\"summary_large_image\" \/>\n<meta name=\"twitter:label1\" content=\"Escrito por\" \/>\n\t<meta name=\"twitter:data1\" content=\"Redacao VerdadeOn\" \/>\n\t<meta name=\"twitter:label2\" content=\"Est. tempo de leitura\" \/>\n\t<meta name=\"twitter:data2\" content=\"3 minutos\" \/>\n<script type=\"application\/ld+json\" class=\"yoast-schema-graph\">{\"@context\":\"https:\/\/schema.org\",\"@graph\":[{\"@type\":\"WebPage\",\"@id\":\"https:\/\/verdadeon.com.br\/portal\/2022\/11\/18\/concurso-publico-da-prefeitura-de-franca-segue-com-prova-pratica-neste-domingo\/\",\"url\":\"https:\/\/verdadeon.com.br\/portal\/2022\/11\/18\/concurso-publico-da-prefeitura-de-franca-segue-com-prova-pratica-neste-domingo\/\",\"name\":\"Concurso P\u00fablico da Prefeitura de Franca segue com prova pr\u00e1tica neste domingo - VerdadeOn\",\"isPartOf\":{\"@id\":\"https:\/\/verdadeon.com.br\/portal\/#website\"},\"primaryImageOfPage\":{\"@id\":\"https:\/\/verdadeon.com.br\/portal\/2022\/11\/18\/concurso-publico-da-prefeitura-de-franca-segue-com-prova-pratica-neste-domingo\/#primaryimage\"},\"image\":{\"@id\":\"https:\/\/verdadeon.com.br\/portal\/2022\/11\/18\/concurso-publico-da-prefeitura-de-franca-segue-com-prova-pratica-neste-domingo\/#primaryimage\"},\"thumbnailUrl\":\"https:\/\/i0.wp.com\/verdadeon.com.br\/portal\/wp-content\/uploads\/2022\/06\/PREFEITURA-DE-FRANCA-FACHADA-scaled.jpg?fit=2560%2C1707&ssl=1\",\"datePublished\":\"2022-11-18T17:58:09+00:00\",\"author\":{\"@id\":\"https:\/\/verdadeon.com.br\/portal\/#\/schema\/person\/a5060ad1e9ea3df545188fc93ce43d2f\"},\"breadcrumb\":{\"@id\":\"https:\/\/verdadeon.com.br\/portal\/2022\/11\/18\/concurso-publico-da-prefeitura-de-franca-segue-com-prova-pratica-neste-domingo\/#breadcrumb\"},\"inLanguage\":\"pt-BR\",\"potentialAction\":[{\"@type\":\"ReadAction\",\"target\":[\"https:\/\/verdadeon.com.br\/portal\/2022\/11\/18\/concurso-publico-da-prefeitura-de-franca-segue-com-prova-pratica-neste-domingo\/\"]}]},{\"@type\":\"ImageObject\",\"inLanguage\":\"pt-BR\",\"@id\":\"https:\/\/verdadeon.com.br\/portal\/2022\/11\/18\/concurso-publico-da-prefeitura-de-franca-segue-com-prova-pratica-neste-domingo\/#primaryimage\",\"url\":\"https:\/\/i0.wp.com\/verdadeon.com.br\/portal\/wp-content\/uploads\/2022\/06\/PREFEITURA-DE-FRANCA-FACHADA-scaled.jpg?fit=2560%2C1707&ssl=1\",\"contentUrl\":\"https:\/\/i0.wp.com\/verdadeon.com.br\/portal\/wp-content\/uploads\/2022\/06\/PREFEITURA-DE-FRANCA-FACHADA-scaled.jpg?fit=2560%2C1707&ssl=1\",\"width\":2560,\"height\":1707},{\"@type\":\"BreadcrumbList\",\"@id\":\"https:\/\/verdadeon.com.br\/portal\/2022\/11\/18\/concurso-publico-da-prefeitura-de-franca-segue-com-prova-pratica-neste-domingo\/#breadcrumb\",\"itemListElement\":[{\"@type\":\"ListItem\",\"position\":1,\"name\":\"In\u00edcio\",\"item\":\"https:\/\/verdadeon.com.br\/portal\/\"},{\"@type\":\"ListItem\",\"position\":2,\"name\":\"Concurso P\u00fablico da Prefeitura de Franca segue com prova pr\u00e1tica neste domingo\"}]},{\"@type\":\"WebSite\",\"@id\":\"https:\/\/verdadeon.com.br\/portal\/#website\",\"url\":\"https:\/\/verdadeon.com.br\/portal\/\",\"name\":\"VerdadeOn\",\"description\":\"Not\u00edcias di\u00e1rias sobre Franca, Regi\u00e3o, Esporte, Cultura, Cotidiano, Colunas. Cobertura nos principais eventos da cidade \u00e9 aqui - Verdadeon Franca\",\"potentialAction\":[{\"@type\":\"SearchAction\",\"target\":{\"@type\":\"EntryPoint\",\"urlTemplate\":\"https:\/\/verdadeon.com.br\/portal\/?s={search_term_string}\"},\"query-input\":{\"@type\":\"PropertyValueSpecification\",\"valueRequired\":true,\"valueName\":\"search_term_string\"}}],\"inLanguage\":\"pt-BR\"},{\"@type\":\"Person\",\"@id\":\"https:\/\/verdadeon.com.br\/portal\/#\/schema\/person\/a5060ad1e9ea3df545188fc93ce43d2f\",\"name\":\"Redacao VerdadeOn\",\"image\":{\"@type\":\"ImageObject\",\"inLanguage\":\"pt-BR\",\"@id\":\"https:\/\/verdadeon.com.br\/portal\/#\/schema\/person\/image\/\",\"url\":\"https:\/\/secure.gravatar.com\/avatar\/459a9613caaaf07f582c3d0841eea68bdd66f533e465e6ba8b9cb45619572cf4?s=96&d=mm&r=g\",\"contentUrl\":\"https:\/\/secure.gravatar.com\/avatar\/459a9613caaaf07f582c3d0841eea68bdd66f533e465e6ba8b9cb45619572cf4?s=96&d=mm&r=g\",\"caption\":\"Redacao VerdadeOn\"},\"url\":\"https:\/\/verdadeon.com.br\/portal\/author\/redacao\/\"}]}<\/script>\n<!-- \/ Yoast SEO plugin. -->","yoast_head_json":{"title":"Concurso P\u00fablico da Prefeitura de Franca segue com prova pr\u00e1tica neste domingo - VerdadeOn","robots":{"index":"index","follow":"follow","max-snippet":"max-snippet:-1","max-image-preview":"max-image-preview:large","max-video-preview":"max-video-preview:-1"},"canonical":"https:\/\/verdadeon.com.br\/portal\/2022\/11\/18\/concurso-publico-da-prefeitura-de-franca-segue-com-prova-pratica-neste-domingo\/","og_locale":"pt_BR","og_type":"article","og_title":"Concurso P\u00fablico da Prefeitura de Franca segue com prova pr\u00e1tica neste domingo - VerdadeOn","og_description":"Candidatos podem consultar de forma online se est\u00e3o aprovados para a nova etapa do concurso A Secretaria de Administra\u00e7\u00e3o e Recursos Humanos convocou os candidatos habilitados [\u2026]","og_url":"https:\/\/verdadeon.com.br\/portal\/2022\/11\/18\/concurso-publico-da-prefeitura-de-franca-segue-com-prova-pratica-neste-domingo\/","og_site_name":"VerdadeOn","article_published_time":"2022-11-18T17:58:09+00:00","og_image":[{"width":2560,"height":1707,"url":"https:\/\/verdadeon.com.br\/portal\/wp-content\/uploads\/2022\/06\/PREFEITURA-DE-FRANCA-FACHADA-scaled.jpg","type":"image\/jpeg"}],"author":"Redacao VerdadeOn","twitter_card":"summary_large_image","twitter_misc":{"Escrito por":"Redacao VerdadeOn","Est. tempo de leitura":"3 minutos"},"schema":{"@context":"https:\/\/schema.org","@graph":[{"@type":"WebPage","@id":"https:\/\/verdadeon.com.br\/portal\/2022\/11\/18\/concurso-publico-da-prefeitura-de-franca-segue-com-prova-pratica-neste-domingo\/","url":"https:\/\/verdadeon.com.br\/portal\/2022\/11\/18\/concurso-publico-da-prefeitura-de-franca-segue-com-prova-pratica-neste-domingo\/","name":"Concurso P\u00fablico da Prefeitura de Franca segue com prova pr\u00e1tica neste domingo - VerdadeOn","isPartOf":{"@id":"https:\/\/verdadeon.com.br\/portal\/#website"},"primaryImageOfPage":{"@id":"https:\/\/verdadeon.com.br\/portal\/2022\/11\/18\/concurso-publico-da-prefeitura-de-franca-segue-com-prova-pratica-neste-domingo\/#primaryimage"},"image":{"@id":"https:\/\/verdadeon.com.br\/portal\/2022\/11\/18\/concurso-publico-da-prefeitura-de-franca-segue-com-prova-pratica-neste-domingo\/#primaryimage"},"thumbnailUrl":"https:\/\/i0.wp.com\/verdadeon.com.br\/portal\/wp-content\/uploads\/2022\/06\/PREFEITURA-DE-FRANCA-FACHADA-scaled.jpg?fit=2560%2C1707&ssl=1","datePublished":"2022-11-18T17:58:09+00:00","author":{"@id":"https:\/\/verdadeon.com.br\/portal\/#\/schema\/person\/a5060ad1e9ea3df545188fc93ce43d2f"},"breadcrumb":{"@id":"https:\/\/verdadeon.com.br\/portal\/2022\/11\/18\/concurso-publico-da-prefeitura-de-franca-segue-com-prova-pratica-neste-domingo\/#breadcrumb"},"inLanguage":"pt-BR","potentialAction":[{"@type":"ReadAction","target":["https:\/\/verdadeon.com.br\/portal\/2022\/11\/18\/concurso-publico-da-prefeitura-de-franca-segue-com-prova-pratica-neste-domingo\/"]}]},{"@type":"ImageObject","inLanguage":"pt-BR","@id":"https:\/\/verdadeon.com.br\/portal\/2022\/11\/18\/concurso-publico-da-prefeitura-de-franca-segue-com-prova-pratica-neste-domingo\/#primaryimage","url":"https:\/\/i0.wp.com\/verdadeon.com.br\/portal\/wp-content\/uploads\/2022\/06\/PREFEITURA-DE-FRANCA-FACHADA-scaled.jpg?fit=2560%2C1707&ssl=1","contentUrl":"https:\/\/i0.wp.com\/verdadeon.com.br\/portal\/wp-content\/uploads\/2022\/06\/PREFEITURA-DE-FRANCA-FACHADA-scaled.jpg?fit=2560%2C1707&ssl=1","width":2560,"height":1707},{"@type":"BreadcrumbList","@id":"https:\/\/verdadeon.com.br\/portal\/2022\/11\/18\/concurso-publico-da-prefeitura-de-franca-segue-com-prova-pratica-neste-domingo\/#breadcrumb","itemListElement":[{"@type":"ListItem","position":1,"name":"In\u00edcio","item":"https:\/\/verdadeon.com.br\/portal\/"},{"@type":"ListItem","position":2,"name":"Concurso P\u00fablico da Prefeitura de Franca segue com prova pr\u00e1tica neste domingo"}]},{"@type":"WebSite","@id":"https:\/\/verdadeon.com.br\/portal\/#website","url":"https:\/\/verdadeon.com.br\/portal\/","name":"VerdadeOn","description":"Not\u00edcias di\u00e1rias sobre Franca, Regi\u00e3o, Esporte, Cultura, Cotidiano, Colunas. Cobertura nos principais eventos da cidade \u00e9 aqui - Verdadeon Franca","potentialAction":[{"@type":"SearchAction","target":{"@type":"EntryPoint","urlTemplate":"https:\/\/verdadeon.com.br\/portal\/?s={search_term_string}"},"query-input":{"@type":"PropertyValueSpecification","valueRequired":true,"valueName":"search_term_string"}}],"inLanguage":"pt-BR"},{"@type":"Person","@id":"https:\/\/verdadeon.com.br\/portal\/#\/schema\/person\/a5060ad1e9ea3df545188fc93ce43d2f","name":"Redacao VerdadeOn","image":{"@type":"ImageObject","inLanguage":"pt-BR","@id":"https:\/\/verdadeon.com.br\/portal\/#\/schema\/person\/image\/","url":"https:\/\/secure.gravatar.com\/avatar\/459a9613caaaf07f582c3d0841eea68bdd66f533e465e6ba8b9cb45619572cf4?s=96&d=mm&r=g","contentUrl":"https:\/\/secure.gravatar.com\/avatar\/459a9613caaaf07f582c3d0841eea68bdd66f533e465e6ba8b9cb45619572cf4?s=96&d=mm&r=g","caption":"Redacao VerdadeOn"},"url":"https:\/\/verdadeon.com.br\/portal\/author\/redacao\/"}]}},"jetpack_publicize_connections":[],"jetpack_featured_media_url":"https:\/\/i0.wp.com\/verdadeon.com.br\/portal\/wp-content\/uploads\/2022\/06\/PREFEITURA-DE-FRANCA-FACHADA-scaled.jpg?fit=2560%2C1707&ssl=1","jetpack_sharing_enabled":true,"_links":{"self":[{"href":"https:\/\/verdadeon.com.br\/portal\/wp-json\/wp\/v2\/posts\/29631","targetHints":{"allow":["GET"]}}],"collection":[{"href":"https:\/\/verdadeon.com.br\/portal\/wp-json\/wp\/v2\/posts"}],"about":[{"href":"https:\/\/verdadeon.com.br\/portal\/wp-json\/wp\/v2\/types\/post"}],"author":[{"embeddable":true,"href":"https:\/\/verdadeon.com.br\/portal\/wp-json\/wp\/v2\/users\/10"}],"replies":[{"embeddable":true,"href":"https:\/\/verdadeon.com.br\/portal\/wp-json\/wp\/v2\/comments?post=29631"}],"version-history":[{"count":1,"href":"https:\/\/verdadeon.com.br\/portal\/wp-json\/wp\/v2\/posts\/29631\/revisions"}],"predecessor-version":[{"id":29632,"href":"https:\/\/verdadeon.com.br\/portal\/wp-json\/wp\/v2\/posts\/29631\/revisions\/29632"}],"wp:featuredmedia":[{"embeddable":true,"href":"https:\/\/verdadeon.com.br\/portal\/wp-json\/wp\/v2\/media\/25837"}],"wp:attachment":[{"href":"https:\/\/verdadeon.com.br\/portal\/wp-json\/wp\/v2\/media?parent=29631"}],"wp:term":[{"taxonomy":"category","embeddable":true,"href":"https:\/\/verdadeon.com.br\/portal\/wp-json\/wp\/v2\/categories?post=29631"},{"taxonomy":"post_tag","embeddable":true,"href":"https:\/\/verdadeon.com.br\/portal\/wp-json\/wp\/v2\/tags?post=29631"}],"curies":[{"name":"wp","href":"https:\/\/api.w.org\/{rel}","templated":true}]}}