{"id":29624,"date":"2022-11-17T18:19:36","date_gmt":"2022-11-17T21:19:36","guid":{"rendered":"https:\/\/verdadeon.com.br\/portal\/?p=29624"},"modified":"2022-11-17T18:17:23","modified_gmt":"2022-11-17T21:17:23","slug":"saude-prepara-campanha-do-dia-de-luta-contra-a-aids","status":"publish","type":"post","link":"https:\/\/verdadeon.com.br\/portal\/2022\/11\/17\/saude-prepara-campanha-do-dia-de-luta-contra-a-aids\/","title":{"rendered":"Sa\u00fade prepara Campanha do Dia de Luta contra a Aids"},"content":{"rendered":"<h2>A\u00e7\u00f5es para marcar a data t\u00eam o objetivo de difundir informa\u00e7\u00f5es sobre preven\u00e7\u00e3o e tratamento adequado<\/h2>\n<p><span style=\"font-weight: 400;\">No dia 1\u00ba de dezembro \u00e9 comemorado o Dia Mundial de Luta contra a Aids e Franca promover\u00e1 mais uma vez a\u00e7\u00f5es e mobiliza\u00e7\u00e3o de seus profissionais para levar \u00e0 popula\u00e7\u00e3o os servi\u00e7os dispon\u00edveis por parte da Secretaria de Sa\u00fade. Essa data tem como objetivo alertar toda a sociedade sobre a doen\u00e7a e formas de evit\u00e1-la, com preven\u00e7\u00e3o e tamb\u00e9m incentivar o tratamento adequado.<\/span><\/p>\n<p><span style=\"font-weight: 400;\">Essa data foi escolhida pela Organiza\u00e7\u00e3o Mundial de Sa\u00fade e \u00e9 celebrada anualmente no Brasil, desde 1988, um ano ap\u00f3s a Assembleia Mundial de Sa\u00fade, que fixou a data de comemora\u00e7\u00e3o.\u00a0<\/span><\/p>\n<p><span style=\"font-weight: 400;\">A Aids \u00e9 uma doen\u00e7a causada pelo v\u00edrus HIV, geralmente transmitido por contato sexual desprotegido com pessoa contaminada, mas pode ser tamb\u00e9m transmitida por transfus\u00e3o sangu\u00ednea e compartilhamento de objetos perfurocortantes. A Aids \u00e9 o est\u00e1gio mais avan\u00e7ado da doen\u00e7a, quando o sistema imunol\u00f3gico encontra-se bem debilitado, deixando o paciente sujeito a outras doen\u00e7as, como pneumonias.\u00a0<\/span><\/p>\n<p><span style=\"font-weight: 400;\">O dia 1\u00ba de dezembro serve, portanto, como um alerta sobre a Aids e como uma forma de repensarmos nossas atitudes com os portadores da doen\u00e7a.\u00a0<\/span><\/p>\n<h4>&#8216;Fique Sabendo&#8217;<\/h4>\n<p><span style=\"font-weight: 400;\">A Secretaria de Sa\u00fade, atrav\u00e9s do Programa Municipal de DST\/Aids realizar\u00e1, em parceria com o Programa Estadual de DST\/AIDS-SP, a 15\u00aa edi\u00e7\u00e3o da Campanha Fique Sabendo, para testagem do HIV e da S\u00edfilis, no Centro de Testagem e Aconselhamento\/CTA (Rua General Os\u00f3rio,1417 \u2013 Centro), nos dias 29 e 30 novembro e no per\u00eddo de 1\u00ba a 7 de dezembro, das 8h \u00e0s 17h, No s\u00e1bado, dia 3 de dezembro, o atendimento ser\u00e1 das 8h \u00e0s 15h, no mesmo endere\u00e7o. Mais informa\u00e7\u00f5es poder\u00e3o ser obtidas pelo telefone 3724-3920.<\/span><\/p>\n<p>&nbsp;<\/p>\n","protected":false},"excerpt":{"rendered":"<p>A\u00e7\u00f5es para marcar a data t\u00eam o objetivo de difundir informa\u00e7\u00f5es sobre preven\u00e7\u00e3o e tratamento adequado No dia 1\u00ba de dezembro \u00e9 comemorado o Dia Mundial<span class=\"excerpt-hellip\"> [\u2026]<\/span><\/p>\n","protected":false},"author":10,"featured_media":19006,"comment_status":"open","ping_status":"open","sticky":false,"template":"","format":"standard","meta":{"_jetpack_memberships_contains_paid_content":false,"footnotes":"","jetpack_publicize_message":"","jetpack_publicize_feature_enabled":true,"jetpack_social_post_already_shared":false,"jetpack_social_options":{"image_generator_settings":{"template":"highway","default_image_id":0,"enabled":false},"version":2}},"categories":[28,44],"tags":[],"class_list":["post-29624","post","type-post","status-publish","format-standard","has-post-thumbnail","hentry","category-cotidiano","category-noticias"],"yoast_head":"<!-- This site is optimized with the Yoast SEO plugin v25.6 - https:\/\/yoast.com\/wordpress\/plugins\/seo\/ -->\n<title>Sa\u00fade prepara Campanha do Dia de Luta contra a Aids - VerdadeOn<\/title>\n<meta name=\"robots\" content=\"index, follow, max-snippet:-1, max-image-preview:large, max-video-preview:-1\" \/>\n<link rel=\"canonical\" href=\"https:\/\/verdadeon.com.br\/portal\/2022\/11\/17\/saude-prepara-campanha-do-dia-de-luta-contra-a-aids\/\" \/>\n<meta property=\"og:locale\" content=\"pt_BR\" \/>\n<meta property=\"og:type\" content=\"article\" \/>\n<meta property=\"og:title\" content=\"Sa\u00fade prepara Campanha do Dia de Luta contra a Aids - VerdadeOn\" \/>\n<meta property=\"og:description\" content=\"A\u00e7\u00f5es para marcar a data t\u00eam o objetivo de difundir informa\u00e7\u00f5es sobre preven\u00e7\u00e3o e tratamento adequado No dia 1\u00ba de dezembro \u00e9 comemorado o Dia Mundial [\u2026]\" \/>\n<meta property=\"og:url\" content=\"https:\/\/verdadeon.com.br\/portal\/2022\/11\/17\/saude-prepara-campanha-do-dia-de-luta-contra-a-aids\/\" \/>\n<meta property=\"og:site_name\" content=\"VerdadeOn\" \/>\n<meta property=\"article:published_time\" content=\"2022-11-17T21:19:36+00:00\" \/>\n<meta property=\"og:image\" content=\"https:\/\/verdadeon.com.br\/portal\/wp-content\/uploads\/2021\/08\/HIV.jpg\" \/>\n\t<meta property=\"og:image:width\" content=\"1170\" \/>\n\t<meta property=\"og:image:height\" content=\"700\" \/>\n\t<meta property=\"og:image:type\" content=\"image\/jpeg\" \/>\n<meta name=\"author\" content=\"Redacao VerdadeOn\" \/>\n<meta name=\"twitter:card\" content=\"summary_large_image\" \/>\n<meta name=\"twitter:label1\" content=\"Escrito por\" \/>\n\t<meta name=\"twitter:data1\" content=\"Redacao VerdadeOn\" \/>\n\t<meta name=\"twitter:label2\" content=\"Est. tempo de leitura\" \/>\n\t<meta name=\"twitter:data2\" content=\"2 minutos\" \/>\n<script type=\"application\/ld+json\" class=\"yoast-schema-graph\">{\"@context\":\"https:\/\/schema.org\",\"@graph\":[{\"@type\":\"WebPage\",\"@id\":\"https:\/\/verdadeon.com.br\/portal\/2022\/11\/17\/saude-prepara-campanha-do-dia-de-luta-contra-a-aids\/\",\"url\":\"https:\/\/verdadeon.com.br\/portal\/2022\/11\/17\/saude-prepara-campanha-do-dia-de-luta-contra-a-aids\/\",\"name\":\"Sa\u00fade prepara Campanha do Dia de Luta contra a Aids - VerdadeOn\",\"isPartOf\":{\"@id\":\"https:\/\/verdadeon.com.br\/portal\/#website\"},\"primaryImageOfPage\":{\"@id\":\"https:\/\/verdadeon.com.br\/portal\/2022\/11\/17\/saude-prepara-campanha-do-dia-de-luta-contra-a-aids\/#primaryimage\"},\"image\":{\"@id\":\"https:\/\/verdadeon.com.br\/portal\/2022\/11\/17\/saude-prepara-campanha-do-dia-de-luta-contra-a-aids\/#primaryimage\"},\"thumbnailUrl\":\"https:\/\/i0.wp.com\/verdadeon.com.br\/portal\/wp-content\/uploads\/2021\/08\/HIV.jpg?fit=1170%2C700&ssl=1\",\"datePublished\":\"2022-11-17T21:19:36+00:00\",\"author\":{\"@id\":\"https:\/\/verdadeon.com.br\/portal\/#\/schema\/person\/a5060ad1e9ea3df545188fc93ce43d2f\"},\"breadcrumb\":{\"@id\":\"https:\/\/verdadeon.com.br\/portal\/2022\/11\/17\/saude-prepara-campanha-do-dia-de-luta-contra-a-aids\/#breadcrumb\"},\"inLanguage\":\"pt-BR\",\"potentialAction\":[{\"@type\":\"ReadAction\",\"target\":[\"https:\/\/verdadeon.com.br\/portal\/2022\/11\/17\/saude-prepara-campanha-do-dia-de-luta-contra-a-aids\/\"]}]},{\"@type\":\"ImageObject\",\"inLanguage\":\"pt-BR\",\"@id\":\"https:\/\/verdadeon.com.br\/portal\/2022\/11\/17\/saude-prepara-campanha-do-dia-de-luta-contra-a-aids\/#primaryimage\",\"url\":\"https:\/\/i0.wp.com\/verdadeon.com.br\/portal\/wp-content\/uploads\/2021\/08\/HIV.jpg?fit=1170%2C700&ssl=1\",\"contentUrl\":\"https:\/\/i0.wp.com\/verdadeon.com.br\/portal\/wp-content\/uploads\/2021\/08\/HIV.jpg?fit=1170%2C700&ssl=1\",\"width\":1170,\"height\":700,\"caption\":\"Campanha 'Fique Sabendo' realizada em Franca divulgou n\u00fameros nesta semana (\u00a9Ag\u00eancia Brasil)\"},{\"@type\":\"BreadcrumbList\",\"@id\":\"https:\/\/verdadeon.com.br\/portal\/2022\/11\/17\/saude-prepara-campanha-do-dia-de-luta-contra-a-aids\/#breadcrumb\",\"itemListElement\":[{\"@type\":\"ListItem\",\"position\":1,\"name\":\"In\u00edcio\",\"item\":\"https:\/\/verdadeon.com.br\/portal\/\"},{\"@type\":\"ListItem\",\"position\":2,\"name\":\"Sa\u00fade prepara Campanha do Dia de Luta contra a Aids\"}]},{\"@type\":\"WebSite\",\"@id\":\"https:\/\/verdadeon.com.br\/portal\/#website\",\"url\":\"https:\/\/verdadeon.com.br\/portal\/\",\"name\":\"VerdadeOn\",\"description\":\"Not\u00edcias di\u00e1rias sobre Franca, Regi\u00e3o, Esporte, Cultura, Cotidiano, Colunas. Cobertura nos principais eventos da cidade \u00e9 aqui - Verdadeon Franca\",\"potentialAction\":[{\"@type\":\"SearchAction\",\"target\":{\"@type\":\"EntryPoint\",\"urlTemplate\":\"https:\/\/verdadeon.com.br\/portal\/?s={search_term_string}\"},\"query-input\":{\"@type\":\"PropertyValueSpecification\",\"valueRequired\":true,\"valueName\":\"search_term_string\"}}],\"inLanguage\":\"pt-BR\"},{\"@type\":\"Person\",\"@id\":\"https:\/\/verdadeon.com.br\/portal\/#\/schema\/person\/a5060ad1e9ea3df545188fc93ce43d2f\",\"name\":\"Redacao VerdadeOn\",\"image\":{\"@type\":\"ImageObject\",\"inLanguage\":\"pt-BR\",\"@id\":\"https:\/\/verdadeon.com.br\/portal\/#\/schema\/person\/image\/\",\"url\":\"https:\/\/secure.gravatar.com\/avatar\/459a9613caaaf07f582c3d0841eea68bdd66f533e465e6ba8b9cb45619572cf4?s=96&d=mm&r=g\",\"contentUrl\":\"https:\/\/secure.gravatar.com\/avatar\/459a9613caaaf07f582c3d0841eea68bdd66f533e465e6ba8b9cb45619572cf4?s=96&d=mm&r=g\",\"caption\":\"Redacao VerdadeOn\"},\"url\":\"https:\/\/verdadeon.com.br\/portal\/author\/redacao\/\"}]}<\/script>\n<!-- \/ Yoast SEO plugin. -->","yoast_head_json":{"title":"Sa\u00fade prepara Campanha do Dia de Luta contra a Aids - VerdadeOn","robots":{"index":"index","follow":"follow","max-snippet":"max-snippet:-1","max-image-preview":"max-image-preview:large","max-video-preview":"max-video-preview:-1"},"canonical":"https:\/\/verdadeon.com.br\/portal\/2022\/11\/17\/saude-prepara-campanha-do-dia-de-luta-contra-a-aids\/","og_locale":"pt_BR","og_type":"article","og_title":"Sa\u00fade prepara Campanha do Dia de Luta contra a Aids - VerdadeOn","og_description":"A\u00e7\u00f5es para marcar a data t\u00eam o objetivo de difundir informa\u00e7\u00f5es sobre preven\u00e7\u00e3o e tratamento adequado No dia 1\u00ba de dezembro \u00e9 comemorado o Dia Mundial [\u2026]","og_url":"https:\/\/verdadeon.com.br\/portal\/2022\/11\/17\/saude-prepara-campanha-do-dia-de-luta-contra-a-aids\/","og_site_name":"VerdadeOn","article_published_time":"2022-11-17T21:19:36+00:00","og_image":[{"width":1170,"height":700,"url":"https:\/\/verdadeon.com.br\/portal\/wp-content\/uploads\/2021\/08\/HIV.jpg","type":"image\/jpeg"}],"author":"Redacao VerdadeOn","twitter_card":"summary_large_image","twitter_misc":{"Escrito por":"Redacao VerdadeOn","Est. tempo de leitura":"2 minutos"},"schema":{"@context":"https:\/\/schema.org","@graph":[{"@type":"WebPage","@id":"https:\/\/verdadeon.com.br\/portal\/2022\/11\/17\/saude-prepara-campanha-do-dia-de-luta-contra-a-aids\/","url":"https:\/\/verdadeon.com.br\/portal\/2022\/11\/17\/saude-prepara-campanha-do-dia-de-luta-contra-a-aids\/","name":"Sa\u00fade prepara Campanha do Dia de Luta contra a Aids - VerdadeOn","isPartOf":{"@id":"https:\/\/verdadeon.com.br\/portal\/#website"},"primaryImageOfPage":{"@id":"https:\/\/verdadeon.com.br\/portal\/2022\/11\/17\/saude-prepara-campanha-do-dia-de-luta-contra-a-aids\/#primaryimage"},"image":{"@id":"https:\/\/verdadeon.com.br\/portal\/2022\/11\/17\/saude-prepara-campanha-do-dia-de-luta-contra-a-aids\/#primaryimage"},"thumbnailUrl":"https:\/\/i0.wp.com\/verdadeon.com.br\/portal\/wp-content\/uploads\/2021\/08\/HIV.jpg?fit=1170%2C700&ssl=1","datePublished":"2022-11-17T21:19:36+00:00","author":{"@id":"https:\/\/verdadeon.com.br\/portal\/#\/schema\/person\/a5060ad1e9ea3df545188fc93ce43d2f"},"breadcrumb":{"@id":"https:\/\/verdadeon.com.br\/portal\/2022\/11\/17\/saude-prepara-campanha-do-dia-de-luta-contra-a-aids\/#breadcrumb"},"inLanguage":"pt-BR","potentialAction":[{"@type":"ReadAction","target":["https:\/\/verdadeon.com.br\/portal\/2022\/11\/17\/saude-prepara-campanha-do-dia-de-luta-contra-a-aids\/"]}]},{"@type":"ImageObject","inLanguage":"pt-BR","@id":"https:\/\/verdadeon.com.br\/portal\/2022\/11\/17\/saude-prepara-campanha-do-dia-de-luta-contra-a-aids\/#primaryimage","url":"https:\/\/i0.wp.com\/verdadeon.com.br\/portal\/wp-content\/uploads\/2021\/08\/HIV.jpg?fit=1170%2C700&ssl=1","contentUrl":"https:\/\/i0.wp.com\/verdadeon.com.br\/portal\/wp-content\/uploads\/2021\/08\/HIV.jpg?fit=1170%2C700&ssl=1","width":1170,"height":700,"caption":"Campanha 'Fique Sabendo' realizada em Franca divulgou n\u00fameros nesta semana (\u00a9Ag\u00eancia Brasil)"},{"@type":"BreadcrumbList","@id":"https:\/\/verdadeon.com.br\/portal\/2022\/11\/17\/saude-prepara-campanha-do-dia-de-luta-contra-a-aids\/#breadcrumb","itemListElement":[{"@type":"ListItem","position":1,"name":"In\u00edcio","item":"https:\/\/verdadeon.com.br\/portal\/"},{"@type":"ListItem","position":2,"name":"Sa\u00fade prepara Campanha do Dia de Luta contra a Aids"}]},{"@type":"WebSite","@id":"https:\/\/verdadeon.com.br\/portal\/#website","url":"https:\/\/verdadeon.com.br\/portal\/","name":"VerdadeOn","description":"Not\u00edcias di\u00e1rias sobre Franca, Regi\u00e3o, Esporte, Cultura, Cotidiano, Colunas. Cobertura nos principais eventos da cidade \u00e9 aqui - Verdadeon Franca","potentialAction":[{"@type":"SearchAction","target":{"@type":"EntryPoint","urlTemplate":"https:\/\/verdadeon.com.br\/portal\/?s={search_term_string}"},"query-input":{"@type":"PropertyValueSpecification","valueRequired":true,"valueName":"search_term_string"}}],"inLanguage":"pt-BR"},{"@type":"Person","@id":"https:\/\/verdadeon.com.br\/portal\/#\/schema\/person\/a5060ad1e9ea3df545188fc93ce43d2f","name":"Redacao VerdadeOn","image":{"@type":"ImageObject","inLanguage":"pt-BR","@id":"https:\/\/verdadeon.com.br\/portal\/#\/schema\/person\/image\/","url":"https:\/\/secure.gravatar.com\/avatar\/459a9613caaaf07f582c3d0841eea68bdd66f533e465e6ba8b9cb45619572cf4?s=96&d=mm&r=g","contentUrl":"https:\/\/secure.gravatar.com\/avatar\/459a9613caaaf07f582c3d0841eea68bdd66f533e465e6ba8b9cb45619572cf4?s=96&d=mm&r=g","caption":"Redacao VerdadeOn"},"url":"https:\/\/verdadeon.com.br\/portal\/author\/redacao\/"}]}},"jetpack_publicize_connections":[],"jetpack_featured_media_url":"https:\/\/i0.wp.com\/verdadeon.com.br\/portal\/wp-content\/uploads\/2021\/08\/HIV.jpg?fit=1170%2C700&ssl=1","jetpack_sharing_enabled":true,"_links":{"self":[{"href":"https:\/\/verdadeon.com.br\/portal\/wp-json\/wp\/v2\/posts\/29624","targetHints":{"allow":["GET"]}}],"collection":[{"href":"https:\/\/verdadeon.com.br\/portal\/wp-json\/wp\/v2\/posts"}],"about":[{"href":"https:\/\/verdadeon.com.br\/portal\/wp-json\/wp\/v2\/types\/post"}],"author":[{"embeddable":true,"href":"https:\/\/verdadeon.com.br\/portal\/wp-json\/wp\/v2\/users\/10"}],"replies":[{"embeddable":true,"href":"https:\/\/verdadeon.com.br\/portal\/wp-json\/wp\/v2\/comments?post=29624"}],"version-history":[{"count":1,"href":"https:\/\/verdadeon.com.br\/portal\/wp-json\/wp\/v2\/posts\/29624\/revisions"}],"predecessor-version":[{"id":29625,"href":"https:\/\/verdadeon.com.br\/portal\/wp-json\/wp\/v2\/posts\/29624\/revisions\/29625"}],"wp:featuredmedia":[{"embeddable":true,"href":"https:\/\/verdadeon.com.br\/portal\/wp-json\/wp\/v2\/media\/19006"}],"wp:attachment":[{"href":"https:\/\/verdadeon.com.br\/portal\/wp-json\/wp\/v2\/media?parent=29624"}],"wp:term":[{"taxonomy":"category","embeddable":true,"href":"https:\/\/verdadeon.com.br\/portal\/wp-json\/wp\/v2\/categories?post=29624"},{"taxonomy":"post_tag","embeddable":true,"href":"https:\/\/verdadeon.com.br\/portal\/wp-json\/wp\/v2\/tags?post=29624"}],"curies":[{"name":"wp","href":"https:\/\/api.w.org\/{rel}","templated":true}]}}