{"id":29607,"date":"2022-11-17T15:03:55","date_gmt":"2022-11-17T18:03:55","guid":{"rendered":"https:\/\/verdadeon.com.br\/portal\/?p=29607"},"modified":"2022-11-17T15:01:21","modified_gmt":"2022-11-17T18:01:21","slug":"projeto-apaexonado-por-bike-ensina-a-andar-de-bicicleta-e-as-regras-de-transito","status":"publish","type":"post","link":"https:\/\/verdadeon.com.br\/portal\/2022\/11\/17\/projeto-apaexonado-por-bike-ensina-a-andar-de-bicicleta-e-as-regras-de-transito\/","title":{"rendered":"Projeto \u2018Apaexonado por Bike\u2019 ensina a andar de bicicleta e as regras de tr\u00e2nsito"},"content":{"rendered":"<h2><span style=\"font-weight: 400;\">Iniciativa tem objetivo de incluir e educar com aulas de ciclismo e orienta\u00e7\u00f5es sobre direitos e deveres no tr\u00e2nsito\u00a0<\/span><\/h2>\n<p><span style=\"font-weight: 400;\">A APAE (Associa\u00e7\u00e3o dos Pais e Amigos dos Excepcionais) de Franca est\u00e1 desenvolvendo o projeto Apaexonado por Bike, em parceria com a Funda\u00e7\u00e3o Ita\u00fa. S\u00e3o cerca de 60 pessoas atendidas pela institui\u00e7\u00e3o que aprendem a andar de bicicleta e recebem orienta\u00e7\u00f5es sobre as regras e a rotina de tr\u00e2nsito.<\/span><\/p>\n<p><span style=\"font-weight: 400;\">De acordo com o projeto, \u201co objetivo \u00e9 incluir socialmente atrav\u00e9s da bicicleta e educar para o tr\u00e2nsito, bem como promover a qualidade de vida, desenvolvimento integral, autonomia e independ\u00eancia da pessoa com defici\u00eancia\u201d.<\/span><\/p>\n<p><span style=\"font-weight: 400;\">O Apaexonado por Bike surgiu em 2019, por iniciativa da assistente de Gest\u00e3o de Conv\u00eanios da APAE Franca, Let\u00edcia Sara, que desenvolveu o projeto junto dos profissionais da \u00e1rea de educa\u00e7\u00e3o f\u00edsica da institui\u00e7\u00e3o e o inscreveu na Funda\u00e7\u00e3o Ita\u00fa. A parceria foi aprovada.<\/span><\/p>\n<p><span style=\"font-weight: 400;\">\u201cNesse projeto foi prevista a contrata\u00e7\u00e3o de professores para ensinar os atendidos a andarem de bicicleta e regras de tr\u00e2nsito. E tamb\u00e9m foi prevista a aquisi\u00e7\u00e3o de material de seguran\u00e7a &#8211; capacetes, joelheiras &#8211; e as bicicletas, al\u00e9m das placas de tr\u00e2nsito\u201d, disse a coordenadora de Assist\u00eancia Social da APAE Franca, Viviane Vaz.<\/span><\/p>\n<p><span style=\"font-weight: 400;\">Atualmente, o Apaexonado por Bike<\/span> <span style=\"font-weight: 400;\">atende 60 usu\u00e1rios, divididos em quatro turmas de 15 alunos e dois educadores, cada. S\u00e3o duas aulas por semana, com dura\u00e7\u00e3o de uma hora e meia, que acontecem em uma esp\u00e9cie de minicidade com as sinaliza\u00e7\u00f5es de tr\u00e2nsito, no Espa\u00e7o de Eventos da APAE Franca.<\/span><\/p>\n<p><img data-recalc-dims=\"1\" loading=\"lazy\" decoding=\"async\" class=\"alignnone wp-image-29608 size-full\" src=\"https:\/\/i0.wp.com\/verdadeon.com.br\/portal\/wp-content\/uploads\/2022\/11\/WhatsApp-Image-2022-11-17-at-09.32.45-1.jpeg?resize=1220%2C686&#038;ssl=1\" alt=\"\" width=\"1220\" height=\"686\" srcset=\"https:\/\/i0.wp.com\/verdadeon.com.br\/portal\/wp-content\/uploads\/2022\/11\/WhatsApp-Image-2022-11-17-at-09.32.45-1.jpeg?w=1280&amp;ssl=1 1280w, https:\/\/i0.wp.com\/verdadeon.com.br\/portal\/wp-content\/uploads\/2022\/11\/WhatsApp-Image-2022-11-17-at-09.32.45-1.jpeg?resize=300%2C169&amp;ssl=1 300w, https:\/\/i0.wp.com\/verdadeon.com.br\/portal\/wp-content\/uploads\/2022\/11\/WhatsApp-Image-2022-11-17-at-09.32.45-1.jpeg?resize=1024%2C576&amp;ssl=1 1024w, https:\/\/i0.wp.com\/verdadeon.com.br\/portal\/wp-content\/uploads\/2022\/11\/WhatsApp-Image-2022-11-17-at-09.32.45-1.jpeg?resize=768%2C432&amp;ssl=1 768w, https:\/\/i0.wp.com\/verdadeon.com.br\/portal\/wp-content\/uploads\/2022\/11\/WhatsApp-Image-2022-11-17-at-09.32.45-1.jpeg?resize=260%2C146&amp;ssl=1 260w, https:\/\/i0.wp.com\/verdadeon.com.br\/portal\/wp-content\/uploads\/2022\/11\/WhatsApp-Image-2022-11-17-at-09.32.45-1.jpeg?resize=50%2C28&amp;ssl=1 50w, https:\/\/i0.wp.com\/verdadeon.com.br\/portal\/wp-content\/uploads\/2022\/11\/WhatsApp-Image-2022-11-17-at-09.32.45-1.jpeg?resize=133%2C75&amp;ssl=1 133w\" sizes=\"auto, (max-width: 1220px) 100vw, 1220px\" \/><\/p>\n<p><span style=\"font-weight: 400;\">O projeto tem dura\u00e7\u00e3o de 10 meses e a previs\u00e3o \u00e9 de encerramento neste m\u00eas de novembro. A expectativa \u00e9 que a conclus\u00e3o das aulas seja celebrada com passeios dos alunos fora do ambiente da APAE, para que eles possam vivenciar a rotina do tr\u00e2nsito e suas regras, para que, dessa forma, tenham no\u00e7\u00f5es dos seus direitos e deveres como pedestres e ciclistas.<\/span><\/p>\n<p><img data-recalc-dims=\"1\" loading=\"lazy\" decoding=\"async\" class=\"alignnone wp-image-29611 size-full\" src=\"https:\/\/i0.wp.com\/verdadeon.com.br\/portal\/wp-content\/uploads\/2022\/11\/WhatsApp-Image-2022-11-17-at-09.32.45-2.jpeg?resize=1220%2C685&#038;ssl=1\" alt=\"\" width=\"1220\" height=\"685\" srcset=\"https:\/\/i0.wp.com\/verdadeon.com.br\/portal\/wp-content\/uploads\/2022\/11\/WhatsApp-Image-2022-11-17-at-09.32.45-2.jpeg?w=1280&amp;ssl=1 1280w, https:\/\/i0.wp.com\/verdadeon.com.br\/portal\/wp-content\/uploads\/2022\/11\/WhatsApp-Image-2022-11-17-at-09.32.45-2.jpeg?resize=300%2C169&amp;ssl=1 300w, https:\/\/i0.wp.com\/verdadeon.com.br\/portal\/wp-content\/uploads\/2022\/11\/WhatsApp-Image-2022-11-17-at-09.32.45-2.jpeg?resize=1024%2C575&amp;ssl=1 1024w, https:\/\/i0.wp.com\/verdadeon.com.br\/portal\/wp-content\/uploads\/2022\/11\/WhatsApp-Image-2022-11-17-at-09.32.45-2.jpeg?resize=768%2C431&amp;ssl=1 768w, https:\/\/i0.wp.com\/verdadeon.com.br\/portal\/wp-content\/uploads\/2022\/11\/WhatsApp-Image-2022-11-17-at-09.32.45-2.jpeg?resize=260%2C146&amp;ssl=1 260w, https:\/\/i0.wp.com\/verdadeon.com.br\/portal\/wp-content\/uploads\/2022\/11\/WhatsApp-Image-2022-11-17-at-09.32.45-2.jpeg?resize=50%2C28&amp;ssl=1 50w, https:\/\/i0.wp.com\/verdadeon.com.br\/portal\/wp-content\/uploads\/2022\/11\/WhatsApp-Image-2022-11-17-at-09.32.45-2.jpeg?resize=134%2C75&amp;ssl=1 134w\" sizes=\"auto, (max-width: 1220px) 100vw, 1220px\" \/><\/p>\n","protected":false},"excerpt":{"rendered":"<p>Iniciativa tem objetivo de incluir e educar com aulas de ciclismo e orienta\u00e7\u00f5es sobre direitos e deveres no tr\u00e2nsito\u00a0 A APAE (Associa\u00e7\u00e3o dos Pais e Amigos<span class=\"excerpt-hellip\"> [\u2026]<\/span><\/p>\n","protected":false},"author":10,"featured_media":29609,"comment_status":"open","ping_status":"open","sticky":false,"template":"","format":"standard","meta":{"_jetpack_memberships_contains_paid_content":false,"footnotes":"","jetpack_publicize_message":"","jetpack_publicize_feature_enabled":true,"jetpack_social_post_already_shared":false,"jetpack_social_options":{"image_generator_settings":{"template":"highway","default_image_id":0,"enabled":false},"version":2}},"categories":[28,44],"tags":[],"class_list":["post-29607","post","type-post","status-publish","format-standard","has-post-thumbnail","hentry","category-cotidiano","category-noticias"],"yoast_head":"<!-- This site is optimized with the Yoast SEO plugin v25.6 - https:\/\/yoast.com\/wordpress\/plugins\/seo\/ -->\n<title>Projeto \u2018Apaexonado por Bike\u2019 ensina a andar de bicicleta e as regras de tr\u00e2nsito - VerdadeOn<\/title>\n<meta name=\"robots\" content=\"index, follow, max-snippet:-1, max-image-preview:large, max-video-preview:-1\" \/>\n<link rel=\"canonical\" href=\"https:\/\/verdadeon.com.br\/portal\/2022\/11\/17\/projeto-apaexonado-por-bike-ensina-a-andar-de-bicicleta-e-as-regras-de-transito\/\" \/>\n<meta property=\"og:locale\" content=\"pt_BR\" \/>\n<meta property=\"og:type\" content=\"article\" \/>\n<meta property=\"og:title\" content=\"Projeto \u2018Apaexonado por Bike\u2019 ensina a andar de bicicleta e as regras de tr\u00e2nsito - VerdadeOn\" \/>\n<meta property=\"og:description\" content=\"Iniciativa tem objetivo de incluir e educar com aulas de ciclismo e orienta\u00e7\u00f5es sobre direitos e deveres no tr\u00e2nsito\u00a0 A APAE (Associa\u00e7\u00e3o dos Pais e Amigos [\u2026]\" \/>\n<meta property=\"og:url\" content=\"https:\/\/verdadeon.com.br\/portal\/2022\/11\/17\/projeto-apaexonado-por-bike-ensina-a-andar-de-bicicleta-e-as-regras-de-transito\/\" \/>\n<meta property=\"og:site_name\" content=\"VerdadeOn\" \/>\n<meta property=\"article:published_time\" content=\"2022-11-17T18:03:55+00:00\" \/>\n<meta property=\"og:image\" content=\"https:\/\/verdadeon.com.br\/portal\/wp-content\/uploads\/2022\/11\/WhatsApp-Image-2022-11-17-at-09.32.45-e1668707803116.jpeg\" \/>\n\t<meta property=\"og:image:width\" content=\"1001\" \/>\n\t<meta property=\"og:image:height\" content=\"668\" \/>\n\t<meta property=\"og:image:type\" content=\"image\/jpeg\" \/>\n<meta name=\"author\" content=\"Redacao VerdadeOn\" \/>\n<meta name=\"twitter:card\" content=\"summary_large_image\" \/>\n<meta name=\"twitter:label1\" content=\"Escrito por\" \/>\n\t<meta name=\"twitter:data1\" content=\"Redacao VerdadeOn\" \/>\n\t<meta name=\"twitter:label2\" content=\"Est. tempo de leitura\" \/>\n\t<meta name=\"twitter:data2\" content=\"3 minutos\" \/>\n<script type=\"application\/ld+json\" class=\"yoast-schema-graph\">{\"@context\":\"https:\/\/schema.org\",\"@graph\":[{\"@type\":\"WebPage\",\"@id\":\"https:\/\/verdadeon.com.br\/portal\/2022\/11\/17\/projeto-apaexonado-por-bike-ensina-a-andar-de-bicicleta-e-as-regras-de-transito\/\",\"url\":\"https:\/\/verdadeon.com.br\/portal\/2022\/11\/17\/projeto-apaexonado-por-bike-ensina-a-andar-de-bicicleta-e-as-regras-de-transito\/\",\"name\":\"Projeto \u2018Apaexonado por Bike\u2019 ensina a andar de bicicleta e as regras de tr\u00e2nsito - VerdadeOn\",\"isPartOf\":{\"@id\":\"https:\/\/verdadeon.com.br\/portal\/#website\"},\"primaryImageOfPage\":{\"@id\":\"https:\/\/verdadeon.com.br\/portal\/2022\/11\/17\/projeto-apaexonado-por-bike-ensina-a-andar-de-bicicleta-e-as-regras-de-transito\/#primaryimage\"},\"image\":{\"@id\":\"https:\/\/verdadeon.com.br\/portal\/2022\/11\/17\/projeto-apaexonado-por-bike-ensina-a-andar-de-bicicleta-e-as-regras-de-transito\/#primaryimage\"},\"thumbnailUrl\":\"https:\/\/i0.wp.com\/verdadeon.com.br\/portal\/wp-content\/uploads\/2022\/11\/WhatsApp-Image-2022-11-17-at-09.32.45-e1668707803116.jpeg?fit=1001%2C668&ssl=1\",\"datePublished\":\"2022-11-17T18:03:55+00:00\",\"author\":{\"@id\":\"https:\/\/verdadeon.com.br\/portal\/#\/schema\/person\/a5060ad1e9ea3df545188fc93ce43d2f\"},\"breadcrumb\":{\"@id\":\"https:\/\/verdadeon.com.br\/portal\/2022\/11\/17\/projeto-apaexonado-por-bike-ensina-a-andar-de-bicicleta-e-as-regras-de-transito\/#breadcrumb\"},\"inLanguage\":\"pt-BR\",\"potentialAction\":[{\"@type\":\"ReadAction\",\"target\":[\"https:\/\/verdadeon.com.br\/portal\/2022\/11\/17\/projeto-apaexonado-por-bike-ensina-a-andar-de-bicicleta-e-as-regras-de-transito\/\"]}]},{\"@type\":\"ImageObject\",\"inLanguage\":\"pt-BR\",\"@id\":\"https:\/\/verdadeon.com.br\/portal\/2022\/11\/17\/projeto-apaexonado-por-bike-ensina-a-andar-de-bicicleta-e-as-regras-de-transito\/#primaryimage\",\"url\":\"https:\/\/i0.wp.com\/verdadeon.com.br\/portal\/wp-content\/uploads\/2022\/11\/WhatsApp-Image-2022-11-17-at-09.32.45-e1668707803116.jpeg?fit=1001%2C668&ssl=1\",\"contentUrl\":\"https:\/\/i0.wp.com\/verdadeon.com.br\/portal\/wp-content\/uploads\/2022\/11\/WhatsApp-Image-2022-11-17-at-09.32.45-e1668707803116.jpeg?fit=1001%2C668&ssl=1\",\"width\":1001,\"height\":668,\"caption\":\"No encerramento do projeto Apaexonados por Bike, os participantes dever\u00e3o ter experi\u00eancias com as bicicletas fora da institui\u00e7\u00e3o | Fotos: Divulga\u00e7\u00e3o\"},{\"@type\":\"BreadcrumbList\",\"@id\":\"https:\/\/verdadeon.com.br\/portal\/2022\/11\/17\/projeto-apaexonado-por-bike-ensina-a-andar-de-bicicleta-e-as-regras-de-transito\/#breadcrumb\",\"itemListElement\":[{\"@type\":\"ListItem\",\"position\":1,\"name\":\"In\u00edcio\",\"item\":\"https:\/\/verdadeon.com.br\/portal\/\"},{\"@type\":\"ListItem\",\"position\":2,\"name\":\"Projeto \u2018Apaexonado por Bike\u2019 ensina a andar de bicicleta e as regras de tr\u00e2nsito\"}]},{\"@type\":\"WebSite\",\"@id\":\"https:\/\/verdadeon.com.br\/portal\/#website\",\"url\":\"https:\/\/verdadeon.com.br\/portal\/\",\"name\":\"VerdadeOn\",\"description\":\"Not\u00edcias di\u00e1rias sobre Franca, Regi\u00e3o, Esporte, Cultura, Cotidiano, Colunas. Cobertura nos principais eventos da cidade \u00e9 aqui - Verdadeon Franca\",\"potentialAction\":[{\"@type\":\"SearchAction\",\"target\":{\"@type\":\"EntryPoint\",\"urlTemplate\":\"https:\/\/verdadeon.com.br\/portal\/?s={search_term_string}\"},\"query-input\":{\"@type\":\"PropertyValueSpecification\",\"valueRequired\":true,\"valueName\":\"search_term_string\"}}],\"inLanguage\":\"pt-BR\"},{\"@type\":\"Person\",\"@id\":\"https:\/\/verdadeon.com.br\/portal\/#\/schema\/person\/a5060ad1e9ea3df545188fc93ce43d2f\",\"name\":\"Redacao VerdadeOn\",\"image\":{\"@type\":\"ImageObject\",\"inLanguage\":\"pt-BR\",\"@id\":\"https:\/\/verdadeon.com.br\/portal\/#\/schema\/person\/image\/\",\"url\":\"https:\/\/secure.gravatar.com\/avatar\/459a9613caaaf07f582c3d0841eea68bdd66f533e465e6ba8b9cb45619572cf4?s=96&d=mm&r=g\",\"contentUrl\":\"https:\/\/secure.gravatar.com\/avatar\/459a9613caaaf07f582c3d0841eea68bdd66f533e465e6ba8b9cb45619572cf4?s=96&d=mm&r=g\",\"caption\":\"Redacao VerdadeOn\"},\"url\":\"https:\/\/verdadeon.com.br\/portal\/author\/redacao\/\"}]}<\/script>\n<!-- \/ Yoast SEO plugin. -->","yoast_head_json":{"title":"Projeto \u2018Apaexonado por Bike\u2019 ensina a andar de bicicleta e as regras de tr\u00e2nsito - VerdadeOn","robots":{"index":"index","follow":"follow","max-snippet":"max-snippet:-1","max-image-preview":"max-image-preview:large","max-video-preview":"max-video-preview:-1"},"canonical":"https:\/\/verdadeon.com.br\/portal\/2022\/11\/17\/projeto-apaexonado-por-bike-ensina-a-andar-de-bicicleta-e-as-regras-de-transito\/","og_locale":"pt_BR","og_type":"article","og_title":"Projeto \u2018Apaexonado por Bike\u2019 ensina a andar de bicicleta e as regras de tr\u00e2nsito - VerdadeOn","og_description":"Iniciativa tem objetivo de incluir e educar com aulas de ciclismo e orienta\u00e7\u00f5es sobre direitos e deveres no tr\u00e2nsito\u00a0 A APAE (Associa\u00e7\u00e3o dos Pais e Amigos [\u2026]","og_url":"https:\/\/verdadeon.com.br\/portal\/2022\/11\/17\/projeto-apaexonado-por-bike-ensina-a-andar-de-bicicleta-e-as-regras-de-transito\/","og_site_name":"VerdadeOn","article_published_time":"2022-11-17T18:03:55+00:00","og_image":[{"width":1001,"height":668,"url":"https:\/\/verdadeon.com.br\/portal\/wp-content\/uploads\/2022\/11\/WhatsApp-Image-2022-11-17-at-09.32.45-e1668707803116.jpeg","type":"image\/jpeg"}],"author":"Redacao VerdadeOn","twitter_card":"summary_large_image","twitter_misc":{"Escrito por":"Redacao VerdadeOn","Est. tempo de leitura":"3 minutos"},"schema":{"@context":"https:\/\/schema.org","@graph":[{"@type":"WebPage","@id":"https:\/\/verdadeon.com.br\/portal\/2022\/11\/17\/projeto-apaexonado-por-bike-ensina-a-andar-de-bicicleta-e-as-regras-de-transito\/","url":"https:\/\/verdadeon.com.br\/portal\/2022\/11\/17\/projeto-apaexonado-por-bike-ensina-a-andar-de-bicicleta-e-as-regras-de-transito\/","name":"Projeto \u2018Apaexonado por Bike\u2019 ensina a andar de bicicleta e as regras de tr\u00e2nsito - VerdadeOn","isPartOf":{"@id":"https:\/\/verdadeon.com.br\/portal\/#website"},"primaryImageOfPage":{"@id":"https:\/\/verdadeon.com.br\/portal\/2022\/11\/17\/projeto-apaexonado-por-bike-ensina-a-andar-de-bicicleta-e-as-regras-de-transito\/#primaryimage"},"image":{"@id":"https:\/\/verdadeon.com.br\/portal\/2022\/11\/17\/projeto-apaexonado-por-bike-ensina-a-andar-de-bicicleta-e-as-regras-de-transito\/#primaryimage"},"thumbnailUrl":"https:\/\/i0.wp.com\/verdadeon.com.br\/portal\/wp-content\/uploads\/2022\/11\/WhatsApp-Image-2022-11-17-at-09.32.45-e1668707803116.jpeg?fit=1001%2C668&ssl=1","datePublished":"2022-11-17T18:03:55+00:00","author":{"@id":"https:\/\/verdadeon.com.br\/portal\/#\/schema\/person\/a5060ad1e9ea3df545188fc93ce43d2f"},"breadcrumb":{"@id":"https:\/\/verdadeon.com.br\/portal\/2022\/11\/17\/projeto-apaexonado-por-bike-ensina-a-andar-de-bicicleta-e-as-regras-de-transito\/#breadcrumb"},"inLanguage":"pt-BR","potentialAction":[{"@type":"ReadAction","target":["https:\/\/verdadeon.com.br\/portal\/2022\/11\/17\/projeto-apaexonado-por-bike-ensina-a-andar-de-bicicleta-e-as-regras-de-transito\/"]}]},{"@type":"ImageObject","inLanguage":"pt-BR","@id":"https:\/\/verdadeon.com.br\/portal\/2022\/11\/17\/projeto-apaexonado-por-bike-ensina-a-andar-de-bicicleta-e-as-regras-de-transito\/#primaryimage","url":"https:\/\/i0.wp.com\/verdadeon.com.br\/portal\/wp-content\/uploads\/2022\/11\/WhatsApp-Image-2022-11-17-at-09.32.45-e1668707803116.jpeg?fit=1001%2C668&ssl=1","contentUrl":"https:\/\/i0.wp.com\/verdadeon.com.br\/portal\/wp-content\/uploads\/2022\/11\/WhatsApp-Image-2022-11-17-at-09.32.45-e1668707803116.jpeg?fit=1001%2C668&ssl=1","width":1001,"height":668,"caption":"No encerramento do projeto Apaexonados por Bike, os participantes dever\u00e3o ter experi\u00eancias com as bicicletas fora da institui\u00e7\u00e3o | Fotos: Divulga\u00e7\u00e3o"},{"@type":"BreadcrumbList","@id":"https:\/\/verdadeon.com.br\/portal\/2022\/11\/17\/projeto-apaexonado-por-bike-ensina-a-andar-de-bicicleta-e-as-regras-de-transito\/#breadcrumb","itemListElement":[{"@type":"ListItem","position":1,"name":"In\u00edcio","item":"https:\/\/verdadeon.com.br\/portal\/"},{"@type":"ListItem","position":2,"name":"Projeto \u2018Apaexonado por Bike\u2019 ensina a andar de bicicleta e as regras de tr\u00e2nsito"}]},{"@type":"WebSite","@id":"https:\/\/verdadeon.com.br\/portal\/#website","url":"https:\/\/verdadeon.com.br\/portal\/","name":"VerdadeOn","description":"Not\u00edcias di\u00e1rias sobre Franca, Regi\u00e3o, Esporte, Cultura, Cotidiano, Colunas. Cobertura nos principais eventos da cidade \u00e9 aqui - Verdadeon Franca","potentialAction":[{"@type":"SearchAction","target":{"@type":"EntryPoint","urlTemplate":"https:\/\/verdadeon.com.br\/portal\/?s={search_term_string}"},"query-input":{"@type":"PropertyValueSpecification","valueRequired":true,"valueName":"search_term_string"}}],"inLanguage":"pt-BR"},{"@type":"Person","@id":"https:\/\/verdadeon.com.br\/portal\/#\/schema\/person\/a5060ad1e9ea3df545188fc93ce43d2f","name":"Redacao VerdadeOn","image":{"@type":"ImageObject","inLanguage":"pt-BR","@id":"https:\/\/verdadeon.com.br\/portal\/#\/schema\/person\/image\/","url":"https:\/\/secure.gravatar.com\/avatar\/459a9613caaaf07f582c3d0841eea68bdd66f533e465e6ba8b9cb45619572cf4?s=96&d=mm&r=g","contentUrl":"https:\/\/secure.gravatar.com\/avatar\/459a9613caaaf07f582c3d0841eea68bdd66f533e465e6ba8b9cb45619572cf4?s=96&d=mm&r=g","caption":"Redacao VerdadeOn"},"url":"https:\/\/verdadeon.com.br\/portal\/author\/redacao\/"}]}},"jetpack_publicize_connections":[],"jetpack_featured_media_url":"https:\/\/i0.wp.com\/verdadeon.com.br\/portal\/wp-content\/uploads\/2022\/11\/WhatsApp-Image-2022-11-17-at-09.32.45-e1668707803116.jpeg?fit=1001%2C668&ssl=1","jetpack_sharing_enabled":true,"_links":{"self":[{"href":"https:\/\/verdadeon.com.br\/portal\/wp-json\/wp\/v2\/posts\/29607","targetHints":{"allow":["GET"]}}],"collection":[{"href":"https:\/\/verdadeon.com.br\/portal\/wp-json\/wp\/v2\/posts"}],"about":[{"href":"https:\/\/verdadeon.com.br\/portal\/wp-json\/wp\/v2\/types\/post"}],"author":[{"embeddable":true,"href":"https:\/\/verdadeon.com.br\/portal\/wp-json\/wp\/v2\/users\/10"}],"replies":[{"embeddable":true,"href":"https:\/\/verdadeon.com.br\/portal\/wp-json\/wp\/v2\/comments?post=29607"}],"version-history":[{"count":1,"href":"https:\/\/verdadeon.com.br\/portal\/wp-json\/wp\/v2\/posts\/29607\/revisions"}],"predecessor-version":[{"id":29612,"href":"https:\/\/verdadeon.com.br\/portal\/wp-json\/wp\/v2\/posts\/29607\/revisions\/29612"}],"wp:featuredmedia":[{"embeddable":true,"href":"https:\/\/verdadeon.com.br\/portal\/wp-json\/wp\/v2\/media\/29609"}],"wp:attachment":[{"href":"https:\/\/verdadeon.com.br\/portal\/wp-json\/wp\/v2\/media?parent=29607"}],"wp:term":[{"taxonomy":"category","embeddable":true,"href":"https:\/\/verdadeon.com.br\/portal\/wp-json\/wp\/v2\/categories?post=29607"},{"taxonomy":"post_tag","embeddable":true,"href":"https:\/\/verdadeon.com.br\/portal\/wp-json\/wp\/v2\/tags?post=29607"}],"curies":[{"name":"wp","href":"https:\/\/api.w.org\/{rel}","templated":true}]}}