{"id":29372,"date":"2022-11-07T18:13:36","date_gmt":"2022-11-07T21:13:36","guid":{"rendered":"https:\/\/verdadeon.com.br\/portal\/?p=29372"},"modified":"2022-11-07T18:13:36","modified_gmt":"2022-11-07T21:13:36","slug":"brasil-realiza-o-melhor-mundial-de-ginastica-de-sua-historia","status":"publish","type":"post","link":"https:\/\/verdadeon.com.br\/portal\/2022\/11\/07\/brasil-realiza-o-melhor-mundial-de-ginastica-de-sua-historia\/","title":{"rendered":"Brasil realiza o melhor Mundial de Gin\u00e1stica de sua hist\u00f3ria"},"content":{"rendered":"<div class=\"col-lg-12 mb-3\">\n<div class=\"row\">\n<h3 class=\"col-10 offset-1 animated fadeInDown dealy-900 display-8 display-md-8 alt-font font-italic my-1 text-center\">Equipe brasileira terminou competi\u00e7\u00e3o com tr\u00eas medalhas<\/h3>\n<\/div>\n<div class=\"row\">\n<div id=\"tts-container\" class=\"col-xl-7 offset-xl-1 col-lg-8 offset-lg-0 col-md-10 offset-md-1 mb-3\">O Brasil protagonizou o melhor Mundial de Gin\u00e1stica de sua hist\u00f3ria, ap\u00f3s conquistar no \u00faltimo domingo em Liverpool (Inglaterra) duas medalhas de bronze, com Rebeca Andrade no solo e Arthur Nory na barra fixa. Al\u00e9m disso, a equipe brasileira garantiu um ouro com a atleta do Flamengo no individual geral.<img data-recalc-dims=\"1\" decoding=\"async\" src=\"https:\/\/i0.wp.com\/agenciabrasil.ebc.com.br\/ebc.png?w=1220&#038;ssl=1\" \/><img data-recalc-dims=\"1\" decoding=\"async\" src=\"https:\/\/i0.wp.com\/agenciabrasil.ebc.com.br\/ebc.gif?w=1220&#038;ssl=1\" \/><\/div>\n<\/div>\n<\/div>\n<div class=\"col-xl-7 offset-xl-1 col-lg-8 offset-lg-0 col-md-10 offset-md-1 mb-3\">\n<div class=\"post-item alt-font\">\n<div class=\"post-item-wrap\">\n<p>Antes da campanha em Liverpool, com tr\u00eas medalhas, as melhores atua\u00e7\u00f5es em uma competi\u00e7\u00e3o desta categoria foram alcan\u00e7adas em 2007 em Stuttgart (Alemanha), com um ouro de Diego Hypolito no solo e um bronze de Jade Barbosa no individual geral, em 2014 em Nanning (China), com a prata de Arthur Zanetti nas argolas e um bronze de Diego no solo, e em 2021 em Kitakyushu (Jap\u00e3o), com Rebeca garantindo um ouro no salto e uma prata nas assim\u00e9tricas.<\/p>\n<p>Com as duas medalhas conquistadas na Inglaterra, Rebeca se tornou a primeira ginasta do Brasil a conseguir medalhas em tr\u00eas aparelhos diferentes em uma edi\u00e7\u00e3o do Mundial. Agora falta apenas um p\u00f3dio na trave, aparelho no qual ela terminou em oitavo lugar ap\u00f3s sofrer uma queda. \u201cUma hora vir\u00e1 [a medalha na trave]. Estou bem feliz com o que fiz\u201d, declarou a ginasta de 23 anos.<\/p>\n<p>\u201cEsse \u00e9 o Mundial com os melhores resultados para o Brasil. Pela primeira vez conseguimos 12 finais e, al\u00e9m disso, tr\u00eas medalhas. At\u00e9 ent\u00e3o, nosso melhor resultado eram duas medalhas. Nesta edi\u00e7\u00e3o, tivemos pela primeira vez uma brasileira conquistando medalha de ouro no individual geral. Mas muito mais importante \u00e9 a constru\u00e7\u00e3o da gin\u00e1stica brasileira, respaldada em muito respeito, em muita prosperidade, de pessoas que v\u00e3o buscando um grupo cada vez mais forte. Isso leva a um resultado esportivo\u201d, declarou o coordenador-geral da Confedera\u00e7\u00e3o Brasileira de Gin\u00e1stica, Henrique Motta.<\/p>\n<\/div>\n<p>Fonte: Agencia Brasil<\/p>\n<\/div>\n<\/div>\n","protected":false},"excerpt":{"rendered":"<p>Equipe brasileira terminou competi\u00e7\u00e3o com tr\u00eas medalhas O Brasil protagonizou o melhor Mundial de Gin\u00e1stica de sua hist\u00f3ria, ap\u00f3s conquistar no \u00faltimo domingo em Liverpool (Inglaterra)<span class=\"excerpt-hellip\"> [\u2026]<\/span><\/p>\n","protected":false},"author":4,"featured_media":29375,"comment_status":"open","ping_status":"open","sticky":false,"template":"","format":"standard","meta":{"_jetpack_memberships_contains_paid_content":false,"footnotes":"","jetpack_publicize_message":"","jetpack_publicize_feature_enabled":true,"jetpack_social_post_already_shared":false,"jetpack_social_options":{"image_generator_settings":{"template":"highway","default_image_id":0,"enabled":false},"version":2}},"categories":[28,44],"tags":[],"class_list":["post-29372","post","type-post","status-publish","format-standard","has-post-thumbnail","hentry","category-cotidiano","category-noticias"],"yoast_head":"<!-- This site is optimized with the Yoast SEO plugin v25.6 - https:\/\/yoast.com\/wordpress\/plugins\/seo\/ -->\n<title>Brasil realiza o melhor Mundial de Gin\u00e1stica de sua hist\u00f3ria - VerdadeOn<\/title>\n<meta name=\"robots\" content=\"index, follow, max-snippet:-1, max-image-preview:large, max-video-preview:-1\" \/>\n<link rel=\"canonical\" href=\"https:\/\/verdadeon.com.br\/portal\/2022\/11\/07\/brasil-realiza-o-melhor-mundial-de-ginastica-de-sua-historia\/\" \/>\n<meta property=\"og:locale\" content=\"pt_BR\" \/>\n<meta property=\"og:type\" content=\"article\" \/>\n<meta property=\"og:title\" content=\"Brasil realiza o melhor Mundial de Gin\u00e1stica de sua hist\u00f3ria - VerdadeOn\" \/>\n<meta property=\"og:description\" content=\"Equipe brasileira terminou competi\u00e7\u00e3o com tr\u00eas medalhas O Brasil protagonizou o melhor Mundial de Gin\u00e1stica de sua hist\u00f3ria, ap\u00f3s conquistar no \u00faltimo domingo em Liverpool (Inglaterra) [\u2026]\" \/>\n<meta property=\"og:url\" content=\"https:\/\/verdadeon.com.br\/portal\/2022\/11\/07\/brasil-realiza-o-melhor-mundial-de-ginastica-de-sua-historia\/\" \/>\n<meta property=\"og:site_name\" content=\"VerdadeOn\" \/>\n<meta property=\"article:published_time\" content=\"2022-11-07T21:13:36+00:00\" \/>\n<meta property=\"og:image\" content=\"https:\/\/verdadeon.com.br\/portal\/wp-content\/uploads\/2022\/11\/ori_1861_91e8c339a8f20630204215b7d540c9b9_63680edac9d92.jpeg\" \/>\n\t<meta property=\"og:image:width\" content=\"1000\" \/>\n\t<meta property=\"og:image:height\" content=\"670\" \/>\n\t<meta property=\"og:image:type\" content=\"image\/jpeg\" \/>\n<meta name=\"author\" content=\"Fernando Calixto\" \/>\n<meta name=\"twitter:card\" content=\"summary_large_image\" \/>\n<meta name=\"twitter:label1\" content=\"Escrito por\" \/>\n\t<meta name=\"twitter:data1\" content=\"Fernando Calixto\" \/>\n\t<meta name=\"twitter:label2\" content=\"Est. tempo de leitura\" \/>\n\t<meta name=\"twitter:data2\" content=\"3 minutos\" \/>\n<script type=\"application\/ld+json\" class=\"yoast-schema-graph\">{\"@context\":\"https:\/\/schema.org\",\"@graph\":[{\"@type\":\"WebPage\",\"@id\":\"https:\/\/verdadeon.com.br\/portal\/2022\/11\/07\/brasil-realiza-o-melhor-mundial-de-ginastica-de-sua-historia\/\",\"url\":\"https:\/\/verdadeon.com.br\/portal\/2022\/11\/07\/brasil-realiza-o-melhor-mundial-de-ginastica-de-sua-historia\/\",\"name\":\"Brasil realiza o melhor Mundial de Gin\u00e1stica de sua hist\u00f3ria - VerdadeOn\",\"isPartOf\":{\"@id\":\"https:\/\/verdadeon.com.br\/portal\/#website\"},\"primaryImageOfPage\":{\"@id\":\"https:\/\/verdadeon.com.br\/portal\/2022\/11\/07\/brasil-realiza-o-melhor-mundial-de-ginastica-de-sua-historia\/#primaryimage\"},\"image\":{\"@id\":\"https:\/\/verdadeon.com.br\/portal\/2022\/11\/07\/brasil-realiza-o-melhor-mundial-de-ginastica-de-sua-historia\/#primaryimage\"},\"thumbnailUrl\":\"https:\/\/i0.wp.com\/verdadeon.com.br\/portal\/wp-content\/uploads\/2022\/11\/ori_1861_91e8c339a8f20630204215b7d540c9b9_63680edac9d92.jpeg?fit=1000%2C670&ssl=1\",\"datePublished\":\"2022-11-07T21:13:36+00:00\",\"author\":{\"@id\":\"https:\/\/verdadeon.com.br\/portal\/#\/schema\/person\/8994718f49ee62ba5610471e29ca1f62\"},\"breadcrumb\":{\"@id\":\"https:\/\/verdadeon.com.br\/portal\/2022\/11\/07\/brasil-realiza-o-melhor-mundial-de-ginastica-de-sua-historia\/#breadcrumb\"},\"inLanguage\":\"pt-BR\",\"potentialAction\":[{\"@type\":\"ReadAction\",\"target\":[\"https:\/\/verdadeon.com.br\/portal\/2022\/11\/07\/brasil-realiza-o-melhor-mundial-de-ginastica-de-sua-historia\/\"]}]},{\"@type\":\"ImageObject\",\"inLanguage\":\"pt-BR\",\"@id\":\"https:\/\/verdadeon.com.br\/portal\/2022\/11\/07\/brasil-realiza-o-melhor-mundial-de-ginastica-de-sua-historia\/#primaryimage\",\"url\":\"https:\/\/i0.wp.com\/verdadeon.com.br\/portal\/wp-content\/uploads\/2022\/11\/ori_1861_91e8c339a8f20630204215b7d540c9b9_63680edac9d92.jpeg?fit=1000%2C670&ssl=1\",\"contentUrl\":\"https:\/\/i0.wp.com\/verdadeon.com.br\/portal\/wp-content\/uploads\/2022\/11\/ori_1861_91e8c339a8f20630204215b7d540c9b9_63680edac9d92.jpeg?fit=1000%2C670&ssl=1\",\"width\":1000,\"height\":670,\"caption\":\"Rebeca Andrade e Arthur Nory, medalistas no Mundial de Gin\u00e1stica\"},{\"@type\":\"BreadcrumbList\",\"@id\":\"https:\/\/verdadeon.com.br\/portal\/2022\/11\/07\/brasil-realiza-o-melhor-mundial-de-ginastica-de-sua-historia\/#breadcrumb\",\"itemListElement\":[{\"@type\":\"ListItem\",\"position\":1,\"name\":\"In\u00edcio\",\"item\":\"https:\/\/verdadeon.com.br\/portal\/\"},{\"@type\":\"ListItem\",\"position\":2,\"name\":\"Brasil realiza o melhor Mundial de Gin\u00e1stica de sua hist\u00f3ria\"}]},{\"@type\":\"WebSite\",\"@id\":\"https:\/\/verdadeon.com.br\/portal\/#website\",\"url\":\"https:\/\/verdadeon.com.br\/portal\/\",\"name\":\"VerdadeOn\",\"description\":\"Not\u00edcias di\u00e1rias sobre Franca, Regi\u00e3o, Esporte, Cultura, Cotidiano, Colunas. Cobertura nos principais eventos da cidade \u00e9 aqui - Verdadeon Franca\",\"potentialAction\":[{\"@type\":\"SearchAction\",\"target\":{\"@type\":\"EntryPoint\",\"urlTemplate\":\"https:\/\/verdadeon.com.br\/portal\/?s={search_term_string}\"},\"query-input\":{\"@type\":\"PropertyValueSpecification\",\"valueRequired\":true,\"valueName\":\"search_term_string\"}}],\"inLanguage\":\"pt-BR\"},{\"@type\":\"Person\",\"@id\":\"https:\/\/verdadeon.com.br\/portal\/#\/schema\/person\/8994718f49ee62ba5610471e29ca1f62\",\"name\":\"Fernando Calixto\",\"image\":{\"@type\":\"ImageObject\",\"inLanguage\":\"pt-BR\",\"@id\":\"https:\/\/verdadeon.com.br\/portal\/#\/schema\/person\/image\/\",\"url\":\"https:\/\/secure.gravatar.com\/avatar\/7578910c24966c0316c340f9dbd601e93ee9f9212e1033968b367af9306bd9fb?s=96&d=mm&r=g\",\"contentUrl\":\"https:\/\/secure.gravatar.com\/avatar\/7578910c24966c0316c340f9dbd601e93ee9f9212e1033968b367af9306bd9fb?s=96&d=mm&r=g\",\"caption\":\"Fernando Calixto\"},\"url\":\"https:\/\/verdadeon.com.br\/portal\/author\/fernando-calixto\/\"}]}<\/script>\n<!-- \/ Yoast SEO plugin. -->","yoast_head_json":{"title":"Brasil realiza o melhor Mundial de Gin\u00e1stica de sua hist\u00f3ria - VerdadeOn","robots":{"index":"index","follow":"follow","max-snippet":"max-snippet:-1","max-image-preview":"max-image-preview:large","max-video-preview":"max-video-preview:-1"},"canonical":"https:\/\/verdadeon.com.br\/portal\/2022\/11\/07\/brasil-realiza-o-melhor-mundial-de-ginastica-de-sua-historia\/","og_locale":"pt_BR","og_type":"article","og_title":"Brasil realiza o melhor Mundial de Gin\u00e1stica de sua hist\u00f3ria - VerdadeOn","og_description":"Equipe brasileira terminou competi\u00e7\u00e3o com tr\u00eas medalhas O Brasil protagonizou o melhor Mundial de Gin\u00e1stica de sua hist\u00f3ria, ap\u00f3s conquistar no \u00faltimo domingo em Liverpool (Inglaterra) [\u2026]","og_url":"https:\/\/verdadeon.com.br\/portal\/2022\/11\/07\/brasil-realiza-o-melhor-mundial-de-ginastica-de-sua-historia\/","og_site_name":"VerdadeOn","article_published_time":"2022-11-07T21:13:36+00:00","og_image":[{"width":1000,"height":670,"url":"https:\/\/verdadeon.com.br\/portal\/wp-content\/uploads\/2022\/11\/ori_1861_91e8c339a8f20630204215b7d540c9b9_63680edac9d92.jpeg","type":"image\/jpeg"}],"author":"Fernando Calixto","twitter_card":"summary_large_image","twitter_misc":{"Escrito por":"Fernando Calixto","Est. tempo de leitura":"3 minutos"},"schema":{"@context":"https:\/\/schema.org","@graph":[{"@type":"WebPage","@id":"https:\/\/verdadeon.com.br\/portal\/2022\/11\/07\/brasil-realiza-o-melhor-mundial-de-ginastica-de-sua-historia\/","url":"https:\/\/verdadeon.com.br\/portal\/2022\/11\/07\/brasil-realiza-o-melhor-mundial-de-ginastica-de-sua-historia\/","name":"Brasil realiza o melhor Mundial de Gin\u00e1stica de sua hist\u00f3ria - VerdadeOn","isPartOf":{"@id":"https:\/\/verdadeon.com.br\/portal\/#website"},"primaryImageOfPage":{"@id":"https:\/\/verdadeon.com.br\/portal\/2022\/11\/07\/brasil-realiza-o-melhor-mundial-de-ginastica-de-sua-historia\/#primaryimage"},"image":{"@id":"https:\/\/verdadeon.com.br\/portal\/2022\/11\/07\/brasil-realiza-o-melhor-mundial-de-ginastica-de-sua-historia\/#primaryimage"},"thumbnailUrl":"https:\/\/i0.wp.com\/verdadeon.com.br\/portal\/wp-content\/uploads\/2022\/11\/ori_1861_91e8c339a8f20630204215b7d540c9b9_63680edac9d92.jpeg?fit=1000%2C670&ssl=1","datePublished":"2022-11-07T21:13:36+00:00","author":{"@id":"https:\/\/verdadeon.com.br\/portal\/#\/schema\/person\/8994718f49ee62ba5610471e29ca1f62"},"breadcrumb":{"@id":"https:\/\/verdadeon.com.br\/portal\/2022\/11\/07\/brasil-realiza-o-melhor-mundial-de-ginastica-de-sua-historia\/#breadcrumb"},"inLanguage":"pt-BR","potentialAction":[{"@type":"ReadAction","target":["https:\/\/verdadeon.com.br\/portal\/2022\/11\/07\/brasil-realiza-o-melhor-mundial-de-ginastica-de-sua-historia\/"]}]},{"@type":"ImageObject","inLanguage":"pt-BR","@id":"https:\/\/verdadeon.com.br\/portal\/2022\/11\/07\/brasil-realiza-o-melhor-mundial-de-ginastica-de-sua-historia\/#primaryimage","url":"https:\/\/i0.wp.com\/verdadeon.com.br\/portal\/wp-content\/uploads\/2022\/11\/ori_1861_91e8c339a8f20630204215b7d540c9b9_63680edac9d92.jpeg?fit=1000%2C670&ssl=1","contentUrl":"https:\/\/i0.wp.com\/verdadeon.com.br\/portal\/wp-content\/uploads\/2022\/11\/ori_1861_91e8c339a8f20630204215b7d540c9b9_63680edac9d92.jpeg?fit=1000%2C670&ssl=1","width":1000,"height":670,"caption":"Rebeca Andrade e Arthur Nory, medalistas no Mundial de Gin\u00e1stica"},{"@type":"BreadcrumbList","@id":"https:\/\/verdadeon.com.br\/portal\/2022\/11\/07\/brasil-realiza-o-melhor-mundial-de-ginastica-de-sua-historia\/#breadcrumb","itemListElement":[{"@type":"ListItem","position":1,"name":"In\u00edcio","item":"https:\/\/verdadeon.com.br\/portal\/"},{"@type":"ListItem","position":2,"name":"Brasil realiza o melhor Mundial de Gin\u00e1stica de sua hist\u00f3ria"}]},{"@type":"WebSite","@id":"https:\/\/verdadeon.com.br\/portal\/#website","url":"https:\/\/verdadeon.com.br\/portal\/","name":"VerdadeOn","description":"Not\u00edcias di\u00e1rias sobre Franca, Regi\u00e3o, Esporte, Cultura, Cotidiano, Colunas. Cobertura nos principais eventos da cidade \u00e9 aqui - Verdadeon Franca","potentialAction":[{"@type":"SearchAction","target":{"@type":"EntryPoint","urlTemplate":"https:\/\/verdadeon.com.br\/portal\/?s={search_term_string}"},"query-input":{"@type":"PropertyValueSpecification","valueRequired":true,"valueName":"search_term_string"}}],"inLanguage":"pt-BR"},{"@type":"Person","@id":"https:\/\/verdadeon.com.br\/portal\/#\/schema\/person\/8994718f49ee62ba5610471e29ca1f62","name":"Fernando Calixto","image":{"@type":"ImageObject","inLanguage":"pt-BR","@id":"https:\/\/verdadeon.com.br\/portal\/#\/schema\/person\/image\/","url":"https:\/\/secure.gravatar.com\/avatar\/7578910c24966c0316c340f9dbd601e93ee9f9212e1033968b367af9306bd9fb?s=96&d=mm&r=g","contentUrl":"https:\/\/secure.gravatar.com\/avatar\/7578910c24966c0316c340f9dbd601e93ee9f9212e1033968b367af9306bd9fb?s=96&d=mm&r=g","caption":"Fernando Calixto"},"url":"https:\/\/verdadeon.com.br\/portal\/author\/fernando-calixto\/"}]}},"jetpack_publicize_connections":[],"jetpack_featured_media_url":"https:\/\/i0.wp.com\/verdadeon.com.br\/portal\/wp-content\/uploads\/2022\/11\/ori_1861_91e8c339a8f20630204215b7d540c9b9_63680edac9d92.jpeg?fit=1000%2C670&ssl=1","jetpack_sharing_enabled":true,"_links":{"self":[{"href":"https:\/\/verdadeon.com.br\/portal\/wp-json\/wp\/v2\/posts\/29372","targetHints":{"allow":["GET"]}}],"collection":[{"href":"https:\/\/verdadeon.com.br\/portal\/wp-json\/wp\/v2\/posts"}],"about":[{"href":"https:\/\/verdadeon.com.br\/portal\/wp-json\/wp\/v2\/types\/post"}],"author":[{"embeddable":true,"href":"https:\/\/verdadeon.com.br\/portal\/wp-json\/wp\/v2\/users\/4"}],"replies":[{"embeddable":true,"href":"https:\/\/verdadeon.com.br\/portal\/wp-json\/wp\/v2\/comments?post=29372"}],"version-history":[{"count":1,"href":"https:\/\/verdadeon.com.br\/portal\/wp-json\/wp\/v2\/posts\/29372\/revisions"}],"predecessor-version":[{"id":29377,"href":"https:\/\/verdadeon.com.br\/portal\/wp-json\/wp\/v2\/posts\/29372\/revisions\/29377"}],"wp:featuredmedia":[{"embeddable":true,"href":"https:\/\/verdadeon.com.br\/portal\/wp-json\/wp\/v2\/media\/29375"}],"wp:attachment":[{"href":"https:\/\/verdadeon.com.br\/portal\/wp-json\/wp\/v2\/media?parent=29372"}],"wp:term":[{"taxonomy":"category","embeddable":true,"href":"https:\/\/verdadeon.com.br\/portal\/wp-json\/wp\/v2\/categories?post=29372"},{"taxonomy":"post_tag","embeddable":true,"href":"https:\/\/verdadeon.com.br\/portal\/wp-json\/wp\/v2\/tags?post=29372"}],"curies":[{"name":"wp","href":"https:\/\/api.w.org\/{rel}","templated":true}]}}