{"id":29236,"date":"2022-11-01T18:05:00","date_gmt":"2022-11-01T21:05:00","guid":{"rendered":"https:\/\/verdadeon.com.br\/portal\/?p=29236"},"modified":"2022-11-01T18:03:15","modified_gmt":"2022-11-01T21:03:15","slug":"cemiterios-de-franca-devem-receber-45-mil-visitantes-no-finados","status":"publish","type":"post","link":"https:\/\/verdadeon.com.br\/portal\/2022\/11\/01\/cemiterios-de-franca-devem-receber-45-mil-visitantes-no-finados\/","title":{"rendered":"Cemit\u00e9rios de Franca devem receber 45 mil visitantes no Finados"},"content":{"rendered":"<h2>No Santo Agostinho, haver\u00e1 missa \u00e0s 8h e abertura neste feriado ser\u00e1 das 7h \u00e0s 17h. Lojas fecham; mas shopping abre<\/h2>\n<p><span style=\"font-weight: 400;\">Os Cemit\u00e9rios da Saudade e Santo Agostinho devem receber em torno de 45 mil pessoas para o Dia de Finados, considerando a circula\u00e7\u00e3o de pessoas na v\u00e9spera do feriado &#8211; que foi intensa &#8211; para cuidados com os t\u00famulos, de limpeza e coloca\u00e7\u00e3o de flores. Os dois locais ficar\u00e3o abertos das 7h \u00e0s 17h nesta quarta-feira (2).<\/span><\/p>\n<p><span style=\"font-weight: 400;\">No Cemit\u00e9rio Santo Agostinho, as pessoas poder\u00e3o participar do momento religioso com a missa que ser\u00e1 celebrada \u00e0s 8h. No Cemit\u00e9rio da Saudade, no Centro de Franca, como tradicionalmente acontece, o t\u00famulo das Almas Milagrosas e no garoto Jaiminho, que morreu v\u00edtima de uma picada de escorpi\u00e3o.<\/span><\/p>\n<p><span style=\"font-weight: 400;\">Quem tiver d\u00favidas sobre a localiza\u00e7\u00e3o das sepulturas, ter\u00e3o aux\u00edlio das equipes ou poder\u00e3o buscar informa\u00e7\u00f5es no site da Prefeitura, atrav\u00e9s do link <\/span><a href=\"https:\/\/www.franca.sp.gov.br\/pmf-cemiterio\/\"><span style=\"font-weight: 400;\">www.franca.sp.gov.br\/pmf-cemiterio\/<\/span><\/a><span style=\"font-weight: 400;\">, que cont\u00e9m uma esp\u00e9cie de Censo dos Cemit\u00e9rios.\u00a0<\/span><\/p>\n<p>Nos dois cemit\u00e9rios municipais haver\u00e1 comerciantes vendendo flores, velas e artigos similares.<\/p>\n<h4><span style=\"font-weight: 400;\">Reparti\u00e7\u00f5es fechadas<\/span><\/h4>\n<p><span style=\"font-weight: 400;\">As reparti\u00e7\u00f5es p\u00fablicas municipais estar\u00e3o fechadas nesta quarta-feira, 2 de novembro, devido ao feriado nacional do Dia de Finados. O expediente nas unidades foi encerrado nesta ter\u00e7a-feira (1\u00ba) e ser\u00e1 retomado na quinta-feira (3).<\/span><\/p>\n<p><span style=\"font-weight: 400;\">As unidades que prestam servi\u00e7os de urg\u00eancia e emerg\u00eancia ter\u00e3o funcionamento normal neste dia, sendo os Prontos-Socorros Adulto e Infantil, SAMU (Servi\u00e7o de Atendimento M\u00f3vel de Urg\u00eancia) e UPAS (Unidades de Pronto-Atendimento) dos Jardins Aeroporto e Anita.\u00a0<\/span><\/p>\n<p><span style=\"font-weight: 400;\">J\u00e1 a Guarda Civil Municipal e os Conselhos Tutelares funcionar\u00e3o em regime de plant\u00e3o.<\/span><\/p>\n<p><span style=\"font-weight: 400;\">O servi\u00e7o de coleta de lixo n\u00e3o sofrer\u00e1 altera\u00e7\u00e3o e ser\u00e1 prestado normalmente nesta quarta-feira.\u00a0<\/span><\/p>\n<h4><span style=\"font-weight: 400;\">Lojas e Shopping<\/span><\/h4>\n<p><span style=\"font-weight: 400;\">A ACIF (Associa\u00e7\u00e3o do Com\u00e9rcio e Ind\u00fastria de Franca) informou que o com\u00e9rcio estar\u00e1 fechado no feriado de Finados. J\u00e1 no Franca Shopping, as lojas e quiosques abrir\u00e3o das 14h \u00e0s 20h e a Pra\u00e7a de Alimenta\u00e7\u00e3o e Lazer, das 12h \u00e0s 22h.<\/span><\/p>\n","protected":false},"excerpt":{"rendered":"<p>No Santo Agostinho, haver\u00e1 missa \u00e0s 8h e abertura neste feriado ser\u00e1 das 7h \u00e0s 17h. Lojas fecham; mas shopping abre Os Cemit\u00e9rios da Saudade e<span class=\"excerpt-hellip\"> [\u2026]<\/span><\/p>\n","protected":false},"author":12,"featured_media":29237,"comment_status":"open","ping_status":"open","sticky":false,"template":"","format":"standard","meta":{"_jetpack_memberships_contains_paid_content":false,"footnotes":"","jetpack_publicize_message":"","jetpack_publicize_feature_enabled":true,"jetpack_social_post_already_shared":false,"jetpack_social_options":{"image_generator_settings":{"template":"highway","default_image_id":0,"enabled":false},"version":2}},"categories":[28,81],"tags":[],"class_list":["post-29236","post","type-post","status-publish","format-standard","has-post-thumbnail","hentry","category-cotidiano","category-manchete"],"yoast_head":"<!-- This site is optimized with the Yoast SEO plugin v25.6 - https:\/\/yoast.com\/wordpress\/plugins\/seo\/ -->\n<title>Cemit\u00e9rios de Franca devem receber 45 mil visitantes no Finados - VerdadeOn<\/title>\n<meta name=\"robots\" content=\"index, follow, max-snippet:-1, max-image-preview:large, max-video-preview:-1\" \/>\n<link rel=\"canonical\" href=\"https:\/\/verdadeon.com.br\/portal\/2022\/11\/01\/cemiterios-de-franca-devem-receber-45-mil-visitantes-no-finados\/\" \/>\n<meta property=\"og:locale\" content=\"pt_BR\" \/>\n<meta property=\"og:type\" content=\"article\" \/>\n<meta property=\"og:title\" content=\"Cemit\u00e9rios de Franca devem receber 45 mil visitantes no Finados - VerdadeOn\" \/>\n<meta property=\"og:description\" content=\"No Santo Agostinho, haver\u00e1 missa \u00e0s 8h e abertura neste feriado ser\u00e1 das 7h \u00e0s 17h. Lojas fecham; mas shopping abre Os Cemit\u00e9rios da Saudade e [\u2026]\" \/>\n<meta property=\"og:url\" content=\"https:\/\/verdadeon.com.br\/portal\/2022\/11\/01\/cemiterios-de-franca-devem-receber-45-mil-visitantes-no-finados\/\" \/>\n<meta property=\"og:site_name\" content=\"VerdadeOn\" \/>\n<meta property=\"article:published_time\" content=\"2022-11-01T21:05:00+00:00\" \/>\n<meta property=\"og:image\" content=\"https:\/\/verdadeon.com.br\/portal\/wp-content\/uploads\/2022\/11\/DSC_9954-1-scaled.jpg\" \/>\n\t<meta property=\"og:image:width\" content=\"2560\" \/>\n\t<meta property=\"og:image:height\" content=\"1696\" \/>\n\t<meta property=\"og:image:type\" content=\"image\/jpeg\" \/>\n<meta name=\"author\" content=\"Nelise Luques\" \/>\n<meta name=\"twitter:card\" content=\"summary_large_image\" \/>\n<meta name=\"twitter:label1\" content=\"Escrito por\" \/>\n\t<meta name=\"twitter:data1\" content=\"Nelise Luques\" \/>\n\t<meta name=\"twitter:label2\" content=\"Est. tempo de leitura\" \/>\n\t<meta name=\"twitter:data2\" content=\"2 minutos\" \/>\n<script type=\"application\/ld+json\" class=\"yoast-schema-graph\">{\"@context\":\"https:\/\/schema.org\",\"@graph\":[{\"@type\":\"WebPage\",\"@id\":\"https:\/\/verdadeon.com.br\/portal\/2022\/11\/01\/cemiterios-de-franca-devem-receber-45-mil-visitantes-no-finados\/\",\"url\":\"https:\/\/verdadeon.com.br\/portal\/2022\/11\/01\/cemiterios-de-franca-devem-receber-45-mil-visitantes-no-finados\/\",\"name\":\"Cemit\u00e9rios de Franca devem receber 45 mil visitantes no Finados - VerdadeOn\",\"isPartOf\":{\"@id\":\"https:\/\/verdadeon.com.br\/portal\/#website\"},\"primaryImageOfPage\":{\"@id\":\"https:\/\/verdadeon.com.br\/portal\/2022\/11\/01\/cemiterios-de-franca-devem-receber-45-mil-visitantes-no-finados\/#primaryimage\"},\"image\":{\"@id\":\"https:\/\/verdadeon.com.br\/portal\/2022\/11\/01\/cemiterios-de-franca-devem-receber-45-mil-visitantes-no-finados\/#primaryimage\"},\"thumbnailUrl\":\"https:\/\/i0.wp.com\/verdadeon.com.br\/portal\/wp-content\/uploads\/2022\/11\/DSC_9954-1-scaled.jpg?fit=2560%2C1696&ssl=1\",\"datePublished\":\"2022-11-01T21:05:00+00:00\",\"author\":{\"@id\":\"https:\/\/verdadeon.com.br\/portal\/#\/schema\/person\/8248726d36015c1916636fabb175d972\"},\"breadcrumb\":{\"@id\":\"https:\/\/verdadeon.com.br\/portal\/2022\/11\/01\/cemiterios-de-franca-devem-receber-45-mil-visitantes-no-finados\/#breadcrumb\"},\"inLanguage\":\"pt-BR\",\"potentialAction\":[{\"@type\":\"ReadAction\",\"target\":[\"https:\/\/verdadeon.com.br\/portal\/2022\/11\/01\/cemiterios-de-franca-devem-receber-45-mil-visitantes-no-finados\/\"]}]},{\"@type\":\"ImageObject\",\"inLanguage\":\"pt-BR\",\"@id\":\"https:\/\/verdadeon.com.br\/portal\/2022\/11\/01\/cemiterios-de-franca-devem-receber-45-mil-visitantes-no-finados\/#primaryimage\",\"url\":\"https:\/\/i0.wp.com\/verdadeon.com.br\/portal\/wp-content\/uploads\/2022\/11\/DSC_9954-1-scaled.jpg?fit=2560%2C1696&ssl=1\",\"contentUrl\":\"https:\/\/i0.wp.com\/verdadeon.com.br\/portal\/wp-content\/uploads\/2022\/11\/DSC_9954-1-scaled.jpg?fit=2560%2C1696&ssl=1\",\"width\":2560,\"height\":1696,\"caption\":\"Movimenta\u00e7\u00e3o nos Cemit\u00e9rios da Saudade e Santo Agostinho foram intensas j\u00e1 na v\u00e9spera do Dia de Finados | Foto: Divulga\u00e7\u00e3o\"},{\"@type\":\"BreadcrumbList\",\"@id\":\"https:\/\/verdadeon.com.br\/portal\/2022\/11\/01\/cemiterios-de-franca-devem-receber-45-mil-visitantes-no-finados\/#breadcrumb\",\"itemListElement\":[{\"@type\":\"ListItem\",\"position\":1,\"name\":\"In\u00edcio\",\"item\":\"https:\/\/verdadeon.com.br\/portal\/\"},{\"@type\":\"ListItem\",\"position\":2,\"name\":\"Cemit\u00e9rios de Franca devem receber 45 mil visitantes no Finados\"}]},{\"@type\":\"WebSite\",\"@id\":\"https:\/\/verdadeon.com.br\/portal\/#website\",\"url\":\"https:\/\/verdadeon.com.br\/portal\/\",\"name\":\"VerdadeOn\",\"description\":\"Not\u00edcias di\u00e1rias sobre Franca, Regi\u00e3o, Esporte, Cultura, Cotidiano, Colunas. Cobertura nos principais eventos da cidade \u00e9 aqui - Verdadeon Franca\",\"potentialAction\":[{\"@type\":\"SearchAction\",\"target\":{\"@type\":\"EntryPoint\",\"urlTemplate\":\"https:\/\/verdadeon.com.br\/portal\/?s={search_term_string}\"},\"query-input\":{\"@type\":\"PropertyValueSpecification\",\"valueRequired\":true,\"valueName\":\"search_term_string\"}}],\"inLanguage\":\"pt-BR\"},{\"@type\":\"Person\",\"@id\":\"https:\/\/verdadeon.com.br\/portal\/#\/schema\/person\/8248726d36015c1916636fabb175d972\",\"name\":\"Nelise Luques\",\"image\":{\"@type\":\"ImageObject\",\"inLanguage\":\"pt-BR\",\"@id\":\"https:\/\/verdadeon.com.br\/portal\/#\/schema\/person\/image\/\",\"url\":\"https:\/\/secure.gravatar.com\/avatar\/29b2a17f5bcadeb827411b66f48ac13c3e0ecaf5906c0f5745ecc5d41c24eada?s=96&d=mm&r=g\",\"contentUrl\":\"https:\/\/secure.gravatar.com\/avatar\/29b2a17f5bcadeb827411b66f48ac13c3e0ecaf5906c0f5745ecc5d41c24eada?s=96&d=mm&r=g\",\"caption\":\"Nelise Luques\"},\"url\":\"https:\/\/verdadeon.com.br\/portal\/author\/verdade\/\"}]}<\/script>\n<!-- \/ Yoast SEO plugin. -->","yoast_head_json":{"title":"Cemit\u00e9rios de Franca devem receber 45 mil visitantes no Finados - VerdadeOn","robots":{"index":"index","follow":"follow","max-snippet":"max-snippet:-1","max-image-preview":"max-image-preview:large","max-video-preview":"max-video-preview:-1"},"canonical":"https:\/\/verdadeon.com.br\/portal\/2022\/11\/01\/cemiterios-de-franca-devem-receber-45-mil-visitantes-no-finados\/","og_locale":"pt_BR","og_type":"article","og_title":"Cemit\u00e9rios de Franca devem receber 45 mil visitantes no Finados - VerdadeOn","og_description":"No Santo Agostinho, haver\u00e1 missa \u00e0s 8h e abertura neste feriado ser\u00e1 das 7h \u00e0s 17h. Lojas fecham; mas shopping abre Os Cemit\u00e9rios da Saudade e [\u2026]","og_url":"https:\/\/verdadeon.com.br\/portal\/2022\/11\/01\/cemiterios-de-franca-devem-receber-45-mil-visitantes-no-finados\/","og_site_name":"VerdadeOn","article_published_time":"2022-11-01T21:05:00+00:00","og_image":[{"width":2560,"height":1696,"url":"https:\/\/verdadeon.com.br\/portal\/wp-content\/uploads\/2022\/11\/DSC_9954-1-scaled.jpg","type":"image\/jpeg"}],"author":"Nelise Luques","twitter_card":"summary_large_image","twitter_misc":{"Escrito por":"Nelise Luques","Est. tempo de leitura":"2 minutos"},"schema":{"@context":"https:\/\/schema.org","@graph":[{"@type":"WebPage","@id":"https:\/\/verdadeon.com.br\/portal\/2022\/11\/01\/cemiterios-de-franca-devem-receber-45-mil-visitantes-no-finados\/","url":"https:\/\/verdadeon.com.br\/portal\/2022\/11\/01\/cemiterios-de-franca-devem-receber-45-mil-visitantes-no-finados\/","name":"Cemit\u00e9rios de Franca devem receber 45 mil visitantes no Finados - VerdadeOn","isPartOf":{"@id":"https:\/\/verdadeon.com.br\/portal\/#website"},"primaryImageOfPage":{"@id":"https:\/\/verdadeon.com.br\/portal\/2022\/11\/01\/cemiterios-de-franca-devem-receber-45-mil-visitantes-no-finados\/#primaryimage"},"image":{"@id":"https:\/\/verdadeon.com.br\/portal\/2022\/11\/01\/cemiterios-de-franca-devem-receber-45-mil-visitantes-no-finados\/#primaryimage"},"thumbnailUrl":"https:\/\/i0.wp.com\/verdadeon.com.br\/portal\/wp-content\/uploads\/2022\/11\/DSC_9954-1-scaled.jpg?fit=2560%2C1696&ssl=1","datePublished":"2022-11-01T21:05:00+00:00","author":{"@id":"https:\/\/verdadeon.com.br\/portal\/#\/schema\/person\/8248726d36015c1916636fabb175d972"},"breadcrumb":{"@id":"https:\/\/verdadeon.com.br\/portal\/2022\/11\/01\/cemiterios-de-franca-devem-receber-45-mil-visitantes-no-finados\/#breadcrumb"},"inLanguage":"pt-BR","potentialAction":[{"@type":"ReadAction","target":["https:\/\/verdadeon.com.br\/portal\/2022\/11\/01\/cemiterios-de-franca-devem-receber-45-mil-visitantes-no-finados\/"]}]},{"@type":"ImageObject","inLanguage":"pt-BR","@id":"https:\/\/verdadeon.com.br\/portal\/2022\/11\/01\/cemiterios-de-franca-devem-receber-45-mil-visitantes-no-finados\/#primaryimage","url":"https:\/\/i0.wp.com\/verdadeon.com.br\/portal\/wp-content\/uploads\/2022\/11\/DSC_9954-1-scaled.jpg?fit=2560%2C1696&ssl=1","contentUrl":"https:\/\/i0.wp.com\/verdadeon.com.br\/portal\/wp-content\/uploads\/2022\/11\/DSC_9954-1-scaled.jpg?fit=2560%2C1696&ssl=1","width":2560,"height":1696,"caption":"Movimenta\u00e7\u00e3o nos Cemit\u00e9rios da Saudade e Santo Agostinho foram intensas j\u00e1 na v\u00e9spera do Dia de Finados | Foto: Divulga\u00e7\u00e3o"},{"@type":"BreadcrumbList","@id":"https:\/\/verdadeon.com.br\/portal\/2022\/11\/01\/cemiterios-de-franca-devem-receber-45-mil-visitantes-no-finados\/#breadcrumb","itemListElement":[{"@type":"ListItem","position":1,"name":"In\u00edcio","item":"https:\/\/verdadeon.com.br\/portal\/"},{"@type":"ListItem","position":2,"name":"Cemit\u00e9rios de Franca devem receber 45 mil visitantes no Finados"}]},{"@type":"WebSite","@id":"https:\/\/verdadeon.com.br\/portal\/#website","url":"https:\/\/verdadeon.com.br\/portal\/","name":"VerdadeOn","description":"Not\u00edcias di\u00e1rias sobre Franca, Regi\u00e3o, Esporte, Cultura, Cotidiano, Colunas. Cobertura nos principais eventos da cidade \u00e9 aqui - Verdadeon Franca","potentialAction":[{"@type":"SearchAction","target":{"@type":"EntryPoint","urlTemplate":"https:\/\/verdadeon.com.br\/portal\/?s={search_term_string}"},"query-input":{"@type":"PropertyValueSpecification","valueRequired":true,"valueName":"search_term_string"}}],"inLanguage":"pt-BR"},{"@type":"Person","@id":"https:\/\/verdadeon.com.br\/portal\/#\/schema\/person\/8248726d36015c1916636fabb175d972","name":"Nelise Luques","image":{"@type":"ImageObject","inLanguage":"pt-BR","@id":"https:\/\/verdadeon.com.br\/portal\/#\/schema\/person\/image\/","url":"https:\/\/secure.gravatar.com\/avatar\/29b2a17f5bcadeb827411b66f48ac13c3e0ecaf5906c0f5745ecc5d41c24eada?s=96&d=mm&r=g","contentUrl":"https:\/\/secure.gravatar.com\/avatar\/29b2a17f5bcadeb827411b66f48ac13c3e0ecaf5906c0f5745ecc5d41c24eada?s=96&d=mm&r=g","caption":"Nelise Luques"},"url":"https:\/\/verdadeon.com.br\/portal\/author\/verdade\/"}]}},"jetpack_publicize_connections":[],"jetpack_featured_media_url":"https:\/\/i0.wp.com\/verdadeon.com.br\/portal\/wp-content\/uploads\/2022\/11\/DSC_9954-1-scaled.jpg?fit=2560%2C1696&ssl=1","jetpack_sharing_enabled":true,"_links":{"self":[{"href":"https:\/\/verdadeon.com.br\/portal\/wp-json\/wp\/v2\/posts\/29236","targetHints":{"allow":["GET"]}}],"collection":[{"href":"https:\/\/verdadeon.com.br\/portal\/wp-json\/wp\/v2\/posts"}],"about":[{"href":"https:\/\/verdadeon.com.br\/portal\/wp-json\/wp\/v2\/types\/post"}],"author":[{"embeddable":true,"href":"https:\/\/verdadeon.com.br\/portal\/wp-json\/wp\/v2\/users\/12"}],"replies":[{"embeddable":true,"href":"https:\/\/verdadeon.com.br\/portal\/wp-json\/wp\/v2\/comments?post=29236"}],"version-history":[{"count":1,"href":"https:\/\/verdadeon.com.br\/portal\/wp-json\/wp\/v2\/posts\/29236\/revisions"}],"predecessor-version":[{"id":29238,"href":"https:\/\/verdadeon.com.br\/portal\/wp-json\/wp\/v2\/posts\/29236\/revisions\/29238"}],"wp:featuredmedia":[{"embeddable":true,"href":"https:\/\/verdadeon.com.br\/portal\/wp-json\/wp\/v2\/media\/29237"}],"wp:attachment":[{"href":"https:\/\/verdadeon.com.br\/portal\/wp-json\/wp\/v2\/media?parent=29236"}],"wp:term":[{"taxonomy":"category","embeddable":true,"href":"https:\/\/verdadeon.com.br\/portal\/wp-json\/wp\/v2\/categories?post=29236"},{"taxonomy":"post_tag","embeddable":true,"href":"https:\/\/verdadeon.com.br\/portal\/wp-json\/wp\/v2\/tags?post=29236"}],"curies":[{"name":"wp","href":"https:\/\/api.w.org\/{rel}","templated":true}]}}