{"id":29150,"date":"2022-10-28T16:17:27","date_gmt":"2022-10-28T19:17:27","guid":{"rendered":"https:\/\/verdadeon.com.br\/portal\/?p=29150"},"modified":"2022-10-28T16:17:27","modified_gmt":"2022-10-28T19:17:27","slug":"cartorios-eleitorais-de-franca-preparam-2o-turno-a-espera-de-235-mil-eleitores","status":"publish","type":"post","link":"https:\/\/verdadeon.com.br\/portal\/2022\/10\/28\/cartorios-eleitorais-de-franca-preparam-2o-turno-a-espera-de-235-mil-eleitores\/","title":{"rendered":"Cart\u00f3rios Eleitorais de Franca preparam 2\u00ba turno \u00e0 espera de 235 mil eleitores"},"content":{"rendered":"<h2><span style=\"font-weight: 400;\">Em torno de mil urnas eletr\u00f4nicas est\u00e3o prontas para serem usadas; cidade ter\u00e1 transporte gratuito para quem for votar<\/span><\/h2>\n<p><span style=\"font-weight: 400;\">Os <\/span><span style=\"font-weight: 400;\">Cart\u00f3rios das 46\u00aa e 291\u00aa Zonas Eleitorais de Franca se dedicam aos preparativos finais para o segundo turno das elei\u00e7\u00f5es neste domingo (30). Em Franca, aproximadamente 235 mil eleitores s\u00e3o esperados para a vota\u00e7\u00e3o nos candidatos que concorrem aos cargos de presidente e governador.<\/span><\/p>\n<p><span style=\"font-weight: 400;\">As equipes realizaram a atualiza\u00e7\u00e3o de dados e em torno de mil urnas eletr\u00f4nicas est\u00e3o prontas para serem utilizadas no pleito. O transporte dos aparelhos ser\u00e1 feito na tarde de s\u00e1bado (29), v\u00e9spera das elei\u00e7\u00f5es, para as escolas onde h\u00e1 se\u00e7\u00f5es eleitorais. Todo trabalho \u00e9 realizado sob escolta da Pol\u00edcia Militar.<\/span><\/p>\n<p><span style=\"font-weight: 400;\">Para votar, os eleitores precisam apresentar documento original com foto. Mesmo quem n\u00e3o votou no primeiro turno pode participar da elei\u00e7\u00e3o neste domingo. \u201cOrientamos \u00e0s pessoas a verificarem com anteced\u00eancia o local e se\u00e7\u00e3o onde votam. Quem tiver d\u00favidas, pode nos consultar presencialmente no cart\u00f3rio, a partir do meio-dia deste s\u00e1bado, e 6h da manh\u00e3 no domingo. \u00c9 importante tamb\u00e9m que levem a cola com os n\u00fameros dos seus candidatos, para facilitar a vota\u00e7\u00e3o\u201d, afirmou Marcelo Queiroz, chefe do Cart\u00f3rio da 46\u00aa Zona Eleitoral.<\/span><\/p>\n<h4><span style=\"font-weight: 400;\">Transporte de eleitores<\/span><\/h4>\n<p><span style=\"font-weight: 400;\">A Prefeitura de Franca acatou decis\u00e3o judicial que obriga a oferecer transporte p\u00fablico gratuito aos eleitores para o segundo turno. O servi\u00e7o ser\u00e1 disponibilizado no domingo, das 7h30 \u00e0s 17h30.\u00a0<\/span><\/p>\n<p><span style=\"font-weight: 400;\">A comprova\u00e7\u00e3o da condi\u00e7\u00e3o de eleitor ocorrer\u00e1 pela posse do t\u00edtulo de eleitor ou de outro documento id\u00f4neo (como comprovante de vota\u00e7\u00e3o no primeiro turno, certid\u00e3o de quita\u00e7\u00e3o eleitoral, entre outros) e, na falta de mais elementos, apresenta\u00e7\u00e3o de documento pessoal com foto, a indicar a obrigatoriedade et\u00e1ria para o alistamento eleitoral e voto, o que ocorre a partir dos 18 anos.\u00a0<\/span><\/p>\n<p><span style=\"font-weight: 400;\">Em caso de d\u00favidas, as pessoas poder\u00e3o solicitar informa\u00e7\u00f5es atrav\u00e9s do telefone (16) 3706-4801 ou pelo aplicativo Cittamobi. \u201cEm Franca, o primeiro turno das elei\u00e7\u00f5es foi muito bem. Registramos situa\u00e7\u00f5es bastante corriqueiras. A gente espera que no segundo turno esse cen\u00e1rio se mantenha\u201d, disse Marcelo.<\/span><\/p>\n","protected":false},"excerpt":{"rendered":"<p>Em torno de mil urnas eletr\u00f4nicas est\u00e3o prontas para serem usadas; cidade ter\u00e1 transporte gratuito para quem for votar Os Cart\u00f3rios das 46\u00aa e 291\u00aa Zonas<span class=\"excerpt-hellip\"> [\u2026]<\/span><\/p>\n","protected":false},"author":12,"featured_media":29151,"comment_status":"open","ping_status":"open","sticky":false,"template":"","format":"standard","meta":{"_jetpack_memberships_contains_paid_content":false,"footnotes":"","jetpack_publicize_message":"","jetpack_publicize_feature_enabled":true,"jetpack_social_post_already_shared":false,"jetpack_social_options":{"image_generator_settings":{"template":"highway","default_image_id":0,"enabled":false},"version":2}},"categories":[28,81],"tags":[],"class_list":["post-29150","post","type-post","status-publish","format-standard","has-post-thumbnail","hentry","category-cotidiano","category-manchete"],"yoast_head":"<!-- This site is optimized with the Yoast SEO plugin v25.6 - https:\/\/yoast.com\/wordpress\/plugins\/seo\/ -->\n<title>Cart\u00f3rios Eleitorais de Franca preparam 2\u00ba turno \u00e0 espera de 235 mil eleitores - VerdadeOn<\/title>\n<meta name=\"robots\" content=\"index, follow, max-snippet:-1, max-image-preview:large, max-video-preview:-1\" \/>\n<link rel=\"canonical\" href=\"https:\/\/verdadeon.com.br\/portal\/2022\/10\/28\/cartorios-eleitorais-de-franca-preparam-2o-turno-a-espera-de-235-mil-eleitores\/\" \/>\n<meta property=\"og:locale\" content=\"pt_BR\" \/>\n<meta property=\"og:type\" content=\"article\" \/>\n<meta property=\"og:title\" content=\"Cart\u00f3rios Eleitorais de Franca preparam 2\u00ba turno \u00e0 espera de 235 mil eleitores - VerdadeOn\" \/>\n<meta property=\"og:description\" content=\"Em torno de mil urnas eletr\u00f4nicas est\u00e3o prontas para serem usadas; cidade ter\u00e1 transporte gratuito para quem for votar Os Cart\u00f3rios das 46\u00aa e 291\u00aa Zonas [\u2026]\" \/>\n<meta property=\"og:url\" content=\"https:\/\/verdadeon.com.br\/portal\/2022\/10\/28\/cartorios-eleitorais-de-franca-preparam-2o-turno-a-espera-de-235-mil-eleitores\/\" \/>\n<meta property=\"og:site_name\" content=\"VerdadeOn\" \/>\n<meta property=\"article:published_time\" content=\"2022-10-28T19:17:27+00:00\" \/>\n<meta property=\"og:image\" content=\"https:\/\/verdadeon.com.br\/portal\/wp-content\/uploads\/2022\/10\/WhatsApp-Image-2022-10-28-at-16.15.19-1.jpeg\" \/>\n\t<meta property=\"og:image:width\" content=\"1000\" \/>\n\t<meta property=\"og:image:height\" content=\"670\" \/>\n\t<meta property=\"og:image:type\" content=\"image\/jpeg\" \/>\n<meta name=\"author\" content=\"Nelise Luques\" \/>\n<meta name=\"twitter:card\" content=\"summary_large_image\" \/>\n<meta name=\"twitter:label1\" content=\"Escrito por\" \/>\n\t<meta name=\"twitter:data1\" content=\"Nelise Luques\" \/>\n\t<meta name=\"twitter:label2\" content=\"Est. tempo de leitura\" \/>\n\t<meta name=\"twitter:data2\" content=\"2 minutos\" \/>\n<script type=\"application\/ld+json\" class=\"yoast-schema-graph\">{\"@context\":\"https:\/\/schema.org\",\"@graph\":[{\"@type\":\"WebPage\",\"@id\":\"https:\/\/verdadeon.com.br\/portal\/2022\/10\/28\/cartorios-eleitorais-de-franca-preparam-2o-turno-a-espera-de-235-mil-eleitores\/\",\"url\":\"https:\/\/verdadeon.com.br\/portal\/2022\/10\/28\/cartorios-eleitorais-de-franca-preparam-2o-turno-a-espera-de-235-mil-eleitores\/\",\"name\":\"Cart\u00f3rios Eleitorais de Franca preparam 2\u00ba turno \u00e0 espera de 235 mil eleitores - VerdadeOn\",\"isPartOf\":{\"@id\":\"https:\/\/verdadeon.com.br\/portal\/#website\"},\"primaryImageOfPage\":{\"@id\":\"https:\/\/verdadeon.com.br\/portal\/2022\/10\/28\/cartorios-eleitorais-de-franca-preparam-2o-turno-a-espera-de-235-mil-eleitores\/#primaryimage\"},\"image\":{\"@id\":\"https:\/\/verdadeon.com.br\/portal\/2022\/10\/28\/cartorios-eleitorais-de-franca-preparam-2o-turno-a-espera-de-235-mil-eleitores\/#primaryimage\"},\"thumbnailUrl\":\"https:\/\/i0.wp.com\/verdadeon.com.br\/portal\/wp-content\/uploads\/2022\/10\/WhatsApp-Image-2022-10-28-at-16.15.19-1.jpeg?fit=1000%2C670&ssl=1\",\"datePublished\":\"2022-10-28T19:17:27+00:00\",\"author\":{\"@id\":\"https:\/\/verdadeon.com.br\/portal\/#\/schema\/person\/8248726d36015c1916636fabb175d972\"},\"breadcrumb\":{\"@id\":\"https:\/\/verdadeon.com.br\/portal\/2022\/10\/28\/cartorios-eleitorais-de-franca-preparam-2o-turno-a-espera-de-235-mil-eleitores\/#breadcrumb\"},\"inLanguage\":\"pt-BR\",\"potentialAction\":[{\"@type\":\"ReadAction\",\"target\":[\"https:\/\/verdadeon.com.br\/portal\/2022\/10\/28\/cartorios-eleitorais-de-franca-preparam-2o-turno-a-espera-de-235-mil-eleitores\/\"]}]},{\"@type\":\"ImageObject\",\"inLanguage\":\"pt-BR\",\"@id\":\"https:\/\/verdadeon.com.br\/portal\/2022\/10\/28\/cartorios-eleitorais-de-franca-preparam-2o-turno-a-espera-de-235-mil-eleitores\/#primaryimage\",\"url\":\"https:\/\/i0.wp.com\/verdadeon.com.br\/portal\/wp-content\/uploads\/2022\/10\/WhatsApp-Image-2022-10-28-at-16.15.19-1.jpeg?fit=1000%2C670&ssl=1\",\"contentUrl\":\"https:\/\/i0.wp.com\/verdadeon.com.br\/portal\/wp-content\/uploads\/2022\/10\/WhatsApp-Image-2022-10-28-at-16.15.19-1.jpeg?fit=1000%2C670&ssl=1\",\"width\":1000,\"height\":670,\"caption\":\"Marcelo Queiroz, chefe do Cart\u00f3rio da 46\u00aa Zona Eleitoral de Franca, finaliza organiza\u00e7\u00e3o de urnas eletr\u00f4nicas para o segundo turno, neste domingo (30) | Foto: Fernando Lima\"},{\"@type\":\"BreadcrumbList\",\"@id\":\"https:\/\/verdadeon.com.br\/portal\/2022\/10\/28\/cartorios-eleitorais-de-franca-preparam-2o-turno-a-espera-de-235-mil-eleitores\/#breadcrumb\",\"itemListElement\":[{\"@type\":\"ListItem\",\"position\":1,\"name\":\"In\u00edcio\",\"item\":\"https:\/\/verdadeon.com.br\/portal\/\"},{\"@type\":\"ListItem\",\"position\":2,\"name\":\"Cart\u00f3rios Eleitorais de Franca preparam 2\u00ba turno \u00e0 espera de 235 mil eleitores\"}]},{\"@type\":\"WebSite\",\"@id\":\"https:\/\/verdadeon.com.br\/portal\/#website\",\"url\":\"https:\/\/verdadeon.com.br\/portal\/\",\"name\":\"VerdadeOn\",\"description\":\"Not\u00edcias di\u00e1rias sobre Franca, Regi\u00e3o, Esporte, Cultura, Cotidiano, Colunas. Cobertura nos principais eventos da cidade \u00e9 aqui - Verdadeon Franca\",\"potentialAction\":[{\"@type\":\"SearchAction\",\"target\":{\"@type\":\"EntryPoint\",\"urlTemplate\":\"https:\/\/verdadeon.com.br\/portal\/?s={search_term_string}\"},\"query-input\":{\"@type\":\"PropertyValueSpecification\",\"valueRequired\":true,\"valueName\":\"search_term_string\"}}],\"inLanguage\":\"pt-BR\"},{\"@type\":\"Person\",\"@id\":\"https:\/\/verdadeon.com.br\/portal\/#\/schema\/person\/8248726d36015c1916636fabb175d972\",\"name\":\"Nelise Luques\",\"image\":{\"@type\":\"ImageObject\",\"inLanguage\":\"pt-BR\",\"@id\":\"https:\/\/verdadeon.com.br\/portal\/#\/schema\/person\/image\/\",\"url\":\"https:\/\/secure.gravatar.com\/avatar\/29b2a17f5bcadeb827411b66f48ac13c3e0ecaf5906c0f5745ecc5d41c24eada?s=96&d=mm&r=g\",\"contentUrl\":\"https:\/\/secure.gravatar.com\/avatar\/29b2a17f5bcadeb827411b66f48ac13c3e0ecaf5906c0f5745ecc5d41c24eada?s=96&d=mm&r=g\",\"caption\":\"Nelise Luques\"},\"url\":\"https:\/\/verdadeon.com.br\/portal\/author\/verdade\/\"}]}<\/script>\n<!-- \/ Yoast SEO plugin. -->","yoast_head_json":{"title":"Cart\u00f3rios Eleitorais de Franca preparam 2\u00ba turno \u00e0 espera de 235 mil eleitores - VerdadeOn","robots":{"index":"index","follow":"follow","max-snippet":"max-snippet:-1","max-image-preview":"max-image-preview:large","max-video-preview":"max-video-preview:-1"},"canonical":"https:\/\/verdadeon.com.br\/portal\/2022\/10\/28\/cartorios-eleitorais-de-franca-preparam-2o-turno-a-espera-de-235-mil-eleitores\/","og_locale":"pt_BR","og_type":"article","og_title":"Cart\u00f3rios Eleitorais de Franca preparam 2\u00ba turno \u00e0 espera de 235 mil eleitores - VerdadeOn","og_description":"Em torno de mil urnas eletr\u00f4nicas est\u00e3o prontas para serem usadas; cidade ter\u00e1 transporte gratuito para quem for votar Os Cart\u00f3rios das 46\u00aa e 291\u00aa Zonas [\u2026]","og_url":"https:\/\/verdadeon.com.br\/portal\/2022\/10\/28\/cartorios-eleitorais-de-franca-preparam-2o-turno-a-espera-de-235-mil-eleitores\/","og_site_name":"VerdadeOn","article_published_time":"2022-10-28T19:17:27+00:00","og_image":[{"width":1000,"height":670,"url":"https:\/\/verdadeon.com.br\/portal\/wp-content\/uploads\/2022\/10\/WhatsApp-Image-2022-10-28-at-16.15.19-1.jpeg","type":"image\/jpeg"}],"author":"Nelise Luques","twitter_card":"summary_large_image","twitter_misc":{"Escrito por":"Nelise Luques","Est. tempo de leitura":"2 minutos"},"schema":{"@context":"https:\/\/schema.org","@graph":[{"@type":"WebPage","@id":"https:\/\/verdadeon.com.br\/portal\/2022\/10\/28\/cartorios-eleitorais-de-franca-preparam-2o-turno-a-espera-de-235-mil-eleitores\/","url":"https:\/\/verdadeon.com.br\/portal\/2022\/10\/28\/cartorios-eleitorais-de-franca-preparam-2o-turno-a-espera-de-235-mil-eleitores\/","name":"Cart\u00f3rios Eleitorais de Franca preparam 2\u00ba turno \u00e0 espera de 235 mil eleitores - VerdadeOn","isPartOf":{"@id":"https:\/\/verdadeon.com.br\/portal\/#website"},"primaryImageOfPage":{"@id":"https:\/\/verdadeon.com.br\/portal\/2022\/10\/28\/cartorios-eleitorais-de-franca-preparam-2o-turno-a-espera-de-235-mil-eleitores\/#primaryimage"},"image":{"@id":"https:\/\/verdadeon.com.br\/portal\/2022\/10\/28\/cartorios-eleitorais-de-franca-preparam-2o-turno-a-espera-de-235-mil-eleitores\/#primaryimage"},"thumbnailUrl":"https:\/\/i0.wp.com\/verdadeon.com.br\/portal\/wp-content\/uploads\/2022\/10\/WhatsApp-Image-2022-10-28-at-16.15.19-1.jpeg?fit=1000%2C670&ssl=1","datePublished":"2022-10-28T19:17:27+00:00","author":{"@id":"https:\/\/verdadeon.com.br\/portal\/#\/schema\/person\/8248726d36015c1916636fabb175d972"},"breadcrumb":{"@id":"https:\/\/verdadeon.com.br\/portal\/2022\/10\/28\/cartorios-eleitorais-de-franca-preparam-2o-turno-a-espera-de-235-mil-eleitores\/#breadcrumb"},"inLanguage":"pt-BR","potentialAction":[{"@type":"ReadAction","target":["https:\/\/verdadeon.com.br\/portal\/2022\/10\/28\/cartorios-eleitorais-de-franca-preparam-2o-turno-a-espera-de-235-mil-eleitores\/"]}]},{"@type":"ImageObject","inLanguage":"pt-BR","@id":"https:\/\/verdadeon.com.br\/portal\/2022\/10\/28\/cartorios-eleitorais-de-franca-preparam-2o-turno-a-espera-de-235-mil-eleitores\/#primaryimage","url":"https:\/\/i0.wp.com\/verdadeon.com.br\/portal\/wp-content\/uploads\/2022\/10\/WhatsApp-Image-2022-10-28-at-16.15.19-1.jpeg?fit=1000%2C670&ssl=1","contentUrl":"https:\/\/i0.wp.com\/verdadeon.com.br\/portal\/wp-content\/uploads\/2022\/10\/WhatsApp-Image-2022-10-28-at-16.15.19-1.jpeg?fit=1000%2C670&ssl=1","width":1000,"height":670,"caption":"Marcelo Queiroz, chefe do Cart\u00f3rio da 46\u00aa Zona Eleitoral de Franca, finaliza organiza\u00e7\u00e3o de urnas eletr\u00f4nicas para o segundo turno, neste domingo (30) | Foto: Fernando Lima"},{"@type":"BreadcrumbList","@id":"https:\/\/verdadeon.com.br\/portal\/2022\/10\/28\/cartorios-eleitorais-de-franca-preparam-2o-turno-a-espera-de-235-mil-eleitores\/#breadcrumb","itemListElement":[{"@type":"ListItem","position":1,"name":"In\u00edcio","item":"https:\/\/verdadeon.com.br\/portal\/"},{"@type":"ListItem","position":2,"name":"Cart\u00f3rios Eleitorais de Franca preparam 2\u00ba turno \u00e0 espera de 235 mil eleitores"}]},{"@type":"WebSite","@id":"https:\/\/verdadeon.com.br\/portal\/#website","url":"https:\/\/verdadeon.com.br\/portal\/","name":"VerdadeOn","description":"Not\u00edcias di\u00e1rias sobre Franca, Regi\u00e3o, Esporte, Cultura, Cotidiano, Colunas. Cobertura nos principais eventos da cidade \u00e9 aqui - Verdadeon Franca","potentialAction":[{"@type":"SearchAction","target":{"@type":"EntryPoint","urlTemplate":"https:\/\/verdadeon.com.br\/portal\/?s={search_term_string}"},"query-input":{"@type":"PropertyValueSpecification","valueRequired":true,"valueName":"search_term_string"}}],"inLanguage":"pt-BR"},{"@type":"Person","@id":"https:\/\/verdadeon.com.br\/portal\/#\/schema\/person\/8248726d36015c1916636fabb175d972","name":"Nelise Luques","image":{"@type":"ImageObject","inLanguage":"pt-BR","@id":"https:\/\/verdadeon.com.br\/portal\/#\/schema\/person\/image\/","url":"https:\/\/secure.gravatar.com\/avatar\/29b2a17f5bcadeb827411b66f48ac13c3e0ecaf5906c0f5745ecc5d41c24eada?s=96&d=mm&r=g","contentUrl":"https:\/\/secure.gravatar.com\/avatar\/29b2a17f5bcadeb827411b66f48ac13c3e0ecaf5906c0f5745ecc5d41c24eada?s=96&d=mm&r=g","caption":"Nelise Luques"},"url":"https:\/\/verdadeon.com.br\/portal\/author\/verdade\/"}]}},"jetpack_publicize_connections":[],"jetpack_featured_media_url":"https:\/\/i0.wp.com\/verdadeon.com.br\/portal\/wp-content\/uploads\/2022\/10\/WhatsApp-Image-2022-10-28-at-16.15.19-1.jpeg?fit=1000%2C670&ssl=1","jetpack_sharing_enabled":true,"_links":{"self":[{"href":"https:\/\/verdadeon.com.br\/portal\/wp-json\/wp\/v2\/posts\/29150","targetHints":{"allow":["GET"]}}],"collection":[{"href":"https:\/\/verdadeon.com.br\/portal\/wp-json\/wp\/v2\/posts"}],"about":[{"href":"https:\/\/verdadeon.com.br\/portal\/wp-json\/wp\/v2\/types\/post"}],"author":[{"embeddable":true,"href":"https:\/\/verdadeon.com.br\/portal\/wp-json\/wp\/v2\/users\/12"}],"replies":[{"embeddable":true,"href":"https:\/\/verdadeon.com.br\/portal\/wp-json\/wp\/v2\/comments?post=29150"}],"version-history":[{"count":1,"href":"https:\/\/verdadeon.com.br\/portal\/wp-json\/wp\/v2\/posts\/29150\/revisions"}],"predecessor-version":[{"id":29152,"href":"https:\/\/verdadeon.com.br\/portal\/wp-json\/wp\/v2\/posts\/29150\/revisions\/29152"}],"wp:featuredmedia":[{"embeddable":true,"href":"https:\/\/verdadeon.com.br\/portal\/wp-json\/wp\/v2\/media\/29151"}],"wp:attachment":[{"href":"https:\/\/verdadeon.com.br\/portal\/wp-json\/wp\/v2\/media?parent=29150"}],"wp:term":[{"taxonomy":"category","embeddable":true,"href":"https:\/\/verdadeon.com.br\/portal\/wp-json\/wp\/v2\/categories?post=29150"},{"taxonomy":"post_tag","embeddable":true,"href":"https:\/\/verdadeon.com.br\/portal\/wp-json\/wp\/v2\/tags?post=29150"}],"curies":[{"name":"wp","href":"https:\/\/api.w.org\/{rel}","templated":true}]}}