{"id":29092,"date":"2022-10-25T17:42:30","date_gmt":"2022-10-25T20:42:30","guid":{"rendered":"https:\/\/verdadeon.com.br\/portal\/?p=29092"},"modified":"2022-10-25T17:38:45","modified_gmt":"2022-10-25T20:38:45","slug":"camara-aprova-em-1a-votacao-projeto-que-cria-112-cargos-comissionados-na-prefeitura","status":"publish","type":"post","link":"https:\/\/verdadeon.com.br\/portal\/2022\/10\/25\/camara-aprova-em-1a-votacao-projeto-que-cria-112-cargos-comissionados-na-prefeitura\/","title":{"rendered":"C\u00e2mara aprova, em 1\u00aa vota\u00e7\u00e3o, projeto que cria 112 cargos comissionados na Prefeitura"},"content":{"rendered":"<h2>Vereadores aprovaram projeto que determina locais reservados para deficientes em shows e Mo\u00e7\u00e3o de Aplausos aos servidores<\/h2>\n<p><span style=\"font-weight: 400;\">Por 13 votos favor\u00e1veis e 1 voto contr\u00e1rio, de Gilson Pelizaro, os vereadores aprovaram na sess\u00e3o desta ter\u00e7a-feira (25), em primeira vota\u00e7\u00e3o, a cria\u00e7\u00e3o de 112 cargos comissionados na Prefeitura de Franca. O projeto de autoria do prefeito Alexandre Ferreira disp\u00f5e sobre a reorganiza\u00e7\u00e3o estrutural das Secretarias Municipais da Prefeitura Municipal e Franca para atender as diretrizes da Adin 2010809-49.2022.8.26.0000 do Tribunal de Justi\u00e7a do Estado de S\u00e3o Paulo e disposi\u00e7\u00f5es do Tema 1010 do Supremo Tribunal Federal. O presidente da Casa de Leis, o vereador Claudinei da Rocha votaria em caso de empate.<\/span><\/p>\n<p><span style=\"font-weight: 400;\">Os cargos comissionados existentes foram considerados pela Justi\u00e7a inconstitucionais, sob alega\u00e7\u00e3o de que deveriam ser ocupados por servidores concursados. Por conta disso, 49 pessoas foram exoneradas pelo prefeito no \u00faltimo dia 22.<\/span><\/p>\n<p><span style=\"font-weight: 400;\">O projeto de lei aprovado em primeira vota\u00e7\u00e3o tamb\u00e9m cria uma fun\u00e7\u00e3o gratificada de diretor de escola ante \u00e0 necessidade de se abrir novas unidades de ensino de Educa\u00e7\u00e3o B\u00e1sica.\u00a0<\/span><\/p>\n<p><span style=\"font-weight: 400;\">O vereador Gilson Pelizaro (PT) afirmou que \u201cestou mantendo minha coer\u00eancia com rela\u00e7\u00e3o com as \u00faltimas vota\u00e7\u00f5es aos projetos com a cria\u00e7\u00e3o de cargos. Isso j\u00e1 foi tema do Tribunal de Justi\u00e7a, j\u00e1 foi tratada a constitucionalidade e foi tido como inconstitucional o projeto, por ter a descri\u00e7\u00e3o de cada cargo na opini\u00e3o do Tribunal, eles t\u00eam que ser ocupados por concurso p\u00fablico\u201d.<\/span><\/p>\n<p><span style=\"font-weight: 400;\">E acrescentou \u201cn\u00e3o adianta a gente insistir em uma tese que vai ser novamente derrubada e tenho uma preocupa\u00e7\u00e3o muito grande ao que o Tribunal pode pensar da nossa Casa, da Casa Legislativa com rela\u00e7\u00e3o ao que o Poder Executivo sempre apresenta, e n\u00e3o adianta tirar cargo em comiss\u00e3o e fazer virar fun\u00e7\u00e3o gratificada, todos eles s\u00e3o cargos de confian\u00e7a\u201d.<\/span><\/p>\n<h4>Deficientes em shows e espet\u00e1culos<\/h4>\n<p><span style=\"font-weight: 400;\">Os parlamentares tamb\u00e9m aprovaram o projeto de lei referente \u00e0 expedi\u00e7\u00e3o de alvar\u00e1 de funcionamento para a realiza\u00e7\u00e3o de shows e espet\u00e1culos, no munic\u00edpio de Franca. A proposta, <\/span><span style=\"font-weight: 400;\">apresentada pelos<\/span><span style=\"font-weight: 400;\"> vereadores Donizete da Farm\u00e1cia, Carlinho Petr\u00f3polis, Daniel Bassi, Gilson Pelizaro, Ilton Ferreira, Marcelo Tidy e Zezinho Cabeleireiro, prev\u00ea <\/span><span style=\"font-weight: 400;\">locais reservados para deficientes nesses tipos de eventos<\/span><span style=\"font-weight: 400;\">.<\/span><\/p>\n<p><span style=\"font-weight: 400;\">Os parlamentares defendem\u00a0 que seja fornecido um mapa ou croqui do espa\u00e7o livre, bem como dos assentos reservados ao p\u00fablico, ambos no local do evento, destinados, respectivamente, \u00e0s pessoas em cadeira de rodas e pessoas com defici\u00eancia e\/ou mobilidade reduzida.<\/span><\/p>\n<h4>Multa por sujeira de \u2018santinhos\u2019<\/h4>\n<p><span style=\"font-weight: 400;\">Ainda foi aprovado projeto do vereador Marcelo Tidy que prev\u00ea multa a candidatos e partidos pol\u00edticos por sujeira causada por \u2018santinhos\u2019.<\/span><\/p>\n<h4>Servidores p\u00fablicos<\/h4>\n<p><span style=\"font-weight: 400;\">Em urg\u00eancia, foi aprovada uma Mo\u00e7\u00e3o de Aplausos para homenagear \u201cos servidores p\u00fablicos pelos seus relevantes servi\u00e7os prestados ao munic\u00edpio\u201d. O vereador Marcelo Tidy destacou que \u201cno dia 28 de outubro \u00e9 comemorado o dia do servidor p\u00fablico em todo o pa\u00eds. Os servidores p\u00fablicos sempre trabalharam com presteza, atendendo a todos os mun\u00edcipes sem restri\u00e7\u00e3o, com todo o cuidado e a dedica\u00e7\u00e3o inerentes a um bom servidor p\u00fablico. Exteriorizamos nossos sinceros agradecimentos pela dedica\u00e7\u00e3o com que realizaram o seu trabalho\u201d.<\/span><\/p>\n<p><span style=\"font-weight: 400;\">Por fim, foi aprovada a Mo\u00e7\u00e3o de Aplausos autoria do vereador Zezinho Cabeleireiro a Marcelo Reis, Gerente de Rela\u00e7\u00f5es Institucionais da Santa Casa de Miseric\u00f3rdia de Franca, pelos excelentes servi\u00e7os prestados para o Munic\u00edpio.<\/span><\/p>\n<p>&nbsp;<\/p>\n","protected":false},"excerpt":{"rendered":"<p>Vereadores aprovaram projeto que determina locais reservados para deficientes em shows e Mo\u00e7\u00e3o de Aplausos aos servidores Por 13 votos favor\u00e1veis e 1 voto contr\u00e1rio, de<span class=\"excerpt-hellip\"> [\u2026]<\/span><\/p>\n","protected":false},"author":10,"featured_media":29093,"comment_status":"open","ping_status":"open","sticky":false,"template":"","format":"standard","meta":{"_jetpack_memberships_contains_paid_content":false,"footnotes":"","jetpack_publicize_message":"","jetpack_publicize_feature_enabled":true,"jetpack_social_post_already_shared":false,"jetpack_social_options":{"image_generator_settings":{"template":"highway","default_image_id":0,"enabled":false},"version":2}},"categories":[28,44],"tags":[],"class_list":["post-29092","post","type-post","status-publish","format-standard","has-post-thumbnail","hentry","category-cotidiano","category-noticias"],"yoast_head":"<!-- This site is optimized with the Yoast SEO plugin v25.6 - https:\/\/yoast.com\/wordpress\/plugins\/seo\/ -->\n<title>C\u00e2mara aprova, em 1\u00aa vota\u00e7\u00e3o, projeto que cria 112 cargos comissionados na Prefeitura - VerdadeOn<\/title>\n<meta name=\"robots\" content=\"index, follow, max-snippet:-1, max-image-preview:large, max-video-preview:-1\" \/>\n<link rel=\"canonical\" href=\"https:\/\/verdadeon.com.br\/portal\/2022\/10\/25\/camara-aprova-em-1a-votacao-projeto-que-cria-112-cargos-comissionados-na-prefeitura\/\" \/>\n<meta property=\"og:locale\" content=\"pt_BR\" \/>\n<meta property=\"og:type\" content=\"article\" \/>\n<meta property=\"og:title\" content=\"C\u00e2mara aprova, em 1\u00aa vota\u00e7\u00e3o, projeto que cria 112 cargos comissionados na Prefeitura - VerdadeOn\" \/>\n<meta property=\"og:description\" content=\"Vereadores aprovaram projeto que determina locais reservados para deficientes em shows e Mo\u00e7\u00e3o de Aplausos aos servidores Por 13 votos favor\u00e1veis e 1 voto contr\u00e1rio, de [\u2026]\" \/>\n<meta property=\"og:url\" content=\"https:\/\/verdadeon.com.br\/portal\/2022\/10\/25\/camara-aprova-em-1a-votacao-projeto-que-cria-112-cargos-comissionados-na-prefeitura\/\" \/>\n<meta property=\"og:site_name\" content=\"VerdadeOn\" \/>\n<meta property=\"article:published_time\" content=\"2022-10-25T20:42:30+00:00\" \/>\n<meta property=\"og:image\" content=\"https:\/\/verdadeon.com.br\/portal\/wp-content\/uploads\/2022\/10\/39sessao-3.jpg\" \/>\n\t<meta property=\"og:image:width\" content=\"1000\" \/>\n\t<meta property=\"og:image:height\" content=\"666\" \/>\n\t<meta property=\"og:image:type\" content=\"image\/jpeg\" \/>\n<meta name=\"author\" content=\"Redacao VerdadeOn\" \/>\n<meta name=\"twitter:card\" content=\"summary_large_image\" \/>\n<meta name=\"twitter:label1\" content=\"Escrito por\" \/>\n\t<meta name=\"twitter:data1\" content=\"Redacao VerdadeOn\" \/>\n\t<meta name=\"twitter:label2\" content=\"Est. tempo de leitura\" \/>\n\t<meta name=\"twitter:data2\" content=\"3 minutos\" \/>\n<script type=\"application\/ld+json\" class=\"yoast-schema-graph\">{\"@context\":\"https:\/\/schema.org\",\"@graph\":[{\"@type\":\"WebPage\",\"@id\":\"https:\/\/verdadeon.com.br\/portal\/2022\/10\/25\/camara-aprova-em-1a-votacao-projeto-que-cria-112-cargos-comissionados-na-prefeitura\/\",\"url\":\"https:\/\/verdadeon.com.br\/portal\/2022\/10\/25\/camara-aprova-em-1a-votacao-projeto-que-cria-112-cargos-comissionados-na-prefeitura\/\",\"name\":\"C\u00e2mara aprova, em 1\u00aa vota\u00e7\u00e3o, projeto que cria 112 cargos comissionados na Prefeitura - VerdadeOn\",\"isPartOf\":{\"@id\":\"https:\/\/verdadeon.com.br\/portal\/#website\"},\"primaryImageOfPage\":{\"@id\":\"https:\/\/verdadeon.com.br\/portal\/2022\/10\/25\/camara-aprova-em-1a-votacao-projeto-que-cria-112-cargos-comissionados-na-prefeitura\/#primaryimage\"},\"image\":{\"@id\":\"https:\/\/verdadeon.com.br\/portal\/2022\/10\/25\/camara-aprova-em-1a-votacao-projeto-que-cria-112-cargos-comissionados-na-prefeitura\/#primaryimage\"},\"thumbnailUrl\":\"https:\/\/i0.wp.com\/verdadeon.com.br\/portal\/wp-content\/uploads\/2022\/10\/39sessao-3.jpg?fit=1000%2C666&ssl=1\",\"datePublished\":\"2022-10-25T20:42:30+00:00\",\"author\":{\"@id\":\"https:\/\/verdadeon.com.br\/portal\/#\/schema\/person\/a5060ad1e9ea3df545188fc93ce43d2f\"},\"breadcrumb\":{\"@id\":\"https:\/\/verdadeon.com.br\/portal\/2022\/10\/25\/camara-aprova-em-1a-votacao-projeto-que-cria-112-cargos-comissionados-na-prefeitura\/#breadcrumb\"},\"inLanguage\":\"pt-BR\",\"potentialAction\":[{\"@type\":\"ReadAction\",\"target\":[\"https:\/\/verdadeon.com.br\/portal\/2022\/10\/25\/camara-aprova-em-1a-votacao-projeto-que-cria-112-cargos-comissionados-na-prefeitura\/\"]}]},{\"@type\":\"ImageObject\",\"inLanguage\":\"pt-BR\",\"@id\":\"https:\/\/verdadeon.com.br\/portal\/2022\/10\/25\/camara-aprova-em-1a-votacao-projeto-que-cria-112-cargos-comissionados-na-prefeitura\/#primaryimage\",\"url\":\"https:\/\/i0.wp.com\/verdadeon.com.br\/portal\/wp-content\/uploads\/2022\/10\/39sessao-3.jpg?fit=1000%2C666&ssl=1\",\"contentUrl\":\"https:\/\/i0.wp.com\/verdadeon.com.br\/portal\/wp-content\/uploads\/2022\/10\/39sessao-3.jpg?fit=1000%2C666&ssl=1\",\"width\":1000,\"height\":666,\"caption\":\"Vereadores durante a sess\u00e3o desta ter\u00e7a-feira (25), na C\u00e2mara Municipal de Franca | Foto: Divulga\u00e7\u00e3o\"},{\"@type\":\"BreadcrumbList\",\"@id\":\"https:\/\/verdadeon.com.br\/portal\/2022\/10\/25\/camara-aprova-em-1a-votacao-projeto-que-cria-112-cargos-comissionados-na-prefeitura\/#breadcrumb\",\"itemListElement\":[{\"@type\":\"ListItem\",\"position\":1,\"name\":\"In\u00edcio\",\"item\":\"https:\/\/verdadeon.com.br\/portal\/\"},{\"@type\":\"ListItem\",\"position\":2,\"name\":\"C\u00e2mara aprova, em 1\u00aa vota\u00e7\u00e3o, projeto que cria 112 cargos comissionados na Prefeitura\"}]},{\"@type\":\"WebSite\",\"@id\":\"https:\/\/verdadeon.com.br\/portal\/#website\",\"url\":\"https:\/\/verdadeon.com.br\/portal\/\",\"name\":\"VerdadeOn\",\"description\":\"Not\u00edcias di\u00e1rias sobre Franca, Regi\u00e3o, Esporte, Cultura, Cotidiano, Colunas. Cobertura nos principais eventos da cidade \u00e9 aqui - Verdadeon Franca\",\"potentialAction\":[{\"@type\":\"SearchAction\",\"target\":{\"@type\":\"EntryPoint\",\"urlTemplate\":\"https:\/\/verdadeon.com.br\/portal\/?s={search_term_string}\"},\"query-input\":{\"@type\":\"PropertyValueSpecification\",\"valueRequired\":true,\"valueName\":\"search_term_string\"}}],\"inLanguage\":\"pt-BR\"},{\"@type\":\"Person\",\"@id\":\"https:\/\/verdadeon.com.br\/portal\/#\/schema\/person\/a5060ad1e9ea3df545188fc93ce43d2f\",\"name\":\"Redacao VerdadeOn\",\"image\":{\"@type\":\"ImageObject\",\"inLanguage\":\"pt-BR\",\"@id\":\"https:\/\/verdadeon.com.br\/portal\/#\/schema\/person\/image\/\",\"url\":\"https:\/\/secure.gravatar.com\/avatar\/459a9613caaaf07f582c3d0841eea68bdd66f533e465e6ba8b9cb45619572cf4?s=96&d=mm&r=g\",\"contentUrl\":\"https:\/\/secure.gravatar.com\/avatar\/459a9613caaaf07f582c3d0841eea68bdd66f533e465e6ba8b9cb45619572cf4?s=96&d=mm&r=g\",\"caption\":\"Redacao VerdadeOn\"},\"url\":\"https:\/\/verdadeon.com.br\/portal\/author\/redacao\/\"}]}<\/script>\n<!-- \/ Yoast SEO plugin. -->","yoast_head_json":{"title":"C\u00e2mara aprova, em 1\u00aa vota\u00e7\u00e3o, projeto que cria 112 cargos comissionados na Prefeitura - VerdadeOn","robots":{"index":"index","follow":"follow","max-snippet":"max-snippet:-1","max-image-preview":"max-image-preview:large","max-video-preview":"max-video-preview:-1"},"canonical":"https:\/\/verdadeon.com.br\/portal\/2022\/10\/25\/camara-aprova-em-1a-votacao-projeto-que-cria-112-cargos-comissionados-na-prefeitura\/","og_locale":"pt_BR","og_type":"article","og_title":"C\u00e2mara aprova, em 1\u00aa vota\u00e7\u00e3o, projeto que cria 112 cargos comissionados na Prefeitura - VerdadeOn","og_description":"Vereadores aprovaram projeto que determina locais reservados para deficientes em shows e Mo\u00e7\u00e3o de Aplausos aos servidores Por 13 votos favor\u00e1veis e 1 voto contr\u00e1rio, de [\u2026]","og_url":"https:\/\/verdadeon.com.br\/portal\/2022\/10\/25\/camara-aprova-em-1a-votacao-projeto-que-cria-112-cargos-comissionados-na-prefeitura\/","og_site_name":"VerdadeOn","article_published_time":"2022-10-25T20:42:30+00:00","og_image":[{"width":1000,"height":666,"url":"https:\/\/verdadeon.com.br\/portal\/wp-content\/uploads\/2022\/10\/39sessao-3.jpg","type":"image\/jpeg"}],"author":"Redacao VerdadeOn","twitter_card":"summary_large_image","twitter_misc":{"Escrito por":"Redacao VerdadeOn","Est. tempo de leitura":"3 minutos"},"schema":{"@context":"https:\/\/schema.org","@graph":[{"@type":"WebPage","@id":"https:\/\/verdadeon.com.br\/portal\/2022\/10\/25\/camara-aprova-em-1a-votacao-projeto-que-cria-112-cargos-comissionados-na-prefeitura\/","url":"https:\/\/verdadeon.com.br\/portal\/2022\/10\/25\/camara-aprova-em-1a-votacao-projeto-que-cria-112-cargos-comissionados-na-prefeitura\/","name":"C\u00e2mara aprova, em 1\u00aa vota\u00e7\u00e3o, projeto que cria 112 cargos comissionados na Prefeitura - VerdadeOn","isPartOf":{"@id":"https:\/\/verdadeon.com.br\/portal\/#website"},"primaryImageOfPage":{"@id":"https:\/\/verdadeon.com.br\/portal\/2022\/10\/25\/camara-aprova-em-1a-votacao-projeto-que-cria-112-cargos-comissionados-na-prefeitura\/#primaryimage"},"image":{"@id":"https:\/\/verdadeon.com.br\/portal\/2022\/10\/25\/camara-aprova-em-1a-votacao-projeto-que-cria-112-cargos-comissionados-na-prefeitura\/#primaryimage"},"thumbnailUrl":"https:\/\/i0.wp.com\/verdadeon.com.br\/portal\/wp-content\/uploads\/2022\/10\/39sessao-3.jpg?fit=1000%2C666&ssl=1","datePublished":"2022-10-25T20:42:30+00:00","author":{"@id":"https:\/\/verdadeon.com.br\/portal\/#\/schema\/person\/a5060ad1e9ea3df545188fc93ce43d2f"},"breadcrumb":{"@id":"https:\/\/verdadeon.com.br\/portal\/2022\/10\/25\/camara-aprova-em-1a-votacao-projeto-que-cria-112-cargos-comissionados-na-prefeitura\/#breadcrumb"},"inLanguage":"pt-BR","potentialAction":[{"@type":"ReadAction","target":["https:\/\/verdadeon.com.br\/portal\/2022\/10\/25\/camara-aprova-em-1a-votacao-projeto-que-cria-112-cargos-comissionados-na-prefeitura\/"]}]},{"@type":"ImageObject","inLanguage":"pt-BR","@id":"https:\/\/verdadeon.com.br\/portal\/2022\/10\/25\/camara-aprova-em-1a-votacao-projeto-que-cria-112-cargos-comissionados-na-prefeitura\/#primaryimage","url":"https:\/\/i0.wp.com\/verdadeon.com.br\/portal\/wp-content\/uploads\/2022\/10\/39sessao-3.jpg?fit=1000%2C666&ssl=1","contentUrl":"https:\/\/i0.wp.com\/verdadeon.com.br\/portal\/wp-content\/uploads\/2022\/10\/39sessao-3.jpg?fit=1000%2C666&ssl=1","width":1000,"height":666,"caption":"Vereadores durante a sess\u00e3o desta ter\u00e7a-feira (25), na C\u00e2mara Municipal de Franca | Foto: Divulga\u00e7\u00e3o"},{"@type":"BreadcrumbList","@id":"https:\/\/verdadeon.com.br\/portal\/2022\/10\/25\/camara-aprova-em-1a-votacao-projeto-que-cria-112-cargos-comissionados-na-prefeitura\/#breadcrumb","itemListElement":[{"@type":"ListItem","position":1,"name":"In\u00edcio","item":"https:\/\/verdadeon.com.br\/portal\/"},{"@type":"ListItem","position":2,"name":"C\u00e2mara aprova, em 1\u00aa vota\u00e7\u00e3o, projeto que cria 112 cargos comissionados na Prefeitura"}]},{"@type":"WebSite","@id":"https:\/\/verdadeon.com.br\/portal\/#website","url":"https:\/\/verdadeon.com.br\/portal\/","name":"VerdadeOn","description":"Not\u00edcias di\u00e1rias sobre Franca, Regi\u00e3o, Esporte, Cultura, Cotidiano, Colunas. Cobertura nos principais eventos da cidade \u00e9 aqui - Verdadeon Franca","potentialAction":[{"@type":"SearchAction","target":{"@type":"EntryPoint","urlTemplate":"https:\/\/verdadeon.com.br\/portal\/?s={search_term_string}"},"query-input":{"@type":"PropertyValueSpecification","valueRequired":true,"valueName":"search_term_string"}}],"inLanguage":"pt-BR"},{"@type":"Person","@id":"https:\/\/verdadeon.com.br\/portal\/#\/schema\/person\/a5060ad1e9ea3df545188fc93ce43d2f","name":"Redacao VerdadeOn","image":{"@type":"ImageObject","inLanguage":"pt-BR","@id":"https:\/\/verdadeon.com.br\/portal\/#\/schema\/person\/image\/","url":"https:\/\/secure.gravatar.com\/avatar\/459a9613caaaf07f582c3d0841eea68bdd66f533e465e6ba8b9cb45619572cf4?s=96&d=mm&r=g","contentUrl":"https:\/\/secure.gravatar.com\/avatar\/459a9613caaaf07f582c3d0841eea68bdd66f533e465e6ba8b9cb45619572cf4?s=96&d=mm&r=g","caption":"Redacao VerdadeOn"},"url":"https:\/\/verdadeon.com.br\/portal\/author\/redacao\/"}]}},"jetpack_publicize_connections":[],"jetpack_featured_media_url":"https:\/\/i0.wp.com\/verdadeon.com.br\/portal\/wp-content\/uploads\/2022\/10\/39sessao-3.jpg?fit=1000%2C666&ssl=1","jetpack_sharing_enabled":true,"_links":{"self":[{"href":"https:\/\/verdadeon.com.br\/portal\/wp-json\/wp\/v2\/posts\/29092","targetHints":{"allow":["GET"]}}],"collection":[{"href":"https:\/\/verdadeon.com.br\/portal\/wp-json\/wp\/v2\/posts"}],"about":[{"href":"https:\/\/verdadeon.com.br\/portal\/wp-json\/wp\/v2\/types\/post"}],"author":[{"embeddable":true,"href":"https:\/\/verdadeon.com.br\/portal\/wp-json\/wp\/v2\/users\/10"}],"replies":[{"embeddable":true,"href":"https:\/\/verdadeon.com.br\/portal\/wp-json\/wp\/v2\/comments?post=29092"}],"version-history":[{"count":1,"href":"https:\/\/verdadeon.com.br\/portal\/wp-json\/wp\/v2\/posts\/29092\/revisions"}],"predecessor-version":[{"id":29094,"href":"https:\/\/verdadeon.com.br\/portal\/wp-json\/wp\/v2\/posts\/29092\/revisions\/29094"}],"wp:featuredmedia":[{"embeddable":true,"href":"https:\/\/verdadeon.com.br\/portal\/wp-json\/wp\/v2\/media\/29093"}],"wp:attachment":[{"href":"https:\/\/verdadeon.com.br\/portal\/wp-json\/wp\/v2\/media?parent=29092"}],"wp:term":[{"taxonomy":"category","embeddable":true,"href":"https:\/\/verdadeon.com.br\/portal\/wp-json\/wp\/v2\/categories?post=29092"},{"taxonomy":"post_tag","embeddable":true,"href":"https:\/\/verdadeon.com.br\/portal\/wp-json\/wp\/v2\/tags?post=29092"}],"curies":[{"name":"wp","href":"https:\/\/api.w.org\/{rel}","templated":true}]}}