{"id":29084,"date":"2022-10-25T13:30:48","date_gmt":"2022-10-25T16:30:48","guid":{"rendered":"https:\/\/verdadeon.com.br\/portal\/?p=29084"},"modified":"2022-10-25T16:17:04","modified_gmt":"2022-10-25T19:17:04","slug":"arrecadacao-federal-e-de-r-16628-bilhoes-em-setembro","status":"publish","type":"post","link":"https:\/\/verdadeon.com.br\/portal\/2022\/10\/25\/arrecadacao-federal-e-de-r-16628-bilhoes-em-setembro\/","title":{"rendered":"Arrecada\u00e7\u00e3o federal \u00e9 de R$ 166,28 bilh\u00f5es em setembro"},"content":{"rendered":"<h3 class=\"col-10 offset-1 animated fadeInDown dealy-900 display-8 display-md-8 alt-font font-italic my-1 text-center\">O valor \u00e9 o maior desde 2000; dados foram divulgados nesta ter\u00e7a-feira (25) pela Receita Federal<\/h3>\n<p>&nbsp;<\/p>\n<p>A Uni\u00e3o arrecadou R$ 166,28 bilh\u00f5es em impostos em setembro, de acordo com dados divulgados nesta ter\u00e7a-feira (25) pela Receita Federal. Na compara\u00e7\u00e3o com setembro do ano passado, houve um crescimento real de 4,07%, descontada a infla\u00e7\u00e3o, medida pelo \u00cdndice Nacional de Pre\u00e7os ao Consumidor Amplo (IPCA). O valor \u00e9 o maior desde 2000, tanto para o m\u00eas de setembro quanto para o per\u00edodo acumulado.<img data-recalc-dims=\"1\" decoding=\"async\" src=\"https:\/\/i0.wp.com\/agenciabrasil.ebc.com.br\/ebc.png?w=1220&#038;ssl=1\" \/><img data-recalc-dims=\"1\" decoding=\"async\" src=\"https:\/\/i0.wp.com\/agenciabrasil.ebc.com.br\/ebc.gif?w=1220&#038;ssl=1\" \/><\/p>\n<p>No acumulado do ano, a arrecada\u00e7\u00e3o alcan\u00e7ou R$ 1,63 trilh\u00e3o, representando um acr\u00e9scimo pela infla\u00e7\u00e3o de 9,52%. Os dados sobre a arrecada\u00e7\u00e3o de setembro est\u00e3o dispon\u00edveis no\u00a0<a href=\"https:\/\/www.gov.br\/receitafederal\/pt-br\/centrais-de-conteudo\/publicacoes\/relatorios\/arrecadacao\/2022\" target=\"_blank\" rel=\"noopener\">site da Receita Federal<\/a>.<\/p>\n<p>Quanto \u00e0s receitas administradas pela Receita Federal, o valor arrecadado, em setembro, foi de R$ 159,60 bilh\u00f5es, representando um acr\u00e9scimo real de 2,65%, enquanto no per\u00edodo acumulado de janeiro a setembro a arrecada\u00e7\u00e3o alcan\u00e7ou R$ 1,53 trilh\u00e3o, alta real de 7,64%.<\/p>\n<p>A alta pode ser explicada, principalmente, pelo crescimento dos recolhimentos do Imposto de Renda de Pessoa Jur\u00eddica (IRPJ) e da Contribui\u00e7\u00e3o Social Sobre o Lucro L\u00edquido (CSLL), que incide sobre o lucro das empresas. Segundo a Receita, eles s\u00e3o importantes indicadores da atividade econ\u00f4mica, sobretudo o setor produtivo.<\/p>\n<p>O IRPJ e a CSLL totalizaram uma arrecada\u00e7\u00e3o de R$ 28,42 bilh\u00f5es, com crescimento real de 9,85% em rela\u00e7\u00e3o ao mesmo m\u00eas de 2021. Esse resultado \u00e9 explicado pelo acr\u00e9scimo real de 13,28% na arrecada\u00e7\u00e3o da estimativa mensal de empresa n\u00e3o financeiras. Na apura\u00e7\u00e3o por estimativa mensal, o lucro real ser\u00e1 apurado anualmente, sendo que a empresa est\u00e1 obrigada a recolher mensalmente o imposto, calculado sobre uma base estimada.<\/p>\n<p>A Receita observa ainda que houve pagamentos at\u00edpicos de IRPJ e CSLL de, aproximadamente, R$ 2 bilh\u00f5es, por empresas ligadas ao setor de commodities, associadas \u00e0 minera\u00e7\u00e3o e extra\u00e7\u00e3o e refino de combust\u00edveis.<\/p>\n<p>No acumulado do ano, o IRPJ e a CSLL totalizaram R$ 371,72 bilh\u00f5es, com crescimento real de 20,48%. Esse desempenho \u00e9 explicado pelos acr\u00e9scimos de 82,41% na arrecada\u00e7\u00e3o relativa \u00e0 declara\u00e7\u00e3o de ajuste do IRPJ e da CSLL, decorrente de fatos geradores ocorridos ao longo de 2021, e de 19,81% na arrecada\u00e7\u00e3o da estimativa mensal.<\/p>\n<p>\u201cDestaca-se crescimento em todas as modalidades de apura\u00e7\u00e3o do lucro. Al\u00e9m disso, houve recolhimentos at\u00edpicos da ordem de R$ 37 bilh\u00f5es, especialmente por empresas ligadas \u00e0 explora\u00e7\u00e3o de commodities, no per\u00edodo de janeiro a setembro deste ano, e de R$ 31 bilh\u00f5es, no mesmo per\u00edodo de 2021\u201d, informou a Receita.<\/p>\n<p>J\u00e1 as receitas extraordin\u00e1rias foram compensadas pelas desonera\u00e7\u00f5es tribut\u00e1rias. Apenas em setembro, a redu\u00e7\u00e3o de al\u00edquotas de PIS\/Confins sobre combust\u00edveis resultou em uma desonera\u00e7\u00e3o de R$ 3,75 bilh\u00f5es. No ano, chega a R$ 14,60 bilh\u00f5es. J\u00e1 a redu\u00e7\u00e3o de al\u00edquotas de Imposto sobre Produtos Industrializados custaram R$ 1,9 bilh\u00e3o \u00e0 Receita no m\u00eas passado e R$ 11,50 bilh\u00f5es no acumulado de janeiro a setembro.<\/p>\n<p>\u201cSem considerar os fatores n\u00e3o recorrentes, haveria um crescimento real de 9,02% na arrecada\u00e7\u00e3o do per\u00edodo acumulado e de 6,37% no m\u00eas de setembro de 2022\u201d, informou o \u00f3rg\u00e3o.<\/p>\n<h4>Outros destaques<\/h4>\n<p>Outro destaque da arrecada\u00e7\u00e3o de setembro foi a Receita Previdenci\u00e1ria, que alcan\u00e7ou R$ 45,77 bilh\u00f5es, com acr\u00e9scimo real de 4,84%, em raz\u00e3o do aumento real de 8,50% da massa salarial. No acumulado do ano, o resultado chega a R$ 393,36 bilh\u00f5es, alta real de 6,19%. Esse \u00faltimo item pode ser explicado pelo aumento real de 6,43% da massa salarial e pelo aumento real de 18,72% na arrecada\u00e7\u00e3o da contribui\u00e7\u00e3o previdenci\u00e1ria do Simples Nacional de janeiro a setembro deste ano, em rela\u00e7\u00e3o ao mesmo per\u00edodo de 2021.<\/p>\n<p>Al\u00e9m disso, houve crescimento das compensa\u00e7\u00f5es tribut\u00e1rias com d\u00e9bitos de receita previdenci\u00e1ria em raz\u00e3o da Lei 13.670\/18, que vedou a utiliza\u00e7\u00e3o de cr\u00e9ditos tribut\u00e1rios para a compensa\u00e7\u00e3o de d\u00e9bitos de estimativas mensais do IRPJ e da CSLL.<\/p>\n<p>O Imposto sobre a Renda Retido na Fonte (IRRF) &#8211; Rendimentos de Capital teve arrecada\u00e7\u00e3o de R$ 6,73 bilh\u00f5es no m\u00eas passado, com acr\u00e9scimo real de 86,41%. De janeiro a setembro, o valor chega a R$ 62,58 bilh\u00f5es, alta real de 62,80%. Os resultados podem ser explicados em raz\u00e3o da alta da taxa Selic, que influenciou os recolhimentos dos rendimentos dos fundos e t\u00edtulos de renda fixa.<\/p>\n<p>O IRRF &#8211; Rendimentos do Trabalho apresentou uma arrecada\u00e7\u00e3o de R$ 13,25 bilh\u00f5es em setembro, crescimento real de 6,71%.<\/p>\n<h4>Indicadores macroecon\u00f4micos<\/h4>\n<p>A Receita Federal apresentou ainda os principais indicadores macroecon\u00f4micos que ajudam a explicar o desempenho da arrecada\u00e7\u00e3o, tanto no m\u00eas quanto no acumulado do ano. Entre eles est\u00e1 a venda de servi\u00e7os, com crescimento de 8% em agosto (fator gerador da arrecada\u00e7\u00e3o de setembro e 8,63% no ano) e a massa salarial, que mant\u00e9m crescimento significativo de 17,96% no m\u00eas (17,91% no ano), em rela\u00e7\u00e3o ao mesmo m\u00eas de 2021.<\/p>\n<p>O valor em d\u00f3lar das importa\u00e7\u00f5es tamb\u00e9m cresceu 24,83% em rela\u00e7\u00e3o a agosto do ano passado (27,10% no ano).<\/p>\n<p>A produ\u00e7\u00e3o industrial teve crescimento de 4,11% em agosto, mas apresentou queda de 1,48% no acumulado do ano, comparado ao per\u00edodo de janeiro a agosto de 2021. J\u00e1 a venda de bens teve queda de 0,70% no m\u00eas e 1,16% no ano.<\/p>\n<p>Fonte: Ag\u00eancia Brasil<\/p>\n","protected":false},"excerpt":{"rendered":"<p>O valor \u00e9 o maior desde 2000; dados foram divulgados nesta ter\u00e7a-feira (25) pela Receita Federal &nbsp; A Uni\u00e3o arrecadou R$ 166,28 bilh\u00f5es em impostos em<span class=\"excerpt-hellip\"> [\u2026]<\/span><\/p>\n","protected":false},"author":10,"featured_media":29085,"comment_status":"open","ping_status":"open","sticky":false,"template":"","format":"standard","meta":{"_jetpack_memberships_contains_paid_content":false,"footnotes":"","jetpack_publicize_message":"","jetpack_publicize_feature_enabled":true,"jetpack_social_post_already_shared":false,"jetpack_social_options":{"image_generator_settings":{"template":"highway","default_image_id":0,"enabled":false},"version":2}},"categories":[28,81],"tags":[],"class_list":["post-29084","post","type-post","status-publish","format-standard","has-post-thumbnail","hentry","category-cotidiano","category-manchete"],"yoast_head":"<!-- This site is optimized with the Yoast SEO plugin v25.6 - https:\/\/yoast.com\/wordpress\/plugins\/seo\/ -->\n<title>Arrecada\u00e7\u00e3o federal \u00e9 de R$ 166,28 bilh\u00f5es em setembro - VerdadeOn<\/title>\n<meta name=\"robots\" content=\"index, follow, max-snippet:-1, max-image-preview:large, max-video-preview:-1\" \/>\n<link rel=\"canonical\" href=\"https:\/\/verdadeon.com.br\/portal\/2022\/10\/25\/arrecadacao-federal-e-de-r-16628-bilhoes-em-setembro\/\" \/>\n<meta property=\"og:locale\" content=\"pt_BR\" \/>\n<meta property=\"og:type\" content=\"article\" \/>\n<meta property=\"og:title\" content=\"Arrecada\u00e7\u00e3o federal \u00e9 de R$ 166,28 bilh\u00f5es em setembro - VerdadeOn\" \/>\n<meta property=\"og:description\" content=\"O valor \u00e9 o maior desde 2000; dados foram divulgados nesta ter\u00e7a-feira (25) pela Receita Federal &nbsp; A Uni\u00e3o arrecadou R$ 166,28 bilh\u00f5es em impostos em [\u2026]\" \/>\n<meta property=\"og:url\" content=\"https:\/\/verdadeon.com.br\/portal\/2022\/10\/25\/arrecadacao-federal-e-de-r-16628-bilhoes-em-setembro\/\" \/>\n<meta property=\"og:site_name\" content=\"VerdadeOn\" \/>\n<meta property=\"article:published_time\" content=\"2022-10-25T16:30:48+00:00\" \/>\n<meta property=\"article:modified_time\" content=\"2022-10-25T19:17:04+00:00\" \/>\n<meta property=\"og:image\" content=\"https:\/\/verdadeon.com.br\/portal\/wp-content\/uploads\/2022\/10\/mcam20022020-5-e1666724967396.jpg\" \/>\n\t<meta property=\"og:image:width\" content=\"1000\" \/>\n\t<meta property=\"og:image:height\" content=\"669\" \/>\n\t<meta property=\"og:image:type\" content=\"image\/jpeg\" \/>\n<meta name=\"author\" content=\"Redacao VerdadeOn\" \/>\n<meta name=\"twitter:card\" content=\"summary_large_image\" \/>\n<meta name=\"twitter:label1\" content=\"Escrito por\" \/>\n\t<meta name=\"twitter:data1\" content=\"Redacao VerdadeOn\" \/>\n\t<meta name=\"twitter:label2\" content=\"Est. tempo de leitura\" \/>\n\t<meta name=\"twitter:data2\" content=\"5 minutos\" \/>\n<script type=\"application\/ld+json\" class=\"yoast-schema-graph\">{\"@context\":\"https:\/\/schema.org\",\"@graph\":[{\"@type\":\"WebPage\",\"@id\":\"https:\/\/verdadeon.com.br\/portal\/2022\/10\/25\/arrecadacao-federal-e-de-r-16628-bilhoes-em-setembro\/\",\"url\":\"https:\/\/verdadeon.com.br\/portal\/2022\/10\/25\/arrecadacao-federal-e-de-r-16628-bilhoes-em-setembro\/\",\"name\":\"Arrecada\u00e7\u00e3o federal \u00e9 de R$ 166,28 bilh\u00f5es em setembro - VerdadeOn\",\"isPartOf\":{\"@id\":\"https:\/\/verdadeon.com.br\/portal\/#website\"},\"primaryImageOfPage\":{\"@id\":\"https:\/\/verdadeon.com.br\/portal\/2022\/10\/25\/arrecadacao-federal-e-de-r-16628-bilhoes-em-setembro\/#primaryimage\"},\"image\":{\"@id\":\"https:\/\/verdadeon.com.br\/portal\/2022\/10\/25\/arrecadacao-federal-e-de-r-16628-bilhoes-em-setembro\/#primaryimage\"},\"thumbnailUrl\":\"https:\/\/i0.wp.com\/verdadeon.com.br\/portal\/wp-content\/uploads\/2022\/10\/mcam20022020-5-e1666724967396.jpg?fit=1000%2C669&ssl=1\",\"datePublished\":\"2022-10-25T16:30:48+00:00\",\"dateModified\":\"2022-10-25T19:17:04+00:00\",\"author\":{\"@id\":\"https:\/\/verdadeon.com.br\/portal\/#\/schema\/person\/a5060ad1e9ea3df545188fc93ce43d2f\"},\"breadcrumb\":{\"@id\":\"https:\/\/verdadeon.com.br\/portal\/2022\/10\/25\/arrecadacao-federal-e-de-r-16628-bilhoes-em-setembro\/#breadcrumb\"},\"inLanguage\":\"pt-BR\",\"potentialAction\":[{\"@type\":\"ReadAction\",\"target\":[\"https:\/\/verdadeon.com.br\/portal\/2022\/10\/25\/arrecadacao-federal-e-de-r-16628-bilhoes-em-setembro\/\"]}]},{\"@type\":\"ImageObject\",\"inLanguage\":\"pt-BR\",\"@id\":\"https:\/\/verdadeon.com.br\/portal\/2022\/10\/25\/arrecadacao-federal-e-de-r-16628-bilhoes-em-setembro\/#primaryimage\",\"url\":\"https:\/\/i0.wp.com\/verdadeon.com.br\/portal\/wp-content\/uploads\/2022\/10\/mcam20022020-5-e1666724967396.jpg?fit=1000%2C669&ssl=1\",\"contentUrl\":\"https:\/\/i0.wp.com\/verdadeon.com.br\/portal\/wp-content\/uploads\/2022\/10\/mcam20022020-5-e1666724967396.jpg?fit=1000%2C669&ssl=1\",\"width\":1000,\"height\":669,\"caption\":\"Segundo dados divulgados pela Receita Federal, na compara\u00e7\u00e3o com setembro do ano passado, houve um crescimento real de 4,07%, descontada a infla\u00e7\u00e3o, medida pelo \u00cdndice Nacional de Pre\u00e7os ao Consumidor Amplo (IPCA) | Foto: Ag\u00eancia Brasil\"},{\"@type\":\"BreadcrumbList\",\"@id\":\"https:\/\/verdadeon.com.br\/portal\/2022\/10\/25\/arrecadacao-federal-e-de-r-16628-bilhoes-em-setembro\/#breadcrumb\",\"itemListElement\":[{\"@type\":\"ListItem\",\"position\":1,\"name\":\"In\u00edcio\",\"item\":\"https:\/\/verdadeon.com.br\/portal\/\"},{\"@type\":\"ListItem\",\"position\":2,\"name\":\"Arrecada\u00e7\u00e3o federal \u00e9 de R$ 166,28 bilh\u00f5es em setembro\"}]},{\"@type\":\"WebSite\",\"@id\":\"https:\/\/verdadeon.com.br\/portal\/#website\",\"url\":\"https:\/\/verdadeon.com.br\/portal\/\",\"name\":\"VerdadeOn\",\"description\":\"Not\u00edcias di\u00e1rias sobre Franca, Regi\u00e3o, Esporte, Cultura, Cotidiano, Colunas. Cobertura nos principais eventos da cidade \u00e9 aqui - Verdadeon Franca\",\"potentialAction\":[{\"@type\":\"SearchAction\",\"target\":{\"@type\":\"EntryPoint\",\"urlTemplate\":\"https:\/\/verdadeon.com.br\/portal\/?s={search_term_string}\"},\"query-input\":{\"@type\":\"PropertyValueSpecification\",\"valueRequired\":true,\"valueName\":\"search_term_string\"}}],\"inLanguage\":\"pt-BR\"},{\"@type\":\"Person\",\"@id\":\"https:\/\/verdadeon.com.br\/portal\/#\/schema\/person\/a5060ad1e9ea3df545188fc93ce43d2f\",\"name\":\"Redacao VerdadeOn\",\"image\":{\"@type\":\"ImageObject\",\"inLanguage\":\"pt-BR\",\"@id\":\"https:\/\/verdadeon.com.br\/portal\/#\/schema\/person\/image\/\",\"url\":\"https:\/\/secure.gravatar.com\/avatar\/459a9613caaaf07f582c3d0841eea68bdd66f533e465e6ba8b9cb45619572cf4?s=96&d=mm&r=g\",\"contentUrl\":\"https:\/\/secure.gravatar.com\/avatar\/459a9613caaaf07f582c3d0841eea68bdd66f533e465e6ba8b9cb45619572cf4?s=96&d=mm&r=g\",\"caption\":\"Redacao VerdadeOn\"},\"url\":\"https:\/\/verdadeon.com.br\/portal\/author\/redacao\/\"}]}<\/script>\n<!-- \/ Yoast SEO plugin. -->","yoast_head_json":{"title":"Arrecada\u00e7\u00e3o federal \u00e9 de R$ 166,28 bilh\u00f5es em setembro - VerdadeOn","robots":{"index":"index","follow":"follow","max-snippet":"max-snippet:-1","max-image-preview":"max-image-preview:large","max-video-preview":"max-video-preview:-1"},"canonical":"https:\/\/verdadeon.com.br\/portal\/2022\/10\/25\/arrecadacao-federal-e-de-r-16628-bilhoes-em-setembro\/","og_locale":"pt_BR","og_type":"article","og_title":"Arrecada\u00e7\u00e3o federal \u00e9 de R$ 166,28 bilh\u00f5es em setembro - VerdadeOn","og_description":"O valor \u00e9 o maior desde 2000; dados foram divulgados nesta ter\u00e7a-feira (25) pela Receita Federal &nbsp; A Uni\u00e3o arrecadou R$ 166,28 bilh\u00f5es em impostos em [\u2026]","og_url":"https:\/\/verdadeon.com.br\/portal\/2022\/10\/25\/arrecadacao-federal-e-de-r-16628-bilhoes-em-setembro\/","og_site_name":"VerdadeOn","article_published_time":"2022-10-25T16:30:48+00:00","article_modified_time":"2022-10-25T19:17:04+00:00","og_image":[{"width":1000,"height":669,"url":"https:\/\/verdadeon.com.br\/portal\/wp-content\/uploads\/2022\/10\/mcam20022020-5-e1666724967396.jpg","type":"image\/jpeg"}],"author":"Redacao VerdadeOn","twitter_card":"summary_large_image","twitter_misc":{"Escrito por":"Redacao VerdadeOn","Est. tempo de leitura":"5 minutos"},"schema":{"@context":"https:\/\/schema.org","@graph":[{"@type":"WebPage","@id":"https:\/\/verdadeon.com.br\/portal\/2022\/10\/25\/arrecadacao-federal-e-de-r-16628-bilhoes-em-setembro\/","url":"https:\/\/verdadeon.com.br\/portal\/2022\/10\/25\/arrecadacao-federal-e-de-r-16628-bilhoes-em-setembro\/","name":"Arrecada\u00e7\u00e3o federal \u00e9 de R$ 166,28 bilh\u00f5es em setembro - VerdadeOn","isPartOf":{"@id":"https:\/\/verdadeon.com.br\/portal\/#website"},"primaryImageOfPage":{"@id":"https:\/\/verdadeon.com.br\/portal\/2022\/10\/25\/arrecadacao-federal-e-de-r-16628-bilhoes-em-setembro\/#primaryimage"},"image":{"@id":"https:\/\/verdadeon.com.br\/portal\/2022\/10\/25\/arrecadacao-federal-e-de-r-16628-bilhoes-em-setembro\/#primaryimage"},"thumbnailUrl":"https:\/\/i0.wp.com\/verdadeon.com.br\/portal\/wp-content\/uploads\/2022\/10\/mcam20022020-5-e1666724967396.jpg?fit=1000%2C669&ssl=1","datePublished":"2022-10-25T16:30:48+00:00","dateModified":"2022-10-25T19:17:04+00:00","author":{"@id":"https:\/\/verdadeon.com.br\/portal\/#\/schema\/person\/a5060ad1e9ea3df545188fc93ce43d2f"},"breadcrumb":{"@id":"https:\/\/verdadeon.com.br\/portal\/2022\/10\/25\/arrecadacao-federal-e-de-r-16628-bilhoes-em-setembro\/#breadcrumb"},"inLanguage":"pt-BR","potentialAction":[{"@type":"ReadAction","target":["https:\/\/verdadeon.com.br\/portal\/2022\/10\/25\/arrecadacao-federal-e-de-r-16628-bilhoes-em-setembro\/"]}]},{"@type":"ImageObject","inLanguage":"pt-BR","@id":"https:\/\/verdadeon.com.br\/portal\/2022\/10\/25\/arrecadacao-federal-e-de-r-16628-bilhoes-em-setembro\/#primaryimage","url":"https:\/\/i0.wp.com\/verdadeon.com.br\/portal\/wp-content\/uploads\/2022\/10\/mcam20022020-5-e1666724967396.jpg?fit=1000%2C669&ssl=1","contentUrl":"https:\/\/i0.wp.com\/verdadeon.com.br\/portal\/wp-content\/uploads\/2022\/10\/mcam20022020-5-e1666724967396.jpg?fit=1000%2C669&ssl=1","width":1000,"height":669,"caption":"Segundo dados divulgados pela Receita Federal, na compara\u00e7\u00e3o com setembro do ano passado, houve um crescimento real de 4,07%, descontada a infla\u00e7\u00e3o, medida pelo \u00cdndice Nacional de Pre\u00e7os ao Consumidor Amplo (IPCA) | Foto: Ag\u00eancia Brasil"},{"@type":"BreadcrumbList","@id":"https:\/\/verdadeon.com.br\/portal\/2022\/10\/25\/arrecadacao-federal-e-de-r-16628-bilhoes-em-setembro\/#breadcrumb","itemListElement":[{"@type":"ListItem","position":1,"name":"In\u00edcio","item":"https:\/\/verdadeon.com.br\/portal\/"},{"@type":"ListItem","position":2,"name":"Arrecada\u00e7\u00e3o federal \u00e9 de R$ 166,28 bilh\u00f5es em setembro"}]},{"@type":"WebSite","@id":"https:\/\/verdadeon.com.br\/portal\/#website","url":"https:\/\/verdadeon.com.br\/portal\/","name":"VerdadeOn","description":"Not\u00edcias di\u00e1rias sobre Franca, Regi\u00e3o, Esporte, Cultura, Cotidiano, Colunas. Cobertura nos principais eventos da cidade \u00e9 aqui - Verdadeon Franca","potentialAction":[{"@type":"SearchAction","target":{"@type":"EntryPoint","urlTemplate":"https:\/\/verdadeon.com.br\/portal\/?s={search_term_string}"},"query-input":{"@type":"PropertyValueSpecification","valueRequired":true,"valueName":"search_term_string"}}],"inLanguage":"pt-BR"},{"@type":"Person","@id":"https:\/\/verdadeon.com.br\/portal\/#\/schema\/person\/a5060ad1e9ea3df545188fc93ce43d2f","name":"Redacao VerdadeOn","image":{"@type":"ImageObject","inLanguage":"pt-BR","@id":"https:\/\/verdadeon.com.br\/portal\/#\/schema\/person\/image\/","url":"https:\/\/secure.gravatar.com\/avatar\/459a9613caaaf07f582c3d0841eea68bdd66f533e465e6ba8b9cb45619572cf4?s=96&d=mm&r=g","contentUrl":"https:\/\/secure.gravatar.com\/avatar\/459a9613caaaf07f582c3d0841eea68bdd66f533e465e6ba8b9cb45619572cf4?s=96&d=mm&r=g","caption":"Redacao VerdadeOn"},"url":"https:\/\/verdadeon.com.br\/portal\/author\/redacao\/"}]}},"jetpack_publicize_connections":[],"jetpack_featured_media_url":"https:\/\/i0.wp.com\/verdadeon.com.br\/portal\/wp-content\/uploads\/2022\/10\/mcam20022020-5-e1666724967396.jpg?fit=1000%2C669&ssl=1","jetpack_sharing_enabled":true,"_links":{"self":[{"href":"https:\/\/verdadeon.com.br\/portal\/wp-json\/wp\/v2\/posts\/29084","targetHints":{"allow":["GET"]}}],"collection":[{"href":"https:\/\/verdadeon.com.br\/portal\/wp-json\/wp\/v2\/posts"}],"about":[{"href":"https:\/\/verdadeon.com.br\/portal\/wp-json\/wp\/v2\/types\/post"}],"author":[{"embeddable":true,"href":"https:\/\/verdadeon.com.br\/portal\/wp-json\/wp\/v2\/users\/10"}],"replies":[{"embeddable":true,"href":"https:\/\/verdadeon.com.br\/portal\/wp-json\/wp\/v2\/comments?post=29084"}],"version-history":[{"count":1,"href":"https:\/\/verdadeon.com.br\/portal\/wp-json\/wp\/v2\/posts\/29084\/revisions"}],"predecessor-version":[{"id":29086,"href":"https:\/\/verdadeon.com.br\/portal\/wp-json\/wp\/v2\/posts\/29084\/revisions\/29086"}],"wp:featuredmedia":[{"embeddable":true,"href":"https:\/\/verdadeon.com.br\/portal\/wp-json\/wp\/v2\/media\/29085"}],"wp:attachment":[{"href":"https:\/\/verdadeon.com.br\/portal\/wp-json\/wp\/v2\/media?parent=29084"}],"wp:term":[{"taxonomy":"category","embeddable":true,"href":"https:\/\/verdadeon.com.br\/portal\/wp-json\/wp\/v2\/categories?post=29084"},{"taxonomy":"post_tag","embeddable":true,"href":"https:\/\/verdadeon.com.br\/portal\/wp-json\/wp\/v2\/tags?post=29084"}],"curies":[{"name":"wp","href":"https:\/\/api.w.org\/{rel}","templated":true}]}}