{"id":29082,"date":"2022-10-25T15:51:57","date_gmt":"2022-10-25T18:51:57","guid":{"rendered":"https:\/\/verdadeon.com.br\/portal\/?p=29082"},"modified":"2022-10-25T15:49:04","modified_gmt":"2022-10-25T18:49:04","slug":"feapaes-sp-fica-entre-as-melhores-ongs-do-brasil-pelo-segundo-ano-consecutivo","status":"publish","type":"post","link":"https:\/\/verdadeon.com.br\/portal\/2022\/10\/25\/feapaes-sp-fica-entre-as-melhores-ongs-do-brasil-pelo-segundo-ano-consecutivo\/","title":{"rendered":"Feapaes-SP fica entre as melhores ONGs do Brasil pelo segundo ano consecutivo"},"content":{"rendered":"<h2><span style=\"font-weight: 400;\">Sediada em Franca, Federa\u00e7\u00e3o foi eleita uma das 100 melhores ONGs do Brasil em 2022<\/span><\/h2>\n<p><span style=\"font-weight: 400;\">Fundada em 1993, a Feapaes-SP (Federa\u00e7\u00e3o das Apaes do Estado de S\u00e3o Paulo), sediada em Franca (SP), vem desenvolvendo um trabalho importante de defesa e garantia de direitos das pessoas com defici\u00eancias. Tendo a responsabilidade de assessorar as 308 APAES paulistas, a entidade foi eleita como uma das 100 melhores ONGs do pa\u00eds pelo segundo ano consecutivo. A premia\u00e7\u00e3o \u00e9 realizada pelo Instituto Doar, em parceria com O Mundo Que Queremos e tem apoio da Ambev.<\/span><\/p>\n<p><span style=\"font-weight: 400;\">Para figurar entre as 100 primeiras &#8211; o Brasil possui mais de 800 mil ONGs -, as organiza\u00e7\u00f5es precisaram comprovar algumas pr\u00e1ticas de gest\u00e3o, governan\u00e7a, sustentabilidade e transpar\u00eancia. \u201cEsse reconhecimento mostra, pela segunda vez consecutiva, a seriedade do nosso trabalho em tornar a vida de milhares de pessoas com defici\u00eancia mais justa e igualit\u00e1ria. Continuaremos atuantes em nossa causa, com a transpar\u00eancia e o profissionalismo de sempre\u201d, ressalta Vera Lucia Ferreira, presidente da Feapaes-SP.\u00a0<\/span><\/p>\n<p><span style=\"font-weight: 400;\">Ainda segundo Vera, o resultado confirma que o movimento apaeano paulista est\u00e1 no caminho certo nas defesas realizadas. \u201cTravamos v\u00e1rias lutas em 2022 para garantir que direitos fossem mantidos. Consideramos importante essa visibilidade dada pelo pr\u00eamio Melhores ONGs, pois comprovamos nossa credibilidade e nosso compromisso com a causa \u201d.\u00a0<\/span><\/p>\n<p><span style=\"font-weight: 400;\">A diretora social da Feapaes-SP, Cristiany de Castro, tamb\u00e9m salienta a import\u00e2ncia desse reconhecimento. De acordo com ela, o pr\u00eamio Melhores ONGs tem se consolidado como uma das principais refer\u00eancias no reconhecimento \u00e0s organiza\u00e7\u00f5es sociais do pa\u00eds, sendo assim um norteador importante para pessoas e empresas que buscam investir em projetos sociais. \u201cInfelizmente no Brasil, n\u00e3o temos a cultura da doa\u00e7\u00e3o, muitas vezes pela falta de confian\u00e7a de que essas organiza\u00e7\u00f5es n\u00e3o ir\u00e3o gerir corretamente os recursos. O pr\u00eamio Melhores ONGS mostra que essas organiza\u00e7\u00f5es do terceiro setor possuem uma gest\u00e3o s\u00f3lida, bem organizada e transparente\u201d, finalizou Cristiany de Castro.<\/span><\/p>\n<p>&nbsp;<\/p>\n","protected":false},"excerpt":{"rendered":"<p>Sediada em Franca, Federa\u00e7\u00e3o foi eleita uma das 100 melhores ONGs do Brasil em 2022 Fundada em 1993, a Feapaes-SP (Federa\u00e7\u00e3o das Apaes do Estado de<span class=\"excerpt-hellip\"> [\u2026]<\/span><\/p>\n","protected":false},"author":10,"featured_media":29078,"comment_status":"open","ping_status":"open","sticky":false,"template":"","format":"standard","meta":{"_jetpack_memberships_contains_paid_content":false,"footnotes":"","jetpack_publicize_message":"","jetpack_publicize_feature_enabled":true,"jetpack_social_post_already_shared":false,"jetpack_social_options":{"image_generator_settings":{"template":"highway","default_image_id":0,"enabled":false},"version":2}},"categories":[28,44],"tags":[],"class_list":["post-29082","post","type-post","status-publish","format-standard","has-post-thumbnail","hentry","category-cotidiano","category-noticias"],"yoast_head":"<!-- This site is optimized with the Yoast SEO plugin v25.6 - https:\/\/yoast.com\/wordpress\/plugins\/seo\/ -->\n<title>Feapaes-SP fica entre as melhores ONGs do Brasil pelo segundo ano consecutivo - VerdadeOn<\/title>\n<meta name=\"robots\" content=\"index, follow, max-snippet:-1, max-image-preview:large, max-video-preview:-1\" \/>\n<link rel=\"canonical\" href=\"https:\/\/verdadeon.com.br\/portal\/2022\/10\/25\/feapaes-sp-fica-entre-as-melhores-ongs-do-brasil-pelo-segundo-ano-consecutivo\/\" \/>\n<meta property=\"og:locale\" content=\"pt_BR\" \/>\n<meta property=\"og:type\" content=\"article\" \/>\n<meta property=\"og:title\" content=\"Feapaes-SP fica entre as melhores ONGs do Brasil pelo segundo ano consecutivo - VerdadeOn\" \/>\n<meta property=\"og:description\" content=\"Sediada em Franca, Federa\u00e7\u00e3o foi eleita uma das 100 melhores ONGs do Brasil em 2022 Fundada em 1993, a Feapaes-SP (Federa\u00e7\u00e3o das Apaes do Estado de [\u2026]\" \/>\n<meta property=\"og:url\" content=\"https:\/\/verdadeon.com.br\/portal\/2022\/10\/25\/feapaes-sp-fica-entre-as-melhores-ongs-do-brasil-pelo-segundo-ano-consecutivo\/\" \/>\n<meta property=\"og:site_name\" content=\"VerdadeOn\" \/>\n<meta property=\"article:published_time\" content=\"2022-10-25T18:51:57+00:00\" \/>\n<meta property=\"og:image\" content=\"https:\/\/verdadeon.com.br\/portal\/wp-content\/uploads\/2022\/10\/WhatsApp-Image-2022-10-21-at-17.26.17-e1666723645426.jpeg\" \/>\n\t<meta property=\"og:image:width\" content=\"1001\" \/>\n\t<meta property=\"og:image:height\" content=\"668\" \/>\n\t<meta property=\"og:image:type\" content=\"image\/jpeg\" \/>\n<meta name=\"author\" content=\"Redacao VerdadeOn\" \/>\n<meta name=\"twitter:card\" content=\"summary_large_image\" \/>\n<meta name=\"twitter:label1\" content=\"Escrito por\" \/>\n\t<meta name=\"twitter:data1\" content=\"Redacao VerdadeOn\" \/>\n\t<meta name=\"twitter:label2\" content=\"Est. tempo de leitura\" \/>\n\t<meta name=\"twitter:data2\" content=\"2 minutos\" \/>\n<script type=\"application\/ld+json\" class=\"yoast-schema-graph\">{\"@context\":\"https:\/\/schema.org\",\"@graph\":[{\"@type\":\"WebPage\",\"@id\":\"https:\/\/verdadeon.com.br\/portal\/2022\/10\/25\/feapaes-sp-fica-entre-as-melhores-ongs-do-brasil-pelo-segundo-ano-consecutivo\/\",\"url\":\"https:\/\/verdadeon.com.br\/portal\/2022\/10\/25\/feapaes-sp-fica-entre-as-melhores-ongs-do-brasil-pelo-segundo-ano-consecutivo\/\",\"name\":\"Feapaes-SP fica entre as melhores ONGs do Brasil pelo segundo ano consecutivo - VerdadeOn\",\"isPartOf\":{\"@id\":\"https:\/\/verdadeon.com.br\/portal\/#website\"},\"primaryImageOfPage\":{\"@id\":\"https:\/\/verdadeon.com.br\/portal\/2022\/10\/25\/feapaes-sp-fica-entre-as-melhores-ongs-do-brasil-pelo-segundo-ano-consecutivo\/#primaryimage\"},\"image\":{\"@id\":\"https:\/\/verdadeon.com.br\/portal\/2022\/10\/25\/feapaes-sp-fica-entre-as-melhores-ongs-do-brasil-pelo-segundo-ano-consecutivo\/#primaryimage\"},\"thumbnailUrl\":\"https:\/\/i0.wp.com\/verdadeon.com.br\/portal\/wp-content\/uploads\/2022\/10\/WhatsApp-Image-2022-10-21-at-17.26.17-e1666723645426.jpeg?fit=1001%2C668&ssl=1\",\"datePublished\":\"2022-10-25T18:51:57+00:00\",\"author\":{\"@id\":\"https:\/\/verdadeon.com.br\/portal\/#\/schema\/person\/a5060ad1e9ea3df545188fc93ce43d2f\"},\"breadcrumb\":{\"@id\":\"https:\/\/verdadeon.com.br\/portal\/2022\/10\/25\/feapaes-sp-fica-entre-as-melhores-ongs-do-brasil-pelo-segundo-ano-consecutivo\/#breadcrumb\"},\"inLanguage\":\"pt-BR\",\"potentialAction\":[{\"@type\":\"ReadAction\",\"target\":[\"https:\/\/verdadeon.com.br\/portal\/2022\/10\/25\/feapaes-sp-fica-entre-as-melhores-ongs-do-brasil-pelo-segundo-ano-consecutivo\/\"]}]},{\"@type\":\"ImageObject\",\"inLanguage\":\"pt-BR\",\"@id\":\"https:\/\/verdadeon.com.br\/portal\/2022\/10\/25\/feapaes-sp-fica-entre-as-melhores-ongs-do-brasil-pelo-segundo-ano-consecutivo\/#primaryimage\",\"url\":\"https:\/\/i0.wp.com\/verdadeon.com.br\/portal\/wp-content\/uploads\/2022\/10\/WhatsApp-Image-2022-10-21-at-17.26.17-e1666723645426.jpeg?fit=1001%2C668&ssl=1\",\"contentUrl\":\"https:\/\/i0.wp.com\/verdadeon.com.br\/portal\/wp-content\/uploads\/2022\/10\/WhatsApp-Image-2022-10-21-at-17.26.17-e1666723645426.jpeg?fit=1001%2C668&ssl=1\",\"width\":1001,\"height\":668,\"caption\":\"A Feapaes-SP (Federa\u00e7\u00e3o das Apaes do Estado de S\u00e3o Paulo) tem sede em Franca e assessora 308 APAES paulistas | Foto: Divulga\u00e7\u00e3o\"},{\"@type\":\"BreadcrumbList\",\"@id\":\"https:\/\/verdadeon.com.br\/portal\/2022\/10\/25\/feapaes-sp-fica-entre-as-melhores-ongs-do-brasil-pelo-segundo-ano-consecutivo\/#breadcrumb\",\"itemListElement\":[{\"@type\":\"ListItem\",\"position\":1,\"name\":\"In\u00edcio\",\"item\":\"https:\/\/verdadeon.com.br\/portal\/\"},{\"@type\":\"ListItem\",\"position\":2,\"name\":\"Feapaes-SP fica entre as melhores ONGs do Brasil pelo segundo ano consecutivo\"}]},{\"@type\":\"WebSite\",\"@id\":\"https:\/\/verdadeon.com.br\/portal\/#website\",\"url\":\"https:\/\/verdadeon.com.br\/portal\/\",\"name\":\"VerdadeOn\",\"description\":\"Not\u00edcias di\u00e1rias sobre Franca, Regi\u00e3o, Esporte, Cultura, Cotidiano, Colunas. Cobertura nos principais eventos da cidade \u00e9 aqui - Verdadeon Franca\",\"potentialAction\":[{\"@type\":\"SearchAction\",\"target\":{\"@type\":\"EntryPoint\",\"urlTemplate\":\"https:\/\/verdadeon.com.br\/portal\/?s={search_term_string}\"},\"query-input\":{\"@type\":\"PropertyValueSpecification\",\"valueRequired\":true,\"valueName\":\"search_term_string\"}}],\"inLanguage\":\"pt-BR\"},{\"@type\":\"Person\",\"@id\":\"https:\/\/verdadeon.com.br\/portal\/#\/schema\/person\/a5060ad1e9ea3df545188fc93ce43d2f\",\"name\":\"Redacao VerdadeOn\",\"image\":{\"@type\":\"ImageObject\",\"inLanguage\":\"pt-BR\",\"@id\":\"https:\/\/verdadeon.com.br\/portal\/#\/schema\/person\/image\/\",\"url\":\"https:\/\/secure.gravatar.com\/avatar\/459a9613caaaf07f582c3d0841eea68bdd66f533e465e6ba8b9cb45619572cf4?s=96&d=mm&r=g\",\"contentUrl\":\"https:\/\/secure.gravatar.com\/avatar\/459a9613caaaf07f582c3d0841eea68bdd66f533e465e6ba8b9cb45619572cf4?s=96&d=mm&r=g\",\"caption\":\"Redacao VerdadeOn\"},\"url\":\"https:\/\/verdadeon.com.br\/portal\/author\/redacao\/\"}]}<\/script>\n<!-- \/ Yoast SEO plugin. -->","yoast_head_json":{"title":"Feapaes-SP fica entre as melhores ONGs do Brasil pelo segundo ano consecutivo - VerdadeOn","robots":{"index":"index","follow":"follow","max-snippet":"max-snippet:-1","max-image-preview":"max-image-preview:large","max-video-preview":"max-video-preview:-1"},"canonical":"https:\/\/verdadeon.com.br\/portal\/2022\/10\/25\/feapaes-sp-fica-entre-as-melhores-ongs-do-brasil-pelo-segundo-ano-consecutivo\/","og_locale":"pt_BR","og_type":"article","og_title":"Feapaes-SP fica entre as melhores ONGs do Brasil pelo segundo ano consecutivo - VerdadeOn","og_description":"Sediada em Franca, Federa\u00e7\u00e3o foi eleita uma das 100 melhores ONGs do Brasil em 2022 Fundada em 1993, a Feapaes-SP (Federa\u00e7\u00e3o das Apaes do Estado de [\u2026]","og_url":"https:\/\/verdadeon.com.br\/portal\/2022\/10\/25\/feapaes-sp-fica-entre-as-melhores-ongs-do-brasil-pelo-segundo-ano-consecutivo\/","og_site_name":"VerdadeOn","article_published_time":"2022-10-25T18:51:57+00:00","og_image":[{"width":1001,"height":668,"url":"https:\/\/verdadeon.com.br\/portal\/wp-content\/uploads\/2022\/10\/WhatsApp-Image-2022-10-21-at-17.26.17-e1666723645426.jpeg","type":"image\/jpeg"}],"author":"Redacao VerdadeOn","twitter_card":"summary_large_image","twitter_misc":{"Escrito por":"Redacao VerdadeOn","Est. tempo de leitura":"2 minutos"},"schema":{"@context":"https:\/\/schema.org","@graph":[{"@type":"WebPage","@id":"https:\/\/verdadeon.com.br\/portal\/2022\/10\/25\/feapaes-sp-fica-entre-as-melhores-ongs-do-brasil-pelo-segundo-ano-consecutivo\/","url":"https:\/\/verdadeon.com.br\/portal\/2022\/10\/25\/feapaes-sp-fica-entre-as-melhores-ongs-do-brasil-pelo-segundo-ano-consecutivo\/","name":"Feapaes-SP fica entre as melhores ONGs do Brasil pelo segundo ano consecutivo - VerdadeOn","isPartOf":{"@id":"https:\/\/verdadeon.com.br\/portal\/#website"},"primaryImageOfPage":{"@id":"https:\/\/verdadeon.com.br\/portal\/2022\/10\/25\/feapaes-sp-fica-entre-as-melhores-ongs-do-brasil-pelo-segundo-ano-consecutivo\/#primaryimage"},"image":{"@id":"https:\/\/verdadeon.com.br\/portal\/2022\/10\/25\/feapaes-sp-fica-entre-as-melhores-ongs-do-brasil-pelo-segundo-ano-consecutivo\/#primaryimage"},"thumbnailUrl":"https:\/\/i0.wp.com\/verdadeon.com.br\/portal\/wp-content\/uploads\/2022\/10\/WhatsApp-Image-2022-10-21-at-17.26.17-e1666723645426.jpeg?fit=1001%2C668&ssl=1","datePublished":"2022-10-25T18:51:57+00:00","author":{"@id":"https:\/\/verdadeon.com.br\/portal\/#\/schema\/person\/a5060ad1e9ea3df545188fc93ce43d2f"},"breadcrumb":{"@id":"https:\/\/verdadeon.com.br\/portal\/2022\/10\/25\/feapaes-sp-fica-entre-as-melhores-ongs-do-brasil-pelo-segundo-ano-consecutivo\/#breadcrumb"},"inLanguage":"pt-BR","potentialAction":[{"@type":"ReadAction","target":["https:\/\/verdadeon.com.br\/portal\/2022\/10\/25\/feapaes-sp-fica-entre-as-melhores-ongs-do-brasil-pelo-segundo-ano-consecutivo\/"]}]},{"@type":"ImageObject","inLanguage":"pt-BR","@id":"https:\/\/verdadeon.com.br\/portal\/2022\/10\/25\/feapaes-sp-fica-entre-as-melhores-ongs-do-brasil-pelo-segundo-ano-consecutivo\/#primaryimage","url":"https:\/\/i0.wp.com\/verdadeon.com.br\/portal\/wp-content\/uploads\/2022\/10\/WhatsApp-Image-2022-10-21-at-17.26.17-e1666723645426.jpeg?fit=1001%2C668&ssl=1","contentUrl":"https:\/\/i0.wp.com\/verdadeon.com.br\/portal\/wp-content\/uploads\/2022\/10\/WhatsApp-Image-2022-10-21-at-17.26.17-e1666723645426.jpeg?fit=1001%2C668&ssl=1","width":1001,"height":668,"caption":"A Feapaes-SP (Federa\u00e7\u00e3o das Apaes do Estado de S\u00e3o Paulo) tem sede em Franca e assessora 308 APAES paulistas | Foto: Divulga\u00e7\u00e3o"},{"@type":"BreadcrumbList","@id":"https:\/\/verdadeon.com.br\/portal\/2022\/10\/25\/feapaes-sp-fica-entre-as-melhores-ongs-do-brasil-pelo-segundo-ano-consecutivo\/#breadcrumb","itemListElement":[{"@type":"ListItem","position":1,"name":"In\u00edcio","item":"https:\/\/verdadeon.com.br\/portal\/"},{"@type":"ListItem","position":2,"name":"Feapaes-SP fica entre as melhores ONGs do Brasil pelo segundo ano consecutivo"}]},{"@type":"WebSite","@id":"https:\/\/verdadeon.com.br\/portal\/#website","url":"https:\/\/verdadeon.com.br\/portal\/","name":"VerdadeOn","description":"Not\u00edcias di\u00e1rias sobre Franca, Regi\u00e3o, Esporte, Cultura, Cotidiano, Colunas. Cobertura nos principais eventos da cidade \u00e9 aqui - Verdadeon Franca","potentialAction":[{"@type":"SearchAction","target":{"@type":"EntryPoint","urlTemplate":"https:\/\/verdadeon.com.br\/portal\/?s={search_term_string}"},"query-input":{"@type":"PropertyValueSpecification","valueRequired":true,"valueName":"search_term_string"}}],"inLanguage":"pt-BR"},{"@type":"Person","@id":"https:\/\/verdadeon.com.br\/portal\/#\/schema\/person\/a5060ad1e9ea3df545188fc93ce43d2f","name":"Redacao VerdadeOn","image":{"@type":"ImageObject","inLanguage":"pt-BR","@id":"https:\/\/verdadeon.com.br\/portal\/#\/schema\/person\/image\/","url":"https:\/\/secure.gravatar.com\/avatar\/459a9613caaaf07f582c3d0841eea68bdd66f533e465e6ba8b9cb45619572cf4?s=96&d=mm&r=g","contentUrl":"https:\/\/secure.gravatar.com\/avatar\/459a9613caaaf07f582c3d0841eea68bdd66f533e465e6ba8b9cb45619572cf4?s=96&d=mm&r=g","caption":"Redacao VerdadeOn"},"url":"https:\/\/verdadeon.com.br\/portal\/author\/redacao\/"}]}},"jetpack_publicize_connections":[],"jetpack_featured_media_url":"https:\/\/i0.wp.com\/verdadeon.com.br\/portal\/wp-content\/uploads\/2022\/10\/WhatsApp-Image-2022-10-21-at-17.26.17-e1666723645426.jpeg?fit=1001%2C668&ssl=1","jetpack_sharing_enabled":true,"_links":{"self":[{"href":"https:\/\/verdadeon.com.br\/portal\/wp-json\/wp\/v2\/posts\/29082","targetHints":{"allow":["GET"]}}],"collection":[{"href":"https:\/\/verdadeon.com.br\/portal\/wp-json\/wp\/v2\/posts"}],"about":[{"href":"https:\/\/verdadeon.com.br\/portal\/wp-json\/wp\/v2\/types\/post"}],"author":[{"embeddable":true,"href":"https:\/\/verdadeon.com.br\/portal\/wp-json\/wp\/v2\/users\/10"}],"replies":[{"embeddable":true,"href":"https:\/\/verdadeon.com.br\/portal\/wp-json\/wp\/v2\/comments?post=29082"}],"version-history":[{"count":1,"href":"https:\/\/verdadeon.com.br\/portal\/wp-json\/wp\/v2\/posts\/29082\/revisions"}],"predecessor-version":[{"id":29083,"href":"https:\/\/verdadeon.com.br\/portal\/wp-json\/wp\/v2\/posts\/29082\/revisions\/29083"}],"wp:featuredmedia":[{"embeddable":true,"href":"https:\/\/verdadeon.com.br\/portal\/wp-json\/wp\/v2\/media\/29078"}],"wp:attachment":[{"href":"https:\/\/verdadeon.com.br\/portal\/wp-json\/wp\/v2\/media?parent=29082"}],"wp:term":[{"taxonomy":"category","embeddable":true,"href":"https:\/\/verdadeon.com.br\/portal\/wp-json\/wp\/v2\/categories?post=29082"},{"taxonomy":"post_tag","embeddable":true,"href":"https:\/\/verdadeon.com.br\/portal\/wp-json\/wp\/v2\/tags?post=29082"}],"curies":[{"name":"wp","href":"https:\/\/api.w.org\/{rel}","templated":true}]}}