{"id":29071,"date":"2022-10-24T18:07:19","date_gmt":"2022-10-24T21:07:19","guid":{"rendered":"https:\/\/verdadeon.com.br\/portal\/?p=29071"},"modified":"2022-10-24T18:06:27","modified_gmt":"2022-10-24T21:06:27","slug":"escolas-tecnicas-do-centro-paula-souza-recebem-inscricoes-para-vestibulinho","status":"publish","type":"post","link":"https:\/\/verdadeon.com.br\/portal\/2022\/10\/24\/escolas-tecnicas-do-centro-paula-souza-recebem-inscricoes-para-vestibulinho\/","title":{"rendered":"Escolas T\u00e9cnicas do Centro Paula Souza recebem inscri\u00e7\u00f5es para vestibulinho"},"content":{"rendered":"<h2><span style=\"font-weight: 400;\">Processo seletivo oferece mais de 88 mil vagas no Estado; inscri\u00e7\u00e3o deve ser feita pela internet, at\u00e9 dia 18 de novembro<\/span><\/h2>\n<p><span style=\"font-weight: 400;\">Interessados em estudar em uma das Escolas T\u00e9cnicas Estaduais (Etecs) do Centro Paula Souza (CPS) no primeiro semestre de 2023 t\u00eam at\u00e9 as 15 horas de 18 de novembro para se inscrever, exclusivamente pela internet. Para participar do processo seletivo, \u00e9 preciso preencher a ficha cadastral e efetuar o pagamento da taxa, no valor de R$ 33. A prova ser\u00e1 aplicada no dia 18 de dezembro, \u00e0s 8 horas, e ter\u00e1 tr\u00eas horas de dura\u00e7\u00e3o.<\/span><\/p>\n<p><span style=\"font-weight: 400;\">O Vestibulinho oferece mais de 88 mil vagas, distribu\u00eddas entre os Cursos T\u00e9cnicos, Ensino M\u00e9dio Integrado ao T\u00e9cnico, Ensino M\u00e9dio com diferentes itiner\u00e1rios formativos, Articula\u00e7\u00e3o da Forma\u00e7\u00e3o Profissional M\u00e9dia e Superior (AMS), Especializa\u00e7\u00f5es T\u00e9cnicas e vagas remanescentes de segundo m\u00f3dulo.<\/span><\/p>\n<p><span style=\"font-weight: 400;\">Os cursos oferecidos, n\u00famero de vagas e requisitos para prestar o exame est\u00e3o dispon\u00edveis no site www.vestibulinhoetec.com.br. Outras informa\u00e7\u00f5es podem ser acessadas na Portaria do Vestibulinho.<\/span><\/p>\n<p><span style=\"font-weight: 400;\">As Etecs disponibilizam equipamentos para a inscri\u00e7\u00e3o ao candidato que n\u00e3o tenha acesso a computador e internet. O interessado deve entrar em contato com a unidade para agendar data e hor\u00e1rio, antes de ir ao local.<\/span><\/p>\n<h4><span style=\"font-weight: 400;\">Confira as pr\u00f3ximas datas do processo seletivo das Etecs:<\/span><\/h4>\n<p><span style=\"font-weight: 400;\">18 de novembro: per\u00edodo de inscri\u00e7\u00e3o para o Vestibulinho das Etecs;<\/span><\/p>\n<p><span style=\"font-weight: 400;\">31 de outubro \u2013 a partir das 15 horas: resultado do pedido de redu\u00e7\u00e3o da taxa;<\/span><\/p>\n<p><span style=\"font-weight: 400;\">31 de outubro a 18 de novembro \u2013 at\u00e9 as 15 horas: per\u00edodo de inscri\u00e7\u00e3o para quem solicitou a redu\u00e7\u00e3o da taxa de inscri\u00e7\u00e3o;<\/span><\/p>\n<p><span style=\"font-weight: 400;\">1\u00ba e 2 de novembro: pedido de recurso para o resultado da redu\u00e7\u00e3o da taxa de inscri\u00e7\u00e3o;<\/span><\/p>\n<p><span style=\"font-weight: 400;\">7 de novembro \u2013 a partir das 15 horas: resultado do recurso para o pedido de redu\u00e7\u00e3o da taxa de inscri\u00e7\u00e3o;<\/span><\/p>\n<p><span style=\"font-weight: 400;\">15 de dezembro \u2013 a partir das 15 horas: divulga\u00e7\u00e3o dos locais de prova;<\/span><\/p>\n<p><span style=\"font-weight: 400;\">18 de dezembro \u2013 \u00e0s 8 horas: Aplica\u00e7\u00e3o da prova presencial;<\/span><\/p>\n<p><span style=\"font-weight: 400;\">22 de dezembro \u2013 a partir das 15 horas: divulga\u00e7\u00e3o do gabarito oficial;<\/span><\/p>\n<p><span style=\"font-weight: 400;\">28 de dezembro \u2013 a partir das 15 horas: divulga\u00e7\u00e3o da classifica\u00e7\u00e3o geral e convoca\u00e7\u00e3o para provas de aptid\u00e3o;<\/span><\/p>\n<p><span style=\"font-weight: 400;\">3 e 4 de janeiro: Prova de aptid\u00e3o para os cursos de Canto, Dan\u00e7a, Reg\u00eancia e Teatro<\/span><\/p>\n<p>&nbsp;<\/p>\n","protected":false},"excerpt":{"rendered":"<p>Processo seletivo oferece mais de 88 mil vagas no Estado; inscri\u00e7\u00e3o deve ser feita pela internet, at\u00e9 dia 18 de novembro Interessados em estudar em uma<span class=\"excerpt-hellip\"> [\u2026]<\/span><\/p>\n","protected":false},"author":10,"featured_media":29072,"comment_status":"open","ping_status":"open","sticky":false,"template":"","format":"standard","meta":{"_jetpack_memberships_contains_paid_content":false,"footnotes":"","jetpack_publicize_message":"","jetpack_publicize_feature_enabled":true,"jetpack_social_post_already_shared":false,"jetpack_social_options":{"image_generator_settings":{"template":"highway","default_image_id":0,"enabled":false},"version":2}},"categories":[28,44],"tags":[],"class_list":["post-29071","post","type-post","status-publish","format-standard","has-post-thumbnail","hentry","category-cotidiano","category-noticias"],"yoast_head":"<!-- This site is optimized with the Yoast SEO plugin v25.6 - https:\/\/yoast.com\/wordpress\/plugins\/seo\/ -->\n<title>Escolas T\u00e9cnicas do Centro Paula Souza recebem inscri\u00e7\u00f5es para vestibulinho - VerdadeOn<\/title>\n<meta name=\"robots\" content=\"index, follow, max-snippet:-1, max-image-preview:large, max-video-preview:-1\" \/>\n<link rel=\"canonical\" href=\"https:\/\/verdadeon.com.br\/portal\/2022\/10\/24\/escolas-tecnicas-do-centro-paula-souza-recebem-inscricoes-para-vestibulinho\/\" \/>\n<meta property=\"og:locale\" content=\"pt_BR\" \/>\n<meta property=\"og:type\" content=\"article\" \/>\n<meta property=\"og:title\" content=\"Escolas T\u00e9cnicas do Centro Paula Souza recebem inscri\u00e7\u00f5es para vestibulinho - VerdadeOn\" \/>\n<meta property=\"og:description\" content=\"Processo seletivo oferece mais de 88 mil vagas no Estado; inscri\u00e7\u00e3o deve ser feita pela internet, at\u00e9 dia 18 de novembro Interessados em estudar em uma [\u2026]\" \/>\n<meta property=\"og:url\" content=\"https:\/\/verdadeon.com.br\/portal\/2022\/10\/24\/escolas-tecnicas-do-centro-paula-souza-recebem-inscricoes-para-vestibulinho\/\" \/>\n<meta property=\"og:site_name\" content=\"VerdadeOn\" \/>\n<meta property=\"article:published_time\" content=\"2022-10-24T21:07:19+00:00\" \/>\n<meta property=\"og:image\" content=\"https:\/\/verdadeon.com.br\/portal\/wp-content\/uploads\/2022\/10\/WhatsApp-Image-2022-10-24-at-17.31.55.jpeg\" \/>\n\t<meta property=\"og:image:width\" content=\"1000\" \/>\n\t<meta property=\"og:image:height\" content=\"670\" \/>\n\t<meta property=\"og:image:type\" content=\"image\/jpeg\" \/>\n<meta name=\"author\" content=\"Redacao VerdadeOn\" \/>\n<meta name=\"twitter:card\" content=\"summary_large_image\" \/>\n<meta name=\"twitter:label1\" content=\"Escrito por\" \/>\n\t<meta name=\"twitter:data1\" content=\"Redacao VerdadeOn\" \/>\n\t<meta name=\"twitter:label2\" content=\"Est. tempo de leitura\" \/>\n\t<meta name=\"twitter:data2\" content=\"3 minutos\" \/>\n<script type=\"application\/ld+json\" class=\"yoast-schema-graph\">{\"@context\":\"https:\/\/schema.org\",\"@graph\":[{\"@type\":\"WebPage\",\"@id\":\"https:\/\/verdadeon.com.br\/portal\/2022\/10\/24\/escolas-tecnicas-do-centro-paula-souza-recebem-inscricoes-para-vestibulinho\/\",\"url\":\"https:\/\/verdadeon.com.br\/portal\/2022\/10\/24\/escolas-tecnicas-do-centro-paula-souza-recebem-inscricoes-para-vestibulinho\/\",\"name\":\"Escolas T\u00e9cnicas do Centro Paula Souza recebem inscri\u00e7\u00f5es para vestibulinho - VerdadeOn\",\"isPartOf\":{\"@id\":\"https:\/\/verdadeon.com.br\/portal\/#website\"},\"primaryImageOfPage\":{\"@id\":\"https:\/\/verdadeon.com.br\/portal\/2022\/10\/24\/escolas-tecnicas-do-centro-paula-souza-recebem-inscricoes-para-vestibulinho\/#primaryimage\"},\"image\":{\"@id\":\"https:\/\/verdadeon.com.br\/portal\/2022\/10\/24\/escolas-tecnicas-do-centro-paula-souza-recebem-inscricoes-para-vestibulinho\/#primaryimage\"},\"thumbnailUrl\":\"https:\/\/i0.wp.com\/verdadeon.com.br\/portal\/wp-content\/uploads\/2022\/10\/WhatsApp-Image-2022-10-24-at-17.31.55.jpeg?fit=1000%2C670&ssl=1\",\"datePublished\":\"2022-10-24T21:07:19+00:00\",\"author\":{\"@id\":\"https:\/\/verdadeon.com.br\/portal\/#\/schema\/person\/a5060ad1e9ea3df545188fc93ce43d2f\"},\"breadcrumb\":{\"@id\":\"https:\/\/verdadeon.com.br\/portal\/2022\/10\/24\/escolas-tecnicas-do-centro-paula-souza-recebem-inscricoes-para-vestibulinho\/#breadcrumb\"},\"inLanguage\":\"pt-BR\",\"potentialAction\":[{\"@type\":\"ReadAction\",\"target\":[\"https:\/\/verdadeon.com.br\/portal\/2022\/10\/24\/escolas-tecnicas-do-centro-paula-souza-recebem-inscricoes-para-vestibulinho\/\"]}]},{\"@type\":\"ImageObject\",\"inLanguage\":\"pt-BR\",\"@id\":\"https:\/\/verdadeon.com.br\/portal\/2022\/10\/24\/escolas-tecnicas-do-centro-paula-souza-recebem-inscricoes-para-vestibulinho\/#primaryimage\",\"url\":\"https:\/\/i0.wp.com\/verdadeon.com.br\/portal\/wp-content\/uploads\/2022\/10\/WhatsApp-Image-2022-10-24-at-17.31.55.jpeg?fit=1000%2C670&ssl=1\",\"contentUrl\":\"https:\/\/i0.wp.com\/verdadeon.com.br\/portal\/wp-content\/uploads\/2022\/10\/WhatsApp-Image-2022-10-24-at-17.31.55.jpeg?fit=1000%2C670&ssl=1\",\"width\":1000,\"height\":670,\"caption\":\"Prova com 40 quest\u00f5es-teste ser\u00e1 aplicada no dia 18 de dezembro, a partir das 8 horas da manh\u00e3 | Foto Roberto Sungi\"},{\"@type\":\"BreadcrumbList\",\"@id\":\"https:\/\/verdadeon.com.br\/portal\/2022\/10\/24\/escolas-tecnicas-do-centro-paula-souza-recebem-inscricoes-para-vestibulinho\/#breadcrumb\",\"itemListElement\":[{\"@type\":\"ListItem\",\"position\":1,\"name\":\"In\u00edcio\",\"item\":\"https:\/\/verdadeon.com.br\/portal\/\"},{\"@type\":\"ListItem\",\"position\":2,\"name\":\"Escolas T\u00e9cnicas do Centro Paula Souza recebem inscri\u00e7\u00f5es para vestibulinho\"}]},{\"@type\":\"WebSite\",\"@id\":\"https:\/\/verdadeon.com.br\/portal\/#website\",\"url\":\"https:\/\/verdadeon.com.br\/portal\/\",\"name\":\"VerdadeOn\",\"description\":\"Not\u00edcias di\u00e1rias sobre Franca, Regi\u00e3o, Esporte, Cultura, Cotidiano, Colunas. Cobertura nos principais eventos da cidade \u00e9 aqui - Verdadeon Franca\",\"potentialAction\":[{\"@type\":\"SearchAction\",\"target\":{\"@type\":\"EntryPoint\",\"urlTemplate\":\"https:\/\/verdadeon.com.br\/portal\/?s={search_term_string}\"},\"query-input\":{\"@type\":\"PropertyValueSpecification\",\"valueRequired\":true,\"valueName\":\"search_term_string\"}}],\"inLanguage\":\"pt-BR\"},{\"@type\":\"Person\",\"@id\":\"https:\/\/verdadeon.com.br\/portal\/#\/schema\/person\/a5060ad1e9ea3df545188fc93ce43d2f\",\"name\":\"Redacao VerdadeOn\",\"image\":{\"@type\":\"ImageObject\",\"inLanguage\":\"pt-BR\",\"@id\":\"https:\/\/verdadeon.com.br\/portal\/#\/schema\/person\/image\/\",\"url\":\"https:\/\/secure.gravatar.com\/avatar\/459a9613caaaf07f582c3d0841eea68bdd66f533e465e6ba8b9cb45619572cf4?s=96&d=mm&r=g\",\"contentUrl\":\"https:\/\/secure.gravatar.com\/avatar\/459a9613caaaf07f582c3d0841eea68bdd66f533e465e6ba8b9cb45619572cf4?s=96&d=mm&r=g\",\"caption\":\"Redacao VerdadeOn\"},\"url\":\"https:\/\/verdadeon.com.br\/portal\/author\/redacao\/\"}]}<\/script>\n<!-- \/ Yoast SEO plugin. -->","yoast_head_json":{"title":"Escolas T\u00e9cnicas do Centro Paula Souza recebem inscri\u00e7\u00f5es para vestibulinho - VerdadeOn","robots":{"index":"index","follow":"follow","max-snippet":"max-snippet:-1","max-image-preview":"max-image-preview:large","max-video-preview":"max-video-preview:-1"},"canonical":"https:\/\/verdadeon.com.br\/portal\/2022\/10\/24\/escolas-tecnicas-do-centro-paula-souza-recebem-inscricoes-para-vestibulinho\/","og_locale":"pt_BR","og_type":"article","og_title":"Escolas T\u00e9cnicas do Centro Paula Souza recebem inscri\u00e7\u00f5es para vestibulinho - VerdadeOn","og_description":"Processo seletivo oferece mais de 88 mil vagas no Estado; inscri\u00e7\u00e3o deve ser feita pela internet, at\u00e9 dia 18 de novembro Interessados em estudar em uma [\u2026]","og_url":"https:\/\/verdadeon.com.br\/portal\/2022\/10\/24\/escolas-tecnicas-do-centro-paula-souza-recebem-inscricoes-para-vestibulinho\/","og_site_name":"VerdadeOn","article_published_time":"2022-10-24T21:07:19+00:00","og_image":[{"width":1000,"height":670,"url":"https:\/\/verdadeon.com.br\/portal\/wp-content\/uploads\/2022\/10\/WhatsApp-Image-2022-10-24-at-17.31.55.jpeg","type":"image\/jpeg"}],"author":"Redacao VerdadeOn","twitter_card":"summary_large_image","twitter_misc":{"Escrito por":"Redacao VerdadeOn","Est. tempo de leitura":"3 minutos"},"schema":{"@context":"https:\/\/schema.org","@graph":[{"@type":"WebPage","@id":"https:\/\/verdadeon.com.br\/portal\/2022\/10\/24\/escolas-tecnicas-do-centro-paula-souza-recebem-inscricoes-para-vestibulinho\/","url":"https:\/\/verdadeon.com.br\/portal\/2022\/10\/24\/escolas-tecnicas-do-centro-paula-souza-recebem-inscricoes-para-vestibulinho\/","name":"Escolas T\u00e9cnicas do Centro Paula Souza recebem inscri\u00e7\u00f5es para vestibulinho - VerdadeOn","isPartOf":{"@id":"https:\/\/verdadeon.com.br\/portal\/#website"},"primaryImageOfPage":{"@id":"https:\/\/verdadeon.com.br\/portal\/2022\/10\/24\/escolas-tecnicas-do-centro-paula-souza-recebem-inscricoes-para-vestibulinho\/#primaryimage"},"image":{"@id":"https:\/\/verdadeon.com.br\/portal\/2022\/10\/24\/escolas-tecnicas-do-centro-paula-souza-recebem-inscricoes-para-vestibulinho\/#primaryimage"},"thumbnailUrl":"https:\/\/i0.wp.com\/verdadeon.com.br\/portal\/wp-content\/uploads\/2022\/10\/WhatsApp-Image-2022-10-24-at-17.31.55.jpeg?fit=1000%2C670&ssl=1","datePublished":"2022-10-24T21:07:19+00:00","author":{"@id":"https:\/\/verdadeon.com.br\/portal\/#\/schema\/person\/a5060ad1e9ea3df545188fc93ce43d2f"},"breadcrumb":{"@id":"https:\/\/verdadeon.com.br\/portal\/2022\/10\/24\/escolas-tecnicas-do-centro-paula-souza-recebem-inscricoes-para-vestibulinho\/#breadcrumb"},"inLanguage":"pt-BR","potentialAction":[{"@type":"ReadAction","target":["https:\/\/verdadeon.com.br\/portal\/2022\/10\/24\/escolas-tecnicas-do-centro-paula-souza-recebem-inscricoes-para-vestibulinho\/"]}]},{"@type":"ImageObject","inLanguage":"pt-BR","@id":"https:\/\/verdadeon.com.br\/portal\/2022\/10\/24\/escolas-tecnicas-do-centro-paula-souza-recebem-inscricoes-para-vestibulinho\/#primaryimage","url":"https:\/\/i0.wp.com\/verdadeon.com.br\/portal\/wp-content\/uploads\/2022\/10\/WhatsApp-Image-2022-10-24-at-17.31.55.jpeg?fit=1000%2C670&ssl=1","contentUrl":"https:\/\/i0.wp.com\/verdadeon.com.br\/portal\/wp-content\/uploads\/2022\/10\/WhatsApp-Image-2022-10-24-at-17.31.55.jpeg?fit=1000%2C670&ssl=1","width":1000,"height":670,"caption":"Prova com 40 quest\u00f5es-teste ser\u00e1 aplicada no dia 18 de dezembro, a partir das 8 horas da manh\u00e3 | Foto Roberto Sungi"},{"@type":"BreadcrumbList","@id":"https:\/\/verdadeon.com.br\/portal\/2022\/10\/24\/escolas-tecnicas-do-centro-paula-souza-recebem-inscricoes-para-vestibulinho\/#breadcrumb","itemListElement":[{"@type":"ListItem","position":1,"name":"In\u00edcio","item":"https:\/\/verdadeon.com.br\/portal\/"},{"@type":"ListItem","position":2,"name":"Escolas T\u00e9cnicas do Centro Paula Souza recebem inscri\u00e7\u00f5es para vestibulinho"}]},{"@type":"WebSite","@id":"https:\/\/verdadeon.com.br\/portal\/#website","url":"https:\/\/verdadeon.com.br\/portal\/","name":"VerdadeOn","description":"Not\u00edcias di\u00e1rias sobre Franca, Regi\u00e3o, Esporte, Cultura, Cotidiano, Colunas. Cobertura nos principais eventos da cidade \u00e9 aqui - Verdadeon Franca","potentialAction":[{"@type":"SearchAction","target":{"@type":"EntryPoint","urlTemplate":"https:\/\/verdadeon.com.br\/portal\/?s={search_term_string}"},"query-input":{"@type":"PropertyValueSpecification","valueRequired":true,"valueName":"search_term_string"}}],"inLanguage":"pt-BR"},{"@type":"Person","@id":"https:\/\/verdadeon.com.br\/portal\/#\/schema\/person\/a5060ad1e9ea3df545188fc93ce43d2f","name":"Redacao VerdadeOn","image":{"@type":"ImageObject","inLanguage":"pt-BR","@id":"https:\/\/verdadeon.com.br\/portal\/#\/schema\/person\/image\/","url":"https:\/\/secure.gravatar.com\/avatar\/459a9613caaaf07f582c3d0841eea68bdd66f533e465e6ba8b9cb45619572cf4?s=96&d=mm&r=g","contentUrl":"https:\/\/secure.gravatar.com\/avatar\/459a9613caaaf07f582c3d0841eea68bdd66f533e465e6ba8b9cb45619572cf4?s=96&d=mm&r=g","caption":"Redacao VerdadeOn"},"url":"https:\/\/verdadeon.com.br\/portal\/author\/redacao\/"}]}},"jetpack_publicize_connections":[],"jetpack_featured_media_url":"https:\/\/i0.wp.com\/verdadeon.com.br\/portal\/wp-content\/uploads\/2022\/10\/WhatsApp-Image-2022-10-24-at-17.31.55.jpeg?fit=1000%2C670&ssl=1","jetpack_sharing_enabled":true,"_links":{"self":[{"href":"https:\/\/verdadeon.com.br\/portal\/wp-json\/wp\/v2\/posts\/29071","targetHints":{"allow":["GET"]}}],"collection":[{"href":"https:\/\/verdadeon.com.br\/portal\/wp-json\/wp\/v2\/posts"}],"about":[{"href":"https:\/\/verdadeon.com.br\/portal\/wp-json\/wp\/v2\/types\/post"}],"author":[{"embeddable":true,"href":"https:\/\/verdadeon.com.br\/portal\/wp-json\/wp\/v2\/users\/10"}],"replies":[{"embeddable":true,"href":"https:\/\/verdadeon.com.br\/portal\/wp-json\/wp\/v2\/comments?post=29071"}],"version-history":[{"count":1,"href":"https:\/\/verdadeon.com.br\/portal\/wp-json\/wp\/v2\/posts\/29071\/revisions"}],"predecessor-version":[{"id":29073,"href":"https:\/\/verdadeon.com.br\/portal\/wp-json\/wp\/v2\/posts\/29071\/revisions\/29073"}],"wp:featuredmedia":[{"embeddable":true,"href":"https:\/\/verdadeon.com.br\/portal\/wp-json\/wp\/v2\/media\/29072"}],"wp:attachment":[{"href":"https:\/\/verdadeon.com.br\/portal\/wp-json\/wp\/v2\/media?parent=29071"}],"wp:term":[{"taxonomy":"category","embeddable":true,"href":"https:\/\/verdadeon.com.br\/portal\/wp-json\/wp\/v2\/categories?post=29071"},{"taxonomy":"post_tag","embeddable":true,"href":"https:\/\/verdadeon.com.br\/portal\/wp-json\/wp\/v2\/tags?post=29071"}],"curies":[{"name":"wp","href":"https:\/\/api.w.org\/{rel}","templated":true}]}}