{"id":29037,"date":"2022-10-22T10:20:23","date_gmt":"2022-10-22T13:20:23","guid":{"rendered":"https:\/\/verdadeon.com.br\/portal\/?p=29037"},"modified":"2022-10-22T16:37:17","modified_gmt":"2022-10-22T19:37:17","slug":"congresso-de-gestao-em-sp-recebe-empresarios-de-franca-e-pode-ser-feito-no-interior","status":"publish","type":"post","link":"https:\/\/verdadeon.com.br\/portal\/2022\/10\/22\/congresso-de-gestao-em-sp-recebe-empresarios-de-franca-e-pode-ser-feito-no-interior\/","title":{"rendered":"Congresso de gest\u00e3o em SP recebe empres\u00e1rios de Franca e pode ser feito no interior"},"content":{"rendered":"<h2><i>Cases de sucesso no caf\u00e9, cal\u00e7ado, tecnologia e no esporte foram apresentados nos dias 18 e 19 de outubro, para l\u00edderes da \u00e1rea no XIII Congresso Six Sigma Brasil<\/i><\/h2>\n<div>\n<p>A for\u00e7a do agro e o trabalho da Labareda Agropecu\u00e1ria, os ciclos e desafios do Franca Basquete como empresa, o avan\u00e7o da tecnologia e o processo de aquisi\u00e7\u00e3o da HubSales pelo Magalu e o cen\u00e1rio de altos e baixos do cluster cal\u00e7adista de Franca. Todos esses temas foram apresentados e debatidos por empres\u00e1rios francanos nos dias 18 e 19 de outubro (ter\u00e7a e quarta-feira), durante o XIII Congresso Internacional Six Sigma Brasil, em S\u00e3o Paulo. \u00a0O evento reuniu l\u00edderes da \u00e1rea de gest\u00e3o para discutir as melhores pr\u00e1ticas em gerenciamento de processos e qualidade.<\/p>\n<p>Pela primeira vez, a convite do head do Six Sigma no nordeste do Estado de S\u00e3o Paulo, Antonin Bartos, o evento recebeu empres\u00e1rios de Franca para expor seus cases de sucesso. Estiveram presentes Fl\u00e1via Lancha, Carlos Renato Donzelli, Guilherme Artiles e Giuliano Spinelli para falar, respectivamente, de suas experi\u00eancias de gest\u00e3o aplicada no caf\u00e9, no esporte, na tecnologia e no cal\u00e7ado.<\/p>\n<p>\u201cFoi uma troca. Grandes empresas atrav\u00e9s de seus executivos presentes, refor\u00e7aram, assistindo as palestras, seus conceitos e cren\u00e7as do profissionalismo e oportunidades do nordeste do Estado de S\u00e3o Paulo. Por outro lado, os palestrantes de Franca voltaram com novas ideias, atualiza\u00e7\u00f5es em metodologias em excel\u00eancia de gest\u00e3o empresarial, novos contatos e o desejo de aplicar tudo isto no ecossistema econ\u00f4mico da cidade de Franca e regi\u00e3o\u201d, avaliou Antonin.<\/p>\n<p>Com estrutura de palestras sobre temas do universo corporativo, o congresso tamb\u00e9m recebeu nomes como Ricardo Karbage, presidente da Xerox do Brasil, Rafael Cervone Netto, presidente do Ciesp (Centro das Ind\u00fastrias do Estado de S\u00e3o Paulo) e vice-presidente do Fiesp (Federa\u00e7\u00e3o das Ind\u00fastrias do Estado de S\u00e3o Paulo) e Chieko Aoki, fundadora e presidente do grupo hoteleiro Blue Tree Hotels, al\u00e9m de executivos da Volkswagen, Eurofarma, Heineken, Ambev, entre outras companhias.<\/p>\n<p>Para o CEO da Six Sigma, Cl\u00f3vis B\u00e9rgamo Filho, ter empres\u00e1rios do interior de S\u00e3o Paulo como palestrantes em um congresso t\u00e9cnico na capital, possibilitou a atualiza\u00e7\u00e3o de conhecimentos a partir de casos reais em setores distintos. \u201cFoi excepcional a participa\u00e7\u00e3o deles e muito produtiva, j\u00e1 que puderam entender e visualizar o que o congresso propicia e ao mesmo tempo apresentar os modelos de gest\u00e3o de suas organiza\u00e7\u00f5es\u201d, contou.<\/p>\n<p>Cl\u00f3vis B\u00e9rgamo tamb\u00e9m destacou que o congresso possibilitou um rico networking para o desenvolvimento de novos neg\u00f3cios e de conte\u00fado estrat\u00e9gico para outras empresas de Franca e regi\u00e3o. \u201cInclusive j\u00e1 estamos vendo a possibilidade de fazer um congresso semelhante em Franca\u201d, revelou o executivo.<\/p>\n<p>Segundo a empres\u00e1ria Fl\u00e1via Lancha, da Labareda Agropecu\u00e1ria, que palestrou no primeiro dia do evento, sua participa\u00e7\u00e3o no Congresso SixSigma possibilitou mostrar que o campo tamb\u00e9m investe em tecnologia e gest\u00e3o. \u201cMe senti honrada em poder contribuir. \u00c9 um congresso renomado e antes fiquei me perguntando quem em S\u00e3o Paulo estaria interessado em saber sobre o agro e teve um p\u00fablico participativo e que n\u00e3o tinha no\u00e7\u00e3o realmente do que o agroneg\u00f3cio representa para o Brasil\u201d.<\/p>\n<p>Diretor da PG4 Galleria e do Sindifranca, Giuliano Spnielli Gera, tamb\u00e9m comentou sobre o convite recebido e do tema apresentado no evento. \u201cFoi um imenso prazer palestrar no Congresso SixSigma, representando o setor cal\u00e7adista. Estamos tentando fazer uma restrutura\u00e7\u00e3o do cluster cal\u00e7adista de Franca e isso est\u00e1 relacionado com melhoria cont\u00ednua, tema principal do evento. Ent\u00e3o apresentamos nossa realidade e algumas necessidades v\u00e3o de encontro ao que foi dito no congresso, com a restrutura\u00e7\u00e3o de cadeias de valor e mais especificamente linhas de fabrica\u00e7\u00e3o com intelig\u00eancias de gest\u00e3o\u201d, destacou o empres\u00e1rio.<\/p>\n<\/div>\n","protected":false},"excerpt":{"rendered":"<p>Cases de sucesso no caf\u00e9, cal\u00e7ado, tecnologia e no esporte foram apresentados nos dias 18 e 19 de outubro, para l\u00edderes da \u00e1rea no XIII Congresso<span class=\"excerpt-hellip\"> [\u2026]<\/span><\/p>\n","protected":false},"author":4,"featured_media":29038,"comment_status":"open","ping_status":"open","sticky":false,"template":"","format":"standard","meta":{"_jetpack_memberships_contains_paid_content":false,"footnotes":"","jetpack_publicize_message":"","jetpack_publicize_feature_enabled":true,"jetpack_social_post_already_shared":false,"jetpack_social_options":{"image_generator_settings":{"template":"highway","default_image_id":0,"enabled":false},"version":2}},"categories":[28,44],"tags":[],"class_list":["post-29037","post","type-post","status-publish","format-standard","has-post-thumbnail","hentry","category-cotidiano","category-noticias"],"yoast_head":"<!-- This site is optimized with the Yoast SEO plugin v25.6 - https:\/\/yoast.com\/wordpress\/plugins\/seo\/ -->\n<title>Congresso de gest\u00e3o em SP recebe empres\u00e1rios de Franca e pode ser feito no interior - VerdadeOn<\/title>\n<meta name=\"robots\" content=\"index, follow, max-snippet:-1, max-image-preview:large, max-video-preview:-1\" \/>\n<link rel=\"canonical\" href=\"https:\/\/verdadeon.com.br\/portal\/2022\/10\/22\/congresso-de-gestao-em-sp-recebe-empresarios-de-franca-e-pode-ser-feito-no-interior\/\" \/>\n<meta property=\"og:locale\" content=\"pt_BR\" \/>\n<meta property=\"og:type\" content=\"article\" \/>\n<meta property=\"og:title\" content=\"Congresso de gest\u00e3o em SP recebe empres\u00e1rios de Franca e pode ser feito no interior - VerdadeOn\" \/>\n<meta property=\"og:description\" content=\"Cases de sucesso no caf\u00e9, cal\u00e7ado, tecnologia e no esporte foram apresentados nos dias 18 e 19 de outubro, para l\u00edderes da \u00e1rea no XIII Congresso [\u2026]\" \/>\n<meta property=\"og:url\" content=\"https:\/\/verdadeon.com.br\/portal\/2022\/10\/22\/congresso-de-gestao-em-sp-recebe-empresarios-de-franca-e-pode-ser-feito-no-interior\/\" \/>\n<meta property=\"og:site_name\" content=\"VerdadeOn\" \/>\n<meta property=\"article:published_time\" content=\"2022-10-22T13:20:23+00:00\" \/>\n<meta property=\"article:modified_time\" content=\"2022-10-22T19:37:17+00:00\" \/>\n<meta property=\"og:image\" content=\"https:\/\/verdadeon.com.br\/portal\/wp-content\/uploads\/2022\/10\/IMG-1252-scaled.jpg\" \/>\n\t<meta property=\"og:image:width\" content=\"2560\" \/>\n\t<meta property=\"og:image:height\" content=\"1707\" \/>\n\t<meta property=\"og:image:type\" content=\"image\/jpeg\" \/>\n<meta name=\"author\" content=\"Fernando Calixto\" \/>\n<meta name=\"twitter:card\" content=\"summary_large_image\" \/>\n<meta name=\"twitter:label1\" content=\"Escrito por\" \/>\n\t<meta name=\"twitter:data1\" content=\"Fernando Calixto\" \/>\n\t<meta name=\"twitter:label2\" content=\"Est. tempo de leitura\" \/>\n\t<meta name=\"twitter:data2\" content=\"4 minutos\" \/>\n<script type=\"application\/ld+json\" class=\"yoast-schema-graph\">{\"@context\":\"https:\/\/schema.org\",\"@graph\":[{\"@type\":\"WebPage\",\"@id\":\"https:\/\/verdadeon.com.br\/portal\/2022\/10\/22\/congresso-de-gestao-em-sp-recebe-empresarios-de-franca-e-pode-ser-feito-no-interior\/\",\"url\":\"https:\/\/verdadeon.com.br\/portal\/2022\/10\/22\/congresso-de-gestao-em-sp-recebe-empresarios-de-franca-e-pode-ser-feito-no-interior\/\",\"name\":\"Congresso de gest\u00e3o em SP recebe empres\u00e1rios de Franca e pode ser feito no interior - VerdadeOn\",\"isPartOf\":{\"@id\":\"https:\/\/verdadeon.com.br\/portal\/#website\"},\"primaryImageOfPage\":{\"@id\":\"https:\/\/verdadeon.com.br\/portal\/2022\/10\/22\/congresso-de-gestao-em-sp-recebe-empresarios-de-franca-e-pode-ser-feito-no-interior\/#primaryimage\"},\"image\":{\"@id\":\"https:\/\/verdadeon.com.br\/portal\/2022\/10\/22\/congresso-de-gestao-em-sp-recebe-empresarios-de-franca-e-pode-ser-feito-no-interior\/#primaryimage\"},\"thumbnailUrl\":\"https:\/\/i0.wp.com\/verdadeon.com.br\/portal\/wp-content\/uploads\/2022\/10\/IMG-1252-scaled.jpg?fit=2560%2C1707&ssl=1\",\"datePublished\":\"2022-10-22T13:20:23+00:00\",\"dateModified\":\"2022-10-22T19:37:17+00:00\",\"author\":{\"@id\":\"https:\/\/verdadeon.com.br\/portal\/#\/schema\/person\/8994718f49ee62ba5610471e29ca1f62\"},\"breadcrumb\":{\"@id\":\"https:\/\/verdadeon.com.br\/portal\/2022\/10\/22\/congresso-de-gestao-em-sp-recebe-empresarios-de-franca-e-pode-ser-feito-no-interior\/#breadcrumb\"},\"inLanguage\":\"pt-BR\",\"potentialAction\":[{\"@type\":\"ReadAction\",\"target\":[\"https:\/\/verdadeon.com.br\/portal\/2022\/10\/22\/congresso-de-gestao-em-sp-recebe-empresarios-de-franca-e-pode-ser-feito-no-interior\/\"]}]},{\"@type\":\"ImageObject\",\"inLanguage\":\"pt-BR\",\"@id\":\"https:\/\/verdadeon.com.br\/portal\/2022\/10\/22\/congresso-de-gestao-em-sp-recebe-empresarios-de-franca-e-pode-ser-feito-no-interior\/#primaryimage\",\"url\":\"https:\/\/i0.wp.com\/verdadeon.com.br\/portal\/wp-content\/uploads\/2022\/10\/IMG-1252-scaled.jpg?fit=2560%2C1707&ssl=1\",\"contentUrl\":\"https:\/\/i0.wp.com\/verdadeon.com.br\/portal\/wp-content\/uploads\/2022\/10\/IMG-1252-scaled.jpg?fit=2560%2C1707&ssl=1\",\"width\":2560,\"height\":1707,\"caption\":\"Fabio Carneiro\/Six Sigma O diretor da holding MTG\/Magalu e membro da diretoria do Franca Basquete, Carlos Donzelli, durante palestra no Congresso Six Sigma Brasil\"},{\"@type\":\"BreadcrumbList\",\"@id\":\"https:\/\/verdadeon.com.br\/portal\/2022\/10\/22\/congresso-de-gestao-em-sp-recebe-empresarios-de-franca-e-pode-ser-feito-no-interior\/#breadcrumb\",\"itemListElement\":[{\"@type\":\"ListItem\",\"position\":1,\"name\":\"In\u00edcio\",\"item\":\"https:\/\/verdadeon.com.br\/portal\/\"},{\"@type\":\"ListItem\",\"position\":2,\"name\":\"Congresso de gest\u00e3o em SP recebe empres\u00e1rios de Franca e pode ser feito no interior\"}]},{\"@type\":\"WebSite\",\"@id\":\"https:\/\/verdadeon.com.br\/portal\/#website\",\"url\":\"https:\/\/verdadeon.com.br\/portal\/\",\"name\":\"VerdadeOn\",\"description\":\"Not\u00edcias di\u00e1rias sobre Franca, Regi\u00e3o, Esporte, Cultura, Cotidiano, Colunas. Cobertura nos principais eventos da cidade \u00e9 aqui - Verdadeon Franca\",\"potentialAction\":[{\"@type\":\"SearchAction\",\"target\":{\"@type\":\"EntryPoint\",\"urlTemplate\":\"https:\/\/verdadeon.com.br\/portal\/?s={search_term_string}\"},\"query-input\":{\"@type\":\"PropertyValueSpecification\",\"valueRequired\":true,\"valueName\":\"search_term_string\"}}],\"inLanguage\":\"pt-BR\"},{\"@type\":\"Person\",\"@id\":\"https:\/\/verdadeon.com.br\/portal\/#\/schema\/person\/8994718f49ee62ba5610471e29ca1f62\",\"name\":\"Fernando Calixto\",\"image\":{\"@type\":\"ImageObject\",\"inLanguage\":\"pt-BR\",\"@id\":\"https:\/\/verdadeon.com.br\/portal\/#\/schema\/person\/image\/\",\"url\":\"https:\/\/secure.gravatar.com\/avatar\/7578910c24966c0316c340f9dbd601e93ee9f9212e1033968b367af9306bd9fb?s=96&d=mm&r=g\",\"contentUrl\":\"https:\/\/secure.gravatar.com\/avatar\/7578910c24966c0316c340f9dbd601e93ee9f9212e1033968b367af9306bd9fb?s=96&d=mm&r=g\",\"caption\":\"Fernando Calixto\"},\"url\":\"https:\/\/verdadeon.com.br\/portal\/author\/fernando-calixto\/\"}]}<\/script>\n<!-- \/ Yoast SEO plugin. -->","yoast_head_json":{"title":"Congresso de gest\u00e3o em SP recebe empres\u00e1rios de Franca e pode ser feito no interior - VerdadeOn","robots":{"index":"index","follow":"follow","max-snippet":"max-snippet:-1","max-image-preview":"max-image-preview:large","max-video-preview":"max-video-preview:-1"},"canonical":"https:\/\/verdadeon.com.br\/portal\/2022\/10\/22\/congresso-de-gestao-em-sp-recebe-empresarios-de-franca-e-pode-ser-feito-no-interior\/","og_locale":"pt_BR","og_type":"article","og_title":"Congresso de gest\u00e3o em SP recebe empres\u00e1rios de Franca e pode ser feito no interior - VerdadeOn","og_description":"Cases de sucesso no caf\u00e9, cal\u00e7ado, tecnologia e no esporte foram apresentados nos dias 18 e 19 de outubro, para l\u00edderes da \u00e1rea no XIII Congresso [\u2026]","og_url":"https:\/\/verdadeon.com.br\/portal\/2022\/10\/22\/congresso-de-gestao-em-sp-recebe-empresarios-de-franca-e-pode-ser-feito-no-interior\/","og_site_name":"VerdadeOn","article_published_time":"2022-10-22T13:20:23+00:00","article_modified_time":"2022-10-22T19:37:17+00:00","og_image":[{"width":2560,"height":1707,"url":"https:\/\/verdadeon.com.br\/portal\/wp-content\/uploads\/2022\/10\/IMG-1252-scaled.jpg","type":"image\/jpeg"}],"author":"Fernando Calixto","twitter_card":"summary_large_image","twitter_misc":{"Escrito por":"Fernando Calixto","Est. tempo de leitura":"4 minutos"},"schema":{"@context":"https:\/\/schema.org","@graph":[{"@type":"WebPage","@id":"https:\/\/verdadeon.com.br\/portal\/2022\/10\/22\/congresso-de-gestao-em-sp-recebe-empresarios-de-franca-e-pode-ser-feito-no-interior\/","url":"https:\/\/verdadeon.com.br\/portal\/2022\/10\/22\/congresso-de-gestao-em-sp-recebe-empresarios-de-franca-e-pode-ser-feito-no-interior\/","name":"Congresso de gest\u00e3o em SP recebe empres\u00e1rios de Franca e pode ser feito no interior - VerdadeOn","isPartOf":{"@id":"https:\/\/verdadeon.com.br\/portal\/#website"},"primaryImageOfPage":{"@id":"https:\/\/verdadeon.com.br\/portal\/2022\/10\/22\/congresso-de-gestao-em-sp-recebe-empresarios-de-franca-e-pode-ser-feito-no-interior\/#primaryimage"},"image":{"@id":"https:\/\/verdadeon.com.br\/portal\/2022\/10\/22\/congresso-de-gestao-em-sp-recebe-empresarios-de-franca-e-pode-ser-feito-no-interior\/#primaryimage"},"thumbnailUrl":"https:\/\/i0.wp.com\/verdadeon.com.br\/portal\/wp-content\/uploads\/2022\/10\/IMG-1252-scaled.jpg?fit=2560%2C1707&ssl=1","datePublished":"2022-10-22T13:20:23+00:00","dateModified":"2022-10-22T19:37:17+00:00","author":{"@id":"https:\/\/verdadeon.com.br\/portal\/#\/schema\/person\/8994718f49ee62ba5610471e29ca1f62"},"breadcrumb":{"@id":"https:\/\/verdadeon.com.br\/portal\/2022\/10\/22\/congresso-de-gestao-em-sp-recebe-empresarios-de-franca-e-pode-ser-feito-no-interior\/#breadcrumb"},"inLanguage":"pt-BR","potentialAction":[{"@type":"ReadAction","target":["https:\/\/verdadeon.com.br\/portal\/2022\/10\/22\/congresso-de-gestao-em-sp-recebe-empresarios-de-franca-e-pode-ser-feito-no-interior\/"]}]},{"@type":"ImageObject","inLanguage":"pt-BR","@id":"https:\/\/verdadeon.com.br\/portal\/2022\/10\/22\/congresso-de-gestao-em-sp-recebe-empresarios-de-franca-e-pode-ser-feito-no-interior\/#primaryimage","url":"https:\/\/i0.wp.com\/verdadeon.com.br\/portal\/wp-content\/uploads\/2022\/10\/IMG-1252-scaled.jpg?fit=2560%2C1707&ssl=1","contentUrl":"https:\/\/i0.wp.com\/verdadeon.com.br\/portal\/wp-content\/uploads\/2022\/10\/IMG-1252-scaled.jpg?fit=2560%2C1707&ssl=1","width":2560,"height":1707,"caption":"Fabio Carneiro\/Six Sigma O diretor da holding MTG\/Magalu e membro da diretoria do Franca Basquete, Carlos Donzelli, durante palestra no Congresso Six Sigma Brasil"},{"@type":"BreadcrumbList","@id":"https:\/\/verdadeon.com.br\/portal\/2022\/10\/22\/congresso-de-gestao-em-sp-recebe-empresarios-de-franca-e-pode-ser-feito-no-interior\/#breadcrumb","itemListElement":[{"@type":"ListItem","position":1,"name":"In\u00edcio","item":"https:\/\/verdadeon.com.br\/portal\/"},{"@type":"ListItem","position":2,"name":"Congresso de gest\u00e3o em SP recebe empres\u00e1rios de Franca e pode ser feito no interior"}]},{"@type":"WebSite","@id":"https:\/\/verdadeon.com.br\/portal\/#website","url":"https:\/\/verdadeon.com.br\/portal\/","name":"VerdadeOn","description":"Not\u00edcias di\u00e1rias sobre Franca, Regi\u00e3o, Esporte, Cultura, Cotidiano, Colunas. Cobertura nos principais eventos da cidade \u00e9 aqui - Verdadeon Franca","potentialAction":[{"@type":"SearchAction","target":{"@type":"EntryPoint","urlTemplate":"https:\/\/verdadeon.com.br\/portal\/?s={search_term_string}"},"query-input":{"@type":"PropertyValueSpecification","valueRequired":true,"valueName":"search_term_string"}}],"inLanguage":"pt-BR"},{"@type":"Person","@id":"https:\/\/verdadeon.com.br\/portal\/#\/schema\/person\/8994718f49ee62ba5610471e29ca1f62","name":"Fernando Calixto","image":{"@type":"ImageObject","inLanguage":"pt-BR","@id":"https:\/\/verdadeon.com.br\/portal\/#\/schema\/person\/image\/","url":"https:\/\/secure.gravatar.com\/avatar\/7578910c24966c0316c340f9dbd601e93ee9f9212e1033968b367af9306bd9fb?s=96&d=mm&r=g","contentUrl":"https:\/\/secure.gravatar.com\/avatar\/7578910c24966c0316c340f9dbd601e93ee9f9212e1033968b367af9306bd9fb?s=96&d=mm&r=g","caption":"Fernando Calixto"},"url":"https:\/\/verdadeon.com.br\/portal\/author\/fernando-calixto\/"}]}},"jetpack_publicize_connections":[],"jetpack_featured_media_url":"https:\/\/i0.wp.com\/verdadeon.com.br\/portal\/wp-content\/uploads\/2022\/10\/IMG-1252-scaled.jpg?fit=2560%2C1707&ssl=1","jetpack_sharing_enabled":true,"_links":{"self":[{"href":"https:\/\/verdadeon.com.br\/portal\/wp-json\/wp\/v2\/posts\/29037","targetHints":{"allow":["GET"]}}],"collection":[{"href":"https:\/\/verdadeon.com.br\/portal\/wp-json\/wp\/v2\/posts"}],"about":[{"href":"https:\/\/verdadeon.com.br\/portal\/wp-json\/wp\/v2\/types\/post"}],"author":[{"embeddable":true,"href":"https:\/\/verdadeon.com.br\/portal\/wp-json\/wp\/v2\/users\/4"}],"replies":[{"embeddable":true,"href":"https:\/\/verdadeon.com.br\/portal\/wp-json\/wp\/v2\/comments?post=29037"}],"version-history":[{"count":1,"href":"https:\/\/verdadeon.com.br\/portal\/wp-json\/wp\/v2\/posts\/29037\/revisions"}],"predecessor-version":[{"id":29039,"href":"https:\/\/verdadeon.com.br\/portal\/wp-json\/wp\/v2\/posts\/29037\/revisions\/29039"}],"wp:featuredmedia":[{"embeddable":true,"href":"https:\/\/verdadeon.com.br\/portal\/wp-json\/wp\/v2\/media\/29038"}],"wp:attachment":[{"href":"https:\/\/verdadeon.com.br\/portal\/wp-json\/wp\/v2\/media?parent=29037"}],"wp:term":[{"taxonomy":"category","embeddable":true,"href":"https:\/\/verdadeon.com.br\/portal\/wp-json\/wp\/v2\/categories?post=29037"},{"taxonomy":"post_tag","embeddable":true,"href":"https:\/\/verdadeon.com.br\/portal\/wp-json\/wp\/v2\/tags?post=29037"}],"curies":[{"name":"wp","href":"https:\/\/api.w.org\/{rel}","templated":true}]}}