{"id":29010,"date":"2022-10-21T13:00:48","date_gmt":"2022-10-21T16:00:48","guid":{"rendered":"https:\/\/verdadeon.com.br\/portal\/?p=29010"},"modified":"2022-10-21T19:04:50","modified_gmt":"2022-10-21T22:04:50","slug":"acif-premia-consumidores-de-franca-e-regiao-com-vales-viagem","status":"publish","type":"post","link":"https:\/\/verdadeon.com.br\/portal\/2022\/10\/21\/acif-premia-consumidores-de-franca-e-regiao-com-vales-viagem\/","title":{"rendered":"ACIF premia consumidores de Franca e regi\u00e3o com vales-viagem"},"content":{"rendered":"<h2>Campanha \u2018Eu Desejo Pr\u00eamios\u2019 encerra 1\u00aa fase e se prepara para aquecer as vendas de fim de ano<\/h2>\n<p>A ACIF (Associa\u00e7\u00e3o do Com\u00e9rcio e Ind\u00fastria de Franca) realizou, nesta sexta-feira, 21, o primeiro sorteio de sua campanha de incentivo ao com\u00e9rcio 2022, \u201cEu Desejo Pr\u00eamios\u201d. \u00c0s 16h, a entidade transmitiu ao vivo, pelo Instagram, o resultado da primeira etapa da a\u00e7\u00e3o que deu, a consumidores de Franca e Regi\u00e3o, vales-viagem no valor de R$ 2,5 mil.<\/p>\n<p>O sorteio aconteceu na sede da ACIF e as empresas que puderam premiar seus clientes pela campanha foram: \u00d3tica Francana, Sensa\u00e7\u00e3o Store, Supermercado Cristal, Casa de Tintas Brasil Vargas e Rodas Pneus. Os ganhadores dos pr\u00eamios foram seus respectivos clientes Marcelo Gonzaga Batista Correa Santos, L\u00edvia Oliveira Ferreira, Aparecido Ribeiro de Andrade Ferreira, S\u00e9rgio Granero e Thiago Machado.<\/p>\n<p>De acordo com o membro do Conselho de Administra\u00e7\u00e3o da ACIF Fernando Rached Jorge, a campanha entra, agora, em uma nova fase e ser\u00e1 intensificada: os consumidores que prestigiarem os estabelecimentos que integram a campanha ter\u00e3o acesso aos sorteios de cinco motos scooters el\u00e9tricas e um vale-reforma no valor de R$ 20 mil, al\u00e9m dos pr\u00eamios instant\u00e2neos de at\u00e9 R$ 100, no momento da compra.<\/p>\n<p>\u201cO sorteio de hoje marca o encerramento da primeira etapa da campanha e o in\u00edcio da segunda fase, que chega com for\u00e7a para movimentar o com\u00e9rcio local e aquecer as vendas de fim de ano\u201d, afirma Rached. \u201cTemos grandes datas pela frente, como Black Friday, Natal e at\u00e9 mesmo a Copa do Mundo e, com a campanha, nosso objetivo \u00e9 fomentar um dos principais setores econ\u00f4micos de Franca a fim de incentivar a gera\u00e7\u00e3o de emprego e renda em nossa cidade\u201d, concluiu.<\/p>\n<p>Os estabelecimentos que quiserem integrar a campanha \u201cEu Desejo Pr\u00eamios\u201d ainda podem se manifestar: basta ser associado e entrar em contato com a ACIF pelo telefone (16) 9 9384-9630.<\/p>\n<p><img data-recalc-dims=\"1\" loading=\"lazy\" decoding=\"async\" class=\"alignnone size-full wp-image-29011\" src=\"https:\/\/i0.wp.com\/verdadeon.com.br\/portal\/wp-content\/uploads\/2022\/10\/DSC_0129_Easy-Resize.com_.jpg?resize=1220%2C811&#038;ssl=1\" alt=\"\" width=\"1220\" height=\"811\" srcset=\"https:\/\/i0.wp.com\/verdadeon.com.br\/portal\/wp-content\/uploads\/2022\/10\/DSC_0129_Easy-Resize.com_.jpg?w=1280&amp;ssl=1 1280w, https:\/\/i0.wp.com\/verdadeon.com.br\/portal\/wp-content\/uploads\/2022\/10\/DSC_0129_Easy-Resize.com_.jpg?resize=300%2C199&amp;ssl=1 300w, https:\/\/i0.wp.com\/verdadeon.com.br\/portal\/wp-content\/uploads\/2022\/10\/DSC_0129_Easy-Resize.com_.jpg?resize=1024%2C681&amp;ssl=1 1024w, https:\/\/i0.wp.com\/verdadeon.com.br\/portal\/wp-content\/uploads\/2022\/10\/DSC_0129_Easy-Resize.com_.jpg?resize=768%2C511&amp;ssl=1 768w, https:\/\/i0.wp.com\/verdadeon.com.br\/portal\/wp-content\/uploads\/2022\/10\/DSC_0129_Easy-Resize.com_.jpg?resize=220%2C146&amp;ssl=1 220w, https:\/\/i0.wp.com\/verdadeon.com.br\/portal\/wp-content\/uploads\/2022\/10\/DSC_0129_Easy-Resize.com_.jpg?resize=50%2C33&amp;ssl=1 50w, https:\/\/i0.wp.com\/verdadeon.com.br\/portal\/wp-content\/uploads\/2022\/10\/DSC_0129_Easy-Resize.com_.jpg?resize=113%2C75&amp;ssl=1 113w\" sizes=\"auto, (max-width: 1220px) 100vw, 1220px\" \/><\/p>\n","protected":false},"excerpt":{"rendered":"<p>Campanha \u2018Eu Desejo Pr\u00eamios\u2019 encerra 1\u00aa fase e se prepara para aquecer as vendas de fim de ano A ACIF (Associa\u00e7\u00e3o do Com\u00e9rcio e Ind\u00fastria de<span class=\"excerpt-hellip\"> [\u2026]<\/span><\/p>\n","protected":false},"author":4,"featured_media":29012,"comment_status":"open","ping_status":"open","sticky":false,"template":"","format":"standard","meta":{"_jetpack_memberships_contains_paid_content":false,"footnotes":"","jetpack_publicize_message":"","jetpack_publicize_feature_enabled":true,"jetpack_social_post_already_shared":false,"jetpack_social_options":{"image_generator_settings":{"template":"highway","default_image_id":0,"enabled":false},"version":2}},"categories":[28,81],"tags":[],"class_list":["post-29010","post","type-post","status-publish","format-standard","has-post-thumbnail","hentry","category-cotidiano","category-manchete"],"yoast_head":"<!-- This site is optimized with the Yoast SEO plugin v25.6 - https:\/\/yoast.com\/wordpress\/plugins\/seo\/ -->\n<title>ACIF premia consumidores de Franca e regi\u00e3o com vales-viagem - VerdadeOn<\/title>\n<meta name=\"robots\" content=\"index, follow, max-snippet:-1, max-image-preview:large, max-video-preview:-1\" \/>\n<link rel=\"canonical\" href=\"https:\/\/verdadeon.com.br\/portal\/2022\/10\/21\/acif-premia-consumidores-de-franca-e-regiao-com-vales-viagem\/\" \/>\n<meta property=\"og:locale\" content=\"pt_BR\" \/>\n<meta property=\"og:type\" content=\"article\" \/>\n<meta property=\"og:title\" content=\"ACIF premia consumidores de Franca e regi\u00e3o com vales-viagem - VerdadeOn\" \/>\n<meta property=\"og:description\" content=\"Campanha \u2018Eu Desejo Pr\u00eamios\u2019 encerra 1\u00aa fase e se prepara para aquecer as vendas de fim de ano A ACIF (Associa\u00e7\u00e3o do Com\u00e9rcio e Ind\u00fastria de [\u2026]\" \/>\n<meta property=\"og:url\" content=\"https:\/\/verdadeon.com.br\/portal\/2022\/10\/21\/acif-premia-consumidores-de-franca-e-regiao-com-vales-viagem\/\" \/>\n<meta property=\"og:site_name\" content=\"VerdadeOn\" \/>\n<meta property=\"article:published_time\" content=\"2022-10-21T16:00:48+00:00\" \/>\n<meta property=\"article:modified_time\" content=\"2022-10-21T22:04:50+00:00\" \/>\n<meta property=\"og:image\" content=\"https:\/\/verdadeon.com.br\/portal\/wp-content\/uploads\/2022\/10\/DSC_0149_Easy-Resize.com-1-1.jpg\" \/>\n\t<meta property=\"og:image:width\" content=\"1138\" \/>\n\t<meta property=\"og:image:height\" content=\"777\" \/>\n\t<meta property=\"og:image:type\" content=\"image\/jpeg\" \/>\n<meta name=\"author\" content=\"Fernando Calixto\" \/>\n<meta name=\"twitter:card\" content=\"summary_large_image\" \/>\n<meta name=\"twitter:label1\" content=\"Escrito por\" \/>\n\t<meta name=\"twitter:data1\" content=\"Fernando Calixto\" \/>\n\t<meta name=\"twitter:label2\" content=\"Est. tempo de leitura\" \/>\n\t<meta name=\"twitter:data2\" content=\"2 minutos\" \/>\n<script type=\"application\/ld+json\" class=\"yoast-schema-graph\">{\"@context\":\"https:\/\/schema.org\",\"@graph\":[{\"@type\":\"WebPage\",\"@id\":\"https:\/\/verdadeon.com.br\/portal\/2022\/10\/21\/acif-premia-consumidores-de-franca-e-regiao-com-vales-viagem\/\",\"url\":\"https:\/\/verdadeon.com.br\/portal\/2022\/10\/21\/acif-premia-consumidores-de-franca-e-regiao-com-vales-viagem\/\",\"name\":\"ACIF premia consumidores de Franca e regi\u00e3o com vales-viagem - VerdadeOn\",\"isPartOf\":{\"@id\":\"https:\/\/verdadeon.com.br\/portal\/#website\"},\"primaryImageOfPage\":{\"@id\":\"https:\/\/verdadeon.com.br\/portal\/2022\/10\/21\/acif-premia-consumidores-de-franca-e-regiao-com-vales-viagem\/#primaryimage\"},\"image\":{\"@id\":\"https:\/\/verdadeon.com.br\/portal\/2022\/10\/21\/acif-premia-consumidores-de-franca-e-regiao-com-vales-viagem\/#primaryimage\"},\"thumbnailUrl\":\"https:\/\/i0.wp.com\/verdadeon.com.br\/portal\/wp-content\/uploads\/2022\/10\/DSC_0149_Easy-Resize.com-1-1.jpg?fit=1138%2C777&ssl=1\",\"datePublished\":\"2022-10-21T16:00:48+00:00\",\"dateModified\":\"2022-10-21T22:04:50+00:00\",\"author\":{\"@id\":\"https:\/\/verdadeon.com.br\/portal\/#\/schema\/person\/8994718f49ee62ba5610471e29ca1f62\"},\"breadcrumb\":{\"@id\":\"https:\/\/verdadeon.com.br\/portal\/2022\/10\/21\/acif-premia-consumidores-de-franca-e-regiao-com-vales-viagem\/#breadcrumb\"},\"inLanguage\":\"pt-BR\",\"potentialAction\":[{\"@type\":\"ReadAction\",\"target\":[\"https:\/\/verdadeon.com.br\/portal\/2022\/10\/21\/acif-premia-consumidores-de-franca-e-regiao-com-vales-viagem\/\"]}]},{\"@type\":\"ImageObject\",\"inLanguage\":\"pt-BR\",\"@id\":\"https:\/\/verdadeon.com.br\/portal\/2022\/10\/21\/acif-premia-consumidores-de-franca-e-regiao-com-vales-viagem\/#primaryimage\",\"url\":\"https:\/\/i0.wp.com\/verdadeon.com.br\/portal\/wp-content\/uploads\/2022\/10\/DSC_0149_Easy-Resize.com-1-1.jpg?fit=1138%2C777&ssl=1\",\"contentUrl\":\"https:\/\/i0.wp.com\/verdadeon.com.br\/portal\/wp-content\/uploads\/2022\/10\/DSC_0149_Easy-Resize.com-1-1.jpg?fit=1138%2C777&ssl=1\",\"width\":1138,\"height\":777,\"caption\":\"Imagens do sorteio. Em foco, Marcelo Carraro Rocha, Fernando Rached Jorge e Tha\u00eds Ferrari. Cr\u00e9dito: Lucas Monteiro\/ACIF\"},{\"@type\":\"BreadcrumbList\",\"@id\":\"https:\/\/verdadeon.com.br\/portal\/2022\/10\/21\/acif-premia-consumidores-de-franca-e-regiao-com-vales-viagem\/#breadcrumb\",\"itemListElement\":[{\"@type\":\"ListItem\",\"position\":1,\"name\":\"In\u00edcio\",\"item\":\"https:\/\/verdadeon.com.br\/portal\/\"},{\"@type\":\"ListItem\",\"position\":2,\"name\":\"ACIF premia consumidores de Franca e regi\u00e3o com vales-viagem\"}]},{\"@type\":\"WebSite\",\"@id\":\"https:\/\/verdadeon.com.br\/portal\/#website\",\"url\":\"https:\/\/verdadeon.com.br\/portal\/\",\"name\":\"VerdadeOn\",\"description\":\"Not\u00edcias di\u00e1rias sobre Franca, Regi\u00e3o, Esporte, Cultura, Cotidiano, Colunas. Cobertura nos principais eventos da cidade \u00e9 aqui - Verdadeon Franca\",\"potentialAction\":[{\"@type\":\"SearchAction\",\"target\":{\"@type\":\"EntryPoint\",\"urlTemplate\":\"https:\/\/verdadeon.com.br\/portal\/?s={search_term_string}\"},\"query-input\":{\"@type\":\"PropertyValueSpecification\",\"valueRequired\":true,\"valueName\":\"search_term_string\"}}],\"inLanguage\":\"pt-BR\"},{\"@type\":\"Person\",\"@id\":\"https:\/\/verdadeon.com.br\/portal\/#\/schema\/person\/8994718f49ee62ba5610471e29ca1f62\",\"name\":\"Fernando Calixto\",\"image\":{\"@type\":\"ImageObject\",\"inLanguage\":\"pt-BR\",\"@id\":\"https:\/\/verdadeon.com.br\/portal\/#\/schema\/person\/image\/\",\"url\":\"https:\/\/secure.gravatar.com\/avatar\/7578910c24966c0316c340f9dbd601e93ee9f9212e1033968b367af9306bd9fb?s=96&d=mm&r=g\",\"contentUrl\":\"https:\/\/secure.gravatar.com\/avatar\/7578910c24966c0316c340f9dbd601e93ee9f9212e1033968b367af9306bd9fb?s=96&d=mm&r=g\",\"caption\":\"Fernando Calixto\"},\"url\":\"https:\/\/verdadeon.com.br\/portal\/author\/fernando-calixto\/\"}]}<\/script>\n<!-- \/ Yoast SEO plugin. -->","yoast_head_json":{"title":"ACIF premia consumidores de Franca e regi\u00e3o com vales-viagem - VerdadeOn","robots":{"index":"index","follow":"follow","max-snippet":"max-snippet:-1","max-image-preview":"max-image-preview:large","max-video-preview":"max-video-preview:-1"},"canonical":"https:\/\/verdadeon.com.br\/portal\/2022\/10\/21\/acif-premia-consumidores-de-franca-e-regiao-com-vales-viagem\/","og_locale":"pt_BR","og_type":"article","og_title":"ACIF premia consumidores de Franca e regi\u00e3o com vales-viagem - VerdadeOn","og_description":"Campanha \u2018Eu Desejo Pr\u00eamios\u2019 encerra 1\u00aa fase e se prepara para aquecer as vendas de fim de ano A ACIF (Associa\u00e7\u00e3o do Com\u00e9rcio e Ind\u00fastria de [\u2026]","og_url":"https:\/\/verdadeon.com.br\/portal\/2022\/10\/21\/acif-premia-consumidores-de-franca-e-regiao-com-vales-viagem\/","og_site_name":"VerdadeOn","article_published_time":"2022-10-21T16:00:48+00:00","article_modified_time":"2022-10-21T22:04:50+00:00","og_image":[{"width":1138,"height":777,"url":"https:\/\/verdadeon.com.br\/portal\/wp-content\/uploads\/2022\/10\/DSC_0149_Easy-Resize.com-1-1.jpg","type":"image\/jpeg"}],"author":"Fernando Calixto","twitter_card":"summary_large_image","twitter_misc":{"Escrito por":"Fernando Calixto","Est. tempo de leitura":"2 minutos"},"schema":{"@context":"https:\/\/schema.org","@graph":[{"@type":"WebPage","@id":"https:\/\/verdadeon.com.br\/portal\/2022\/10\/21\/acif-premia-consumidores-de-franca-e-regiao-com-vales-viagem\/","url":"https:\/\/verdadeon.com.br\/portal\/2022\/10\/21\/acif-premia-consumidores-de-franca-e-regiao-com-vales-viagem\/","name":"ACIF premia consumidores de Franca e regi\u00e3o com vales-viagem - VerdadeOn","isPartOf":{"@id":"https:\/\/verdadeon.com.br\/portal\/#website"},"primaryImageOfPage":{"@id":"https:\/\/verdadeon.com.br\/portal\/2022\/10\/21\/acif-premia-consumidores-de-franca-e-regiao-com-vales-viagem\/#primaryimage"},"image":{"@id":"https:\/\/verdadeon.com.br\/portal\/2022\/10\/21\/acif-premia-consumidores-de-franca-e-regiao-com-vales-viagem\/#primaryimage"},"thumbnailUrl":"https:\/\/i0.wp.com\/verdadeon.com.br\/portal\/wp-content\/uploads\/2022\/10\/DSC_0149_Easy-Resize.com-1-1.jpg?fit=1138%2C777&ssl=1","datePublished":"2022-10-21T16:00:48+00:00","dateModified":"2022-10-21T22:04:50+00:00","author":{"@id":"https:\/\/verdadeon.com.br\/portal\/#\/schema\/person\/8994718f49ee62ba5610471e29ca1f62"},"breadcrumb":{"@id":"https:\/\/verdadeon.com.br\/portal\/2022\/10\/21\/acif-premia-consumidores-de-franca-e-regiao-com-vales-viagem\/#breadcrumb"},"inLanguage":"pt-BR","potentialAction":[{"@type":"ReadAction","target":["https:\/\/verdadeon.com.br\/portal\/2022\/10\/21\/acif-premia-consumidores-de-franca-e-regiao-com-vales-viagem\/"]}]},{"@type":"ImageObject","inLanguage":"pt-BR","@id":"https:\/\/verdadeon.com.br\/portal\/2022\/10\/21\/acif-premia-consumidores-de-franca-e-regiao-com-vales-viagem\/#primaryimage","url":"https:\/\/i0.wp.com\/verdadeon.com.br\/portal\/wp-content\/uploads\/2022\/10\/DSC_0149_Easy-Resize.com-1-1.jpg?fit=1138%2C777&ssl=1","contentUrl":"https:\/\/i0.wp.com\/verdadeon.com.br\/portal\/wp-content\/uploads\/2022\/10\/DSC_0149_Easy-Resize.com-1-1.jpg?fit=1138%2C777&ssl=1","width":1138,"height":777,"caption":"Imagens do sorteio. Em foco, Marcelo Carraro Rocha, Fernando Rached Jorge e Tha\u00eds Ferrari. Cr\u00e9dito: Lucas Monteiro\/ACIF"},{"@type":"BreadcrumbList","@id":"https:\/\/verdadeon.com.br\/portal\/2022\/10\/21\/acif-premia-consumidores-de-franca-e-regiao-com-vales-viagem\/#breadcrumb","itemListElement":[{"@type":"ListItem","position":1,"name":"In\u00edcio","item":"https:\/\/verdadeon.com.br\/portal\/"},{"@type":"ListItem","position":2,"name":"ACIF premia consumidores de Franca e regi\u00e3o com vales-viagem"}]},{"@type":"WebSite","@id":"https:\/\/verdadeon.com.br\/portal\/#website","url":"https:\/\/verdadeon.com.br\/portal\/","name":"VerdadeOn","description":"Not\u00edcias di\u00e1rias sobre Franca, Regi\u00e3o, Esporte, Cultura, Cotidiano, Colunas. Cobertura nos principais eventos da cidade \u00e9 aqui - Verdadeon Franca","potentialAction":[{"@type":"SearchAction","target":{"@type":"EntryPoint","urlTemplate":"https:\/\/verdadeon.com.br\/portal\/?s={search_term_string}"},"query-input":{"@type":"PropertyValueSpecification","valueRequired":true,"valueName":"search_term_string"}}],"inLanguage":"pt-BR"},{"@type":"Person","@id":"https:\/\/verdadeon.com.br\/portal\/#\/schema\/person\/8994718f49ee62ba5610471e29ca1f62","name":"Fernando Calixto","image":{"@type":"ImageObject","inLanguage":"pt-BR","@id":"https:\/\/verdadeon.com.br\/portal\/#\/schema\/person\/image\/","url":"https:\/\/secure.gravatar.com\/avatar\/7578910c24966c0316c340f9dbd601e93ee9f9212e1033968b367af9306bd9fb?s=96&d=mm&r=g","contentUrl":"https:\/\/secure.gravatar.com\/avatar\/7578910c24966c0316c340f9dbd601e93ee9f9212e1033968b367af9306bd9fb?s=96&d=mm&r=g","caption":"Fernando Calixto"},"url":"https:\/\/verdadeon.com.br\/portal\/author\/fernando-calixto\/"}]}},"jetpack_publicize_connections":[],"jetpack_featured_media_url":"https:\/\/i0.wp.com\/verdadeon.com.br\/portal\/wp-content\/uploads\/2022\/10\/DSC_0149_Easy-Resize.com-1-1.jpg?fit=1138%2C777&ssl=1","jetpack_sharing_enabled":true,"_links":{"self":[{"href":"https:\/\/verdadeon.com.br\/portal\/wp-json\/wp\/v2\/posts\/29010","targetHints":{"allow":["GET"]}}],"collection":[{"href":"https:\/\/verdadeon.com.br\/portal\/wp-json\/wp\/v2\/posts"}],"about":[{"href":"https:\/\/verdadeon.com.br\/portal\/wp-json\/wp\/v2\/types\/post"}],"author":[{"embeddable":true,"href":"https:\/\/verdadeon.com.br\/portal\/wp-json\/wp\/v2\/users\/4"}],"replies":[{"embeddable":true,"href":"https:\/\/verdadeon.com.br\/portal\/wp-json\/wp\/v2\/comments?post=29010"}],"version-history":[{"count":1,"href":"https:\/\/verdadeon.com.br\/portal\/wp-json\/wp\/v2\/posts\/29010\/revisions"}],"predecessor-version":[{"id":29013,"href":"https:\/\/verdadeon.com.br\/portal\/wp-json\/wp\/v2\/posts\/29010\/revisions\/29013"}],"wp:featuredmedia":[{"embeddable":true,"href":"https:\/\/verdadeon.com.br\/portal\/wp-json\/wp\/v2\/media\/29012"}],"wp:attachment":[{"href":"https:\/\/verdadeon.com.br\/portal\/wp-json\/wp\/v2\/media?parent=29010"}],"wp:term":[{"taxonomy":"category","embeddable":true,"href":"https:\/\/verdadeon.com.br\/portal\/wp-json\/wp\/v2\/categories?post=29010"},{"taxonomy":"post_tag","embeddable":true,"href":"https:\/\/verdadeon.com.br\/portal\/wp-json\/wp\/v2\/tags?post=29010"}],"curies":[{"name":"wp","href":"https:\/\/api.w.org\/{rel}","templated":true}]}}