{"id":29002,"date":"2022-10-21T17:57:08","date_gmt":"2022-10-21T20:57:08","guid":{"rendered":"https:\/\/verdadeon.com.br\/portal\/?p=29002"},"modified":"2022-10-21T17:56:05","modified_gmt":"2022-10-21T20:56:05","slug":"industria-de-doces-francana-promove-campanha-em-prol-do-hospital-do-cancer","status":"publish","type":"post","link":"https:\/\/verdadeon.com.br\/portal\/2022\/10\/21\/industria-de-doces-francana-promove-campanha-em-prol-do-hospital-do-cancer\/","title":{"rendered":"Ind\u00fastria de doces francana promove campanha em prol do Hospital do C\u00e2ncer"},"content":{"rendered":"<h2><span style=\"font-weight: 400;\">Empresa vai comercializar um kit especial em todo o territ\u00f3rio nacional com 100% do lucro revertido \u00e0 institui\u00e7\u00e3o<\/span><\/h2>\n<p>&nbsp;<\/p>\n<p><span style=\"font-weight: 400;\">O Hospital do C\u00e2ncer de Franca, pertencente ao Grupo Santa Casa, conta com mais uma parceria importante para ajudar a manter os servi\u00e7os prestados \u00e0 popula\u00e7\u00e3o. A Flormel, ind\u00fastria francana que produz e comercializa doces saud\u00e1veis e sem adi\u00e7\u00e3o de a\u00e7\u00facares, est\u00e1 com uma campanha solid\u00e1ria a fim de arrecadar recursos financeiros para o hospital. A empresa preparou um kit especial que ser\u00e1 comercializado em todo o territ\u00f3rio nacional com 100% do lucro revertido \u00e0 institui\u00e7\u00e3o, que cuida de mais de 40 mil atendimentos anuais de rec\u00e9m-nascidos at\u00e9 adultos.<\/span><\/p>\n<p><span style=\"font-weight: 400;\">Al\u00e9m de repassar integralmente o valor arrecadado, a empresa far\u00e1 uma a\u00e7\u00e3o especial nos pedidos realizados no e-commerce durante todo m\u00eas de outubro. Todos os clientes ganham um bombom Mini+ de coco como cortesia e, na mesma embalagem, seguir\u00e1 a chave pix da institui\u00e7\u00e3o sugerindo uma doa\u00e7\u00e3o de qualquer valor. Quem puder e quiser contribuir, poder\u00e1 realizar a transfer\u00eancia direto para a conta do hospital.\u00a0<\/span><\/p>\n<p><span style=\"font-weight: 400;\">A inten\u00e7\u00e3o \u00e9 engajar mais de 5 mil consumidores com essa campanha. A marca tamb\u00e9m incluiu no seu calend\u00e1rio de eventos o apoio aos eventos do Hospital do C\u00e2ncer, como a a\u00e7\u00e3o do Dia das Crian\u00e7as e o aleitamento materno.\u00a0<\/span><\/p>\n<p><span style=\"font-weight: 400;\">\u201cTemos que participar e conscientizar sobre a necessidade do cuidado e do autoconhecimento por parte das mulheres. O c\u00e2ncer de mama, por exemplo, ainda \u00e9 o tipo que mais faz v\u00edtimas no pa\u00eds. Estamos, todo ano, promovendo a\u00e7\u00f5es em prol de institui\u00e7\u00f5es que trabalham para que essas pacientes possam se recuperar e tenham uma forma de reconstruir suas vidas. Com essa campanha tamb\u00e9m estimulamos as clientes da Flormel a conhecer seus corpos e prevenir essa doen\u00e7a\u201d, destaca Alexandra Casoni, CEO da Flormel.<\/span><\/p>\n<p><span style=\"font-weight: 400;\">O kit que ser\u00e1 comercializado ter\u00e1 o custo de R$ 49,90 e ser\u00e1 composto por: bombom cranberry, doce de leite, bolinha de brigadeiro e Mini+ de coco. Ele pode ser adquirido na loja virtual <\/span><a href=\"http:\/\/www.flormel.com.br\"><span style=\"font-weight: 400;\">www.flormel.com.br<\/span><\/a><span style=\"font-weight: 400;\"> &#8211; os interessados em ajudar de forma direta, podem realizar doa\u00e7\u00f5es via chave pix: <\/span><a href=\"mailto:financeiro@santacasadefranca.com.br\"><span style=\"font-weight: 400;\">financeiro@santacasadefranca.com.br<\/span><\/a><span style=\"font-weight: 400;\">.<\/span><\/p>\n<p><img data-recalc-dims=\"1\" loading=\"lazy\" decoding=\"async\" class=\"alignnone wp-image-29004 size-full\" src=\"https:\/\/i0.wp.com\/verdadeon.com.br\/portal\/wp-content\/uploads\/2022\/10\/WhatsApp-Image-2022-10-21-at-17.16.36-1.jpeg?resize=1053%2C706&#038;ssl=1\" alt=\"\" width=\"1053\" height=\"706\" srcset=\"https:\/\/i0.wp.com\/verdadeon.com.br\/portal\/wp-content\/uploads\/2022\/10\/WhatsApp-Image-2022-10-21-at-17.16.36-1.jpeg?w=1053&amp;ssl=1 1053w, https:\/\/i0.wp.com\/verdadeon.com.br\/portal\/wp-content\/uploads\/2022\/10\/WhatsApp-Image-2022-10-21-at-17.16.36-1.jpeg?resize=300%2C201&amp;ssl=1 300w, https:\/\/i0.wp.com\/verdadeon.com.br\/portal\/wp-content\/uploads\/2022\/10\/WhatsApp-Image-2022-10-21-at-17.16.36-1.jpeg?resize=1024%2C687&amp;ssl=1 1024w, https:\/\/i0.wp.com\/verdadeon.com.br\/portal\/wp-content\/uploads\/2022\/10\/WhatsApp-Image-2022-10-21-at-17.16.36-1.jpeg?resize=768%2C515&amp;ssl=1 768w, https:\/\/i0.wp.com\/verdadeon.com.br\/portal\/wp-content\/uploads\/2022\/10\/WhatsApp-Image-2022-10-21-at-17.16.36-1.jpeg?resize=218%2C146&amp;ssl=1 218w, https:\/\/i0.wp.com\/verdadeon.com.br\/portal\/wp-content\/uploads\/2022\/10\/WhatsApp-Image-2022-10-21-at-17.16.36-1.jpeg?resize=50%2C34&amp;ssl=1 50w, https:\/\/i0.wp.com\/verdadeon.com.br\/portal\/wp-content\/uploads\/2022\/10\/WhatsApp-Image-2022-10-21-at-17.16.36-1.jpeg?resize=112%2C75&amp;ssl=1 112w, https:\/\/i0.wp.com\/verdadeon.com.br\/portal\/wp-content\/uploads\/2022\/10\/WhatsApp-Image-2022-10-21-at-17.16.36-1.jpeg?resize=1000%2C670&amp;ssl=1 1000w\" sizes=\"auto, (max-width: 1053px) 100vw, 1053px\" \/><\/p>\n","protected":false},"excerpt":{"rendered":"<p>Empresa vai comercializar um kit especial em todo o territ\u00f3rio nacional com 100% do lucro revertido \u00e0 institui\u00e7\u00e3o &nbsp; O Hospital do C\u00e2ncer de Franca, pertencente<span class=\"excerpt-hellip\"> [\u2026]<\/span><\/p>\n","protected":false},"author":10,"featured_media":29003,"comment_status":"open","ping_status":"open","sticky":false,"template":"","format":"standard","meta":{"_jetpack_memberships_contains_paid_content":false,"footnotes":"","jetpack_publicize_message":"","jetpack_publicize_feature_enabled":true,"jetpack_social_post_already_shared":false,"jetpack_social_options":{"image_generator_settings":{"template":"highway","default_image_id":0,"enabled":false},"version":2}},"categories":[28,44],"tags":[],"class_list":["post-29002","post","type-post","status-publish","format-standard","has-post-thumbnail","hentry","category-cotidiano","category-noticias"],"yoast_head":"<!-- This site is optimized with the Yoast SEO plugin v25.6 - https:\/\/yoast.com\/wordpress\/plugins\/seo\/ -->\n<title>Ind\u00fastria de doces francana promove campanha em prol do Hospital do C\u00e2ncer - VerdadeOn<\/title>\n<meta name=\"robots\" content=\"index, follow, max-snippet:-1, max-image-preview:large, max-video-preview:-1\" \/>\n<link rel=\"canonical\" href=\"https:\/\/verdadeon.com.br\/portal\/2022\/10\/21\/industria-de-doces-francana-promove-campanha-em-prol-do-hospital-do-cancer\/\" \/>\n<meta property=\"og:locale\" content=\"pt_BR\" \/>\n<meta property=\"og:type\" content=\"article\" \/>\n<meta property=\"og:title\" content=\"Ind\u00fastria de doces francana promove campanha em prol do Hospital do C\u00e2ncer - VerdadeOn\" \/>\n<meta property=\"og:description\" content=\"Empresa vai comercializar um kit especial em todo o territ\u00f3rio nacional com 100% do lucro revertido \u00e0 institui\u00e7\u00e3o &nbsp; O Hospital do C\u00e2ncer de Franca, pertencente [\u2026]\" \/>\n<meta property=\"og:url\" content=\"https:\/\/verdadeon.com.br\/portal\/2022\/10\/21\/industria-de-doces-francana-promove-campanha-em-prol-do-hospital-do-cancer\/\" \/>\n<meta property=\"og:site_name\" content=\"VerdadeOn\" \/>\n<meta property=\"article:published_time\" content=\"2022-10-21T20:57:08+00:00\" \/>\n<meta property=\"og:image\" content=\"https:\/\/verdadeon.com.br\/portal\/wp-content\/uploads\/2022\/10\/WhatsApp-Image-2022-10-21-at-17.16.36-2-e1666385595436.jpeg\" \/>\n\t<meta property=\"og:image:width\" content=\"1050\" \/>\n\t<meta property=\"og:image:height\" content=\"670\" \/>\n\t<meta property=\"og:image:type\" content=\"image\/jpeg\" \/>\n<meta name=\"author\" content=\"Redacao VerdadeOn\" \/>\n<meta name=\"twitter:card\" content=\"summary_large_image\" \/>\n<meta name=\"twitter:label1\" content=\"Escrito por\" \/>\n\t<meta name=\"twitter:data1\" content=\"Redacao VerdadeOn\" \/>\n\t<meta name=\"twitter:label2\" content=\"Est. tempo de leitura\" \/>\n\t<meta name=\"twitter:data2\" content=\"3 minutos\" \/>\n<script type=\"application\/ld+json\" class=\"yoast-schema-graph\">{\"@context\":\"https:\/\/schema.org\",\"@graph\":[{\"@type\":\"WebPage\",\"@id\":\"https:\/\/verdadeon.com.br\/portal\/2022\/10\/21\/industria-de-doces-francana-promove-campanha-em-prol-do-hospital-do-cancer\/\",\"url\":\"https:\/\/verdadeon.com.br\/portal\/2022\/10\/21\/industria-de-doces-francana-promove-campanha-em-prol-do-hospital-do-cancer\/\",\"name\":\"Ind\u00fastria de doces francana promove campanha em prol do Hospital do C\u00e2ncer - VerdadeOn\",\"isPartOf\":{\"@id\":\"https:\/\/verdadeon.com.br\/portal\/#website\"},\"primaryImageOfPage\":{\"@id\":\"https:\/\/verdadeon.com.br\/portal\/2022\/10\/21\/industria-de-doces-francana-promove-campanha-em-prol-do-hospital-do-cancer\/#primaryimage\"},\"image\":{\"@id\":\"https:\/\/verdadeon.com.br\/portal\/2022\/10\/21\/industria-de-doces-francana-promove-campanha-em-prol-do-hospital-do-cancer\/#primaryimage\"},\"thumbnailUrl\":\"https:\/\/i0.wp.com\/verdadeon.com.br\/portal\/wp-content\/uploads\/2022\/10\/WhatsApp-Image-2022-10-21-at-17.16.36-2-e1666385595436.jpeg?fit=1050%2C670&ssl=1\",\"datePublished\":\"2022-10-21T20:57:08+00:00\",\"author\":{\"@id\":\"https:\/\/verdadeon.com.br\/portal\/#\/schema\/person\/a5060ad1e9ea3df545188fc93ce43d2f\"},\"breadcrumb\":{\"@id\":\"https:\/\/verdadeon.com.br\/portal\/2022\/10\/21\/industria-de-doces-francana-promove-campanha-em-prol-do-hospital-do-cancer\/#breadcrumb\"},\"inLanguage\":\"pt-BR\",\"potentialAction\":[{\"@type\":\"ReadAction\",\"target\":[\"https:\/\/verdadeon.com.br\/portal\/2022\/10\/21\/industria-de-doces-francana-promove-campanha-em-prol-do-hospital-do-cancer\/\"]}]},{\"@type\":\"ImageObject\",\"inLanguage\":\"pt-BR\",\"@id\":\"https:\/\/verdadeon.com.br\/portal\/2022\/10\/21\/industria-de-doces-francana-promove-campanha-em-prol-do-hospital-do-cancer\/#primaryimage\",\"url\":\"https:\/\/i0.wp.com\/verdadeon.com.br\/portal\/wp-content\/uploads\/2022\/10\/WhatsApp-Image-2022-10-21-at-17.16.36-2-e1666385595436.jpeg?fit=1050%2C670&ssl=1\",\"contentUrl\":\"https:\/\/i0.wp.com\/verdadeon.com.br\/portal\/wp-content\/uploads\/2022\/10\/WhatsApp-Image-2022-10-21-at-17.16.36-2-e1666385595436.jpeg?fit=1050%2C670&ssl=1\",\"width\":1050,\"height\":670,\"caption\":\"Tony Graciano, presidente do Grupo Santa Casa, com a equipe da Flormel, que realiza a\u00e7\u00f5es para arrecadar recursos para o Hospital do C\u00e2ncer de Franca | Fotos: Divulga\u00e7\u00e3o\"},{\"@type\":\"BreadcrumbList\",\"@id\":\"https:\/\/verdadeon.com.br\/portal\/2022\/10\/21\/industria-de-doces-francana-promove-campanha-em-prol-do-hospital-do-cancer\/#breadcrumb\",\"itemListElement\":[{\"@type\":\"ListItem\",\"position\":1,\"name\":\"In\u00edcio\",\"item\":\"https:\/\/verdadeon.com.br\/portal\/\"},{\"@type\":\"ListItem\",\"position\":2,\"name\":\"Ind\u00fastria de doces francana promove campanha em prol do Hospital do C\u00e2ncer\"}]},{\"@type\":\"WebSite\",\"@id\":\"https:\/\/verdadeon.com.br\/portal\/#website\",\"url\":\"https:\/\/verdadeon.com.br\/portal\/\",\"name\":\"VerdadeOn\",\"description\":\"Not\u00edcias di\u00e1rias sobre Franca, Regi\u00e3o, Esporte, Cultura, Cotidiano, Colunas. Cobertura nos principais eventos da cidade \u00e9 aqui - Verdadeon Franca\",\"potentialAction\":[{\"@type\":\"SearchAction\",\"target\":{\"@type\":\"EntryPoint\",\"urlTemplate\":\"https:\/\/verdadeon.com.br\/portal\/?s={search_term_string}\"},\"query-input\":{\"@type\":\"PropertyValueSpecification\",\"valueRequired\":true,\"valueName\":\"search_term_string\"}}],\"inLanguage\":\"pt-BR\"},{\"@type\":\"Person\",\"@id\":\"https:\/\/verdadeon.com.br\/portal\/#\/schema\/person\/a5060ad1e9ea3df545188fc93ce43d2f\",\"name\":\"Redacao VerdadeOn\",\"image\":{\"@type\":\"ImageObject\",\"inLanguage\":\"pt-BR\",\"@id\":\"https:\/\/verdadeon.com.br\/portal\/#\/schema\/person\/image\/\",\"url\":\"https:\/\/secure.gravatar.com\/avatar\/459a9613caaaf07f582c3d0841eea68bdd66f533e465e6ba8b9cb45619572cf4?s=96&d=mm&r=g\",\"contentUrl\":\"https:\/\/secure.gravatar.com\/avatar\/459a9613caaaf07f582c3d0841eea68bdd66f533e465e6ba8b9cb45619572cf4?s=96&d=mm&r=g\",\"caption\":\"Redacao VerdadeOn\"},\"url\":\"https:\/\/verdadeon.com.br\/portal\/author\/redacao\/\"}]}<\/script>\n<!-- \/ Yoast SEO plugin. -->","yoast_head_json":{"title":"Ind\u00fastria de doces francana promove campanha em prol do Hospital do C\u00e2ncer - VerdadeOn","robots":{"index":"index","follow":"follow","max-snippet":"max-snippet:-1","max-image-preview":"max-image-preview:large","max-video-preview":"max-video-preview:-1"},"canonical":"https:\/\/verdadeon.com.br\/portal\/2022\/10\/21\/industria-de-doces-francana-promove-campanha-em-prol-do-hospital-do-cancer\/","og_locale":"pt_BR","og_type":"article","og_title":"Ind\u00fastria de doces francana promove campanha em prol do Hospital do C\u00e2ncer - VerdadeOn","og_description":"Empresa vai comercializar um kit especial em todo o territ\u00f3rio nacional com 100% do lucro revertido \u00e0 institui\u00e7\u00e3o &nbsp; O Hospital do C\u00e2ncer de Franca, pertencente [\u2026]","og_url":"https:\/\/verdadeon.com.br\/portal\/2022\/10\/21\/industria-de-doces-francana-promove-campanha-em-prol-do-hospital-do-cancer\/","og_site_name":"VerdadeOn","article_published_time":"2022-10-21T20:57:08+00:00","og_image":[{"width":1050,"height":670,"url":"https:\/\/verdadeon.com.br\/portal\/wp-content\/uploads\/2022\/10\/WhatsApp-Image-2022-10-21-at-17.16.36-2-e1666385595436.jpeg","type":"image\/jpeg"}],"author":"Redacao VerdadeOn","twitter_card":"summary_large_image","twitter_misc":{"Escrito por":"Redacao VerdadeOn","Est. tempo de leitura":"3 minutos"},"schema":{"@context":"https:\/\/schema.org","@graph":[{"@type":"WebPage","@id":"https:\/\/verdadeon.com.br\/portal\/2022\/10\/21\/industria-de-doces-francana-promove-campanha-em-prol-do-hospital-do-cancer\/","url":"https:\/\/verdadeon.com.br\/portal\/2022\/10\/21\/industria-de-doces-francana-promove-campanha-em-prol-do-hospital-do-cancer\/","name":"Ind\u00fastria de doces francana promove campanha em prol do Hospital do C\u00e2ncer - VerdadeOn","isPartOf":{"@id":"https:\/\/verdadeon.com.br\/portal\/#website"},"primaryImageOfPage":{"@id":"https:\/\/verdadeon.com.br\/portal\/2022\/10\/21\/industria-de-doces-francana-promove-campanha-em-prol-do-hospital-do-cancer\/#primaryimage"},"image":{"@id":"https:\/\/verdadeon.com.br\/portal\/2022\/10\/21\/industria-de-doces-francana-promove-campanha-em-prol-do-hospital-do-cancer\/#primaryimage"},"thumbnailUrl":"https:\/\/i0.wp.com\/verdadeon.com.br\/portal\/wp-content\/uploads\/2022\/10\/WhatsApp-Image-2022-10-21-at-17.16.36-2-e1666385595436.jpeg?fit=1050%2C670&ssl=1","datePublished":"2022-10-21T20:57:08+00:00","author":{"@id":"https:\/\/verdadeon.com.br\/portal\/#\/schema\/person\/a5060ad1e9ea3df545188fc93ce43d2f"},"breadcrumb":{"@id":"https:\/\/verdadeon.com.br\/portal\/2022\/10\/21\/industria-de-doces-francana-promove-campanha-em-prol-do-hospital-do-cancer\/#breadcrumb"},"inLanguage":"pt-BR","potentialAction":[{"@type":"ReadAction","target":["https:\/\/verdadeon.com.br\/portal\/2022\/10\/21\/industria-de-doces-francana-promove-campanha-em-prol-do-hospital-do-cancer\/"]}]},{"@type":"ImageObject","inLanguage":"pt-BR","@id":"https:\/\/verdadeon.com.br\/portal\/2022\/10\/21\/industria-de-doces-francana-promove-campanha-em-prol-do-hospital-do-cancer\/#primaryimage","url":"https:\/\/i0.wp.com\/verdadeon.com.br\/portal\/wp-content\/uploads\/2022\/10\/WhatsApp-Image-2022-10-21-at-17.16.36-2-e1666385595436.jpeg?fit=1050%2C670&ssl=1","contentUrl":"https:\/\/i0.wp.com\/verdadeon.com.br\/portal\/wp-content\/uploads\/2022\/10\/WhatsApp-Image-2022-10-21-at-17.16.36-2-e1666385595436.jpeg?fit=1050%2C670&ssl=1","width":1050,"height":670,"caption":"Tony Graciano, presidente do Grupo Santa Casa, com a equipe da Flormel, que realiza a\u00e7\u00f5es para arrecadar recursos para o Hospital do C\u00e2ncer de Franca | Fotos: Divulga\u00e7\u00e3o"},{"@type":"BreadcrumbList","@id":"https:\/\/verdadeon.com.br\/portal\/2022\/10\/21\/industria-de-doces-francana-promove-campanha-em-prol-do-hospital-do-cancer\/#breadcrumb","itemListElement":[{"@type":"ListItem","position":1,"name":"In\u00edcio","item":"https:\/\/verdadeon.com.br\/portal\/"},{"@type":"ListItem","position":2,"name":"Ind\u00fastria de doces francana promove campanha em prol do Hospital do C\u00e2ncer"}]},{"@type":"WebSite","@id":"https:\/\/verdadeon.com.br\/portal\/#website","url":"https:\/\/verdadeon.com.br\/portal\/","name":"VerdadeOn","description":"Not\u00edcias di\u00e1rias sobre Franca, Regi\u00e3o, Esporte, Cultura, Cotidiano, Colunas. Cobertura nos principais eventos da cidade \u00e9 aqui - Verdadeon Franca","potentialAction":[{"@type":"SearchAction","target":{"@type":"EntryPoint","urlTemplate":"https:\/\/verdadeon.com.br\/portal\/?s={search_term_string}"},"query-input":{"@type":"PropertyValueSpecification","valueRequired":true,"valueName":"search_term_string"}}],"inLanguage":"pt-BR"},{"@type":"Person","@id":"https:\/\/verdadeon.com.br\/portal\/#\/schema\/person\/a5060ad1e9ea3df545188fc93ce43d2f","name":"Redacao VerdadeOn","image":{"@type":"ImageObject","inLanguage":"pt-BR","@id":"https:\/\/verdadeon.com.br\/portal\/#\/schema\/person\/image\/","url":"https:\/\/secure.gravatar.com\/avatar\/459a9613caaaf07f582c3d0841eea68bdd66f533e465e6ba8b9cb45619572cf4?s=96&d=mm&r=g","contentUrl":"https:\/\/secure.gravatar.com\/avatar\/459a9613caaaf07f582c3d0841eea68bdd66f533e465e6ba8b9cb45619572cf4?s=96&d=mm&r=g","caption":"Redacao VerdadeOn"},"url":"https:\/\/verdadeon.com.br\/portal\/author\/redacao\/"}]}},"jetpack_publicize_connections":[],"jetpack_featured_media_url":"https:\/\/i0.wp.com\/verdadeon.com.br\/portal\/wp-content\/uploads\/2022\/10\/WhatsApp-Image-2022-10-21-at-17.16.36-2-e1666385595436.jpeg?fit=1050%2C670&ssl=1","jetpack_sharing_enabled":true,"_links":{"self":[{"href":"https:\/\/verdadeon.com.br\/portal\/wp-json\/wp\/v2\/posts\/29002","targetHints":{"allow":["GET"]}}],"collection":[{"href":"https:\/\/verdadeon.com.br\/portal\/wp-json\/wp\/v2\/posts"}],"about":[{"href":"https:\/\/verdadeon.com.br\/portal\/wp-json\/wp\/v2\/types\/post"}],"author":[{"embeddable":true,"href":"https:\/\/verdadeon.com.br\/portal\/wp-json\/wp\/v2\/users\/10"}],"replies":[{"embeddable":true,"href":"https:\/\/verdadeon.com.br\/portal\/wp-json\/wp\/v2\/comments?post=29002"}],"version-history":[{"count":1,"href":"https:\/\/verdadeon.com.br\/portal\/wp-json\/wp\/v2\/posts\/29002\/revisions"}],"predecessor-version":[{"id":29005,"href":"https:\/\/verdadeon.com.br\/portal\/wp-json\/wp\/v2\/posts\/29002\/revisions\/29005"}],"wp:featuredmedia":[{"embeddable":true,"href":"https:\/\/verdadeon.com.br\/portal\/wp-json\/wp\/v2\/media\/29003"}],"wp:attachment":[{"href":"https:\/\/verdadeon.com.br\/portal\/wp-json\/wp\/v2\/media?parent=29002"}],"wp:term":[{"taxonomy":"category","embeddable":true,"href":"https:\/\/verdadeon.com.br\/portal\/wp-json\/wp\/v2\/categories?post=29002"},{"taxonomy":"post_tag","embeddable":true,"href":"https:\/\/verdadeon.com.br\/portal\/wp-json\/wp\/v2\/tags?post=29002"}],"curies":[{"name":"wp","href":"https:\/\/api.w.org\/{rel}","templated":true}]}}