{"id":28985,"date":"2022-10-20T15:15:00","date_gmt":"2022-10-20T18:15:00","guid":{"rendered":"https:\/\/verdadeon.com.br\/portal\/?p=28985"},"modified":"2022-10-20T18:10:30","modified_gmt":"2022-10-20T21:10:30","slug":"5a-festa-das-nacoes-promete-boa-musica-gastronomia-diversificada-e-solidariedade","status":"publish","type":"post","link":"https:\/\/verdadeon.com.br\/portal\/2022\/10\/20\/5a-festa-das-nacoes-promete-boa-musica-gastronomia-diversificada-e-solidariedade\/","title":{"rendered":"5\u00aa Festa das Na\u00e7\u00f5es promete boa m\u00fasica, gastronomia diversificada e solidariedade"},"content":{"rendered":"<h2>Evento \u00e9 realizado at\u00e9 domingo, na Pra\u00e7a da Capelinha, pela Iansa, casa de apoio para pessoas com c\u00e2ncer<\/h2>\n<p>&nbsp;<\/p>\n<p><span style=\"font-weight: 400;\">Com atra\u00e7\u00f5es musicais variadas, card\u00e1pio t\u00edpico de diferentes pa\u00edses e esp\u00edrito de solidariedade, a casa de apoio Iansa<\/span><span style=\"font-weight: 400;\"> (Institui\u00e7\u00e3o de Apoio Nossa Senhora Aparecida) realiza de quinta (20) at\u00e9 domingo (23) a 5\u00aa Festa das Na\u00e7\u00f5es. O evento acontece na Pra\u00e7a da Capelinha, \u00e0s 19h, no primeiro dia, e, a partir das 11h, no domingo.<\/span><\/p>\n<p><span style=\"font-weight: 400;\">Os recursos arrecadados com a venda de pratos tradicionais da gastronomia de v\u00e1rios pa\u00edses e bebidas ser\u00e3o investidos na constru\u00e7\u00e3o da nova sede da entidade, j\u00e1 em andamento. \u201cA expectativa com essa edi\u00e7\u00e3o da Festa das Na\u00e7\u00f5es \u00e9 muito grande. A gente est\u00e1 com um espa\u00e7o para mais de 800 pessoas e a grade art\u00edstica tamb\u00e9m est\u00e1 muito boa, bastante diversificada, com samba, m\u00fasicas raiz e bandas. Vamos ter o Rafa, do The Voice, no domingo, e outros talentos\u201d, disse a assistente social Eliane Aparecida Bonine, fundadora da Iansa.<\/span><\/p>\n<p><span style=\"font-weight: 400;\">As obras come\u00e7aram em novembro de 2021 e est\u00e3o na fase da primeira laje, para iniciar o segundo piso. \u201cEsperamos a colabora\u00e7\u00e3o da popula\u00e7\u00e3o, que todos participem e coloquem o seu tijolinho nesta obra que \u00e9 a casa de apoio Iansa com nova sede\u201d.<\/span><\/p>\n<h4>Barracas t\u00edpicas<\/h4>\n<p><span style=\"font-weight: 400;\">Brasileira: espetinho\/ arroz no arado\/ torresmo\/frango a passarinho\u00a0<\/span><\/p>\n<p><span style=\"font-weight: 400;\">Portuguesa: bolinho de bacalhau\/<\/span><\/p>\n<p><span style=\"font-weight: 400;\">Americana: hamb\u00farguer\u00a0<\/span><\/p>\n<p><span style=\"font-weight: 400;\">Italiana: espaguete\/ fogazza<\/span><\/p>\n<p><span style=\"font-weight: 400;\">S\u00edria: esfiha\/ quibe<\/span><\/p>\n<p><span style=\"font-weight: 400;\">Jap\u00e3o: comida japonesa \/pastel\/ yakissoba<\/span><\/p>\n<p><span style=\"font-weight: 400;\">Doces (a\u00e7a\u00ed e crepe), suco, chopp e outras bebidas.<\/span><\/p>\n<h4>Programa\u00e7\u00e3o art\u00edstica<\/h4>\n<p><span style=\"font-weight: 400;\">Apresenta\u00e7\u00e3o art\u00edstica com Tonico Magno e Amigos.<\/span><\/p>\n<p><strong>20\/09 &#8211; Quinta-feira<\/strong><\/p>\n<p><span style=\"font-weight: 400;\">Leandro &amp; Clovinho<\/span><\/p>\n<p><span style=\"font-weight: 400;\">Rafael Frank<\/span><\/p>\n<p><strong>21\/09 &#8211; Sexta-feira<\/strong><\/p>\n<p><span style=\"font-weight: 400;\">Paulo Gimenes<\/span><\/p>\n<p><span style=\"font-weight: 400;\">Tunico Magno e Fernando Duzzi<\/span><\/p>\n<p><strong>22\/09 &#8211; S\u00e1bado<\/strong><\/p>\n<p><span style=\"font-weight: 400;\">Banda Rel\u00f4 Rol\u00f4<\/span><\/p>\n<p><span style=\"font-weight: 400;\">Banda Dona Ins\u00f4nia<\/span><\/p>\n<p><strong>23\/09 &#8211; Domingo<\/strong><\/p>\n<p><span style=\"font-weight: 400;\">Almo\u00e7o com Rafa Lemos, o sanfoneiro mirim<\/span><\/p>\n<p><span style=\"font-weight: 400;\">\u00c0 noite, samba raiz com Tunico Magno e Fernando Duzzi<\/span><\/p>\n<h4>Os atendimentos<\/h4>\n<p><span style=\"font-weight: 400;\">A Institui\u00e7\u00e3o de Apoio Nossa Senhora Aparecida foi fundada h\u00e1 mais de 10 anos pela assistente social Eliane Aparecida Bonine, ap\u00f3s enfrentar a luta contra o c\u00e2ncer de mama. A Iansa acolhe pacientes do Hospital do C\u00e2ncer e seus acompanhantes com hospedagem e refei\u00e7\u00f5es, al\u00e9m de realizar empr\u00e9stimos de materiais hospitalares, traslado entre a casa de apoio da Iansa, no Jardim do \u00c9den, e o hospital e atividades terap\u00eauticas.<\/span><\/p>\n<p>&nbsp;<\/p>\n","protected":false},"excerpt":{"rendered":"<p>Evento \u00e9 realizado at\u00e9 domingo, na Pra\u00e7a da Capelinha, pela Iansa, casa de apoio para pessoas com c\u00e2ncer &nbsp; Com atra\u00e7\u00f5es musicais variadas, card\u00e1pio t\u00edpico de<span class=\"excerpt-hellip\"> [\u2026]<\/span><\/p>\n","protected":false},"author":4,"featured_media":3265,"comment_status":"open","ping_status":"open","sticky":false,"template":"","format":"standard","meta":{"_jetpack_memberships_contains_paid_content":false,"footnotes":"","jetpack_publicize_message":"","jetpack_publicize_feature_enabled":true,"jetpack_social_post_already_shared":false,"jetpack_social_options":{"image_generator_settings":{"template":"highway","default_image_id":0,"enabled":false},"version":2}},"categories":[28,81],"tags":[],"class_list":["post-28985","post","type-post","status-publish","format-standard","has-post-thumbnail","hentry","category-cotidiano","category-manchete"],"yoast_head":"<!-- This site is optimized with the Yoast SEO plugin v25.6 - https:\/\/yoast.com\/wordpress\/plugins\/seo\/ -->\n<title>5\u00aa Festa das Na\u00e7\u00f5es promete boa m\u00fasica, gastronomia diversificada e solidariedade - VerdadeOn<\/title>\n<meta name=\"robots\" content=\"index, follow, max-snippet:-1, max-image-preview:large, max-video-preview:-1\" \/>\n<link rel=\"canonical\" href=\"https:\/\/verdadeon.com.br\/portal\/2022\/10\/20\/5a-festa-das-nacoes-promete-boa-musica-gastronomia-diversificada-e-solidariedade\/\" \/>\n<meta property=\"og:locale\" content=\"pt_BR\" \/>\n<meta property=\"og:type\" content=\"article\" \/>\n<meta property=\"og:title\" content=\"5\u00aa Festa das Na\u00e7\u00f5es promete boa m\u00fasica, gastronomia diversificada e solidariedade - VerdadeOn\" \/>\n<meta property=\"og:description\" content=\"Evento \u00e9 realizado at\u00e9 domingo, na Pra\u00e7a da Capelinha, pela Iansa, casa de apoio para pessoas com c\u00e2ncer &nbsp; Com atra\u00e7\u00f5es musicais variadas, card\u00e1pio t\u00edpico de [\u2026]\" \/>\n<meta property=\"og:url\" content=\"https:\/\/verdadeon.com.br\/portal\/2022\/10\/20\/5a-festa-das-nacoes-promete-boa-musica-gastronomia-diversificada-e-solidariedade\/\" \/>\n<meta property=\"og:site_name\" content=\"VerdadeOn\" \/>\n<meta property=\"article:published_time\" content=\"2022-10-20T18:15:00+00:00\" \/>\n<meta property=\"article:modified_time\" content=\"2022-10-20T21:10:30+00:00\" \/>\n<meta property=\"og:image\" content=\"https:\/\/verdadeon.com.br\/portal\/wp-content\/uploads\/2020\/02\/Eliane-Bonini-Iansa-bate-papo-de-domingo-Foto-Lindomar-Cailton-8.jpg\" \/>\n\t<meta property=\"og:image:width\" content=\"1000\" \/>\n\t<meta property=\"og:image:height\" content=\"668\" \/>\n\t<meta property=\"og:image:type\" content=\"image\/jpeg\" \/>\n<meta name=\"author\" content=\"Fernando Calixto\" \/>\n<meta name=\"twitter:card\" content=\"summary_large_image\" \/>\n<meta name=\"twitter:label1\" content=\"Escrito por\" \/>\n\t<meta name=\"twitter:data1\" content=\"Fernando Calixto\" \/>\n\t<meta name=\"twitter:label2\" content=\"Est. tempo de leitura\" \/>\n\t<meta name=\"twitter:data2\" content=\"3 minutos\" \/>\n<script type=\"application\/ld+json\" class=\"yoast-schema-graph\">{\"@context\":\"https:\/\/schema.org\",\"@graph\":[{\"@type\":\"WebPage\",\"@id\":\"https:\/\/verdadeon.com.br\/portal\/2022\/10\/20\/5a-festa-das-nacoes-promete-boa-musica-gastronomia-diversificada-e-solidariedade\/\",\"url\":\"https:\/\/verdadeon.com.br\/portal\/2022\/10\/20\/5a-festa-das-nacoes-promete-boa-musica-gastronomia-diversificada-e-solidariedade\/\",\"name\":\"5\u00aa Festa das Na\u00e7\u00f5es promete boa m\u00fasica, gastronomia diversificada e solidariedade - VerdadeOn\",\"isPartOf\":{\"@id\":\"https:\/\/verdadeon.com.br\/portal\/#website\"},\"primaryImageOfPage\":{\"@id\":\"https:\/\/verdadeon.com.br\/portal\/2022\/10\/20\/5a-festa-das-nacoes-promete-boa-musica-gastronomia-diversificada-e-solidariedade\/#primaryimage\"},\"image\":{\"@id\":\"https:\/\/verdadeon.com.br\/portal\/2022\/10\/20\/5a-festa-das-nacoes-promete-boa-musica-gastronomia-diversificada-e-solidariedade\/#primaryimage\"},\"thumbnailUrl\":\"https:\/\/i0.wp.com\/verdadeon.com.br\/portal\/wp-content\/uploads\/2020\/02\/Eliane-Bonini-Iansa-bate-papo-de-domingo-Foto-Lindomar-Cailton-8.jpg?fit=1000%2C668&ssl=1\",\"datePublished\":\"2022-10-20T18:15:00+00:00\",\"dateModified\":\"2022-10-20T21:10:30+00:00\",\"author\":{\"@id\":\"https:\/\/verdadeon.com.br\/portal\/#\/schema\/person\/8994718f49ee62ba5610471e29ca1f62\"},\"breadcrumb\":{\"@id\":\"https:\/\/verdadeon.com.br\/portal\/2022\/10\/20\/5a-festa-das-nacoes-promete-boa-musica-gastronomia-diversificada-e-solidariedade\/#breadcrumb\"},\"inLanguage\":\"pt-BR\",\"potentialAction\":[{\"@type\":\"ReadAction\",\"target\":[\"https:\/\/verdadeon.com.br\/portal\/2022\/10\/20\/5a-festa-das-nacoes-promete-boa-musica-gastronomia-diversificada-e-solidariedade\/\"]}]},{\"@type\":\"ImageObject\",\"inLanguage\":\"pt-BR\",\"@id\":\"https:\/\/verdadeon.com.br\/portal\/2022\/10\/20\/5a-festa-das-nacoes-promete-boa-musica-gastronomia-diversificada-e-solidariedade\/#primaryimage\",\"url\":\"https:\/\/i0.wp.com\/verdadeon.com.br\/portal\/wp-content\/uploads\/2020\/02\/Eliane-Bonini-Iansa-bate-papo-de-domingo-Foto-Lindomar-Cailton-8.jpg?fit=1000%2C668&ssl=1\",\"contentUrl\":\"https:\/\/i0.wp.com\/verdadeon.com.br\/portal\/wp-content\/uploads\/2020\/02\/Eliane-Bonini-Iansa-bate-papo-de-domingo-Foto-Lindomar-Cailton-8.jpg?fit=1000%2C668&ssl=1\",\"width\":1000,\"height\":668,\"caption\":\"Eliane Bonine, fundadora da casa de apoio Iansa, convida a popula\u00e7\u00e3o para prestigiar a Festa das Na\u00e7\u00f5es | Foto: Jornal Verdade\"},{\"@type\":\"BreadcrumbList\",\"@id\":\"https:\/\/verdadeon.com.br\/portal\/2022\/10\/20\/5a-festa-das-nacoes-promete-boa-musica-gastronomia-diversificada-e-solidariedade\/#breadcrumb\",\"itemListElement\":[{\"@type\":\"ListItem\",\"position\":1,\"name\":\"In\u00edcio\",\"item\":\"https:\/\/verdadeon.com.br\/portal\/\"},{\"@type\":\"ListItem\",\"position\":2,\"name\":\"5\u00aa Festa das Na\u00e7\u00f5es promete boa m\u00fasica, gastronomia diversificada e solidariedade\"}]},{\"@type\":\"WebSite\",\"@id\":\"https:\/\/verdadeon.com.br\/portal\/#website\",\"url\":\"https:\/\/verdadeon.com.br\/portal\/\",\"name\":\"VerdadeOn\",\"description\":\"Not\u00edcias di\u00e1rias sobre Franca, Regi\u00e3o, Esporte, Cultura, Cotidiano, Colunas. Cobertura nos principais eventos da cidade \u00e9 aqui - Verdadeon Franca\",\"potentialAction\":[{\"@type\":\"SearchAction\",\"target\":{\"@type\":\"EntryPoint\",\"urlTemplate\":\"https:\/\/verdadeon.com.br\/portal\/?s={search_term_string}\"},\"query-input\":{\"@type\":\"PropertyValueSpecification\",\"valueRequired\":true,\"valueName\":\"search_term_string\"}}],\"inLanguage\":\"pt-BR\"},{\"@type\":\"Person\",\"@id\":\"https:\/\/verdadeon.com.br\/portal\/#\/schema\/person\/8994718f49ee62ba5610471e29ca1f62\",\"name\":\"Fernando Calixto\",\"image\":{\"@type\":\"ImageObject\",\"inLanguage\":\"pt-BR\",\"@id\":\"https:\/\/verdadeon.com.br\/portal\/#\/schema\/person\/image\/\",\"url\":\"https:\/\/secure.gravatar.com\/avatar\/7578910c24966c0316c340f9dbd601e93ee9f9212e1033968b367af9306bd9fb?s=96&d=mm&r=g\",\"contentUrl\":\"https:\/\/secure.gravatar.com\/avatar\/7578910c24966c0316c340f9dbd601e93ee9f9212e1033968b367af9306bd9fb?s=96&d=mm&r=g\",\"caption\":\"Fernando Calixto\"},\"url\":\"https:\/\/verdadeon.com.br\/portal\/author\/fernando-calixto\/\"}]}<\/script>\n<!-- \/ Yoast SEO plugin. -->","yoast_head_json":{"title":"5\u00aa Festa das Na\u00e7\u00f5es promete boa m\u00fasica, gastronomia diversificada e solidariedade - VerdadeOn","robots":{"index":"index","follow":"follow","max-snippet":"max-snippet:-1","max-image-preview":"max-image-preview:large","max-video-preview":"max-video-preview:-1"},"canonical":"https:\/\/verdadeon.com.br\/portal\/2022\/10\/20\/5a-festa-das-nacoes-promete-boa-musica-gastronomia-diversificada-e-solidariedade\/","og_locale":"pt_BR","og_type":"article","og_title":"5\u00aa Festa das Na\u00e7\u00f5es promete boa m\u00fasica, gastronomia diversificada e solidariedade - VerdadeOn","og_description":"Evento \u00e9 realizado at\u00e9 domingo, na Pra\u00e7a da Capelinha, pela Iansa, casa de apoio para pessoas com c\u00e2ncer &nbsp; Com atra\u00e7\u00f5es musicais variadas, card\u00e1pio t\u00edpico de [\u2026]","og_url":"https:\/\/verdadeon.com.br\/portal\/2022\/10\/20\/5a-festa-das-nacoes-promete-boa-musica-gastronomia-diversificada-e-solidariedade\/","og_site_name":"VerdadeOn","article_published_time":"2022-10-20T18:15:00+00:00","article_modified_time":"2022-10-20T21:10:30+00:00","og_image":[{"width":1000,"height":668,"url":"https:\/\/verdadeon.com.br\/portal\/wp-content\/uploads\/2020\/02\/Eliane-Bonini-Iansa-bate-papo-de-domingo-Foto-Lindomar-Cailton-8.jpg","type":"image\/jpeg"}],"author":"Fernando Calixto","twitter_card":"summary_large_image","twitter_misc":{"Escrito por":"Fernando Calixto","Est. tempo de leitura":"3 minutos"},"schema":{"@context":"https:\/\/schema.org","@graph":[{"@type":"WebPage","@id":"https:\/\/verdadeon.com.br\/portal\/2022\/10\/20\/5a-festa-das-nacoes-promete-boa-musica-gastronomia-diversificada-e-solidariedade\/","url":"https:\/\/verdadeon.com.br\/portal\/2022\/10\/20\/5a-festa-das-nacoes-promete-boa-musica-gastronomia-diversificada-e-solidariedade\/","name":"5\u00aa Festa das Na\u00e7\u00f5es promete boa m\u00fasica, gastronomia diversificada e solidariedade - VerdadeOn","isPartOf":{"@id":"https:\/\/verdadeon.com.br\/portal\/#website"},"primaryImageOfPage":{"@id":"https:\/\/verdadeon.com.br\/portal\/2022\/10\/20\/5a-festa-das-nacoes-promete-boa-musica-gastronomia-diversificada-e-solidariedade\/#primaryimage"},"image":{"@id":"https:\/\/verdadeon.com.br\/portal\/2022\/10\/20\/5a-festa-das-nacoes-promete-boa-musica-gastronomia-diversificada-e-solidariedade\/#primaryimage"},"thumbnailUrl":"https:\/\/i0.wp.com\/verdadeon.com.br\/portal\/wp-content\/uploads\/2020\/02\/Eliane-Bonini-Iansa-bate-papo-de-domingo-Foto-Lindomar-Cailton-8.jpg?fit=1000%2C668&ssl=1","datePublished":"2022-10-20T18:15:00+00:00","dateModified":"2022-10-20T21:10:30+00:00","author":{"@id":"https:\/\/verdadeon.com.br\/portal\/#\/schema\/person\/8994718f49ee62ba5610471e29ca1f62"},"breadcrumb":{"@id":"https:\/\/verdadeon.com.br\/portal\/2022\/10\/20\/5a-festa-das-nacoes-promete-boa-musica-gastronomia-diversificada-e-solidariedade\/#breadcrumb"},"inLanguage":"pt-BR","potentialAction":[{"@type":"ReadAction","target":["https:\/\/verdadeon.com.br\/portal\/2022\/10\/20\/5a-festa-das-nacoes-promete-boa-musica-gastronomia-diversificada-e-solidariedade\/"]}]},{"@type":"ImageObject","inLanguage":"pt-BR","@id":"https:\/\/verdadeon.com.br\/portal\/2022\/10\/20\/5a-festa-das-nacoes-promete-boa-musica-gastronomia-diversificada-e-solidariedade\/#primaryimage","url":"https:\/\/i0.wp.com\/verdadeon.com.br\/portal\/wp-content\/uploads\/2020\/02\/Eliane-Bonini-Iansa-bate-papo-de-domingo-Foto-Lindomar-Cailton-8.jpg?fit=1000%2C668&ssl=1","contentUrl":"https:\/\/i0.wp.com\/verdadeon.com.br\/portal\/wp-content\/uploads\/2020\/02\/Eliane-Bonini-Iansa-bate-papo-de-domingo-Foto-Lindomar-Cailton-8.jpg?fit=1000%2C668&ssl=1","width":1000,"height":668,"caption":"Eliane Bonine, fundadora da casa de apoio Iansa, convida a popula\u00e7\u00e3o para prestigiar a Festa das Na\u00e7\u00f5es | Foto: Jornal Verdade"},{"@type":"BreadcrumbList","@id":"https:\/\/verdadeon.com.br\/portal\/2022\/10\/20\/5a-festa-das-nacoes-promete-boa-musica-gastronomia-diversificada-e-solidariedade\/#breadcrumb","itemListElement":[{"@type":"ListItem","position":1,"name":"In\u00edcio","item":"https:\/\/verdadeon.com.br\/portal\/"},{"@type":"ListItem","position":2,"name":"5\u00aa Festa das Na\u00e7\u00f5es promete boa m\u00fasica, gastronomia diversificada e solidariedade"}]},{"@type":"WebSite","@id":"https:\/\/verdadeon.com.br\/portal\/#website","url":"https:\/\/verdadeon.com.br\/portal\/","name":"VerdadeOn","description":"Not\u00edcias di\u00e1rias sobre Franca, Regi\u00e3o, Esporte, Cultura, Cotidiano, Colunas. Cobertura nos principais eventos da cidade \u00e9 aqui - Verdadeon Franca","potentialAction":[{"@type":"SearchAction","target":{"@type":"EntryPoint","urlTemplate":"https:\/\/verdadeon.com.br\/portal\/?s={search_term_string}"},"query-input":{"@type":"PropertyValueSpecification","valueRequired":true,"valueName":"search_term_string"}}],"inLanguage":"pt-BR"},{"@type":"Person","@id":"https:\/\/verdadeon.com.br\/portal\/#\/schema\/person\/8994718f49ee62ba5610471e29ca1f62","name":"Fernando Calixto","image":{"@type":"ImageObject","inLanguage":"pt-BR","@id":"https:\/\/verdadeon.com.br\/portal\/#\/schema\/person\/image\/","url":"https:\/\/secure.gravatar.com\/avatar\/7578910c24966c0316c340f9dbd601e93ee9f9212e1033968b367af9306bd9fb?s=96&d=mm&r=g","contentUrl":"https:\/\/secure.gravatar.com\/avatar\/7578910c24966c0316c340f9dbd601e93ee9f9212e1033968b367af9306bd9fb?s=96&d=mm&r=g","caption":"Fernando Calixto"},"url":"https:\/\/verdadeon.com.br\/portal\/author\/fernando-calixto\/"}]}},"jetpack_publicize_connections":[],"jetpack_featured_media_url":"https:\/\/i0.wp.com\/verdadeon.com.br\/portal\/wp-content\/uploads\/2020\/02\/Eliane-Bonini-Iansa-bate-papo-de-domingo-Foto-Lindomar-Cailton-8.jpg?fit=1000%2C668&ssl=1","jetpack_sharing_enabled":true,"_links":{"self":[{"href":"https:\/\/verdadeon.com.br\/portal\/wp-json\/wp\/v2\/posts\/28985","targetHints":{"allow":["GET"]}}],"collection":[{"href":"https:\/\/verdadeon.com.br\/portal\/wp-json\/wp\/v2\/posts"}],"about":[{"href":"https:\/\/verdadeon.com.br\/portal\/wp-json\/wp\/v2\/types\/post"}],"author":[{"embeddable":true,"href":"https:\/\/verdadeon.com.br\/portal\/wp-json\/wp\/v2\/users\/4"}],"replies":[{"embeddable":true,"href":"https:\/\/verdadeon.com.br\/portal\/wp-json\/wp\/v2\/comments?post=28985"}],"version-history":[{"count":1,"href":"https:\/\/verdadeon.com.br\/portal\/wp-json\/wp\/v2\/posts\/28985\/revisions"}],"predecessor-version":[{"id":28986,"href":"https:\/\/verdadeon.com.br\/portal\/wp-json\/wp\/v2\/posts\/28985\/revisions\/28986"}],"wp:featuredmedia":[{"embeddable":true,"href":"https:\/\/verdadeon.com.br\/portal\/wp-json\/wp\/v2\/media\/3265"}],"wp:attachment":[{"href":"https:\/\/verdadeon.com.br\/portal\/wp-json\/wp\/v2\/media?parent=28985"}],"wp:term":[{"taxonomy":"category","embeddable":true,"href":"https:\/\/verdadeon.com.br\/portal\/wp-json\/wp\/v2\/categories?post=28985"},{"taxonomy":"post_tag","embeddable":true,"href":"https:\/\/verdadeon.com.br\/portal\/wp-json\/wp\/v2\/tags?post=28985"}],"curies":[{"name":"wp","href":"https:\/\/api.w.org\/{rel}","templated":true}]}}