{"id":28953,"date":"2022-10-19T17:47:06","date_gmt":"2022-10-19T20:47:06","guid":{"rendered":"https:\/\/verdadeon.com.br\/portal\/?p=28953"},"modified":"2022-10-19T18:17:30","modified_gmt":"2022-10-19T21:17:30","slug":"menino-suspeito-de-ser-abandonado-em-padaria-e-acolhido-por-nova-familia","status":"publish","type":"post","link":"https:\/\/verdadeon.com.br\/portal\/2022\/10\/19\/menino-suspeito-de-ser-abandonado-em-padaria-e-acolhido-por-nova-familia\/","title":{"rendered":"Menino suspeito de ser abandonado em padaria \u00e9 acolhido por \u2018nova fam\u00edlia&#8217;\u00a0"},"content":{"rendered":"<h2><span style=\"font-weight: 400;\">Crian\u00e7a de 7 anos vive apenas com o pai, pois a m\u00e3e, segundo o Conselho Tutelar, \u00e9 usu\u00e1ria de drogas e mora nas ruas<\/span><\/h2>\n<p><span style=\"font-weight: 400;\">O menino de apenas sete anos suspeito de ter sido abandonado pelo pr\u00f3prio pai na porta de uma padaria, no Jardim Vera Cruz, na manh\u00e3 do \u00faltimo domingo (16), segue sob os cuidados de uma Fam\u00edlia Acolhedora. O programa municipal de Acolhimento Institucional mant\u00e9m pessoas cadastradas &#8211; habilitadas e aprovadas &#8211; para receber crian\u00e7as e adolescentes que necessitam ser retirados de suas fam\u00edlias por estarem sob risco.<\/span><\/p>\n<p><span style=\"font-weight: 400;\">Na nova casa, o garoto recebe todos os cuidados necess\u00e1rios, desde alimenta\u00e7\u00e3o, vestu\u00e1rio, cal\u00e7ados, medicamentos &#8211; se necess\u00e1rio, frequentar\u00e1 a escola normalmente e poder\u00e1 praticar outras atividades, como as esportivas. Ele permanecer\u00e1 com a fam\u00edlia por tempo indeterminado, enquanto o pai e familiares ser\u00e3o acompanhados pela Vara da Inf\u00e2ncia e da Juventude e pela equipe do Programa Fam\u00edlia Acolhedora para definir se poder\u00e1 regressar para a casa do pai, ter a guarda assumida por outro parente ou at\u00e9 ser encaminhado para ado\u00e7\u00e3o. \u201cEle ser\u00e1 tratado como um filho, com todos os seus direitos sendo cumpridos. As equipes que acompanhar\u00e3o o caso agora v\u00e3o estudar a situa\u00e7\u00e3o do pai e das tias para decidir o futuro dele. A prefer\u00eancia \u00e9 que fique com algu\u00e9m da fam\u00edlia\u201d, afirmou a conselheira tutelar Gl\u00e1ucia Machado Limonti, que aplicou a medida protetiva de acolhimento da crian\u00e7a, para resguard\u00e1-la.\u00a0<\/span><\/p>\n<h4><span style=\"font-weight: 400;\">O caso<\/span><\/h4>\n<p><span style=\"font-weight: 400;\">O caso aconteceu na manh\u00e3 do \u00faltimo domingo (16). Por volta das 6h, c\u00e2meras de seguran\u00e7a registraram o momento em que pai e filho aparecem se aproximando de uma padaria no Jardim Vera Cruz. Apenas a crian\u00e7a entra no estabelecimento e depois \u00e9 vista sentada na cal\u00e7ada, sozinha, descal\u00e7a. Ao notar as condi\u00e7\u00f5es do menino, populares acionaram a Pol\u00edcia Militar, que fez buscas pelo bairro e conseguiu localizar o pai dele.\u00a0<\/span><\/p>\n<p><iframe loading=\"lazy\" title=\"YouTube video player\" src=\"https:\/\/www.youtube.com\/embed\/YGG-irkj5WU\" width=\"560\" height=\"315\" frameborder=\"0\" allowfullscreen=\"allowfullscreen\"><\/iframe><\/p>\n<p><span style=\"font-weight: 400;\">Uma mulher que trabalha na padaria disse que o garoto estava com fome, cansado e roupas sujas quando chegou ao local. Ela o acolheu, deu caf\u00e9, leite e p\u00e3o para se alimentar e depois arrumou um colch\u00e3o com cobertor para ele dormir no pr\u00f3prio com\u00e9rcio.<\/span><\/p>\n<p><span style=\"font-weight: 400;\">Os policiais acionaram o Conselho Tutelar e, segundo a conselheira Gl\u00e1ucia Limonti, na segunda-feira (17) estiveram na casa do pai, mas eles n\u00e3o estavam no local. Apenas na ter\u00e7a-feira (18) foram localizados no im\u00f3vel e, com apoio da Pol\u00edcia Militar e Guarda Civil Municipal, a crian\u00e7a foi retirada e encaminhada para o Programa Fam\u00edlia Acolhedora. \u201cEle se encontrava em uma situa\u00e7\u00e3o muito prec\u00e1ria, sem os cuidados necess\u00e1rios, de higiene, alimenta\u00e7\u00e3o, e sem condi\u00e7\u00f5es de continuar daquele jeito\u201d, disse Gl\u00e1ucia.<\/span><\/p>\n<p><span style=\"font-weight: 400;\">Segundo a conselheira, o pai alegou que n\u00e3o abandonou o filho. \u201cEle disse que est\u00e1 tomando medica\u00e7\u00e3o desde que perdeu a m\u00e3e e que no domingo o filho quis entrar na padaria para pedir \u00e1gua e entrou sozinho. Ele disse que tinha tomado dois comprimidos de diazepam (ansiol\u00edtico) e devido ter dado muito sono, acabou dormindo na cal\u00e7ada e n\u00e3o abandonou o filho. Os dois t\u00eam um v\u00ednculo forte, ele diz que quer cuidar do filho, mas ele tem hist\u00f3rico de depend\u00eancia qu\u00edmica grave, de comprometimento, e ele pr\u00f3prio admite isso, ent\u00e3o no momento n\u00e3o tem condi\u00e7\u00f5es para isso\u201d, afirmou ela.\u00a0<\/span><\/p>\n<p><iframe loading=\"lazy\" title=\"YouTube video player\" src=\"https:\/\/www.youtube.com\/embed\/Bftq-FiK5aU\" width=\"560\" height=\"315\" frameborder=\"0\" allowfullscreen=\"allowfullscreen\"><\/iframe><\/p>\n<h4><span style=\"font-weight: 400;\">Hist\u00f3rico no Conselho Tutelar<\/span><\/h4>\n<p><span style=\"font-weight: 400;\">O Conselho Tutelar acompanha pai e filho desde fevereiro deste ano, quando o \u00f3rg\u00e3o recebeu den\u00fancias de maus tratos contra a crian\u00e7a. De acordo com a conselheira, desde ent\u00e3o, foram encaminhados para os servi\u00e7os de atendimento da Secretaria Municipal de A\u00e7\u00e3o Social e estavam sendo acompanhados pelo Creas (<\/span><span style=\"font-weight: 400;\">Centro de Refer\u00eancia Especializado de Assist\u00eancia Social<\/span><span style=\"font-weight: 400;\">). \u201cO pai morava com o filho e a av\u00f3 paterna da crian\u00e7a, que ajudava a cuidar dele, porque foi abandonado pela m\u00e3e que \u00e9 usu\u00e1ria de drogas e est\u00e1 em situa\u00e7\u00e3o de rua. Mas a av\u00f3 faleceu. Segundo as den\u00fancias de agora, ele estava passando a noite na rua com o filho, ent\u00e3o realmente \u00e9 uma situa\u00e7\u00e3o de neglig\u00eancia\u201d.<\/span><\/p>\n<p><span style=\"font-weight: 400;\">A Secretaria Municipal de A\u00e7\u00e3o Social disse que ambos estavam sendo acompanhados\u00a0 e que, j\u00e1 assistido pelo Servi\u00e7o de Acolhimento Institucional para Crian\u00e7as e Adolescentes, o menino segue aguardando decis\u00e3o da Justi\u00e7a.<\/span><\/p>\n<h4><span style=\"font-weight: 400;\">Como\u00e7\u00e3o<\/span><\/h4>\n<p><span style=\"font-weight: 400;\">Gl\u00e1ucia disse que o caso gerou grande repercuss\u00e3o e, al\u00e9m de contatos da imprensa de Franca e outras cidades, o Conselho foi procurado por pessoas dispostas a acolher e ajudar o garoto, porque se sensibilizaram com a hist\u00f3ria. \u201cO pessoal de Direitos Humanos de Bras\u00edlia nos pediu um relat\u00f3rio sobre o caso porque querem auxiliar de alguma forma. Realmente as pessoas se comoveram com a situa\u00e7\u00e3o deles.\u201d<\/span><\/p>\n","protected":false},"excerpt":{"rendered":"<p>Crian\u00e7a de 7 anos vive apenas com o pai, pois a m\u00e3e, segundo o Conselho Tutelar, \u00e9 usu\u00e1ria de drogas e mora nas ruas O menino<span class=\"excerpt-hellip\"> [\u2026]<\/span><\/p>\n","protected":false},"author":12,"featured_media":28955,"comment_status":"open","ping_status":"open","sticky":false,"template":"","format":"standard","meta":{"_jetpack_memberships_contains_paid_content":false,"footnotes":"","jetpack_publicize_message":"","jetpack_publicize_feature_enabled":true,"jetpack_social_post_already_shared":false,"jetpack_social_options":{"image_generator_settings":{"template":"highway","default_image_id":0,"enabled":false},"version":2}},"categories":[28,81],"tags":[],"class_list":["post-28953","post","type-post","status-publish","format-standard","has-post-thumbnail","hentry","category-cotidiano","category-manchete"],"yoast_head":"<!-- This site is optimized with the Yoast SEO plugin v25.6 - https:\/\/yoast.com\/wordpress\/plugins\/seo\/ -->\n<title>Menino suspeito de ser abandonado em padaria \u00e9 acolhido por \u2018nova fam\u00edlia&#039;\u00a0 - VerdadeOn<\/title>\n<meta name=\"robots\" content=\"index, follow, max-snippet:-1, max-image-preview:large, max-video-preview:-1\" \/>\n<link rel=\"canonical\" href=\"https:\/\/verdadeon.com.br\/portal\/2022\/10\/19\/menino-suspeito-de-ser-abandonado-em-padaria-e-acolhido-por-nova-familia\/\" \/>\n<meta property=\"og:locale\" content=\"pt_BR\" \/>\n<meta property=\"og:type\" content=\"article\" \/>\n<meta property=\"og:title\" content=\"Menino suspeito de ser abandonado em padaria \u00e9 acolhido por \u2018nova fam\u00edlia&#039;\u00a0 - VerdadeOn\" \/>\n<meta property=\"og:description\" content=\"Crian\u00e7a de 7 anos vive apenas com o pai, pois a m\u00e3e, segundo o Conselho Tutelar, \u00e9 usu\u00e1ria de drogas e mora nas ruas O menino [\u2026]\" \/>\n<meta property=\"og:url\" content=\"https:\/\/verdadeon.com.br\/portal\/2022\/10\/19\/menino-suspeito-de-ser-abandonado-em-padaria-e-acolhido-por-nova-familia\/\" \/>\n<meta property=\"og:site_name\" content=\"VerdadeOn\" \/>\n<meta property=\"article:published_time\" content=\"2022-10-19T20:47:06+00:00\" \/>\n<meta property=\"article:modified_time\" content=\"2022-10-19T21:17:30+00:00\" \/>\n<meta property=\"og:image\" content=\"https:\/\/verdadeon.com.br\/portal\/wp-content\/uploads\/2022\/10\/WhatsApp-Image-2022-10-19-at-17.09.54-e1666210250337.jpeg\" \/>\n\t<meta property=\"og:image:width\" content=\"1000\" \/>\n\t<meta property=\"og:image:height\" content=\"672\" \/>\n\t<meta property=\"og:image:type\" content=\"image\/jpeg\" \/>\n<meta name=\"author\" content=\"Nelise Luques\" \/>\n<meta name=\"twitter:card\" content=\"summary_large_image\" \/>\n<meta name=\"twitter:label1\" content=\"Escrito por\" \/>\n\t<meta name=\"twitter:data1\" content=\"Nelise Luques\" \/>\n\t<meta name=\"twitter:label2\" content=\"Est. tempo de leitura\" \/>\n\t<meta name=\"twitter:data2\" content=\"5 minutos\" \/>\n<script type=\"application\/ld+json\" class=\"yoast-schema-graph\">{\"@context\":\"https:\/\/schema.org\",\"@graph\":[{\"@type\":\"WebPage\",\"@id\":\"https:\/\/verdadeon.com.br\/portal\/2022\/10\/19\/menino-suspeito-de-ser-abandonado-em-padaria-e-acolhido-por-nova-familia\/\",\"url\":\"https:\/\/verdadeon.com.br\/portal\/2022\/10\/19\/menino-suspeito-de-ser-abandonado-em-padaria-e-acolhido-por-nova-familia\/\",\"name\":\"Menino suspeito de ser abandonado em padaria \u00e9 acolhido por \u2018nova fam\u00edlia'\u00a0 - VerdadeOn\",\"isPartOf\":{\"@id\":\"https:\/\/verdadeon.com.br\/portal\/#website\"},\"primaryImageOfPage\":{\"@id\":\"https:\/\/verdadeon.com.br\/portal\/2022\/10\/19\/menino-suspeito-de-ser-abandonado-em-padaria-e-acolhido-por-nova-familia\/#primaryimage\"},\"image\":{\"@id\":\"https:\/\/verdadeon.com.br\/portal\/2022\/10\/19\/menino-suspeito-de-ser-abandonado-em-padaria-e-acolhido-por-nova-familia\/#primaryimage\"},\"thumbnailUrl\":\"https:\/\/i0.wp.com\/verdadeon.com.br\/portal\/wp-content\/uploads\/2022\/10\/WhatsApp-Image-2022-10-19-at-17.09.54-e1666210250337.jpeg?fit=1000%2C672&ssl=1\",\"datePublished\":\"2022-10-19T20:47:06+00:00\",\"dateModified\":\"2022-10-19T21:17:30+00:00\",\"author\":{\"@id\":\"https:\/\/verdadeon.com.br\/portal\/#\/schema\/person\/8248726d36015c1916636fabb175d972\"},\"breadcrumb\":{\"@id\":\"https:\/\/verdadeon.com.br\/portal\/2022\/10\/19\/menino-suspeito-de-ser-abandonado-em-padaria-e-acolhido-por-nova-familia\/#breadcrumb\"},\"inLanguage\":\"pt-BR\",\"potentialAction\":[{\"@type\":\"ReadAction\",\"target\":[\"https:\/\/verdadeon.com.br\/portal\/2022\/10\/19\/menino-suspeito-de-ser-abandonado-em-padaria-e-acolhido-por-nova-familia\/\"]}]},{\"@type\":\"ImageObject\",\"inLanguage\":\"pt-BR\",\"@id\":\"https:\/\/verdadeon.com.br\/portal\/2022\/10\/19\/menino-suspeito-de-ser-abandonado-em-padaria-e-acolhido-por-nova-familia\/#primaryimage\",\"url\":\"https:\/\/i0.wp.com\/verdadeon.com.br\/portal\/wp-content\/uploads\/2022\/10\/WhatsApp-Image-2022-10-19-at-17.09.54-e1666210250337.jpeg?fit=1000%2C672&ssl=1\",\"contentUrl\":\"https:\/\/i0.wp.com\/verdadeon.com.br\/portal\/wp-content\/uploads\/2022\/10\/WhatsApp-Image-2022-10-19-at-17.09.54-e1666210250337.jpeg?fit=1000%2C672&ssl=1\",\"width\":1000,\"height\":672,\"caption\":\"Imagens de seguran\u00e7a mostram o momento em que o menino fica sozinho, sentado na porta da padaria no Jardim Vera Cruz, sem o pai\"},{\"@type\":\"BreadcrumbList\",\"@id\":\"https:\/\/verdadeon.com.br\/portal\/2022\/10\/19\/menino-suspeito-de-ser-abandonado-em-padaria-e-acolhido-por-nova-familia\/#breadcrumb\",\"itemListElement\":[{\"@type\":\"ListItem\",\"position\":1,\"name\":\"In\u00edcio\",\"item\":\"https:\/\/verdadeon.com.br\/portal\/\"},{\"@type\":\"ListItem\",\"position\":2,\"name\":\"Menino suspeito de ser abandonado em padaria \u00e9 acolhido por \u2018nova fam\u00edlia&#8217;\u00a0\"}]},{\"@type\":\"WebSite\",\"@id\":\"https:\/\/verdadeon.com.br\/portal\/#website\",\"url\":\"https:\/\/verdadeon.com.br\/portal\/\",\"name\":\"VerdadeOn\",\"description\":\"Not\u00edcias di\u00e1rias sobre Franca, Regi\u00e3o, Esporte, Cultura, Cotidiano, Colunas. Cobertura nos principais eventos da cidade \u00e9 aqui - Verdadeon Franca\",\"potentialAction\":[{\"@type\":\"SearchAction\",\"target\":{\"@type\":\"EntryPoint\",\"urlTemplate\":\"https:\/\/verdadeon.com.br\/portal\/?s={search_term_string}\"},\"query-input\":{\"@type\":\"PropertyValueSpecification\",\"valueRequired\":true,\"valueName\":\"search_term_string\"}}],\"inLanguage\":\"pt-BR\"},{\"@type\":\"Person\",\"@id\":\"https:\/\/verdadeon.com.br\/portal\/#\/schema\/person\/8248726d36015c1916636fabb175d972\",\"name\":\"Nelise Luques\",\"image\":{\"@type\":\"ImageObject\",\"inLanguage\":\"pt-BR\",\"@id\":\"https:\/\/verdadeon.com.br\/portal\/#\/schema\/person\/image\/\",\"url\":\"https:\/\/secure.gravatar.com\/avatar\/29b2a17f5bcadeb827411b66f48ac13c3e0ecaf5906c0f5745ecc5d41c24eada?s=96&d=mm&r=g\",\"contentUrl\":\"https:\/\/secure.gravatar.com\/avatar\/29b2a17f5bcadeb827411b66f48ac13c3e0ecaf5906c0f5745ecc5d41c24eada?s=96&d=mm&r=g\",\"caption\":\"Nelise Luques\"},\"url\":\"https:\/\/verdadeon.com.br\/portal\/author\/verdade\/\"}]}<\/script>\n<!-- \/ Yoast SEO plugin. -->","yoast_head_json":{"title":"Menino suspeito de ser abandonado em padaria \u00e9 acolhido por \u2018nova fam\u00edlia'\u00a0 - VerdadeOn","robots":{"index":"index","follow":"follow","max-snippet":"max-snippet:-1","max-image-preview":"max-image-preview:large","max-video-preview":"max-video-preview:-1"},"canonical":"https:\/\/verdadeon.com.br\/portal\/2022\/10\/19\/menino-suspeito-de-ser-abandonado-em-padaria-e-acolhido-por-nova-familia\/","og_locale":"pt_BR","og_type":"article","og_title":"Menino suspeito de ser abandonado em padaria \u00e9 acolhido por \u2018nova fam\u00edlia'\u00a0 - VerdadeOn","og_description":"Crian\u00e7a de 7 anos vive apenas com o pai, pois a m\u00e3e, segundo o Conselho Tutelar, \u00e9 usu\u00e1ria de drogas e mora nas ruas O menino [\u2026]","og_url":"https:\/\/verdadeon.com.br\/portal\/2022\/10\/19\/menino-suspeito-de-ser-abandonado-em-padaria-e-acolhido-por-nova-familia\/","og_site_name":"VerdadeOn","article_published_time":"2022-10-19T20:47:06+00:00","article_modified_time":"2022-10-19T21:17:30+00:00","og_image":[{"width":1000,"height":672,"url":"https:\/\/verdadeon.com.br\/portal\/wp-content\/uploads\/2022\/10\/WhatsApp-Image-2022-10-19-at-17.09.54-e1666210250337.jpeg","type":"image\/jpeg"}],"author":"Nelise Luques","twitter_card":"summary_large_image","twitter_misc":{"Escrito por":"Nelise Luques","Est. tempo de leitura":"5 minutos"},"schema":{"@context":"https:\/\/schema.org","@graph":[{"@type":"WebPage","@id":"https:\/\/verdadeon.com.br\/portal\/2022\/10\/19\/menino-suspeito-de-ser-abandonado-em-padaria-e-acolhido-por-nova-familia\/","url":"https:\/\/verdadeon.com.br\/portal\/2022\/10\/19\/menino-suspeito-de-ser-abandonado-em-padaria-e-acolhido-por-nova-familia\/","name":"Menino suspeito de ser abandonado em padaria \u00e9 acolhido por \u2018nova fam\u00edlia'\u00a0 - VerdadeOn","isPartOf":{"@id":"https:\/\/verdadeon.com.br\/portal\/#website"},"primaryImageOfPage":{"@id":"https:\/\/verdadeon.com.br\/portal\/2022\/10\/19\/menino-suspeito-de-ser-abandonado-em-padaria-e-acolhido-por-nova-familia\/#primaryimage"},"image":{"@id":"https:\/\/verdadeon.com.br\/portal\/2022\/10\/19\/menino-suspeito-de-ser-abandonado-em-padaria-e-acolhido-por-nova-familia\/#primaryimage"},"thumbnailUrl":"https:\/\/i0.wp.com\/verdadeon.com.br\/portal\/wp-content\/uploads\/2022\/10\/WhatsApp-Image-2022-10-19-at-17.09.54-e1666210250337.jpeg?fit=1000%2C672&ssl=1","datePublished":"2022-10-19T20:47:06+00:00","dateModified":"2022-10-19T21:17:30+00:00","author":{"@id":"https:\/\/verdadeon.com.br\/portal\/#\/schema\/person\/8248726d36015c1916636fabb175d972"},"breadcrumb":{"@id":"https:\/\/verdadeon.com.br\/portal\/2022\/10\/19\/menino-suspeito-de-ser-abandonado-em-padaria-e-acolhido-por-nova-familia\/#breadcrumb"},"inLanguage":"pt-BR","potentialAction":[{"@type":"ReadAction","target":["https:\/\/verdadeon.com.br\/portal\/2022\/10\/19\/menino-suspeito-de-ser-abandonado-em-padaria-e-acolhido-por-nova-familia\/"]}]},{"@type":"ImageObject","inLanguage":"pt-BR","@id":"https:\/\/verdadeon.com.br\/portal\/2022\/10\/19\/menino-suspeito-de-ser-abandonado-em-padaria-e-acolhido-por-nova-familia\/#primaryimage","url":"https:\/\/i0.wp.com\/verdadeon.com.br\/portal\/wp-content\/uploads\/2022\/10\/WhatsApp-Image-2022-10-19-at-17.09.54-e1666210250337.jpeg?fit=1000%2C672&ssl=1","contentUrl":"https:\/\/i0.wp.com\/verdadeon.com.br\/portal\/wp-content\/uploads\/2022\/10\/WhatsApp-Image-2022-10-19-at-17.09.54-e1666210250337.jpeg?fit=1000%2C672&ssl=1","width":1000,"height":672,"caption":"Imagens de seguran\u00e7a mostram o momento em que o menino fica sozinho, sentado na porta da padaria no Jardim Vera Cruz, sem o pai"},{"@type":"BreadcrumbList","@id":"https:\/\/verdadeon.com.br\/portal\/2022\/10\/19\/menino-suspeito-de-ser-abandonado-em-padaria-e-acolhido-por-nova-familia\/#breadcrumb","itemListElement":[{"@type":"ListItem","position":1,"name":"In\u00edcio","item":"https:\/\/verdadeon.com.br\/portal\/"},{"@type":"ListItem","position":2,"name":"Menino suspeito de ser abandonado em padaria \u00e9 acolhido por \u2018nova fam\u00edlia&#8217;\u00a0"}]},{"@type":"WebSite","@id":"https:\/\/verdadeon.com.br\/portal\/#website","url":"https:\/\/verdadeon.com.br\/portal\/","name":"VerdadeOn","description":"Not\u00edcias di\u00e1rias sobre Franca, Regi\u00e3o, Esporte, Cultura, Cotidiano, Colunas. Cobertura nos principais eventos da cidade \u00e9 aqui - Verdadeon Franca","potentialAction":[{"@type":"SearchAction","target":{"@type":"EntryPoint","urlTemplate":"https:\/\/verdadeon.com.br\/portal\/?s={search_term_string}"},"query-input":{"@type":"PropertyValueSpecification","valueRequired":true,"valueName":"search_term_string"}}],"inLanguage":"pt-BR"},{"@type":"Person","@id":"https:\/\/verdadeon.com.br\/portal\/#\/schema\/person\/8248726d36015c1916636fabb175d972","name":"Nelise Luques","image":{"@type":"ImageObject","inLanguage":"pt-BR","@id":"https:\/\/verdadeon.com.br\/portal\/#\/schema\/person\/image\/","url":"https:\/\/secure.gravatar.com\/avatar\/29b2a17f5bcadeb827411b66f48ac13c3e0ecaf5906c0f5745ecc5d41c24eada?s=96&d=mm&r=g","contentUrl":"https:\/\/secure.gravatar.com\/avatar\/29b2a17f5bcadeb827411b66f48ac13c3e0ecaf5906c0f5745ecc5d41c24eada?s=96&d=mm&r=g","caption":"Nelise Luques"},"url":"https:\/\/verdadeon.com.br\/portal\/author\/verdade\/"}]}},"jetpack_publicize_connections":[],"jetpack_featured_media_url":"https:\/\/i0.wp.com\/verdadeon.com.br\/portal\/wp-content\/uploads\/2022\/10\/WhatsApp-Image-2022-10-19-at-17.09.54-e1666210250337.jpeg?fit=1000%2C672&ssl=1","jetpack_sharing_enabled":true,"_links":{"self":[{"href":"https:\/\/verdadeon.com.br\/portal\/wp-json\/wp\/v2\/posts\/28953","targetHints":{"allow":["GET"]}}],"collection":[{"href":"https:\/\/verdadeon.com.br\/portal\/wp-json\/wp\/v2\/posts"}],"about":[{"href":"https:\/\/verdadeon.com.br\/portal\/wp-json\/wp\/v2\/types\/post"}],"author":[{"embeddable":true,"href":"https:\/\/verdadeon.com.br\/portal\/wp-json\/wp\/v2\/users\/12"}],"replies":[{"embeddable":true,"href":"https:\/\/verdadeon.com.br\/portal\/wp-json\/wp\/v2\/comments?post=28953"}],"version-history":[{"count":2,"href":"https:\/\/verdadeon.com.br\/portal\/wp-json\/wp\/v2\/posts\/28953\/revisions"}],"predecessor-version":[{"id":28965,"href":"https:\/\/verdadeon.com.br\/portal\/wp-json\/wp\/v2\/posts\/28953\/revisions\/28965"}],"wp:featuredmedia":[{"embeddable":true,"href":"https:\/\/verdadeon.com.br\/portal\/wp-json\/wp\/v2\/media\/28955"}],"wp:attachment":[{"href":"https:\/\/verdadeon.com.br\/portal\/wp-json\/wp\/v2\/media?parent=28953"}],"wp:term":[{"taxonomy":"category","embeddable":true,"href":"https:\/\/verdadeon.com.br\/portal\/wp-json\/wp\/v2\/categories?post=28953"},{"taxonomy":"post_tag","embeddable":true,"href":"https:\/\/verdadeon.com.br\/portal\/wp-json\/wp\/v2\/tags?post=28953"}],"curies":[{"name":"wp","href":"https:\/\/api.w.org\/{rel}","templated":true}]}}