{"id":28950,"date":"2022-10-19T14:10:57","date_gmt":"2022-10-19T17:10:57","guid":{"rendered":"https:\/\/verdadeon.com.br\/portal\/?p=28950"},"modified":"2022-10-19T14:08:07","modified_gmt":"2022-10-19T17:08:07","slug":"farmacias-de-franca-sao-alvo-de-investigacao-por-suspeita-de-sonegarem-r-17-milhoes","status":"publish","type":"post","link":"https:\/\/verdadeon.com.br\/portal\/2022\/10\/19\/farmacias-de-franca-sao-alvo-de-investigacao-por-suspeita-de-sonegarem-r-17-milhoes\/","title":{"rendered":"Farm\u00e1cias de Franca s\u00e3o alvo de investiga\u00e7\u00e3o por suspeita de sonegarem R$ 17 milh\u00f5es"},"content":{"rendered":"<h2><span style=\"font-weight: 400;\">Gaeco, Sefaz e PM deflagraram a &#8216;Opera\u00e7\u00e3o Guelta&#8217;, nesta quarta-feira, para cumprir dez mandados de busca e apreens\u00e3o<\/span><\/h2>\n<p><span style=\"font-weight: 400;\">\u00a0<\/span><\/p>\n<p><span style=\"font-weight: 400;\">O Gaeco (Minist\u00e9rio P\u00fablico do Estado de S\u00e3o Paulo) deflagrou nesta quarta-feira (19), em conjunto com a Secretaria da Fazenda e Planejamento do Estado de S\u00e3o Paulo (Sefaz-SP), com o apoio da Pol\u00edcia Militar do Estado de S\u00e3o Paulo, a Opera\u00e7\u00e3o \u201cGuelta\u201d, visando o cumprimento de mandados de busca e apreens\u00e3o em farm\u00e1cias na cidade de Franca.<\/span><\/p>\n<p><span style=\"font-weight: 400;\">As farm\u00e1cias est\u00e3o sendo investigadas pela compra e venda de medicamentos sem nota fiscal, o que j\u00e1 teria levado \u00e0 sonega\u00e7\u00e3o fiscal de aproximadamente R$ 17 milh\u00f5es. Al\u00e9m disso, h\u00e1 ind\u00edcios de que as farm\u00e1cias adquiram medicamentos controlados sem nota fiscal, de origem desconhecida, dificultando o controle sobre a posterior revenda destes.<\/span><\/p>\n<p><span style=\"font-weight: 400;\">O MP investiga a pr\u00e1tica de lavagem de dinheiro pelo propriet\u00e1rio destas farm\u00e1cias, o qual, al\u00e9m de registrar alguns estabelecimentos em nome de laranjas, ainda praticou diversos atos para dissimular a origem il\u00edcita dos valores recebidos nos atos descritos acima.<\/span><\/p>\n<p><span style=\"font-weight: 400;\">Com o intuito de aprofundar as investiga\u00e7\u00f5es, foram cumpridos dez mandados de busca e apreens\u00e3o, sendo nove em Franca e um em Jardin\u00f3polis.<\/span><\/p>\n<p><span style=\"font-weight: 400;\">Participaram da opera\u00e7\u00e3o cinco Promotores de Justi\u00e7a, oito servidores do Minist\u00e9rio P\u00fablico, 22 auditores fiscais da Receita Estadual e 26 Policiais Militares.<\/span><\/p>\n","protected":false},"excerpt":{"rendered":"<p>Gaeco, Sefaz e PM deflagraram a &#8216;Opera\u00e7\u00e3o Guelta&#8217;, nesta quarta-feira, para cumprir dez mandados de busca e apreens\u00e3o \u00a0 O Gaeco (Minist\u00e9rio P\u00fablico do Estado de<span class=\"excerpt-hellip\"> [\u2026]<\/span><\/p>\n","protected":false},"author":12,"featured_media":18326,"comment_status":"open","ping_status":"open","sticky":false,"template":"","format":"standard","meta":{"_jetpack_memberships_contains_paid_content":false,"footnotes":"","jetpack_publicize_message":"","jetpack_publicize_feature_enabled":true,"jetpack_social_post_already_shared":false,"jetpack_social_options":{"image_generator_settings":{"template":"highway","default_image_id":0,"enabled":false},"version":2}},"categories":[28,81],"tags":[],"class_list":["post-28950","post","type-post","status-publish","format-standard","has-post-thumbnail","hentry","category-cotidiano","category-manchete"],"yoast_head":"<!-- This site is optimized with the Yoast SEO plugin v25.6 - https:\/\/yoast.com\/wordpress\/plugins\/seo\/ -->\n<title>Farm\u00e1cias de Franca s\u00e3o alvo de investiga\u00e7\u00e3o por suspeita de sonegarem R$ 17 milh\u00f5es - VerdadeOn<\/title>\n<meta name=\"robots\" content=\"index, follow, max-snippet:-1, max-image-preview:large, max-video-preview:-1\" \/>\n<link rel=\"canonical\" href=\"https:\/\/verdadeon.com.br\/portal\/?p=28950\" \/>\n<meta property=\"og:locale\" content=\"pt_BR\" \/>\n<meta property=\"og:type\" content=\"article\" \/>\n<meta property=\"og:title\" content=\"Farm\u00e1cias de Franca s\u00e3o alvo de investiga\u00e7\u00e3o por suspeita de sonegarem R$ 17 milh\u00f5es - VerdadeOn\" \/>\n<meta property=\"og:description\" content=\"Gaeco, Sefaz e PM deflagraram a &#8216;Opera\u00e7\u00e3o Guelta&#8217;, nesta quarta-feira, para cumprir dez mandados de busca e apreens\u00e3o \u00a0 O Gaeco (Minist\u00e9rio P\u00fablico do Estado de [\u2026]\" \/>\n<meta property=\"og:url\" content=\"https:\/\/verdadeon.com.br\/portal\/?p=28950\" \/>\n<meta property=\"og:site_name\" content=\"VerdadeOn\" \/>\n<meta property=\"article:published_time\" content=\"2022-10-19T17:10:57+00:00\" \/>\n<meta property=\"og:image\" content=\"https:\/\/verdadeon.com.br\/portal\/wp-content\/uploads\/2021\/07\/Gaeco-e1627415383501.jpg\" \/>\n\t<meta property=\"og:image:width\" content=\"999\" \/>\n\t<meta property=\"og:image:height\" content=\"670\" \/>\n\t<meta property=\"og:image:type\" content=\"image\/jpeg\" \/>\n<meta name=\"author\" content=\"Nelise Luques\" \/>\n<meta name=\"twitter:card\" content=\"summary_large_image\" \/>\n<meta name=\"twitter:label1\" content=\"Escrito por\" \/>\n\t<meta name=\"twitter:data1\" content=\"Nelise Luques\" \/>\n\t<meta name=\"twitter:label2\" content=\"Est. tempo de leitura\" \/>\n\t<meta name=\"twitter:data2\" content=\"2 minutos\" \/>\n<script type=\"application\/ld+json\" class=\"yoast-schema-graph\">{\"@context\":\"https:\/\/schema.org\",\"@graph\":[{\"@type\":\"WebPage\",\"@id\":\"https:\/\/verdadeon.com.br\/portal\/?p=28950\",\"url\":\"https:\/\/verdadeon.com.br\/portal\/?p=28950\",\"name\":\"Farm\u00e1cias de Franca s\u00e3o alvo de investiga\u00e7\u00e3o por suspeita de sonegarem R$ 17 milh\u00f5es - VerdadeOn\",\"isPartOf\":{\"@id\":\"https:\/\/verdadeon.com.br\/portal\/#website\"},\"primaryImageOfPage\":{\"@id\":\"https:\/\/verdadeon.com.br\/portal\/?p=28950#primaryimage\"},\"image\":{\"@id\":\"https:\/\/verdadeon.com.br\/portal\/?p=28950#primaryimage\"},\"thumbnailUrl\":\"https:\/\/i0.wp.com\/verdadeon.com.br\/portal\/wp-content\/uploads\/2021\/07\/Gaeco-e1627415383501.jpg?fit=999%2C670&ssl=1\",\"datePublished\":\"2022-10-19T17:10:57+00:00\",\"author\":{\"@id\":\"https:\/\/verdadeon.com.br\/portal\/#\/schema\/person\/8248726d36015c1916636fabb175d972\"},\"breadcrumb\":{\"@id\":\"https:\/\/verdadeon.com.br\/portal\/?p=28950#breadcrumb\"},\"inLanguage\":\"pt-BR\",\"potentialAction\":[{\"@type\":\"ReadAction\",\"target\":[\"https:\/\/verdadeon.com.br\/portal\/?p=28950\"]}]},{\"@type\":\"ImageObject\",\"inLanguage\":\"pt-BR\",\"@id\":\"https:\/\/verdadeon.com.br\/portal\/?p=28950#primaryimage\",\"url\":\"https:\/\/i0.wp.com\/verdadeon.com.br\/portal\/wp-content\/uploads\/2021\/07\/Gaeco-e1627415383501.jpg?fit=999%2C670&ssl=1\",\"contentUrl\":\"https:\/\/i0.wp.com\/verdadeon.com.br\/portal\/wp-content\/uploads\/2021\/07\/Gaeco-e1627415383501.jpg?fit=999%2C670&ssl=1\",\"width\":999,\"height\":670,\"caption\":\"Opera\u00e7\u00e3o foi deflagrada pelo GAECO em parceria com a Pol\u00edcia Militar (\u00a9Reprodu\u00e7\u00e3o)\"},{\"@type\":\"BreadcrumbList\",\"@id\":\"https:\/\/verdadeon.com.br\/portal\/?p=28950#breadcrumb\",\"itemListElement\":[{\"@type\":\"ListItem\",\"position\":1,\"name\":\"In\u00edcio\",\"item\":\"https:\/\/verdadeon.com.br\/portal\/\"},{\"@type\":\"ListItem\",\"position\":2,\"name\":\"Farm\u00e1cias de Franca s\u00e3o alvo de investiga\u00e7\u00e3o por suspeita de sonegarem R$ 17 milh\u00f5es\"}]},{\"@type\":\"WebSite\",\"@id\":\"https:\/\/verdadeon.com.br\/portal\/#website\",\"url\":\"https:\/\/verdadeon.com.br\/portal\/\",\"name\":\"VerdadeOn\",\"description\":\"Not\u00edcias di\u00e1rias sobre Franca, Regi\u00e3o, Esporte, Cultura, Cotidiano, Colunas. Cobertura nos principais eventos da cidade \u00e9 aqui - Verdadeon Franca\",\"potentialAction\":[{\"@type\":\"SearchAction\",\"target\":{\"@type\":\"EntryPoint\",\"urlTemplate\":\"https:\/\/verdadeon.com.br\/portal\/?s={search_term_string}\"},\"query-input\":{\"@type\":\"PropertyValueSpecification\",\"valueRequired\":true,\"valueName\":\"search_term_string\"}}],\"inLanguage\":\"pt-BR\"},{\"@type\":\"Person\",\"@id\":\"https:\/\/verdadeon.com.br\/portal\/#\/schema\/person\/8248726d36015c1916636fabb175d972\",\"name\":\"Nelise Luques\",\"image\":{\"@type\":\"ImageObject\",\"inLanguage\":\"pt-BR\",\"@id\":\"https:\/\/verdadeon.com.br\/portal\/#\/schema\/person\/image\/\",\"url\":\"https:\/\/secure.gravatar.com\/avatar\/29b2a17f5bcadeb827411b66f48ac13c3e0ecaf5906c0f5745ecc5d41c24eada?s=96&d=mm&r=g\",\"contentUrl\":\"https:\/\/secure.gravatar.com\/avatar\/29b2a17f5bcadeb827411b66f48ac13c3e0ecaf5906c0f5745ecc5d41c24eada?s=96&d=mm&r=g\",\"caption\":\"Nelise Luques\"},\"url\":\"https:\/\/verdadeon.com.br\/portal\/author\/verdade\/\"}]}<\/script>\n<!-- \/ Yoast SEO plugin. -->","yoast_head_json":{"title":"Farm\u00e1cias de Franca s\u00e3o alvo de investiga\u00e7\u00e3o por suspeita de sonegarem R$ 17 milh\u00f5es - VerdadeOn","robots":{"index":"index","follow":"follow","max-snippet":"max-snippet:-1","max-image-preview":"max-image-preview:large","max-video-preview":"max-video-preview:-1"},"canonical":"https:\/\/verdadeon.com.br\/portal\/?p=28950","og_locale":"pt_BR","og_type":"article","og_title":"Farm\u00e1cias de Franca s\u00e3o alvo de investiga\u00e7\u00e3o por suspeita de sonegarem R$ 17 milh\u00f5es - VerdadeOn","og_description":"Gaeco, Sefaz e PM deflagraram a &#8216;Opera\u00e7\u00e3o Guelta&#8217;, nesta quarta-feira, para cumprir dez mandados de busca e apreens\u00e3o \u00a0 O Gaeco (Minist\u00e9rio P\u00fablico do Estado de [\u2026]","og_url":"https:\/\/verdadeon.com.br\/portal\/?p=28950","og_site_name":"VerdadeOn","article_published_time":"2022-10-19T17:10:57+00:00","og_image":[{"width":999,"height":670,"url":"https:\/\/verdadeon.com.br\/portal\/wp-content\/uploads\/2021\/07\/Gaeco-e1627415383501.jpg","type":"image\/jpeg"}],"author":"Nelise Luques","twitter_card":"summary_large_image","twitter_misc":{"Escrito por":"Nelise Luques","Est. tempo de leitura":"2 minutos"},"schema":{"@context":"https:\/\/schema.org","@graph":[{"@type":"WebPage","@id":"https:\/\/verdadeon.com.br\/portal\/?p=28950","url":"https:\/\/verdadeon.com.br\/portal\/?p=28950","name":"Farm\u00e1cias de Franca s\u00e3o alvo de investiga\u00e7\u00e3o por suspeita de sonegarem R$ 17 milh\u00f5es - VerdadeOn","isPartOf":{"@id":"https:\/\/verdadeon.com.br\/portal\/#website"},"primaryImageOfPage":{"@id":"https:\/\/verdadeon.com.br\/portal\/?p=28950#primaryimage"},"image":{"@id":"https:\/\/verdadeon.com.br\/portal\/?p=28950#primaryimage"},"thumbnailUrl":"https:\/\/i0.wp.com\/verdadeon.com.br\/portal\/wp-content\/uploads\/2021\/07\/Gaeco-e1627415383501.jpg?fit=999%2C670&ssl=1","datePublished":"2022-10-19T17:10:57+00:00","author":{"@id":"https:\/\/verdadeon.com.br\/portal\/#\/schema\/person\/8248726d36015c1916636fabb175d972"},"breadcrumb":{"@id":"https:\/\/verdadeon.com.br\/portal\/?p=28950#breadcrumb"},"inLanguage":"pt-BR","potentialAction":[{"@type":"ReadAction","target":["https:\/\/verdadeon.com.br\/portal\/?p=28950"]}]},{"@type":"ImageObject","inLanguage":"pt-BR","@id":"https:\/\/verdadeon.com.br\/portal\/?p=28950#primaryimage","url":"https:\/\/i0.wp.com\/verdadeon.com.br\/portal\/wp-content\/uploads\/2021\/07\/Gaeco-e1627415383501.jpg?fit=999%2C670&ssl=1","contentUrl":"https:\/\/i0.wp.com\/verdadeon.com.br\/portal\/wp-content\/uploads\/2021\/07\/Gaeco-e1627415383501.jpg?fit=999%2C670&ssl=1","width":999,"height":670,"caption":"Opera\u00e7\u00e3o foi deflagrada pelo GAECO em parceria com a Pol\u00edcia Militar (\u00a9Reprodu\u00e7\u00e3o)"},{"@type":"BreadcrumbList","@id":"https:\/\/verdadeon.com.br\/portal\/?p=28950#breadcrumb","itemListElement":[{"@type":"ListItem","position":1,"name":"In\u00edcio","item":"https:\/\/verdadeon.com.br\/portal\/"},{"@type":"ListItem","position":2,"name":"Farm\u00e1cias de Franca s\u00e3o alvo de investiga\u00e7\u00e3o por suspeita de sonegarem R$ 17 milh\u00f5es"}]},{"@type":"WebSite","@id":"https:\/\/verdadeon.com.br\/portal\/#website","url":"https:\/\/verdadeon.com.br\/portal\/","name":"VerdadeOn","description":"Not\u00edcias di\u00e1rias sobre Franca, Regi\u00e3o, Esporte, Cultura, Cotidiano, Colunas. Cobertura nos principais eventos da cidade \u00e9 aqui - Verdadeon Franca","potentialAction":[{"@type":"SearchAction","target":{"@type":"EntryPoint","urlTemplate":"https:\/\/verdadeon.com.br\/portal\/?s={search_term_string}"},"query-input":{"@type":"PropertyValueSpecification","valueRequired":true,"valueName":"search_term_string"}}],"inLanguage":"pt-BR"},{"@type":"Person","@id":"https:\/\/verdadeon.com.br\/portal\/#\/schema\/person\/8248726d36015c1916636fabb175d972","name":"Nelise Luques","image":{"@type":"ImageObject","inLanguage":"pt-BR","@id":"https:\/\/verdadeon.com.br\/portal\/#\/schema\/person\/image\/","url":"https:\/\/secure.gravatar.com\/avatar\/29b2a17f5bcadeb827411b66f48ac13c3e0ecaf5906c0f5745ecc5d41c24eada?s=96&d=mm&r=g","contentUrl":"https:\/\/secure.gravatar.com\/avatar\/29b2a17f5bcadeb827411b66f48ac13c3e0ecaf5906c0f5745ecc5d41c24eada?s=96&d=mm&r=g","caption":"Nelise Luques"},"url":"https:\/\/verdadeon.com.br\/portal\/author\/verdade\/"}]}},"jetpack_publicize_connections":[],"jetpack_featured_media_url":"https:\/\/i0.wp.com\/verdadeon.com.br\/portal\/wp-content\/uploads\/2021\/07\/Gaeco-e1627415383501.jpg?fit=999%2C670&ssl=1","jetpack_sharing_enabled":true,"_links":{"self":[{"href":"https:\/\/verdadeon.com.br\/portal\/wp-json\/wp\/v2\/posts\/28950","targetHints":{"allow":["GET"]}}],"collection":[{"href":"https:\/\/verdadeon.com.br\/portal\/wp-json\/wp\/v2\/posts"}],"about":[{"href":"https:\/\/verdadeon.com.br\/portal\/wp-json\/wp\/v2\/types\/post"}],"author":[{"embeddable":true,"href":"https:\/\/verdadeon.com.br\/portal\/wp-json\/wp\/v2\/users\/12"}],"replies":[{"embeddable":true,"href":"https:\/\/verdadeon.com.br\/portal\/wp-json\/wp\/v2\/comments?post=28950"}],"version-history":[{"count":1,"href":"https:\/\/verdadeon.com.br\/portal\/wp-json\/wp\/v2\/posts\/28950\/revisions"}],"predecessor-version":[{"id":28951,"href":"https:\/\/verdadeon.com.br\/portal\/wp-json\/wp\/v2\/posts\/28950\/revisions\/28951"}],"wp:featuredmedia":[{"embeddable":true,"href":"https:\/\/verdadeon.com.br\/portal\/wp-json\/wp\/v2\/media\/18326"}],"wp:attachment":[{"href":"https:\/\/verdadeon.com.br\/portal\/wp-json\/wp\/v2\/media?parent=28950"}],"wp:term":[{"taxonomy":"category","embeddable":true,"href":"https:\/\/verdadeon.com.br\/portal\/wp-json\/wp\/v2\/categories?post=28950"},{"taxonomy":"post_tag","embeddable":true,"href":"https:\/\/verdadeon.com.br\/portal\/wp-json\/wp\/v2\/tags?post=28950"}],"curies":[{"name":"wp","href":"https:\/\/api.w.org\/{rel}","templated":true}]}}