{"id":28886,"date":"2022-10-17T15:26:47","date_gmt":"2022-10-17T18:26:47","guid":{"rendered":"https:\/\/verdadeon.com.br\/portal\/?p=28886"},"modified":"2022-10-17T15:39:49","modified_gmt":"2022-10-17T18:39:49","slug":"sem-didi-louzada-que-retorna-a-nba-franca-estreia-no-nbb-nesta-terca-feira","status":"publish","type":"post","link":"https:\/\/verdadeon.com.br\/portal\/2022\/10\/17\/sem-didi-louzada-que-retorna-a-nba-franca-estreia-no-nbb-nesta-terca-feira\/","title":{"rendered":"Sem Didi, que retorna aos EUA, Franca estreia no NBB nesta ter\u00e7a-feira"},"content":{"rendered":"<h2>Primeiro jogo da competi\u00e7\u00e3o nacional ser\u00e1 contra o Paulistano, no Gin\u00e1sio Pedroc\u00e3o, \u00e0s 20h<\/h2>\n<p>&nbsp;<\/p>\n<p>&nbsp;<\/p>\n<p><span style=\"font-weight: 400;\">Franca estreia no NBB (Novo Basquete Brasil) 2022\/03 nesta ter\u00e7a-feira, em casa, contra o Paulistano. O jogo ser\u00e1 \u00e0s 20h, no Gin\u00e1sio Pedroc\u00e3o. O elenco francano n\u00e3o contar\u00e1 mais com o ala Didi Louzada, que havia sido anunciado h\u00e1 cinco dias pelo Sesi Franca Basquete como refor\u00e7o para disputar a competi\u00e7\u00e3o nacional e tamb\u00e9m a Champions League, mas, neste fim de semana, o ala recebeu convite para retornar \u00e0 NBA e deixa Franca.<\/span><\/p>\n<p><span style=\"font-weight: 400;\">A apresenta\u00e7\u00e3o do jogador surpreendeu os torcedores que lotaram o Pedroc\u00e3o no pen\u00faltimo jogo da final do Campeonato Paulista, no dia 12 de outubro. Didi apareceu de surpresa na quadra, no intervalo do jogo, vestindo o uniforme do Sesi Franca e foi ovacionado pela torcida.\u00a0<\/span><\/p>\n<p><span style=\"font-weight: 400;\">Em v\u00eddeo publicado nas redes sociais do Sesi Franca Basquete, o atleta comenta a dif\u00edcil decis\u00e3o de \u201cromper\u201d com o time e do sonho que ele e a fam\u00edlia nutrem de jogar na Liga de Basquete dos EUA. \u201cEstou aqui para falar um pouquinho desses \u00faltimos dias que eu vivi em Franca, desde a quarta passada, que eu entrei no Gin\u00e1sio Pedroc\u00e3o, que foi a minha apresenta\u00e7\u00e3o, foi muito emocionante para mim. Eu estava feliz de estar de volta em casa, que \u00e9 minha segunda casa, onde fui criado. Tamb\u00e9m estava muito feliz de poder representar o Franca novamente. Mas isso se torna um pouco mais dif\u00edcil agora, foi uma decis\u00e3o dif\u00edcil minha, eu que recebi uma proposta para voltar aos Estados Unidos, para jogar na melhor Liga do mundo. Fiquei muito feliz quando recebi a proposta, mas ao mesmo tempo fiquei um pouco triste, at\u00e9 porque tinha acabado de voltar para Franca, um lugar que voc\u00eas sempre me acolheram, um lugar que sempre fui feliz, que fiz hist\u00f3ria vestindo a camisa do Franca\u201d.<\/span><\/p>\n<p><span style=\"font-weight: 400;\">Didi ainda agradeceu o apoio que recebeu na cidade e deixou um at\u00e9 breve para o Franca Basquete. \u201cEnt\u00e3o realmente queria agradecer todo mundo, os torcedores, amigos, a diretoria. Desculpa sair assim, t\u00e3o r\u00e1pido, sem avisar, sem ver ningu\u00e9m, mas \u00e9 um sonho meu, n\u00e3o s\u00f3 meu, mas da minha fam\u00edlia. Um sonho de estar representando tamb\u00e9m o Brasil na maior Liga do mundo, ent\u00e3o estou muito feliz de estar de volta \u00e0 Liga dos Estados Unidos e espero que estejam todos bem. Muito obrigado pela recep\u00e7\u00e3o, voc\u00eas me receberam de bra\u00e7os abertos novamente em Franca, mas espero vestir a camisa do Franca novamente num futuro pr\u00f3ximo. S\u00f3 queria agradecer mesmo. Obrigado. Valeu!\u201d<\/span><\/p>\n<p>Assista ao v\u00eddeo na \u00edntegra:<\/p>\n<p><iframe loading=\"lazy\" title=\"YouTube video player\" src=\"https:\/\/www.youtube.com\/embed\/kMAMtt0vjMA\" width=\"560\" height=\"315\" frameborder=\"0\" allowfullscreen=\"allowfullscreen\"><\/iframe><\/p>\n<p><span style=\"font-weight: 400;\">Didi retornaria ao time francano ap\u00f3s tr\u00eas anos de carreira internacional, em que atuou pelo Sydney Kings, clube da Austr\u00e1lia, e pelo New Orleans Pelicans, time da NBA.<\/span><\/p>\n<p><span style=\"font-weight: 400;\">O Sesi Franca Basquete afirmou na postagem do v\u00eddeo do jogador que \u201c<\/span><span style=\"font-weight: 400;\">Como equipe formadora, se sente imensamente feliz por mais essa conquista do atleta, que iniciou sua carreira em nossas categorias de base e foi draftado enquanto jogador francano, em 2019. Sucesso, Didi! As portas est\u00e3o sempre abertas para voc\u00ea!\u201d.<\/span><\/p>\n<p><span style=\"font-weight: 400;\">Os ingressos para o jogo do NBB desta ter\u00e7a-feira (18) est\u00e3o \u00e0 venda no site da Quero2 ingressos e nas lojas MG Sports.<\/span><\/p>\n","protected":false},"excerpt":{"rendered":"<p>Primeiro jogo da competi\u00e7\u00e3o nacional ser\u00e1 contra o Paulistano, no Gin\u00e1sio Pedroc\u00e3o, \u00e0s 20h &nbsp; &nbsp; Franca estreia no NBB (Novo Basquete Brasil) 2022\/03 nesta ter\u00e7a-feira,<span class=\"excerpt-hellip\"> [\u2026]<\/span><\/p>\n","protected":false},"author":12,"featured_media":28778,"comment_status":"open","ping_status":"open","sticky":false,"template":"","format":"standard","meta":{"_jetpack_memberships_contains_paid_content":false,"footnotes":"","jetpack_publicize_message":"","jetpack_publicize_feature_enabled":true,"jetpack_social_post_already_shared":false,"jetpack_social_options":{"image_generator_settings":{"template":"highway","default_image_id":0,"enabled":false},"version":2}},"categories":[28,81],"tags":[],"class_list":["post-28886","post","type-post","status-publish","format-standard","has-post-thumbnail","hentry","category-cotidiano","category-manchete"],"yoast_head":"<!-- This site is optimized with the Yoast SEO plugin v25.6 - https:\/\/yoast.com\/wordpress\/plugins\/seo\/ -->\n<title>Sem Didi, que retorna aos EUA, Franca estreia no NBB nesta ter\u00e7a-feira - VerdadeOn<\/title>\n<meta name=\"robots\" content=\"index, follow, max-snippet:-1, max-image-preview:large, max-video-preview:-1\" \/>\n<link rel=\"canonical\" href=\"https:\/\/verdadeon.com.br\/portal\/2022\/10\/17\/sem-didi-louzada-que-retorna-a-nba-franca-estreia-no-nbb-nesta-terca-feira\/\" \/>\n<meta property=\"og:locale\" content=\"pt_BR\" \/>\n<meta property=\"og:type\" content=\"article\" \/>\n<meta property=\"og:title\" content=\"Sem Didi, que retorna aos EUA, Franca estreia no NBB nesta ter\u00e7a-feira - VerdadeOn\" \/>\n<meta property=\"og:description\" content=\"Primeiro jogo da competi\u00e7\u00e3o nacional ser\u00e1 contra o Paulistano, no Gin\u00e1sio Pedroc\u00e3o, \u00e0s 20h &nbsp; &nbsp; Franca estreia no NBB (Novo Basquete Brasil) 2022\/03 nesta ter\u00e7a-feira, [\u2026]\" \/>\n<meta property=\"og:url\" content=\"https:\/\/verdadeon.com.br\/portal\/2022\/10\/17\/sem-didi-louzada-que-retorna-a-nba-franca-estreia-no-nbb-nesta-terca-feira\/\" \/>\n<meta property=\"og:site_name\" content=\"VerdadeOn\" \/>\n<meta property=\"article:published_time\" content=\"2022-10-17T18:26:47+00:00\" \/>\n<meta property=\"article:modified_time\" content=\"2022-10-17T18:39:49+00:00\" \/>\n<meta property=\"og:image\" content=\"https:\/\/verdadeon.com.br\/portal\/wp-content\/uploads\/2022\/10\/WhatsApp-Image-2022-10-12-at-20.37.30-e1665618113894.jpeg\" \/>\n\t<meta property=\"og:image:width\" content=\"1001\" \/>\n\t<meta property=\"og:image:height\" content=\"668\" \/>\n\t<meta property=\"og:image:type\" content=\"image\/jpeg\" \/>\n<meta name=\"author\" content=\"Nelise Luques\" \/>\n<meta name=\"twitter:card\" content=\"summary_large_image\" \/>\n<meta name=\"twitter:label1\" content=\"Escrito por\" \/>\n\t<meta name=\"twitter:data1\" content=\"Nelise Luques\" \/>\n\t<meta name=\"twitter:label2\" content=\"Est. tempo de leitura\" \/>\n\t<meta name=\"twitter:data2\" content=\"3 minutos\" \/>\n<script type=\"application\/ld+json\" class=\"yoast-schema-graph\">{\"@context\":\"https:\/\/schema.org\",\"@graph\":[{\"@type\":\"WebPage\",\"@id\":\"https:\/\/verdadeon.com.br\/portal\/2022\/10\/17\/sem-didi-louzada-que-retorna-a-nba-franca-estreia-no-nbb-nesta-terca-feira\/\",\"url\":\"https:\/\/verdadeon.com.br\/portal\/2022\/10\/17\/sem-didi-louzada-que-retorna-a-nba-franca-estreia-no-nbb-nesta-terca-feira\/\",\"name\":\"Sem Didi, que retorna aos EUA, Franca estreia no NBB nesta ter\u00e7a-feira - VerdadeOn\",\"isPartOf\":{\"@id\":\"https:\/\/verdadeon.com.br\/portal\/#website\"},\"primaryImageOfPage\":{\"@id\":\"https:\/\/verdadeon.com.br\/portal\/2022\/10\/17\/sem-didi-louzada-que-retorna-a-nba-franca-estreia-no-nbb-nesta-terca-feira\/#primaryimage\"},\"image\":{\"@id\":\"https:\/\/verdadeon.com.br\/portal\/2022\/10\/17\/sem-didi-louzada-que-retorna-a-nba-franca-estreia-no-nbb-nesta-terca-feira\/#primaryimage\"},\"thumbnailUrl\":\"https:\/\/i0.wp.com\/verdadeon.com.br\/portal\/wp-content\/uploads\/2022\/10\/WhatsApp-Image-2022-10-12-at-20.37.30-e1665618113894.jpeg?fit=1001%2C668&ssl=1\",\"datePublished\":\"2022-10-17T18:26:47+00:00\",\"dateModified\":\"2022-10-17T18:39:49+00:00\",\"author\":{\"@id\":\"https:\/\/verdadeon.com.br\/portal\/#\/schema\/person\/8248726d36015c1916636fabb175d972\"},\"breadcrumb\":{\"@id\":\"https:\/\/verdadeon.com.br\/portal\/2022\/10\/17\/sem-didi-louzada-que-retorna-a-nba-franca-estreia-no-nbb-nesta-terca-feira\/#breadcrumb\"},\"inLanguage\":\"pt-BR\",\"potentialAction\":[{\"@type\":\"ReadAction\",\"target\":[\"https:\/\/verdadeon.com.br\/portal\/2022\/10\/17\/sem-didi-louzada-que-retorna-a-nba-franca-estreia-no-nbb-nesta-terca-feira\/\"]}]},{\"@type\":\"ImageObject\",\"inLanguage\":\"pt-BR\",\"@id\":\"https:\/\/verdadeon.com.br\/portal\/2022\/10\/17\/sem-didi-louzada-que-retorna-a-nba-franca-estreia-no-nbb-nesta-terca-feira\/#primaryimage\",\"url\":\"https:\/\/i0.wp.com\/verdadeon.com.br\/portal\/wp-content\/uploads\/2022\/10\/WhatsApp-Image-2022-10-12-at-20.37.30-e1665618113894.jpeg?fit=1001%2C668&ssl=1\",\"contentUrl\":\"https:\/\/i0.wp.com\/verdadeon.com.br\/portal\/wp-content\/uploads\/2022\/10\/WhatsApp-Image-2022-10-12-at-20.37.30-e1665618113894.jpeg?fit=1001%2C668&ssl=1\",\"width\":1001,\"height\":668,\"caption\":\"O ala Didi Louzada foi anunciado como refor\u00e7o do Sesi Franca Basquete na quarta-feira passada, mas \\\"rompeu\\\" com o time antes da estreia, ap\u00f3s convite para voltar \u00e0 NBA | Fotos: Marcos Limonti\/SFB\"},{\"@type\":\"BreadcrumbList\",\"@id\":\"https:\/\/verdadeon.com.br\/portal\/2022\/10\/17\/sem-didi-louzada-que-retorna-a-nba-franca-estreia-no-nbb-nesta-terca-feira\/#breadcrumb\",\"itemListElement\":[{\"@type\":\"ListItem\",\"position\":1,\"name\":\"In\u00edcio\",\"item\":\"https:\/\/verdadeon.com.br\/portal\/\"},{\"@type\":\"ListItem\",\"position\":2,\"name\":\"Sem Didi, que retorna aos EUA, Franca estreia no NBB nesta ter\u00e7a-feira\"}]},{\"@type\":\"WebSite\",\"@id\":\"https:\/\/verdadeon.com.br\/portal\/#website\",\"url\":\"https:\/\/verdadeon.com.br\/portal\/\",\"name\":\"VerdadeOn\",\"description\":\"Not\u00edcias di\u00e1rias sobre Franca, Regi\u00e3o, Esporte, Cultura, Cotidiano, Colunas. Cobertura nos principais eventos da cidade \u00e9 aqui - Verdadeon Franca\",\"potentialAction\":[{\"@type\":\"SearchAction\",\"target\":{\"@type\":\"EntryPoint\",\"urlTemplate\":\"https:\/\/verdadeon.com.br\/portal\/?s={search_term_string}\"},\"query-input\":{\"@type\":\"PropertyValueSpecification\",\"valueRequired\":true,\"valueName\":\"search_term_string\"}}],\"inLanguage\":\"pt-BR\"},{\"@type\":\"Person\",\"@id\":\"https:\/\/verdadeon.com.br\/portal\/#\/schema\/person\/8248726d36015c1916636fabb175d972\",\"name\":\"Nelise Luques\",\"image\":{\"@type\":\"ImageObject\",\"inLanguage\":\"pt-BR\",\"@id\":\"https:\/\/verdadeon.com.br\/portal\/#\/schema\/person\/image\/\",\"url\":\"https:\/\/secure.gravatar.com\/avatar\/29b2a17f5bcadeb827411b66f48ac13c3e0ecaf5906c0f5745ecc5d41c24eada?s=96&d=mm&r=g\",\"contentUrl\":\"https:\/\/secure.gravatar.com\/avatar\/29b2a17f5bcadeb827411b66f48ac13c3e0ecaf5906c0f5745ecc5d41c24eada?s=96&d=mm&r=g\",\"caption\":\"Nelise Luques\"},\"url\":\"https:\/\/verdadeon.com.br\/portal\/author\/verdade\/\"}]}<\/script>\n<!-- \/ Yoast SEO plugin. -->","yoast_head_json":{"title":"Sem Didi, que retorna aos EUA, Franca estreia no NBB nesta ter\u00e7a-feira - VerdadeOn","robots":{"index":"index","follow":"follow","max-snippet":"max-snippet:-1","max-image-preview":"max-image-preview:large","max-video-preview":"max-video-preview:-1"},"canonical":"https:\/\/verdadeon.com.br\/portal\/2022\/10\/17\/sem-didi-louzada-que-retorna-a-nba-franca-estreia-no-nbb-nesta-terca-feira\/","og_locale":"pt_BR","og_type":"article","og_title":"Sem Didi, que retorna aos EUA, Franca estreia no NBB nesta ter\u00e7a-feira - VerdadeOn","og_description":"Primeiro jogo da competi\u00e7\u00e3o nacional ser\u00e1 contra o Paulistano, no Gin\u00e1sio Pedroc\u00e3o, \u00e0s 20h &nbsp; &nbsp; Franca estreia no NBB (Novo Basquete Brasil) 2022\/03 nesta ter\u00e7a-feira, [\u2026]","og_url":"https:\/\/verdadeon.com.br\/portal\/2022\/10\/17\/sem-didi-louzada-que-retorna-a-nba-franca-estreia-no-nbb-nesta-terca-feira\/","og_site_name":"VerdadeOn","article_published_time":"2022-10-17T18:26:47+00:00","article_modified_time":"2022-10-17T18:39:49+00:00","og_image":[{"width":1001,"height":668,"url":"https:\/\/verdadeon.com.br\/portal\/wp-content\/uploads\/2022\/10\/WhatsApp-Image-2022-10-12-at-20.37.30-e1665618113894.jpeg","type":"image\/jpeg"}],"author":"Nelise Luques","twitter_card":"summary_large_image","twitter_misc":{"Escrito por":"Nelise Luques","Est. tempo de leitura":"3 minutos"},"schema":{"@context":"https:\/\/schema.org","@graph":[{"@type":"WebPage","@id":"https:\/\/verdadeon.com.br\/portal\/2022\/10\/17\/sem-didi-louzada-que-retorna-a-nba-franca-estreia-no-nbb-nesta-terca-feira\/","url":"https:\/\/verdadeon.com.br\/portal\/2022\/10\/17\/sem-didi-louzada-que-retorna-a-nba-franca-estreia-no-nbb-nesta-terca-feira\/","name":"Sem Didi, que retorna aos EUA, Franca estreia no NBB nesta ter\u00e7a-feira - VerdadeOn","isPartOf":{"@id":"https:\/\/verdadeon.com.br\/portal\/#website"},"primaryImageOfPage":{"@id":"https:\/\/verdadeon.com.br\/portal\/2022\/10\/17\/sem-didi-louzada-que-retorna-a-nba-franca-estreia-no-nbb-nesta-terca-feira\/#primaryimage"},"image":{"@id":"https:\/\/verdadeon.com.br\/portal\/2022\/10\/17\/sem-didi-louzada-que-retorna-a-nba-franca-estreia-no-nbb-nesta-terca-feira\/#primaryimage"},"thumbnailUrl":"https:\/\/i0.wp.com\/verdadeon.com.br\/portal\/wp-content\/uploads\/2022\/10\/WhatsApp-Image-2022-10-12-at-20.37.30-e1665618113894.jpeg?fit=1001%2C668&ssl=1","datePublished":"2022-10-17T18:26:47+00:00","dateModified":"2022-10-17T18:39:49+00:00","author":{"@id":"https:\/\/verdadeon.com.br\/portal\/#\/schema\/person\/8248726d36015c1916636fabb175d972"},"breadcrumb":{"@id":"https:\/\/verdadeon.com.br\/portal\/2022\/10\/17\/sem-didi-louzada-que-retorna-a-nba-franca-estreia-no-nbb-nesta-terca-feira\/#breadcrumb"},"inLanguage":"pt-BR","potentialAction":[{"@type":"ReadAction","target":["https:\/\/verdadeon.com.br\/portal\/2022\/10\/17\/sem-didi-louzada-que-retorna-a-nba-franca-estreia-no-nbb-nesta-terca-feira\/"]}]},{"@type":"ImageObject","inLanguage":"pt-BR","@id":"https:\/\/verdadeon.com.br\/portal\/2022\/10\/17\/sem-didi-louzada-que-retorna-a-nba-franca-estreia-no-nbb-nesta-terca-feira\/#primaryimage","url":"https:\/\/i0.wp.com\/verdadeon.com.br\/portal\/wp-content\/uploads\/2022\/10\/WhatsApp-Image-2022-10-12-at-20.37.30-e1665618113894.jpeg?fit=1001%2C668&ssl=1","contentUrl":"https:\/\/i0.wp.com\/verdadeon.com.br\/portal\/wp-content\/uploads\/2022\/10\/WhatsApp-Image-2022-10-12-at-20.37.30-e1665618113894.jpeg?fit=1001%2C668&ssl=1","width":1001,"height":668,"caption":"O ala Didi Louzada foi anunciado como refor\u00e7o do Sesi Franca Basquete na quarta-feira passada, mas \"rompeu\" com o time antes da estreia, ap\u00f3s convite para voltar \u00e0 NBA | Fotos: Marcos Limonti\/SFB"},{"@type":"BreadcrumbList","@id":"https:\/\/verdadeon.com.br\/portal\/2022\/10\/17\/sem-didi-louzada-que-retorna-a-nba-franca-estreia-no-nbb-nesta-terca-feira\/#breadcrumb","itemListElement":[{"@type":"ListItem","position":1,"name":"In\u00edcio","item":"https:\/\/verdadeon.com.br\/portal\/"},{"@type":"ListItem","position":2,"name":"Sem Didi, que retorna aos EUA, Franca estreia no NBB nesta ter\u00e7a-feira"}]},{"@type":"WebSite","@id":"https:\/\/verdadeon.com.br\/portal\/#website","url":"https:\/\/verdadeon.com.br\/portal\/","name":"VerdadeOn","description":"Not\u00edcias di\u00e1rias sobre Franca, Regi\u00e3o, Esporte, Cultura, Cotidiano, Colunas. Cobertura nos principais eventos da cidade \u00e9 aqui - Verdadeon Franca","potentialAction":[{"@type":"SearchAction","target":{"@type":"EntryPoint","urlTemplate":"https:\/\/verdadeon.com.br\/portal\/?s={search_term_string}"},"query-input":{"@type":"PropertyValueSpecification","valueRequired":true,"valueName":"search_term_string"}}],"inLanguage":"pt-BR"},{"@type":"Person","@id":"https:\/\/verdadeon.com.br\/portal\/#\/schema\/person\/8248726d36015c1916636fabb175d972","name":"Nelise Luques","image":{"@type":"ImageObject","inLanguage":"pt-BR","@id":"https:\/\/verdadeon.com.br\/portal\/#\/schema\/person\/image\/","url":"https:\/\/secure.gravatar.com\/avatar\/29b2a17f5bcadeb827411b66f48ac13c3e0ecaf5906c0f5745ecc5d41c24eada?s=96&d=mm&r=g","contentUrl":"https:\/\/secure.gravatar.com\/avatar\/29b2a17f5bcadeb827411b66f48ac13c3e0ecaf5906c0f5745ecc5d41c24eada?s=96&d=mm&r=g","caption":"Nelise Luques"},"url":"https:\/\/verdadeon.com.br\/portal\/author\/verdade\/"}]}},"jetpack_publicize_connections":[],"jetpack_featured_media_url":"https:\/\/i0.wp.com\/verdadeon.com.br\/portal\/wp-content\/uploads\/2022\/10\/WhatsApp-Image-2022-10-12-at-20.37.30-e1665618113894.jpeg?fit=1001%2C668&ssl=1","jetpack_sharing_enabled":true,"_links":{"self":[{"href":"https:\/\/verdadeon.com.br\/portal\/wp-json\/wp\/v2\/posts\/28886","targetHints":{"allow":["GET"]}}],"collection":[{"href":"https:\/\/verdadeon.com.br\/portal\/wp-json\/wp\/v2\/posts"}],"about":[{"href":"https:\/\/verdadeon.com.br\/portal\/wp-json\/wp\/v2\/types\/post"}],"author":[{"embeddable":true,"href":"https:\/\/verdadeon.com.br\/portal\/wp-json\/wp\/v2\/users\/12"}],"replies":[{"embeddable":true,"href":"https:\/\/verdadeon.com.br\/portal\/wp-json\/wp\/v2\/comments?post=28886"}],"version-history":[{"count":3,"href":"https:\/\/verdadeon.com.br\/portal\/wp-json\/wp\/v2\/posts\/28886\/revisions"}],"predecessor-version":[{"id":28891,"href":"https:\/\/verdadeon.com.br\/portal\/wp-json\/wp\/v2\/posts\/28886\/revisions\/28891"}],"wp:featuredmedia":[{"embeddable":true,"href":"https:\/\/verdadeon.com.br\/portal\/wp-json\/wp\/v2\/media\/28778"}],"wp:attachment":[{"href":"https:\/\/verdadeon.com.br\/portal\/wp-json\/wp\/v2\/media?parent=28886"}],"wp:term":[{"taxonomy":"category","embeddable":true,"href":"https:\/\/verdadeon.com.br\/portal\/wp-json\/wp\/v2\/categories?post=28886"},{"taxonomy":"post_tag","embeddable":true,"href":"https:\/\/verdadeon.com.br\/portal\/wp-json\/wp\/v2\/tags?post=28886"}],"curies":[{"name":"wp","href":"https:\/\/api.w.org\/{rel}","templated":true}]}}