{"id":28727,"date":"2022-10-08T15:23:31","date_gmt":"2022-10-08T18:23:31","guid":{"rendered":"https:\/\/verdadeon.com.br\/portal\/?p=28727"},"modified":"2022-10-08T15:23:31","modified_gmt":"2022-10-08T18:23:31","slug":"lugar-de-mulher-e-onde-ela-quiser-e-eu-admiro-muito-essas-mulheres-na-lideranca-na-gestao-e-no-comando-com-o-olhar-feminino-diz-leila-navarro","status":"publish","type":"post","link":"https:\/\/verdadeon.com.br\/portal\/2022\/10\/08\/lugar-de-mulher-e-onde-ela-quiser-e-eu-admiro-muito-essas-mulheres-na-lideranca-na-gestao-e-no-comando-com-o-olhar-feminino-diz-leila-navarro\/","title":{"rendered":"\u2018Lugar de mulher \u00e9 onde ela quiser e eu admiro muito essas mulheres na lideran\u00e7a, na gest\u00e3o e no comando, com o olhar feminino\u2019, diz Leila Navarro"},"content":{"rendered":"<h2>Ex-fisioterapeuta, ela \u00e9 palestrante motivacional h\u00e1 22 anos e se apresentou no 9\u00ba F\u00f3rum da Mulher Empreendedora em Franca<\/h2>\n<p>&nbsp;<\/p>\n<p><b>Nelise Luques<\/b><\/p>\n<p>&nbsp;<\/p>\n<p><span style=\"font-weight: 400;\">Palestrante motivacional h\u00e1 22 anos, Leila Navarro esteve em Franca no dia 3 de outubro para compartilhar suas experi\u00eancias com um p\u00fablico formado por 500 mulheres durante o 9\u00ba F\u00f3rum da Mulher Empreendedora. O evento foi promovido pelo CME-ACIF (Conselho da Mulher Empreendedora da Associa\u00e7\u00e3o do Com\u00e9rcio e da Ind\u00fastria de Franca), no Espa\u00e7o Cedro.<\/span><\/p>\n<p><span style=\"font-weight: 400;\">Prestes a completar 70 anos de idade, Leila \u00e9 alto astral, sorridente e irreverente. Para a palestra <\/span><span style=\"font-weight: 400;\">\u201cA Ousadia, o Talento e a For\u00e7a da Mulher\u201d<\/span><span style=\"font-weight: 400;\">, ela se apresentou com uma capa de luzes de LED, coroa e descal\u00e7a. De forma muito natural e espont\u00e2nea, nos palcos em que se apresenta, ela arranca risadas do p\u00fablico, mas tamb\u00e9m prop\u00f5e reflex\u00f5es muito pertinentes.\u00a0<\/span><\/p>\n<p><span style=\"font-weight: 400;\">Nesta entrevista exclusiva ao Jornal Verdade, ela comenta o cen\u00e1rio nas empresas ap\u00f3s a pandemia, a presen\u00e7a da mulher no mercado de trabalho e seu ponto de vista sobre a automotiva\u00e7\u00e3o.<\/span><\/p>\n<p><span style=\"font-weight: 400;\">Leila Navarro \u00e9 fisioterapeuta, mas desde 2000 fechou o consult\u00f3rio e se dedica exclusivamente a palestrar, uma de suas grandes paix\u00f5es. A agenda dela cont\u00e9m em m\u00e9dia 120 palestras por ano, realizadas no Brasil e exterior, em pa\u00edses como <\/span><span style=\"font-weight: 400;\">Espanha, Chile, Uruguai, Panam\u00e1, Jap\u00e3o, M\u00e9xico, Portugal e Dubai.<\/span><\/p>\n<p><span style=\"font-weight: 400;\">Ela in<\/span><span style=\"font-weight: 400;\">tegra o ranking dos 20 maiores palestrantes do Brasil, segundo a <\/span><i><span style=\"font-weight: 400;\">Revista Veja<\/span><\/i><span style=\"font-weight: 400;\">. Mais de 1,7 milh\u00e3o de pessoas j\u00e1 assistiram \u00e0s suas palestras. Ela conquistou o 23\u00ba pr\u00eamio Top of Mind de RH 2020 na categoria Palestrante, a maior premia\u00e7\u00e3o de reconhecimento da \u00e1rea de Recursos Humanos, a \u00fanica mulher a conquistar o pr\u00eamio, essa foi sua 2\u00aa vit\u00f3ria.<\/span><\/p>\n<p>&nbsp;<\/p>\n<p><b>Leila, o que voc\u00ea destaca das suas experi\u00eancias profissionais?<\/b><\/p>\n<p><span style=\"font-weight: 400;\">Eu sou fisioterapeuta de forma\u00e7\u00e3o e \u00e9 interessante que eu sou da segunda turma da USP de fisioterapia, naquela \u00e9poca fisioterapia nem era profiss\u00e3o. A gente n\u00e3o mudava de namorado para n\u00e3o ter que explicar para o namorado o que era a fisioterapia porque nem a gente sabia direito, e eu estou falando de quase cinquenta anos atr\u00e1s, o que \u00e9 uma coisa maravilhosa, como passa o tempo. E hoje a fisioterapia \u00e9 uma profiss\u00e3o t\u00e3o interessante, t\u00e3o aberta, t\u00e3o <\/span><i><span style=\"font-weight: 400;\">m\u00falti<\/span><\/i><span style=\"font-weight: 400;\">. Eu acho que tudo virou muito <\/span><i><span style=\"font-weight: 400;\">m\u00falti<\/span><\/i><span style=\"font-weight: 400;\"> no mundo inteiro. Ent\u00e3o eu sou fisioterapeuta de forma\u00e7\u00e3o. H\u00e1 22 anos que eu sou palestrante, escrevo livros e viajo o mundo todo. Outro dia me falaram, Leila, mas voc\u00ea continua fisioterapeuta? Eu falei, n\u00e3o, imagina, eu sou palestrante, nem tenho mais o Conselho Regional de Fisioterapia, nem pago mais, a\u00ed a pessoa falou assim, \u00e9 porque voc\u00ea alonga e massageia nossos cora\u00e7\u00f5es. Achei isso maravilhoso. Eu fui a primeira fisioterapeuta a trabalhar em Unidade de Terapia Intensiva, que estava come\u00e7ando naquela \u00e9poca, e \u00e9 muito interessante porque eu sempre sou muito <\/span><i><span style=\"font-weight: 400;\">novidad\u00eas<\/span><\/i><span style=\"font-weight: 400;\">, eu gosto de coisas novas, avante do nosso tempo. E na terapia intensiva acabei tendo oportunidade de ir para os Estados Unidos porque &#8211; eu at\u00e9 eu conto isso na palestra &#8211; meu casamento acabou, dei uma virada na minha vida e pude fazer um curso de m\u00e9todo Rolfing e voltei com o m\u00e9todo, da\u00ed que apareceu a palestra. Quando eu voltei para o Brasil, come\u00e7aram a me chamar para falar sobre o Rolfing, a gente estava na \u00e9poca da LER, que \u00e9 les\u00e3o por esfor\u00e7o repetitivo, e eu falava de um jeito t\u00e3o divertido, t\u00e3o irreverente, t\u00e3o fora da caixa, que come\u00e7aram a me chamar para dar palestra e, naquela \u00e9poca, estava come\u00e7ando a ter esses esses trabalhos de palestrantes no Brasil. Era aquele come\u00e7o que tinha s\u00f3 o Roberto Shinyashiki, isso em 1998, 97, para mim, eles j\u00e1 estavam antes no mercado. E eu nem sabia o que era ser palestrante, porque eu era de outra \u00e1rea e, de repente vi que era um neg\u00f3cio interessante, mas aconteceu tudo de forma muito natural e foi da\u00ed que eu me tornei palestrante, no ano 2000 eu deixei meu consult\u00f3rio e virei s\u00f3 palestrante. Ent\u00e3o, fui empres\u00e1ria, fui rolfista, porque eu trouxe o m\u00e9todo de l\u00e1, fiquei sete anos com o m\u00e9todo, e depois virei palestrante, essa experi\u00eancia t\u00e3o interessante e t\u00e3o m\u00faltipla.\u00a0<\/span><\/p>\n<p><b>E como voc\u00ea v\u00ea iniciativas como a do F\u00f3rum da Mulher Empreendedora, realizado em Franca nesta semana?<\/b><\/p>\n<p><span style=\"font-weight: 400;\">Vejo de um jeito muito interessante, porque vou falar uma coisa para voc\u00ea, eu nasci no s\u00e9culo passado, eu gosto de lembrar disso porque eu esque\u00e7o \u00e0s vezes. A gente vive muito o aqui e agora. Mas quando eu era menina, \u00e9 interessante porque a gente ia em dentista homem, m\u00e9dico homem, professor homem, professor de piano, professor de viol\u00e3o, tudo era homem, n\u00e3o tinha nada mulher. E hoje o mundo mudou tanto que a minha ginecologista \u00e9 mulher, minha terapeuta \u00e9 mulher. Eu acho que a mulher encontrou um espa\u00e7o, tudo bem, a gente buscou o nosso espa\u00e7o, mas tem uma coisa que eu acho que \u00e9 a mais importante, \u00e9 que n\u00f3s mulheres come\u00e7amos dar espa\u00e7o para as mulheres, n\u00f3s come\u00e7amos a respeitar as mulheres, n\u00f3s come\u00e7amos a confiar nas mulheres, porque a gente era muito machista. A gente achava que o homem era melhor, o homem fazia, a gente veio dessa cultura que parece que a gente n\u00e3o fazia bem, mas eles faziam. E eu acho que hoje o mundo mudou e eu vejo essa transforma\u00e7\u00e3o toda desse caminho. Por isso que eu acho que iniciativas como a do F\u00f3rum \u00e9 para concretizar esse hist\u00f3rico. Eu estava ouvindo algumas palestras aqui e eu vejo que elas contam esse hist\u00f3rico de como elas foram buscando espa\u00e7o e criando espa\u00e7o para a mulher realmente assumir, porque embora mudou muita coisa de l\u00e1 pra c\u00e1, ainda n\u00f3s temos muita falta de espa\u00e7o. E eu vou dizer uma coisa para voc\u00ea, eu n\u00e3o acho que \u00e9 culpa deles ou de qualquer outro, eu acho que \u00e9 nossa mesmo, n\u00f3s \u00e9 que temos que assumir e abrir esse espa\u00e7o e mostrar a que aqui viemos. Eu sempre digo que se o presidente da R\u00fassia e o presidente da Ucr\u00e2nia fossem mulher, com certeza n\u00e3o estaria tendo essa guerra. Poderia puxar o cabelo uma da outra, ficar careca, mas com certeza n\u00e3o ia estar fazendo uma guerra como essa. \u00c9 muito interessante de ver que por mais que n\u00f3s copiamos o modelo masculino, tem coisas que n\u00e3o tem sentido fazer. Agora o que n\u00f3s temos que fazer \u00e9 criar um modelo feminino e n\u00e3o copiar um modelo masculino.<\/span><\/p>\n<p><b>Leila, o que voc\u00ea acha que as mulheres t\u00eam que traria uma conduta diferente numa situa\u00e7\u00e3o t\u00e3o extrema como uma guerra, aproveitando o exemplo que voc\u00ea citou?<\/b><\/p>\n<p><span style=\"font-weight: 400;\">Eu vou falar uma coisa interessante, \u00e9 que n\u00f3s temos as emo\u00e7\u00f5es b\u00e1sicas e n\u00e3o existe ruim nem bom, mas a raiva \u00e9 uma emo\u00e7\u00e3o de foco, direta, de for\u00e7a, que eu tenho que ir pra frente, que eu tenho que ir \u00e0 luta, que eu tenho que defender a minha tribo, eu tenho que defender a minha fam\u00edlia e eu acho que a raiva, que \u00e9 essa emo\u00e7\u00e3o que impulsiona, ela \u00e9 mesmo muito valorizada no homem, ent\u00e3o ele est\u00e1 sempre se colocando, impulsionando, tendo que resolver, tendo que fazer e \u00e0s vezes sozinho, ele nem quer saber do outro. E eu acho que justamente a emo\u00e7\u00e3o da mulher \u00e9 a emo\u00e7\u00e3o da ternura, \u00e9 a emo\u00e7\u00e3o da entrega, do aconselhado, agregar, envolver, do vamos junto, ela tem um outro lugar. S\u00f3 que \u00e9 um perigo, porque n\u00f3s temos esse outro lugar, mas a gente ficou copiando muito o jeito do homem. Ent\u00e3o eu, na minha na minha tese, vou falar o seguinte, para gente assumir o nosso feminino e isso n\u00e3o faz a gente perder a nossa for\u00e7a, mas muda o olhar, muda o lugar onde est\u00e1, n\u00e3o precisa ser melhor que ningu\u00e9m e que se a gente n\u00e3o for junto, n\u00e3o tem sentido. Quando a gente faz tudo isso junto, n\u00e3o \u00e9 um s\u00f3 que vai ganhar, um s\u00f3 que vai resolver, ent\u00e3o essa lideran\u00e7a hoje, que \u00e9 uma lideran\u00e7a mais moderna, que \u00e9 uma lideran\u00e7a mais horizontal, ela \u00e9 uma lideran\u00e7a muito mais feminina do que a masculina. Porque a mulher, ela aguenta ficar atr\u00e1s, \u00e9 l\u00f3gico que a gente tem vaidade, tem ego, mas eu nunca vi har\u00e9m de homens. Eu vejo har\u00e9m de mulheres. L\u00f3gico, isso \u00e9 uma brincadeira, mas uma maneira de dizer que a gente consegue dividir, compartilhar. E eu acho que isso \u00e9 muito mais f\u00e1cil para a gente. O que eu acho \u00e9 que, como eu te falei, n\u00f3s estamos num aprendizado porque o nosso modelo era muito masculino, muitas mulheres para chegarem em um lugar de destaque, elas precisaram se vestir de homens. Na hist\u00f3ria, muitas mulheres mudaram o nome para nome de homens para poder ter um espa\u00e7o na sociedade. Ent\u00e3o, veja o que foi e hoje n\u00e3o precisa mais ser assim. Voc\u00ea vai ver que na minha palestra, eu sou uma palestrante que eu chego de plumas, paet\u00eas e LEDs, completamente absurdo, pare\u00e7o uma drag queen e voc\u00ea me pergunta, mas por que voc\u00ea se veste assim? Sei l\u00e1, porque eu gosto de me vestir, porque \u00e9 o jeito que eu quero estar naquele lugar. Ali\u00e1s, eu copio a Hebe Camargo porque ela dizia o seguinte, que quando ela estava l\u00e1, ela respeitava o p\u00fablico dela e ela ia toda maravilhosa. E eu vou toda maravilhosa respeitando o meu p\u00fablico. Mas eu acho assim, que \u00e9 voc\u00ea sentir isso de dentro para fora, sabe? Eu acho que a gente \u00e0s vezes se veste de terninho, de um jeito mais masculino n\u00e3o porque a gente escolheu, \u00e9 porque parece que est\u00e3o esperando que a gente fa\u00e7a assim e a gente tem que fazer isso. S\u00f3 recentemente foi liberado nos tribunais que as mulheres pudessem ir de saia. As mulheres tinham que vestir cal\u00e7as, tinham que estar como homens. Ent\u00e3o \u00e9 uma censura muito grande. Eu acho que as coisas est\u00e3o mudando. Por isso um evento como esse \u00e9 importante, a gente est\u00e1 valorizando esse jeito da mulher. Eu pensei o seguinte, se todas as mulheres votassem na Simone Tebet para presidente, a gente ganhava essa elei\u00e7\u00e3o e n\u00e3o ia ter o segundo turno, com dois homens brigando l\u00e1, dois machos alfa se digladiando e a gente ter que passar por isso. N\u00e3o estou falando da pol\u00edtica, estou falando da energia que cria essa disputa de dois machos alfa, que para mim, na minha maturidade, no meu n\u00edvel de ser,, j\u00e1 era. Eu acho que a gente pode ser a do\u00e7ura, isso n\u00e3o te enfraquece. Voc\u00ea n\u00e3o precisa gritar para ser forte. N\u00e3o, voc\u00ea precisa ter consist\u00eancia, ter fundamento.\u00a0<\/span><\/p>\n<p>&nbsp;<\/p>\n<p><img data-recalc-dims=\"1\" loading=\"lazy\" decoding=\"async\" class=\"alignnone wp-image-28729 size-full\" src=\"https:\/\/i0.wp.com\/verdadeon.com.br\/portal\/wp-content\/uploads\/2022\/10\/WhatsApp-Image-2022-10-03-at-19.52.09.jpeg?resize=1220%2C813&#038;ssl=1\" alt=\"\" width=\"1220\" height=\"813\" srcset=\"https:\/\/i0.wp.com\/verdadeon.com.br\/portal\/wp-content\/uploads\/2022\/10\/WhatsApp-Image-2022-10-03-at-19.52.09.jpeg?w=1600&amp;ssl=1 1600w, https:\/\/i0.wp.com\/verdadeon.com.br\/portal\/wp-content\/uploads\/2022\/10\/WhatsApp-Image-2022-10-03-at-19.52.09.jpeg?resize=300%2C200&amp;ssl=1 300w, https:\/\/i0.wp.com\/verdadeon.com.br\/portal\/wp-content\/uploads\/2022\/10\/WhatsApp-Image-2022-10-03-at-19.52.09.jpeg?resize=1024%2C682&amp;ssl=1 1024w, https:\/\/i0.wp.com\/verdadeon.com.br\/portal\/wp-content\/uploads\/2022\/10\/WhatsApp-Image-2022-10-03-at-19.52.09.jpeg?resize=768%2C512&amp;ssl=1 768w, https:\/\/i0.wp.com\/verdadeon.com.br\/portal\/wp-content\/uploads\/2022\/10\/WhatsApp-Image-2022-10-03-at-19.52.09.jpeg?resize=1536%2C1023&amp;ssl=1 1536w, https:\/\/i0.wp.com\/verdadeon.com.br\/portal\/wp-content\/uploads\/2022\/10\/WhatsApp-Image-2022-10-03-at-19.52.09.jpeg?resize=219%2C146&amp;ssl=1 219w, https:\/\/i0.wp.com\/verdadeon.com.br\/portal\/wp-content\/uploads\/2022\/10\/WhatsApp-Image-2022-10-03-at-19.52.09.jpeg?resize=50%2C33&amp;ssl=1 50w, https:\/\/i0.wp.com\/verdadeon.com.br\/portal\/wp-content\/uploads\/2022\/10\/WhatsApp-Image-2022-10-03-at-19.52.09.jpeg?resize=113%2C75&amp;ssl=1 113w\" sizes=\"auto, (max-width: 1220px) 100vw, 1220px\" \/><\/p>\n<p><b>J\u00e1 comentamos um pouco sobre a conquistas das mulheres, mas \u00e9 n\u00edtido que ainda h\u00e1 muito que avan\u00e7ar. Na sua opini\u00e3o, quais s\u00e3o os pontos priorit\u00e1rios a serem trabalhados para maior valoriza\u00e7\u00e3o das mulheres no \u00e2mbito profissional, para fortalecimento delas?<\/b><\/p>\n<p><span style=\"font-weight: 400;\">Que pergunta dif\u00edcil! Porque voc\u00ea percebe que estamos em uma era de transi\u00e7\u00e3o?\u00a0 E a era de transi\u00e7\u00e3o envolve \u00e1reas dif\u00edceis porque voc\u00ea ainda vem com muitos paradigmas do passado e da\u00ed voc\u00ea vem com gente que est\u00e1 muito avan\u00e7ada e outras nem tanto, porque o mundo est\u00e1 muito louco, mudou muita coisa. E eu sou uma mulher muito moderna. Voc\u00ea sabe que eu daqui dez anos fa\u00e7o 80 anos, eu estou fazendo 70 anos agora em dezembro e eu gosto de falar para acreditar, porque nem eu acredito nisso, como passou de pressa! Mas, estou dizendo para voc\u00ea ver que eu estou aqui h\u00e1 70 anos, vejo como mudou. Hoje a coisa que mais me incomoda \u00e9 quando eu tenho que preencher uma ficha e coloca l\u00e1 \u2018sexo\u2019: feminino ou masculino. Por que o que define eu ser homem ou eu ser mulher, eu te pergunto, o que define isso? N\u00f3s ainda temos esse cartesianismo. \u00c9 homem ou \u00e9 mulher! Outro dia eu estava conversando com um cara muito interessante, na Espanha, conversando da vida, do sucesso, do trabalho e tal e, no meio da conversa, ele perguntou se eu estava sozinha ou em algum relacionamento. Gente, pensei eu na minha cabe\u00e7a, porque \u00e9 r\u00e1pido, o que a conversa que n\u00f3s estamos tendo aqui tem a ver com essa pergunta? O que que vai mudar se eu tenho um relacionamento, se eu estou sozinha ou se eu estou acompanhada? E n\u00e3o era um cara que estava querendo alguma rela\u00e7\u00e3o comigo. Eu pensei e na hora eu n\u00e3o tive resposta, n\u00e3o respondi, s\u00f3 soltei um \u2018hahaha\u2019, porque quando voc\u00ea n\u00e3o tem resposta, voc\u00ea faz \u2018hahaha\u2019. Mas depois me veio a resposta, eu falei para ele assim, olha, voltando \u00e0 sua pergunta, vou te falar, eu tenho um relacionamento com mulher, por isso que eu n\u00e3o quis te falar, mas tenho um relacionamento muito liberal, porque a minha companheira \u00e9 a vida. Eu acho assim, que a minha grande rela\u00e7\u00e3o, meu grande compromisso \u00e9 com a vida, com o meu crescimento, com o meu desenvolvimento como ser humano. N\u00e3o existe mais isso, ser homem, ser mulher, ser fisioterapeuta. Quando voc\u00ea pergunta a minha profiss\u00e3o, se eu falar que sou fisioterapeuta, tem sentido? Hoje a coisa pior para mim \u00e9 quando eu vou preencher as fichas e \u00e9 para falar se eu sou homem ou mulher, que eu acho terr\u00edvel, quando tem a op\u00e7\u00e3o, eu ponho \u2018outros\u2019. Por qu\u00ea? Porque eu sou da vida. A\u00ed tem que falar profiss\u00e3o. Por que o que que eu sou, gente? Eu sou Leila Navarro. Eu sou uma somat\u00f3ria de tantas coisas. Colocar empres\u00e1ria? Colocar palestrante? Escritora? Startupeira? Atriz? M\u00e3e? V\u00f3? Investidor anjo? \u00c9 t\u00e3o engra\u00e7ado isso, porque voc\u00ea \u00e9 uma somat\u00f3ria de tantas coisas, n\u00e3o sei aonde que n\u00f3s vamos chegar, mas acho que n\u00f3s vamos come\u00e7ar a mudar esse jeito de ser. Cada vez mais \u00e9 mais importante o que voc\u00ea \u00e9 do que os diplomas que voc\u00ea tem. O curr\u00edculo \u00e9 uma coisa do passado, que voc\u00ea j\u00e1 fez na vida, n\u00e3o interessa o que voc\u00ea j\u00e1 fez, j\u00e1 morreu, o que interessa \u00e9 o que voc\u00ea tem dispon\u00edvel daqui para a frente. Eu n\u00e3o tenho retrovisor, eu conto isso na palestra, eu uso os espelhos laterais para olhar com quem eu estou, porque \u00e9 importante saber com quem voc\u00ea est\u00e1. E eu olho para frente, porque n\u00f3s temos que ir juntos, ningu\u00e9m vai sozinho para frente. E sobre as conquistas, eu acho que o lugar de mulher \u00e9 onde ela quiser e eu admiro muito essas mulheres que podem estar nesse lugar de lideran\u00e7a, de gest\u00e3o, de comando, com o olhar feminino. Assim, eu acho que n\u00f3s temos que come\u00e7ar a ocupar mais cargos de lideran\u00e7a e poder, n\u00e3o \u00e9 para ser melhor ou pior, n\u00e3o \u00e9 mandar em homem, ningu\u00e9m est\u00e1 acima de ningu\u00e9m, mas \u00e9 estar do lado e poder mostrar um outro olhar. Eu sinto falta de mais executivas, de mais dirigentes, de mais presidentes, de mais prefeitas mulheres. De mais mulheres que possam estar tendo um papel de determina\u00e7\u00e3o, realmente de transforma\u00e7\u00e3o no momento que n\u00f3s estamos vivendo, mas lado a lado com todas as outras pessoas. Mas n\u00f3s n\u00e3o temos esse lugar, no fim \u00e9 tudo meio decidido pelos homens ainda.<\/span><\/p>\n<p><b>Voc\u00ea diz que as empresas passam por processo de \u201ctransforma\u00e7\u00e3o nocauteante\u201d. Especialmente ap\u00f3s a pandemia, vimos mudan\u00e7as marcantes, algumas, como o trabalho h\u00edbrido, j\u00e1 eram at\u00e9 previstas para o futuro, mas acabaram antecipadas. Como avalia o cen\u00e1rio empresarial atual?<\/b><\/p>\n<p><span style=\"font-weight: 400;\">Eu acho assim, que n\u00f3s temos que estar abertos \u00e0s mudan\u00e7as que est\u00e3o acontecendo. Ent\u00e3o eu digo que a gente tem que ter cabe\u00e7a de Waze. E o que \u00e9 ter cabe\u00e7a de Waze? Saber onde est\u00e1, aonde vai chegar, saber mais ou menos, porque pode mudar. Mas se entre um ponto e outro, n\u00e3o deu certo, recalcula a rota, recalcula a rota, recalcula a rota. Recalcular a rota \u00e9 a coisa mais importante que n\u00f3s temos que ter hoje, mas fazer isso com leveza. N\u00e3o pode ficar chorando, nossa, mas eu investi tanto nesse neg\u00f3cio e n\u00e3o vai servir para nada. N\u00e3o, n\u00e3o vai, vamos ver se serve para outra coisa, se n\u00e3o servir, deixa pra l\u00e1. Ent\u00e3o, a mentalidade de startup, que \u00e9 o seguinte, se n\u00e3o est\u00e1 funcionando, vamos pivotar. N\u00e3o adianta voc\u00ea ficar lamentando, se gastamos errado, vamos ver se d\u00e1 para levar para algu\u00e9m, vamos para frente, temos que virar a p\u00e1gina, n\u00f3s temos que ter essa velocidade e capacidade de mudan\u00e7a. Ressignificar \u00e9 muito importante. E a gente j\u00e1 nasceu ressignificando, uma crian\u00e7a com 4 anos de idade, quando ela quebra um brinquedo, o que ela faz? Se a m\u00e3e estiver olhando, ela chora, se n\u00e3o estiver, ela ressignifica, o caminh\u00e3o que quebrou vira duas casinhas, duas carro\u00e7as ou ela vai brincar de outra coisa. \u00c9 muito natural na gente ver o que eu posso fazer com o que n\u00e3o deu certo, criar outra coisa. Ent\u00e3o, n\u00f3s temos essa capacidade de ressignificar e nisso n\u00f3s precisamos ter essa velocidade tamb\u00e9m.<\/span><\/p>\n<p><b>Isso vem muito ao encontro de uma outra fala sua, que diz que \u2018n\u00e3o \u00e9 preciso entender o caos, mas us\u00e1-lo ao seu favor!\u2019<\/b><\/p>\n<p><span style=\"font-weight: 400;\">Isso, \u00e9 isso a\u00ed. N\u00f3s estamos vivendo num momento ca\u00f3tico e \u00e9 no caos que n\u00f3s temos que aprender, aprender a navegar nas incertezas. Mas na verdade isso n\u00e3o \u00e9 novidade, n\u00f3s sempre vivemos no caos, o caos foi a cria\u00e7\u00e3o do mundo e, internamente,\u00a0 a nossa biof\u00edsica \u00e9 ca\u00f3tica. No fundo, a verdade \u00e9 que nada tem garantia de nada.\u00a0<\/span><\/p>\n<p><b>Outro ponto voc\u00ea aborda sempre \u00e9 a automotiva\u00e7\u00e3o. Como pratic\u00e1-la?<\/b><\/p>\n<p><span style=\"font-weight: 400;\">N\u00e3o existe motiva\u00e7\u00e3o, a gente sempre quer as coisas de fora para dentro, isso n\u00e3o existe, a motiva\u00e7\u00e3o \u00e9 de dentro para fora, ent\u00e3o ningu\u00e9m tira a sua motiva\u00e7\u00e3o. Se voc\u00ea est\u00e1 desmotivada, tem que se perguntar o que est\u00e1 acontecendo? Acho que uma das grandes perguntas a se fazer \u00e9 a seguinte: eu ainda quero estar nesse lugar? Isso aqui tem sentido para mim? O que eu estou fazendo aqui? Porque est\u00e1 na sua alma, n\u00e3o \u00e9 na sua cabe\u00e7a, voc\u00ea tem que perguntar para o seu cora\u00e7\u00e3o. \u00c9 muito interessante porque a gente foi treinado a ficar muito no l\u00f3gico, no racional, e a ficar sempre respondendo coisas para os outros, agradando os outros. E isso n\u00e3o funciona, n\u00e3o \u00e9 por a\u00ed que chega a motiva\u00e7\u00e3o. Isso engana, voc\u00ea pode at\u00e9 fingir um pouco, mas n\u00e3o sustenta. O que sustenta \u00e9 aquilo que te d\u00e1 sentido, o que te d\u00e1 prop\u00f3sito, o que tem a ver com essa coisa que \u00e9 maior, que est\u00e1 dentro de voc\u00ea, n\u00e3o tem nada que te tire essa for\u00e7a. Ent\u00e3o, voc\u00ea fala assim, Leila, voc\u00ea est\u00e1 com 70, por que voc\u00ea n\u00e3o fica em casa e sossega? N\u00e3o, n\u00e3o vou sossegar, porque eu acho que o que eu fa\u00e7o tem sentido para mim e tem sido para as pessoas, se eu n\u00e3o fizer isso, eu j\u00e1 morri.\u00a0 Uma vez eu escutei um cara falando &#8211; ele era palestrante tamb\u00e9m &#8211; que ele queria morrer no palco palestrando. Eu falei nossa que exagerado. Mas hoje eu penso que realmente quando voc\u00ea faz uma coisa que tem sentido para voc\u00ea, tem uma vitalidade, \u00e9 uma energia que te mant\u00e9m com a pele linda e maravilhosa. Ent\u00e3o, para complementar, a automotiva\u00e7\u00e3o tem a ver com autoestima, com autoconhecimento, com autorrespeito. E eu vou falar uma coisa para voc\u00ea que est\u00e1 lendo essa entrevista, eu me aplaudo para dormir. \u00c0 noite, eu s\u00f3 digo Alexa, me aplauda. E ela solta 50 mil pessoas batendo palmas para mim e eu vou para minha cama agradecendo. Da\u00ed quando eu durmo, eu tenho uns insights porque quando voc\u00ea dorme poderosa, voc\u00ea tem ideias e tem que escrever sen\u00e3o voc\u00ea esquece, eu fa\u00e7o isso. Quando eu acordo de manh\u00e3, viva nesse corpinho, eu falo gente do c\u00e9u, Deus est\u00e1 me pedindo bis, porque eu me sinto bisada, porque tenho mais uma chance de sair na vida acontecendo, realizando o meu sonho. Eu durmo agradecendo pelo dia que eu tive e eu acordo comemorando que eu estou viva, que eu vou ter mais um dia. Eu acho que a gratid\u00e3o \u00e9 a emo\u00e7\u00e3o mais importante. E hoje estamos estudando a gratid\u00e3o, como faz bem imunologicamente para as pessoas. Ent\u00e3o, continue grata, mulher, seja grata, isso \u00e9 um santo rem\u00e9dio!<\/span><\/p>\n<p>&nbsp;<\/p>\n","protected":false},"excerpt":{"rendered":"<p>Ex-fisioterapeuta, ela \u00e9 palestrante motivacional h\u00e1 22 anos e se apresentou no 9\u00ba F\u00f3rum da Mulher Empreendedora em Franca &nbsp; Nelise Luques &nbsp; Palestrante motivacional h\u00e1<span class=\"excerpt-hellip\"> [\u2026]<\/span><\/p>\n","protected":false},"author":12,"featured_media":28728,"comment_status":"open","ping_status":"open","sticky":false,"template":"","format":"standard","meta":{"_jetpack_memberships_contains_paid_content":false,"footnotes":"","jetpack_publicize_message":"","jetpack_publicize_feature_enabled":true,"jetpack_social_post_already_shared":false,"jetpack_social_options":{"image_generator_settings":{"template":"highway","default_image_id":0,"enabled":false},"version":2}},"categories":[28,81],"tags":[],"class_list":["post-28727","post","type-post","status-publish","format-standard","has-post-thumbnail","hentry","category-cotidiano","category-manchete"],"yoast_head":"<!-- This site is optimized with the Yoast SEO plugin v25.6 - https:\/\/yoast.com\/wordpress\/plugins\/seo\/ -->\n<title>\u2018Lugar de mulher \u00e9 onde ela quiser e eu admiro muito essas mulheres na lideran\u00e7a, na gest\u00e3o e no comando, com o olhar feminino\u2019, diz Leila Navarro - VerdadeOn<\/title>\n<meta name=\"robots\" content=\"index, follow, max-snippet:-1, max-image-preview:large, max-video-preview:-1\" \/>\n<link rel=\"canonical\" href=\"https:\/\/verdadeon.com.br\/portal\/2022\/10\/08\/lugar-de-mulher-e-onde-ela-quiser-e-eu-admiro-muito-essas-mulheres-na-lideranca-na-gestao-e-no-comando-com-o-olhar-feminino-diz-leila-navarro\/\" \/>\n<meta property=\"og:locale\" content=\"pt_BR\" \/>\n<meta property=\"og:type\" content=\"article\" \/>\n<meta property=\"og:title\" content=\"\u2018Lugar de mulher \u00e9 onde ela quiser e eu admiro muito essas mulheres na lideran\u00e7a, na gest\u00e3o e no comando, com o olhar feminino\u2019, diz Leila Navarro - VerdadeOn\" \/>\n<meta property=\"og:description\" content=\"Ex-fisioterapeuta, ela \u00e9 palestrante motivacional h\u00e1 22 anos e se apresentou no 9\u00ba F\u00f3rum da Mulher Empreendedora em Franca &nbsp; Nelise Luques &nbsp; Palestrante motivacional h\u00e1 [\u2026]\" \/>\n<meta property=\"og:url\" content=\"https:\/\/verdadeon.com.br\/portal\/2022\/10\/08\/lugar-de-mulher-e-onde-ela-quiser-e-eu-admiro-muito-essas-mulheres-na-lideranca-na-gestao-e-no-comando-com-o-olhar-feminino-diz-leila-navarro\/\" \/>\n<meta property=\"og:site_name\" content=\"VerdadeOn\" \/>\n<meta property=\"article:published_time\" content=\"2022-10-08T18:23:31+00:00\" \/>\n<meta property=\"og:image\" content=\"https:\/\/verdadeon.com.br\/portal\/wp-content\/uploads\/2022\/10\/Leila-Navarro-palestrante.jpg\" \/>\n\t<meta property=\"og:image:width\" content=\"1600\" \/>\n\t<meta property=\"og:image:height\" content=\"1066\" \/>\n\t<meta property=\"og:image:type\" content=\"image\/jpeg\" \/>\n<meta name=\"author\" content=\"Nelise Luques\" \/>\n<meta name=\"twitter:card\" content=\"summary_large_image\" \/>\n<meta name=\"twitter:label1\" content=\"Escrito por\" \/>\n\t<meta name=\"twitter:data1\" content=\"Nelise Luques\" \/>\n\t<meta name=\"twitter:label2\" content=\"Est. tempo de leitura\" \/>\n\t<meta name=\"twitter:data2\" content=\"19 minutos\" \/>\n<script type=\"application\/ld+json\" class=\"yoast-schema-graph\">{\"@context\":\"https:\/\/schema.org\",\"@graph\":[{\"@type\":\"WebPage\",\"@id\":\"https:\/\/verdadeon.com.br\/portal\/2022\/10\/08\/lugar-de-mulher-e-onde-ela-quiser-e-eu-admiro-muito-essas-mulheres-na-lideranca-na-gestao-e-no-comando-com-o-olhar-feminino-diz-leila-navarro\/\",\"url\":\"https:\/\/verdadeon.com.br\/portal\/2022\/10\/08\/lugar-de-mulher-e-onde-ela-quiser-e-eu-admiro-muito-essas-mulheres-na-lideranca-na-gestao-e-no-comando-com-o-olhar-feminino-diz-leila-navarro\/\",\"name\":\"\u2018Lugar de mulher \u00e9 onde ela quiser e eu admiro muito essas mulheres na lideran\u00e7a, na gest\u00e3o e no comando, com o olhar feminino\u2019, diz Leila Navarro - VerdadeOn\",\"isPartOf\":{\"@id\":\"https:\/\/verdadeon.com.br\/portal\/#website\"},\"primaryImageOfPage\":{\"@id\":\"https:\/\/verdadeon.com.br\/portal\/2022\/10\/08\/lugar-de-mulher-e-onde-ela-quiser-e-eu-admiro-muito-essas-mulheres-na-lideranca-na-gestao-e-no-comando-com-o-olhar-feminino-diz-leila-navarro\/#primaryimage\"},\"image\":{\"@id\":\"https:\/\/verdadeon.com.br\/portal\/2022\/10\/08\/lugar-de-mulher-e-onde-ela-quiser-e-eu-admiro-muito-essas-mulheres-na-lideranca-na-gestao-e-no-comando-com-o-olhar-feminino-diz-leila-navarro\/#primaryimage\"},\"thumbnailUrl\":\"https:\/\/i0.wp.com\/verdadeon.com.br\/portal\/wp-content\/uploads\/2022\/10\/Leila-Navarro-palestrante.jpg?fit=1600%2C1066&ssl=1\",\"datePublished\":\"2022-10-08T18:23:31+00:00\",\"author\":{\"@id\":\"https:\/\/verdadeon.com.br\/portal\/#\/schema\/person\/8248726d36015c1916636fabb175d972\"},\"breadcrumb\":{\"@id\":\"https:\/\/verdadeon.com.br\/portal\/2022\/10\/08\/lugar-de-mulher-e-onde-ela-quiser-e-eu-admiro-muito-essas-mulheres-na-lideranca-na-gestao-e-no-comando-com-o-olhar-feminino-diz-leila-navarro\/#breadcrumb\"},\"inLanguage\":\"pt-BR\",\"potentialAction\":[{\"@type\":\"ReadAction\",\"target\":[\"https:\/\/verdadeon.com.br\/portal\/2022\/10\/08\/lugar-de-mulher-e-onde-ela-quiser-e-eu-admiro-muito-essas-mulheres-na-lideranca-na-gestao-e-no-comando-com-o-olhar-feminino-diz-leila-navarro\/\"]}]},{\"@type\":\"ImageObject\",\"inLanguage\":\"pt-BR\",\"@id\":\"https:\/\/verdadeon.com.br\/portal\/2022\/10\/08\/lugar-de-mulher-e-onde-ela-quiser-e-eu-admiro-muito-essas-mulheres-na-lideranca-na-gestao-e-no-comando-com-o-olhar-feminino-diz-leila-navarro\/#primaryimage\",\"url\":\"https:\/\/i0.wp.com\/verdadeon.com.br\/portal\/wp-content\/uploads\/2022\/10\/Leila-Navarro-palestrante.jpg?fit=1600%2C1066&ssl=1\",\"contentUrl\":\"https:\/\/i0.wp.com\/verdadeon.com.br\/portal\/wp-content\/uploads\/2022\/10\/Leila-Navarro-palestrante.jpg?fit=1600%2C1066&ssl=1\",\"width\":1600,\"height\":1066,\"caption\":\"A palestrante Leila Navarro durante o 9\u00ba F\u00f3rum da Mulher Empreendedora em Franca: \\\"Voc\u00ea n\u00e3o precisa gritar para ser forte. Voc\u00ea precisa ter consist\u00eancia, ter fundamento\\\" | Fotos: Wilker Maia\/ACIF\"},{\"@type\":\"BreadcrumbList\",\"@id\":\"https:\/\/verdadeon.com.br\/portal\/2022\/10\/08\/lugar-de-mulher-e-onde-ela-quiser-e-eu-admiro-muito-essas-mulheres-na-lideranca-na-gestao-e-no-comando-com-o-olhar-feminino-diz-leila-navarro\/#breadcrumb\",\"itemListElement\":[{\"@type\":\"ListItem\",\"position\":1,\"name\":\"In\u00edcio\",\"item\":\"https:\/\/verdadeon.com.br\/portal\/\"},{\"@type\":\"ListItem\",\"position\":2,\"name\":\"\u2018Lugar de mulher \u00e9 onde ela quiser e eu admiro muito essas mulheres na lideran\u00e7a, na gest\u00e3o e no comando, com o olhar feminino\u2019, diz Leila Navarro\"}]},{\"@type\":\"WebSite\",\"@id\":\"https:\/\/verdadeon.com.br\/portal\/#website\",\"url\":\"https:\/\/verdadeon.com.br\/portal\/\",\"name\":\"VerdadeOn\",\"description\":\"Not\u00edcias di\u00e1rias sobre Franca, Regi\u00e3o, Esporte, Cultura, Cotidiano, Colunas. Cobertura nos principais eventos da cidade \u00e9 aqui - Verdadeon Franca\",\"potentialAction\":[{\"@type\":\"SearchAction\",\"target\":{\"@type\":\"EntryPoint\",\"urlTemplate\":\"https:\/\/verdadeon.com.br\/portal\/?s={search_term_string}\"},\"query-input\":{\"@type\":\"PropertyValueSpecification\",\"valueRequired\":true,\"valueName\":\"search_term_string\"}}],\"inLanguage\":\"pt-BR\"},{\"@type\":\"Person\",\"@id\":\"https:\/\/verdadeon.com.br\/portal\/#\/schema\/person\/8248726d36015c1916636fabb175d972\",\"name\":\"Nelise Luques\",\"image\":{\"@type\":\"ImageObject\",\"inLanguage\":\"pt-BR\",\"@id\":\"https:\/\/verdadeon.com.br\/portal\/#\/schema\/person\/image\/\",\"url\":\"https:\/\/secure.gravatar.com\/avatar\/29b2a17f5bcadeb827411b66f48ac13c3e0ecaf5906c0f5745ecc5d41c24eada?s=96&d=mm&r=g\",\"contentUrl\":\"https:\/\/secure.gravatar.com\/avatar\/29b2a17f5bcadeb827411b66f48ac13c3e0ecaf5906c0f5745ecc5d41c24eada?s=96&d=mm&r=g\",\"caption\":\"Nelise Luques\"},\"url\":\"https:\/\/verdadeon.com.br\/portal\/author\/verdade\/\"}]}<\/script>\n<!-- \/ Yoast SEO plugin. -->","yoast_head_json":{"title":"\u2018Lugar de mulher \u00e9 onde ela quiser e eu admiro muito essas mulheres na lideran\u00e7a, na gest\u00e3o e no comando, com o olhar feminino\u2019, diz Leila Navarro - VerdadeOn","robots":{"index":"index","follow":"follow","max-snippet":"max-snippet:-1","max-image-preview":"max-image-preview:large","max-video-preview":"max-video-preview:-1"},"canonical":"https:\/\/verdadeon.com.br\/portal\/2022\/10\/08\/lugar-de-mulher-e-onde-ela-quiser-e-eu-admiro-muito-essas-mulheres-na-lideranca-na-gestao-e-no-comando-com-o-olhar-feminino-diz-leila-navarro\/","og_locale":"pt_BR","og_type":"article","og_title":"\u2018Lugar de mulher \u00e9 onde ela quiser e eu admiro muito essas mulheres na lideran\u00e7a, na gest\u00e3o e no comando, com o olhar feminino\u2019, diz Leila Navarro - VerdadeOn","og_description":"Ex-fisioterapeuta, ela \u00e9 palestrante motivacional h\u00e1 22 anos e se apresentou no 9\u00ba F\u00f3rum da Mulher Empreendedora em Franca &nbsp; Nelise Luques &nbsp; Palestrante motivacional h\u00e1 [\u2026]","og_url":"https:\/\/verdadeon.com.br\/portal\/2022\/10\/08\/lugar-de-mulher-e-onde-ela-quiser-e-eu-admiro-muito-essas-mulheres-na-lideranca-na-gestao-e-no-comando-com-o-olhar-feminino-diz-leila-navarro\/","og_site_name":"VerdadeOn","article_published_time":"2022-10-08T18:23:31+00:00","og_image":[{"width":1600,"height":1066,"url":"https:\/\/verdadeon.com.br\/portal\/wp-content\/uploads\/2022\/10\/Leila-Navarro-palestrante.jpg","type":"image\/jpeg"}],"author":"Nelise Luques","twitter_card":"summary_large_image","twitter_misc":{"Escrito por":"Nelise Luques","Est. tempo de leitura":"19 minutos"},"schema":{"@context":"https:\/\/schema.org","@graph":[{"@type":"WebPage","@id":"https:\/\/verdadeon.com.br\/portal\/2022\/10\/08\/lugar-de-mulher-e-onde-ela-quiser-e-eu-admiro-muito-essas-mulheres-na-lideranca-na-gestao-e-no-comando-com-o-olhar-feminino-diz-leila-navarro\/","url":"https:\/\/verdadeon.com.br\/portal\/2022\/10\/08\/lugar-de-mulher-e-onde-ela-quiser-e-eu-admiro-muito-essas-mulheres-na-lideranca-na-gestao-e-no-comando-com-o-olhar-feminino-diz-leila-navarro\/","name":"\u2018Lugar de mulher \u00e9 onde ela quiser e eu admiro muito essas mulheres na lideran\u00e7a, na gest\u00e3o e no comando, com o olhar feminino\u2019, diz Leila Navarro - VerdadeOn","isPartOf":{"@id":"https:\/\/verdadeon.com.br\/portal\/#website"},"primaryImageOfPage":{"@id":"https:\/\/verdadeon.com.br\/portal\/2022\/10\/08\/lugar-de-mulher-e-onde-ela-quiser-e-eu-admiro-muito-essas-mulheres-na-lideranca-na-gestao-e-no-comando-com-o-olhar-feminino-diz-leila-navarro\/#primaryimage"},"image":{"@id":"https:\/\/verdadeon.com.br\/portal\/2022\/10\/08\/lugar-de-mulher-e-onde-ela-quiser-e-eu-admiro-muito-essas-mulheres-na-lideranca-na-gestao-e-no-comando-com-o-olhar-feminino-diz-leila-navarro\/#primaryimage"},"thumbnailUrl":"https:\/\/i0.wp.com\/verdadeon.com.br\/portal\/wp-content\/uploads\/2022\/10\/Leila-Navarro-palestrante.jpg?fit=1600%2C1066&ssl=1","datePublished":"2022-10-08T18:23:31+00:00","author":{"@id":"https:\/\/verdadeon.com.br\/portal\/#\/schema\/person\/8248726d36015c1916636fabb175d972"},"breadcrumb":{"@id":"https:\/\/verdadeon.com.br\/portal\/2022\/10\/08\/lugar-de-mulher-e-onde-ela-quiser-e-eu-admiro-muito-essas-mulheres-na-lideranca-na-gestao-e-no-comando-com-o-olhar-feminino-diz-leila-navarro\/#breadcrumb"},"inLanguage":"pt-BR","potentialAction":[{"@type":"ReadAction","target":["https:\/\/verdadeon.com.br\/portal\/2022\/10\/08\/lugar-de-mulher-e-onde-ela-quiser-e-eu-admiro-muito-essas-mulheres-na-lideranca-na-gestao-e-no-comando-com-o-olhar-feminino-diz-leila-navarro\/"]}]},{"@type":"ImageObject","inLanguage":"pt-BR","@id":"https:\/\/verdadeon.com.br\/portal\/2022\/10\/08\/lugar-de-mulher-e-onde-ela-quiser-e-eu-admiro-muito-essas-mulheres-na-lideranca-na-gestao-e-no-comando-com-o-olhar-feminino-diz-leila-navarro\/#primaryimage","url":"https:\/\/i0.wp.com\/verdadeon.com.br\/portal\/wp-content\/uploads\/2022\/10\/Leila-Navarro-palestrante.jpg?fit=1600%2C1066&ssl=1","contentUrl":"https:\/\/i0.wp.com\/verdadeon.com.br\/portal\/wp-content\/uploads\/2022\/10\/Leila-Navarro-palestrante.jpg?fit=1600%2C1066&ssl=1","width":1600,"height":1066,"caption":"A palestrante Leila Navarro durante o 9\u00ba F\u00f3rum da Mulher Empreendedora em Franca: \"Voc\u00ea n\u00e3o precisa gritar para ser forte. Voc\u00ea precisa ter consist\u00eancia, ter fundamento\" | Fotos: Wilker Maia\/ACIF"},{"@type":"BreadcrumbList","@id":"https:\/\/verdadeon.com.br\/portal\/2022\/10\/08\/lugar-de-mulher-e-onde-ela-quiser-e-eu-admiro-muito-essas-mulheres-na-lideranca-na-gestao-e-no-comando-com-o-olhar-feminino-diz-leila-navarro\/#breadcrumb","itemListElement":[{"@type":"ListItem","position":1,"name":"In\u00edcio","item":"https:\/\/verdadeon.com.br\/portal\/"},{"@type":"ListItem","position":2,"name":"\u2018Lugar de mulher \u00e9 onde ela quiser e eu admiro muito essas mulheres na lideran\u00e7a, na gest\u00e3o e no comando, com o olhar feminino\u2019, diz Leila Navarro"}]},{"@type":"WebSite","@id":"https:\/\/verdadeon.com.br\/portal\/#website","url":"https:\/\/verdadeon.com.br\/portal\/","name":"VerdadeOn","description":"Not\u00edcias di\u00e1rias sobre Franca, Regi\u00e3o, Esporte, Cultura, Cotidiano, Colunas. Cobertura nos principais eventos da cidade \u00e9 aqui - Verdadeon Franca","potentialAction":[{"@type":"SearchAction","target":{"@type":"EntryPoint","urlTemplate":"https:\/\/verdadeon.com.br\/portal\/?s={search_term_string}"},"query-input":{"@type":"PropertyValueSpecification","valueRequired":true,"valueName":"search_term_string"}}],"inLanguage":"pt-BR"},{"@type":"Person","@id":"https:\/\/verdadeon.com.br\/portal\/#\/schema\/person\/8248726d36015c1916636fabb175d972","name":"Nelise Luques","image":{"@type":"ImageObject","inLanguage":"pt-BR","@id":"https:\/\/verdadeon.com.br\/portal\/#\/schema\/person\/image\/","url":"https:\/\/secure.gravatar.com\/avatar\/29b2a17f5bcadeb827411b66f48ac13c3e0ecaf5906c0f5745ecc5d41c24eada?s=96&d=mm&r=g","contentUrl":"https:\/\/secure.gravatar.com\/avatar\/29b2a17f5bcadeb827411b66f48ac13c3e0ecaf5906c0f5745ecc5d41c24eada?s=96&d=mm&r=g","caption":"Nelise Luques"},"url":"https:\/\/verdadeon.com.br\/portal\/author\/verdade\/"}]}},"jetpack_publicize_connections":[],"jetpack_featured_media_url":"https:\/\/i0.wp.com\/verdadeon.com.br\/portal\/wp-content\/uploads\/2022\/10\/Leila-Navarro-palestrante.jpg?fit=1600%2C1066&ssl=1","jetpack_sharing_enabled":true,"_links":{"self":[{"href":"https:\/\/verdadeon.com.br\/portal\/wp-json\/wp\/v2\/posts\/28727","targetHints":{"allow":["GET"]}}],"collection":[{"href":"https:\/\/verdadeon.com.br\/portal\/wp-json\/wp\/v2\/posts"}],"about":[{"href":"https:\/\/verdadeon.com.br\/portal\/wp-json\/wp\/v2\/types\/post"}],"author":[{"embeddable":true,"href":"https:\/\/verdadeon.com.br\/portal\/wp-json\/wp\/v2\/users\/12"}],"replies":[{"embeddable":true,"href":"https:\/\/verdadeon.com.br\/portal\/wp-json\/wp\/v2\/comments?post=28727"}],"version-history":[{"count":1,"href":"https:\/\/verdadeon.com.br\/portal\/wp-json\/wp\/v2\/posts\/28727\/revisions"}],"predecessor-version":[{"id":28730,"href":"https:\/\/verdadeon.com.br\/portal\/wp-json\/wp\/v2\/posts\/28727\/revisions\/28730"}],"wp:featuredmedia":[{"embeddable":true,"href":"https:\/\/verdadeon.com.br\/portal\/wp-json\/wp\/v2\/media\/28728"}],"wp:attachment":[{"href":"https:\/\/verdadeon.com.br\/portal\/wp-json\/wp\/v2\/media?parent=28727"}],"wp:term":[{"taxonomy":"category","embeddable":true,"href":"https:\/\/verdadeon.com.br\/portal\/wp-json\/wp\/v2\/categories?post=28727"},{"taxonomy":"post_tag","embeddable":true,"href":"https:\/\/verdadeon.com.br\/portal\/wp-json\/wp\/v2\/tags?post=28727"}],"curies":[{"name":"wp","href":"https:\/\/api.w.org\/{rel}","templated":true}]}}