{"id":28694,"date":"2022-10-07T17:30:08","date_gmt":"2022-10-07T20:30:08","guid":{"rendered":"https:\/\/verdadeon.com.br\/portal\/?p=28694"},"modified":"2022-10-07T17:30:08","modified_gmt":"2022-10-07T20:30:08","slug":"brasil-recebe-o-primeiro-lote-de-vacinas-contra-a-variola-dos-macacos","status":"publish","type":"post","link":"https:\/\/verdadeon.com.br\/portal\/2022\/10\/07\/brasil-recebe-o-primeiro-lote-de-vacinas-contra-a-variola-dos-macacos\/","title":{"rendered":"Brasil recebe o primeiro lote de vacinas contra a var\u00edola dos macacos"},"content":{"rendered":"<div class=\"col-lg-12 mb-3\">\n<div class=\"row\">\n<h3 class=\"col-10 offset-1 animated fadeInDown dealy-900 display-8 display-md-8 alt-font font-italic my-1 text-center\">Pr\u00f3ximos lotes est\u00e3o previstos para serem entregues at\u00e9 o fim do ano<\/h3>\n<\/div>\n<div class=\"row\">\n<div id=\"tts-container\" class=\"col-xl-7 offset-xl-1 col-lg-8 offset-lg-0 col-md-10 offset-md-1 mb-3\">J\u00e1 est\u00e1 no Brasil o primeiro lote importado de vacinas contra a Monkeypox, doen\u00e7a que \u00e9 mais conhecida como var\u00edola dos macacos. Segundo o Minist\u00e9rio da Sa\u00fade, a remessa de 9,8 mil doses desembarcou nesta ter\u00e7a-feira (4) no Aeroporto de Guarulhos (SP).<img data-recalc-dims=\"1\" decoding=\"async\" src=\"https:\/\/i0.wp.com\/agenciabrasil.ebc.com.br\/ebc.png?w=1220&#038;ssl=1\" \/><img data-recalc-dims=\"1\" decoding=\"async\" src=\"https:\/\/i0.wp.com\/agenciabrasil.ebc.com.br\/ebc.gif?w=1220&#038;ssl=1\" \/><\/div>\n<\/div>\n<\/div>\n<div class=\"col-xl-7 offset-xl-1 col-lg-8 offset-lg-0 col-md-10 offset-md-1 mb-3\">\n<div class=\"post-item alt-font\">\n<div class=\"post-item-wrap\">\n<p>Cerca de 50 mil doses j\u00e1 foram compradas via fundo rotat\u00f3rio da Organiza\u00e7\u00e3o Pan-Americana da Sa\u00fade (Opas). Os pr\u00f3ximos lotes est\u00e3o previstos para serem entregues at\u00e9 o fim de 2022.<\/p>\n<p>De acordo com o minist\u00e9rio, os imunizantes ser\u00e3o utilizados para a realiza\u00e7\u00e3o de estudos, conforme recomenda\u00e7\u00e3o da Organiza\u00e7\u00e3o Mundial da Sa\u00fade (OMS). \u201c\u00c9 importante ressaltar que as vacinas s\u00e3o seguras e atualmente s\u00e3o utilizadas contra a var\u00edola humana ou var\u00edola comum. Por isso, o estudo pretende gerar evid\u00eancias sobre efetividade, imunogenicidade e seguran\u00e7a da vacina contra a var\u00edola dos macacos e, assim, orientar a decis\u00e3o dos gestores\u201d, informou a pasta.<\/p>\n<p>A coordena\u00e7\u00e3o da pesquisa ficar\u00e1 a cargo da Funda\u00e7\u00e3o Oswaldo Cruz (Fiocruz) com o apoio da OMS e financiamento do minist\u00e9rio. O estudo foi discutido pela pasta, em conjunto com a Opas, pesquisadores e especialistas da \u00e1rea.<\/p>\n<p>\u201cO objetivo \u00e9 avaliar a efetividade da vacina Jynneos\/MVA-BN contra a var\u00edola dos macacos na popula\u00e7\u00e3o brasileira, ou seja, se a vacina reduz a incid\u00eancia da doen\u00e7a e a progress\u00e3o \u00e0 doen\u00e7a grave. A popula\u00e7\u00e3o-alvo do estudo ser\u00e1 formada por pessoas mais afetadas e com maior risco para a doen\u00e7a\u201d, detalhou o minist\u00e9rio ao informar que inicialmente os grupos a serem vacinados ser\u00e3o de pessoas que tiveram contato prolongado com doentes diagnosticados ou em tratamento com antirretroviral para HIV.<\/p>\n<p>Ainda segundo o minist\u00e9rio, em breve ser\u00e3o divulgados quais centros de pesquisa ser\u00e3o inclu\u00eddos \u201cconsiderando as cidades com elevados n\u00fameros de casos confirmados da doen\u00e7a e a infraestrutura dispon\u00edvel para a condu\u00e7\u00e3o do estudo\u201d.<\/p>\n<\/div>\n<\/div>\n<\/div>\n","protected":false},"excerpt":{"rendered":"<p>Pr\u00f3ximos lotes est\u00e3o previstos para serem entregues at\u00e9 o fim do ano J\u00e1 est\u00e1 no Brasil o primeiro lote importado de vacinas contra a Monkeypox, doen\u00e7a<span class=\"excerpt-hellip\"> [\u2026]<\/span><\/p>\n","protected":false},"author":4,"featured_media":28698,"comment_status":"open","ping_status":"open","sticky":false,"template":"","format":"standard","meta":{"_jetpack_memberships_contains_paid_content":false,"footnotes":"","jetpack_publicize_message":"","jetpack_publicize_feature_enabled":true,"jetpack_social_post_already_shared":false,"jetpack_social_options":{"image_generator_settings":{"template":"highway","default_image_id":0,"enabled":false},"version":2}},"categories":[28,81],"tags":[],"class_list":["post-28694","post","type-post","status-publish","format-standard","has-post-thumbnail","hentry","category-cotidiano","category-manchete"],"yoast_head":"<!-- This site is optimized with the Yoast SEO plugin v25.6 - https:\/\/yoast.com\/wordpress\/plugins\/seo\/ -->\n<title>Brasil recebe o primeiro lote de vacinas contra a var\u00edola dos macacos - VerdadeOn<\/title>\n<meta name=\"robots\" content=\"index, follow, max-snippet:-1, max-image-preview:large, max-video-preview:-1\" \/>\n<link rel=\"canonical\" href=\"https:\/\/verdadeon.com.br\/portal\/2022\/10\/07\/brasil-recebe-o-primeiro-lote-de-vacinas-contra-a-variola-dos-macacos\/\" \/>\n<meta property=\"og:locale\" content=\"pt_BR\" \/>\n<meta property=\"og:type\" content=\"article\" \/>\n<meta property=\"og:title\" content=\"Brasil recebe o primeiro lote de vacinas contra a var\u00edola dos macacos - VerdadeOn\" \/>\n<meta property=\"og:description\" content=\"Pr\u00f3ximos lotes est\u00e3o previstos para serem entregues at\u00e9 o fim do ano J\u00e1 est\u00e1 no Brasil o primeiro lote importado de vacinas contra a Monkeypox, doen\u00e7a [\u2026]\" \/>\n<meta property=\"og:url\" content=\"https:\/\/verdadeon.com.br\/portal\/2022\/10\/07\/brasil-recebe-o-primeiro-lote-de-vacinas-contra-a-variola-dos-macacos\/\" \/>\n<meta property=\"og:site_name\" content=\"VerdadeOn\" \/>\n<meta property=\"article:published_time\" content=\"2022-10-07T20:30:08+00:00\" \/>\n<meta property=\"og:image\" content=\"https:\/\/verdadeon.com.br\/portal\/wp-content\/uploads\/2022\/10\/bizate7g7bnuhbxywx3jpcawfi-1.jpg\" \/>\n\t<meta property=\"og:image:width\" content=\"1000\" \/>\n\t<meta property=\"og:image:height\" content=\"670\" \/>\n\t<meta property=\"og:image:type\" content=\"image\/jpeg\" \/>\n<meta name=\"author\" content=\"Fernando Calixto\" \/>\n<meta name=\"twitter:card\" content=\"summary_large_image\" \/>\n<meta name=\"twitter:label1\" content=\"Escrito por\" \/>\n\t<meta name=\"twitter:data1\" content=\"Fernando Calixto\" \/>\n\t<meta name=\"twitter:label2\" content=\"Est. tempo de leitura\" \/>\n\t<meta name=\"twitter:data2\" content=\"3 minutos\" \/>\n<script type=\"application\/ld+json\" class=\"yoast-schema-graph\">{\"@context\":\"https:\/\/schema.org\",\"@graph\":[{\"@type\":\"WebPage\",\"@id\":\"https:\/\/verdadeon.com.br\/portal\/2022\/10\/07\/brasil-recebe-o-primeiro-lote-de-vacinas-contra-a-variola-dos-macacos\/\",\"url\":\"https:\/\/verdadeon.com.br\/portal\/2022\/10\/07\/brasil-recebe-o-primeiro-lote-de-vacinas-contra-a-variola-dos-macacos\/\",\"name\":\"Brasil recebe o primeiro lote de vacinas contra a var\u00edola dos macacos - VerdadeOn\",\"isPartOf\":{\"@id\":\"https:\/\/verdadeon.com.br\/portal\/#website\"},\"primaryImageOfPage\":{\"@id\":\"https:\/\/verdadeon.com.br\/portal\/2022\/10\/07\/brasil-recebe-o-primeiro-lote-de-vacinas-contra-a-variola-dos-macacos\/#primaryimage\"},\"image\":{\"@id\":\"https:\/\/verdadeon.com.br\/portal\/2022\/10\/07\/brasil-recebe-o-primeiro-lote-de-vacinas-contra-a-variola-dos-macacos\/#primaryimage\"},\"thumbnailUrl\":\"https:\/\/i0.wp.com\/verdadeon.com.br\/portal\/wp-content\/uploads\/2022\/10\/bizate7g7bnuhbxywx3jpcawfi-1.jpg?fit=1000%2C670&ssl=1\",\"datePublished\":\"2022-10-07T20:30:08+00:00\",\"author\":{\"@id\":\"https:\/\/verdadeon.com.br\/portal\/#\/schema\/person\/8994718f49ee62ba5610471e29ca1f62\"},\"breadcrumb\":{\"@id\":\"https:\/\/verdadeon.com.br\/portal\/2022\/10\/07\/brasil-recebe-o-primeiro-lote-de-vacinas-contra-a-variola-dos-macacos\/#breadcrumb\"},\"inLanguage\":\"pt-BR\",\"potentialAction\":[{\"@type\":\"ReadAction\",\"target\":[\"https:\/\/verdadeon.com.br\/portal\/2022\/10\/07\/brasil-recebe-o-primeiro-lote-de-vacinas-contra-a-variola-dos-macacos\/\"]}]},{\"@type\":\"ImageObject\",\"inLanguage\":\"pt-BR\",\"@id\":\"https:\/\/verdadeon.com.br\/portal\/2022\/10\/07\/brasil-recebe-o-primeiro-lote-de-vacinas-contra-a-variola-dos-macacos\/#primaryimage\",\"url\":\"https:\/\/i0.wp.com\/verdadeon.com.br\/portal\/wp-content\/uploads\/2022\/10\/bizate7g7bnuhbxywx3jpcawfi-1.jpg?fit=1000%2C670&ssl=1\",\"contentUrl\":\"https:\/\/i0.wp.com\/verdadeon.com.br\/portal\/wp-content\/uploads\/2022\/10\/bizate7g7bnuhbxywx3jpcawfi-1.jpg?fit=1000%2C670&ssl=1\",\"width\":1000,\"height\":670,\"caption\":\"Cerca de 50 mil doses j\u00e1 foram compradas via fundo rotat\u00f3rio da Organiza\u00e7\u00e3o Pan-Americana da Sa\u00fade (Opas)\"},{\"@type\":\"BreadcrumbList\",\"@id\":\"https:\/\/verdadeon.com.br\/portal\/2022\/10\/07\/brasil-recebe-o-primeiro-lote-de-vacinas-contra-a-variola-dos-macacos\/#breadcrumb\",\"itemListElement\":[{\"@type\":\"ListItem\",\"position\":1,\"name\":\"In\u00edcio\",\"item\":\"https:\/\/verdadeon.com.br\/portal\/\"},{\"@type\":\"ListItem\",\"position\":2,\"name\":\"Brasil recebe o primeiro lote de vacinas contra a var\u00edola dos macacos\"}]},{\"@type\":\"WebSite\",\"@id\":\"https:\/\/verdadeon.com.br\/portal\/#website\",\"url\":\"https:\/\/verdadeon.com.br\/portal\/\",\"name\":\"VerdadeOn\",\"description\":\"Not\u00edcias di\u00e1rias sobre Franca, Regi\u00e3o, Esporte, Cultura, Cotidiano, Colunas. Cobertura nos principais eventos da cidade \u00e9 aqui - Verdadeon Franca\",\"potentialAction\":[{\"@type\":\"SearchAction\",\"target\":{\"@type\":\"EntryPoint\",\"urlTemplate\":\"https:\/\/verdadeon.com.br\/portal\/?s={search_term_string}\"},\"query-input\":{\"@type\":\"PropertyValueSpecification\",\"valueRequired\":true,\"valueName\":\"search_term_string\"}}],\"inLanguage\":\"pt-BR\"},{\"@type\":\"Person\",\"@id\":\"https:\/\/verdadeon.com.br\/portal\/#\/schema\/person\/8994718f49ee62ba5610471e29ca1f62\",\"name\":\"Fernando Calixto\",\"image\":{\"@type\":\"ImageObject\",\"inLanguage\":\"pt-BR\",\"@id\":\"https:\/\/verdadeon.com.br\/portal\/#\/schema\/person\/image\/\",\"url\":\"https:\/\/secure.gravatar.com\/avatar\/7578910c24966c0316c340f9dbd601e93ee9f9212e1033968b367af9306bd9fb?s=96&d=mm&r=g\",\"contentUrl\":\"https:\/\/secure.gravatar.com\/avatar\/7578910c24966c0316c340f9dbd601e93ee9f9212e1033968b367af9306bd9fb?s=96&d=mm&r=g\",\"caption\":\"Fernando Calixto\"},\"url\":\"https:\/\/verdadeon.com.br\/portal\/author\/fernando-calixto\/\"}]}<\/script>\n<!-- \/ Yoast SEO plugin. -->","yoast_head_json":{"title":"Brasil recebe o primeiro lote de vacinas contra a var\u00edola dos macacos - VerdadeOn","robots":{"index":"index","follow":"follow","max-snippet":"max-snippet:-1","max-image-preview":"max-image-preview:large","max-video-preview":"max-video-preview:-1"},"canonical":"https:\/\/verdadeon.com.br\/portal\/2022\/10\/07\/brasil-recebe-o-primeiro-lote-de-vacinas-contra-a-variola-dos-macacos\/","og_locale":"pt_BR","og_type":"article","og_title":"Brasil recebe o primeiro lote de vacinas contra a var\u00edola dos macacos - VerdadeOn","og_description":"Pr\u00f3ximos lotes est\u00e3o previstos para serem entregues at\u00e9 o fim do ano J\u00e1 est\u00e1 no Brasil o primeiro lote importado de vacinas contra a Monkeypox, doen\u00e7a [\u2026]","og_url":"https:\/\/verdadeon.com.br\/portal\/2022\/10\/07\/brasil-recebe-o-primeiro-lote-de-vacinas-contra-a-variola-dos-macacos\/","og_site_name":"VerdadeOn","article_published_time":"2022-10-07T20:30:08+00:00","og_image":[{"width":1000,"height":670,"url":"https:\/\/verdadeon.com.br\/portal\/wp-content\/uploads\/2022\/10\/bizate7g7bnuhbxywx3jpcawfi-1.jpg","type":"image\/jpeg"}],"author":"Fernando Calixto","twitter_card":"summary_large_image","twitter_misc":{"Escrito por":"Fernando Calixto","Est. tempo de leitura":"3 minutos"},"schema":{"@context":"https:\/\/schema.org","@graph":[{"@type":"WebPage","@id":"https:\/\/verdadeon.com.br\/portal\/2022\/10\/07\/brasil-recebe-o-primeiro-lote-de-vacinas-contra-a-variola-dos-macacos\/","url":"https:\/\/verdadeon.com.br\/portal\/2022\/10\/07\/brasil-recebe-o-primeiro-lote-de-vacinas-contra-a-variola-dos-macacos\/","name":"Brasil recebe o primeiro lote de vacinas contra a var\u00edola dos macacos - VerdadeOn","isPartOf":{"@id":"https:\/\/verdadeon.com.br\/portal\/#website"},"primaryImageOfPage":{"@id":"https:\/\/verdadeon.com.br\/portal\/2022\/10\/07\/brasil-recebe-o-primeiro-lote-de-vacinas-contra-a-variola-dos-macacos\/#primaryimage"},"image":{"@id":"https:\/\/verdadeon.com.br\/portal\/2022\/10\/07\/brasil-recebe-o-primeiro-lote-de-vacinas-contra-a-variola-dos-macacos\/#primaryimage"},"thumbnailUrl":"https:\/\/i0.wp.com\/verdadeon.com.br\/portal\/wp-content\/uploads\/2022\/10\/bizate7g7bnuhbxywx3jpcawfi-1.jpg?fit=1000%2C670&ssl=1","datePublished":"2022-10-07T20:30:08+00:00","author":{"@id":"https:\/\/verdadeon.com.br\/portal\/#\/schema\/person\/8994718f49ee62ba5610471e29ca1f62"},"breadcrumb":{"@id":"https:\/\/verdadeon.com.br\/portal\/2022\/10\/07\/brasil-recebe-o-primeiro-lote-de-vacinas-contra-a-variola-dos-macacos\/#breadcrumb"},"inLanguage":"pt-BR","potentialAction":[{"@type":"ReadAction","target":["https:\/\/verdadeon.com.br\/portal\/2022\/10\/07\/brasil-recebe-o-primeiro-lote-de-vacinas-contra-a-variola-dos-macacos\/"]}]},{"@type":"ImageObject","inLanguage":"pt-BR","@id":"https:\/\/verdadeon.com.br\/portal\/2022\/10\/07\/brasil-recebe-o-primeiro-lote-de-vacinas-contra-a-variola-dos-macacos\/#primaryimage","url":"https:\/\/i0.wp.com\/verdadeon.com.br\/portal\/wp-content\/uploads\/2022\/10\/bizate7g7bnuhbxywx3jpcawfi-1.jpg?fit=1000%2C670&ssl=1","contentUrl":"https:\/\/i0.wp.com\/verdadeon.com.br\/portal\/wp-content\/uploads\/2022\/10\/bizate7g7bnuhbxywx3jpcawfi-1.jpg?fit=1000%2C670&ssl=1","width":1000,"height":670,"caption":"Cerca de 50 mil doses j\u00e1 foram compradas via fundo rotat\u00f3rio da Organiza\u00e7\u00e3o Pan-Americana da Sa\u00fade (Opas)"},{"@type":"BreadcrumbList","@id":"https:\/\/verdadeon.com.br\/portal\/2022\/10\/07\/brasil-recebe-o-primeiro-lote-de-vacinas-contra-a-variola-dos-macacos\/#breadcrumb","itemListElement":[{"@type":"ListItem","position":1,"name":"In\u00edcio","item":"https:\/\/verdadeon.com.br\/portal\/"},{"@type":"ListItem","position":2,"name":"Brasil recebe o primeiro lote de vacinas contra a var\u00edola dos macacos"}]},{"@type":"WebSite","@id":"https:\/\/verdadeon.com.br\/portal\/#website","url":"https:\/\/verdadeon.com.br\/portal\/","name":"VerdadeOn","description":"Not\u00edcias di\u00e1rias sobre Franca, Regi\u00e3o, Esporte, Cultura, Cotidiano, Colunas. Cobertura nos principais eventos da cidade \u00e9 aqui - Verdadeon Franca","potentialAction":[{"@type":"SearchAction","target":{"@type":"EntryPoint","urlTemplate":"https:\/\/verdadeon.com.br\/portal\/?s={search_term_string}"},"query-input":{"@type":"PropertyValueSpecification","valueRequired":true,"valueName":"search_term_string"}}],"inLanguage":"pt-BR"},{"@type":"Person","@id":"https:\/\/verdadeon.com.br\/portal\/#\/schema\/person\/8994718f49ee62ba5610471e29ca1f62","name":"Fernando Calixto","image":{"@type":"ImageObject","inLanguage":"pt-BR","@id":"https:\/\/verdadeon.com.br\/portal\/#\/schema\/person\/image\/","url":"https:\/\/secure.gravatar.com\/avatar\/7578910c24966c0316c340f9dbd601e93ee9f9212e1033968b367af9306bd9fb?s=96&d=mm&r=g","contentUrl":"https:\/\/secure.gravatar.com\/avatar\/7578910c24966c0316c340f9dbd601e93ee9f9212e1033968b367af9306bd9fb?s=96&d=mm&r=g","caption":"Fernando Calixto"},"url":"https:\/\/verdadeon.com.br\/portal\/author\/fernando-calixto\/"}]}},"jetpack_publicize_connections":[],"jetpack_featured_media_url":"https:\/\/i0.wp.com\/verdadeon.com.br\/portal\/wp-content\/uploads\/2022\/10\/bizate7g7bnuhbxywx3jpcawfi-1.jpg?fit=1000%2C670&ssl=1","jetpack_sharing_enabled":true,"_links":{"self":[{"href":"https:\/\/verdadeon.com.br\/portal\/wp-json\/wp\/v2\/posts\/28694","targetHints":{"allow":["GET"]}}],"collection":[{"href":"https:\/\/verdadeon.com.br\/portal\/wp-json\/wp\/v2\/posts"}],"about":[{"href":"https:\/\/verdadeon.com.br\/portal\/wp-json\/wp\/v2\/types\/post"}],"author":[{"embeddable":true,"href":"https:\/\/verdadeon.com.br\/portal\/wp-json\/wp\/v2\/users\/4"}],"replies":[{"embeddable":true,"href":"https:\/\/verdadeon.com.br\/portal\/wp-json\/wp\/v2\/comments?post=28694"}],"version-history":[{"count":1,"href":"https:\/\/verdadeon.com.br\/portal\/wp-json\/wp\/v2\/posts\/28694\/revisions"}],"predecessor-version":[{"id":28700,"href":"https:\/\/verdadeon.com.br\/portal\/wp-json\/wp\/v2\/posts\/28694\/revisions\/28700"}],"wp:featuredmedia":[{"embeddable":true,"href":"https:\/\/verdadeon.com.br\/portal\/wp-json\/wp\/v2\/media\/28698"}],"wp:attachment":[{"href":"https:\/\/verdadeon.com.br\/portal\/wp-json\/wp\/v2\/media?parent=28694"}],"wp:term":[{"taxonomy":"category","embeddable":true,"href":"https:\/\/verdadeon.com.br\/portal\/wp-json\/wp\/v2\/categories?post=28694"},{"taxonomy":"post_tag","embeddable":true,"href":"https:\/\/verdadeon.com.br\/portal\/wp-json\/wp\/v2\/tags?post=28694"}],"curies":[{"name":"wp","href":"https:\/\/api.w.org\/{rel}","templated":true}]}}