{"id":28677,"date":"2022-10-06T17:07:54","date_gmt":"2022-10-06T20:07:54","guid":{"rendered":"https:\/\/verdadeon.com.br\/portal\/?p=28677"},"modified":"2022-10-06T17:07:54","modified_gmt":"2022-10-06T20:07:54","slug":"caixa-lanca-campanha-voce-no-azul-para-regularizacao-de-dividas","status":"publish","type":"post","link":"https:\/\/verdadeon.com.br\/portal\/2022\/10\/06\/caixa-lanca-campanha-voce-no-azul-para-regularizacao-de-dividas\/","title":{"rendered":"Caixa lan\u00e7a Campanha Voc\u00ea no Azul \u00a0para regulariza\u00e7\u00e3o de d\u00edvidas"},"content":{"rendered":"<div class=\"col-lg-12 mb-3\">\n<div class=\"row\">\n<h3 class=\"col-10 offset-1 animated fadeInDown dealy-900 display-8 display-md-8 alt-font font-italic my-1 text-center\">Cliente pode quitar d\u00edvidas em atraso com at\u00e9 90% de desconto<\/h3>\n<\/div>\n<div class=\"row\">\n<div id=\"tts-container\" class=\"col-xl-7 offset-xl-1 col-lg-8 offset-lg-0 col-md-10 offset-md-1 mb-3\">A Caixa Econ\u00f4mica Federal lan\u00e7ou, nesta quinta-feira (6), a Campanha Voc\u00ea no Azul, que disponibiliza descontos de at\u00e9 90% para regulariza\u00e7\u00e3o de d\u00edvidas de cr\u00e9ditos comerciais de pessoas f\u00edsicas e jur\u00eddicas.<img data-recalc-dims=\"1\" decoding=\"async\" src=\"https:\/\/i0.wp.com\/agenciabrasil.ebc.com.br\/ebc.png?w=1220&#038;ssl=1\" \/><img data-recalc-dims=\"1\" decoding=\"async\" src=\"https:\/\/i0.wp.com\/agenciabrasil.ebc.com.br\/ebc.gif?w=1220&#038;ssl=1\" \/><\/div>\n<\/div>\n<\/div>\n<div class=\"col-xl-7 offset-xl-1 col-lg-8 offset-lg-0 col-md-10 offset-md-1 mb-3\">\n<div class=\"post-item alt-font\">\n<div class=\"post-item-wrap\">\n<p>Est\u00e3o contempladas na a\u00e7\u00e3o contratos de 4 milh\u00f5es de clientes pessoa f\u00edsica e 396 mil na pessoa jur\u00eddica. Mais de 80% podem liquidar seus d\u00e9bitos por at\u00e9 R$ 1000.<\/p>\n<p>&#8220;Temos buscado aprofundar cada vez mais a nossa atua\u00e7\u00e3o para que o brasileiro tenha o nome limpo. Esta \u00e9 uma campanha importante\u00a0que ajuda no recome\u00e7o, as pessoas \u00e0s vezes tem dificuldade. A gente d\u00e1 esse impulso, que tradicionalmente acontece todos os anos.\u00a0Desde 2017\u00a0a Caixa faz a campanha de recupera\u00e7\u00e3o de cr\u00e9dito, estimulando aqueles que quiserem quitar \u00e0 vista\u00a0qualquer tipo de modalidade de cr\u00e9dito, exceto habita\u00e7\u00e3o e agro\u201d, afirmou a presidente da Caixa Econ\u00f4mica Federal, Daniella Marques, durante coletiva de lan\u00e7amento,\u00a0em S\u00e3o Paulo.<\/p>\n<p>A novidade desta edi\u00e7\u00e3o \u00e9 a amplia\u00e7\u00e3o da oferta de renegocia\u00e7\u00e3o de d\u00edvidas em seus canais digitais. Cerca de 70% das propostas da campanha Voc\u00ea no Azul 2022 est\u00e3o habilitadas para efetiva\u00e7\u00e3o por meio do\u00a0<a href=\"https:\/\/www.caixa.gov.br\/Paginas\/home-caixa.aspx\" target=\"_blank\" rel=\"noopener\">site da Caixa<\/a>,\u00a0\u00a0do aplicativo e WhatsApp Caixa (0800 104 0104).<\/p>\n<p>\u201cA Campanha Voc\u00ea no Azul deste ano vai levar um atendimento mais digital e mais 70% dos contratos dos 7 milh\u00f5es de contratos s\u00e3o pass\u00edveis de serem renegociados diretamente pelo site da Caixa ou pelos nossos aplicativos, ou seja, o canal digital vai simplificar muito esse atendimento, tirando boa parte desse p\u00fablico que iria at\u00e9 uma ag\u00eancia da Caixa para poder fazer uma transa\u00e7\u00e3o normal de renegocia\u00e7\u00e3o\u201d, destacou o vice-presidente rede de varejo J\u00falio Volpi.<\/p>\n<p>Os contratos negociados ser\u00e3o retirados dos cadastros restritivos de cr\u00e9dito em at\u00e9 cinco dias \u00fateis ap\u00f3s a efetiva\u00e7\u00e3o do acordo por meio do pagamento do boleto.<\/p>\n<p>\u201cA partir do momento em que a d\u00edvida \u00e9 paga, em at\u00e9 cinco dias \u00fateis ser\u00e1\u00a0retirada dos cadastro. S\u00e3o 4 milh\u00f5es na pessoa f\u00edsicas e aproximadamente 400 mil clientes na pessoa jur\u00eddica que atendem aos requisitos da campanha\u201d, disse\u00a0Volpi.<\/p>\n<p>A campanha Voc\u00ea no Azul 2022 continua at\u00e9\u00a029 de dezembro\u00a0em todo territ\u00f3rio nacional.<\/p>\n<\/div>\n<\/div>\n<\/div>\n","protected":false},"excerpt":{"rendered":"<p>Cliente pode quitar d\u00edvidas em atraso com at\u00e9 90% de desconto A Caixa Econ\u00f4mica Federal lan\u00e7ou, nesta quinta-feira (6), a Campanha Voc\u00ea no Azul, que disponibiliza<span class=\"excerpt-hellip\"> [\u2026]<\/span><\/p>\n","protected":false},"author":4,"featured_media":28678,"comment_status":"open","ping_status":"open","sticky":false,"template":"","format":"standard","meta":{"_jetpack_memberships_contains_paid_content":false,"footnotes":"","jetpack_publicize_message":"","jetpack_publicize_feature_enabled":true,"jetpack_social_post_already_shared":false,"jetpack_social_options":{"image_generator_settings":{"template":"highway","default_image_id":0,"enabled":false},"version":2}},"categories":[28,44],"tags":[],"class_list":["post-28677","post","type-post","status-publish","format-standard","has-post-thumbnail","hentry","category-cotidiano","category-noticias"],"yoast_head":"<!-- This site is optimized with the Yoast SEO plugin v25.6 - https:\/\/yoast.com\/wordpress\/plugins\/seo\/ -->\n<title>Caixa lan\u00e7a Campanha Voc\u00ea no Azul \u00a0para regulariza\u00e7\u00e3o de d\u00edvidas - VerdadeOn<\/title>\n<meta name=\"robots\" content=\"index, follow, max-snippet:-1, max-image-preview:large, max-video-preview:-1\" \/>\n<link rel=\"canonical\" href=\"https:\/\/verdadeon.com.br\/portal\/2022\/10\/06\/caixa-lanca-campanha-voce-no-azul-para-regularizacao-de-dividas\/\" \/>\n<meta property=\"og:locale\" content=\"pt_BR\" \/>\n<meta property=\"og:type\" content=\"article\" \/>\n<meta property=\"og:title\" content=\"Caixa lan\u00e7a Campanha Voc\u00ea no Azul \u00a0para regulariza\u00e7\u00e3o de d\u00edvidas - VerdadeOn\" \/>\n<meta property=\"og:description\" content=\"Cliente pode quitar d\u00edvidas em atraso com at\u00e9 90% de desconto A Caixa Econ\u00f4mica Federal lan\u00e7ou, nesta quinta-feira (6), a Campanha Voc\u00ea no Azul, que disponibiliza [\u2026]\" \/>\n<meta property=\"og:url\" content=\"https:\/\/verdadeon.com.br\/portal\/2022\/10\/06\/caixa-lanca-campanha-voce-no-azul-para-regularizacao-de-dividas\/\" \/>\n<meta property=\"og:site_name\" content=\"VerdadeOn\" \/>\n<meta property=\"article:published_time\" content=\"2022-10-06T20:07:54+00:00\" \/>\n<meta property=\"og:image\" content=\"https:\/\/verdadeon.com.br\/portal\/wp-content\/uploads\/2022\/10\/edificio_sede_caixa_economica_federal_170120182636.jpg\" \/>\n\t<meta property=\"og:image:width\" content=\"1000\" \/>\n\t<meta property=\"og:image:height\" content=\"670\" \/>\n\t<meta property=\"og:image:type\" content=\"image\/jpeg\" \/>\n<meta name=\"author\" content=\"Fernando Calixto\" \/>\n<meta name=\"twitter:card\" content=\"summary_large_image\" \/>\n<meta name=\"twitter:label1\" content=\"Escrito por\" \/>\n\t<meta name=\"twitter:data1\" content=\"Fernando Calixto\" \/>\n\t<meta name=\"twitter:label2\" content=\"Est. tempo de leitura\" \/>\n\t<meta name=\"twitter:data2\" content=\"3 minutos\" \/>\n<script type=\"application\/ld+json\" class=\"yoast-schema-graph\">{\"@context\":\"https:\/\/schema.org\",\"@graph\":[{\"@type\":\"WebPage\",\"@id\":\"https:\/\/verdadeon.com.br\/portal\/2022\/10\/06\/caixa-lanca-campanha-voce-no-azul-para-regularizacao-de-dividas\/\",\"url\":\"https:\/\/verdadeon.com.br\/portal\/2022\/10\/06\/caixa-lanca-campanha-voce-no-azul-para-regularizacao-de-dividas\/\",\"name\":\"Caixa lan\u00e7a Campanha Voc\u00ea no Azul \u00a0para regulariza\u00e7\u00e3o de d\u00edvidas - VerdadeOn\",\"isPartOf\":{\"@id\":\"https:\/\/verdadeon.com.br\/portal\/#website\"},\"primaryImageOfPage\":{\"@id\":\"https:\/\/verdadeon.com.br\/portal\/2022\/10\/06\/caixa-lanca-campanha-voce-no-azul-para-regularizacao-de-dividas\/#primaryimage\"},\"image\":{\"@id\":\"https:\/\/verdadeon.com.br\/portal\/2022\/10\/06\/caixa-lanca-campanha-voce-no-azul-para-regularizacao-de-dividas\/#primaryimage\"},\"thumbnailUrl\":\"https:\/\/i0.wp.com\/verdadeon.com.br\/portal\/wp-content\/uploads\/2022\/10\/edificio_sede_caixa_economica_federal_170120182636.jpg?fit=1000%2C670&ssl=1\",\"datePublished\":\"2022-10-06T20:07:54+00:00\",\"author\":{\"@id\":\"https:\/\/verdadeon.com.br\/portal\/#\/schema\/person\/8994718f49ee62ba5610471e29ca1f62\"},\"breadcrumb\":{\"@id\":\"https:\/\/verdadeon.com.br\/portal\/2022\/10\/06\/caixa-lanca-campanha-voce-no-azul-para-regularizacao-de-dividas\/#breadcrumb\"},\"inLanguage\":\"pt-BR\",\"potentialAction\":[{\"@type\":\"ReadAction\",\"target\":[\"https:\/\/verdadeon.com.br\/portal\/2022\/10\/06\/caixa-lanca-campanha-voce-no-azul-para-regularizacao-de-dividas\/\"]}]},{\"@type\":\"ImageObject\",\"inLanguage\":\"pt-BR\",\"@id\":\"https:\/\/verdadeon.com.br\/portal\/2022\/10\/06\/caixa-lanca-campanha-voce-no-azul-para-regularizacao-de-dividas\/#primaryimage\",\"url\":\"https:\/\/i0.wp.com\/verdadeon.com.br\/portal\/wp-content\/uploads\/2022\/10\/edificio_sede_caixa_economica_federal_170120182636.jpg?fit=1000%2C670&ssl=1\",\"contentUrl\":\"https:\/\/i0.wp.com\/verdadeon.com.br\/portal\/wp-content\/uploads\/2022\/10\/edificio_sede_caixa_economica_federal_170120182636.jpg?fit=1000%2C670&ssl=1\",\"width\":1000,\"height\":670,\"caption\":\"Edificio sede da Caixa Econ\u00f4mica Federal. (Foto: Marcelo Camargo\/Ag\u00eancia Brasil)\"},{\"@type\":\"BreadcrumbList\",\"@id\":\"https:\/\/verdadeon.com.br\/portal\/2022\/10\/06\/caixa-lanca-campanha-voce-no-azul-para-regularizacao-de-dividas\/#breadcrumb\",\"itemListElement\":[{\"@type\":\"ListItem\",\"position\":1,\"name\":\"In\u00edcio\",\"item\":\"https:\/\/verdadeon.com.br\/portal\/\"},{\"@type\":\"ListItem\",\"position\":2,\"name\":\"Caixa lan\u00e7a Campanha Voc\u00ea no Azul \u00a0para regulariza\u00e7\u00e3o de d\u00edvidas\"}]},{\"@type\":\"WebSite\",\"@id\":\"https:\/\/verdadeon.com.br\/portal\/#website\",\"url\":\"https:\/\/verdadeon.com.br\/portal\/\",\"name\":\"VerdadeOn\",\"description\":\"Not\u00edcias di\u00e1rias sobre Franca, Regi\u00e3o, Esporte, Cultura, Cotidiano, Colunas. Cobertura nos principais eventos da cidade \u00e9 aqui - Verdadeon Franca\",\"potentialAction\":[{\"@type\":\"SearchAction\",\"target\":{\"@type\":\"EntryPoint\",\"urlTemplate\":\"https:\/\/verdadeon.com.br\/portal\/?s={search_term_string}\"},\"query-input\":{\"@type\":\"PropertyValueSpecification\",\"valueRequired\":true,\"valueName\":\"search_term_string\"}}],\"inLanguage\":\"pt-BR\"},{\"@type\":\"Person\",\"@id\":\"https:\/\/verdadeon.com.br\/portal\/#\/schema\/person\/8994718f49ee62ba5610471e29ca1f62\",\"name\":\"Fernando Calixto\",\"image\":{\"@type\":\"ImageObject\",\"inLanguage\":\"pt-BR\",\"@id\":\"https:\/\/verdadeon.com.br\/portal\/#\/schema\/person\/image\/\",\"url\":\"https:\/\/secure.gravatar.com\/avatar\/7578910c24966c0316c340f9dbd601e93ee9f9212e1033968b367af9306bd9fb?s=96&d=mm&r=g\",\"contentUrl\":\"https:\/\/secure.gravatar.com\/avatar\/7578910c24966c0316c340f9dbd601e93ee9f9212e1033968b367af9306bd9fb?s=96&d=mm&r=g\",\"caption\":\"Fernando Calixto\"},\"url\":\"https:\/\/verdadeon.com.br\/portal\/author\/fernando-calixto\/\"}]}<\/script>\n<!-- \/ Yoast SEO plugin. -->","yoast_head_json":{"title":"Caixa lan\u00e7a Campanha Voc\u00ea no Azul \u00a0para regulariza\u00e7\u00e3o de d\u00edvidas - VerdadeOn","robots":{"index":"index","follow":"follow","max-snippet":"max-snippet:-1","max-image-preview":"max-image-preview:large","max-video-preview":"max-video-preview:-1"},"canonical":"https:\/\/verdadeon.com.br\/portal\/2022\/10\/06\/caixa-lanca-campanha-voce-no-azul-para-regularizacao-de-dividas\/","og_locale":"pt_BR","og_type":"article","og_title":"Caixa lan\u00e7a Campanha Voc\u00ea no Azul \u00a0para regulariza\u00e7\u00e3o de d\u00edvidas - VerdadeOn","og_description":"Cliente pode quitar d\u00edvidas em atraso com at\u00e9 90% de desconto A Caixa Econ\u00f4mica Federal lan\u00e7ou, nesta quinta-feira (6), a Campanha Voc\u00ea no Azul, que disponibiliza [\u2026]","og_url":"https:\/\/verdadeon.com.br\/portal\/2022\/10\/06\/caixa-lanca-campanha-voce-no-azul-para-regularizacao-de-dividas\/","og_site_name":"VerdadeOn","article_published_time":"2022-10-06T20:07:54+00:00","og_image":[{"width":1000,"height":670,"url":"https:\/\/verdadeon.com.br\/portal\/wp-content\/uploads\/2022\/10\/edificio_sede_caixa_economica_federal_170120182636.jpg","type":"image\/jpeg"}],"author":"Fernando Calixto","twitter_card":"summary_large_image","twitter_misc":{"Escrito por":"Fernando Calixto","Est. tempo de leitura":"3 minutos"},"schema":{"@context":"https:\/\/schema.org","@graph":[{"@type":"WebPage","@id":"https:\/\/verdadeon.com.br\/portal\/2022\/10\/06\/caixa-lanca-campanha-voce-no-azul-para-regularizacao-de-dividas\/","url":"https:\/\/verdadeon.com.br\/portal\/2022\/10\/06\/caixa-lanca-campanha-voce-no-azul-para-regularizacao-de-dividas\/","name":"Caixa lan\u00e7a Campanha Voc\u00ea no Azul \u00a0para regulariza\u00e7\u00e3o de d\u00edvidas - VerdadeOn","isPartOf":{"@id":"https:\/\/verdadeon.com.br\/portal\/#website"},"primaryImageOfPage":{"@id":"https:\/\/verdadeon.com.br\/portal\/2022\/10\/06\/caixa-lanca-campanha-voce-no-azul-para-regularizacao-de-dividas\/#primaryimage"},"image":{"@id":"https:\/\/verdadeon.com.br\/portal\/2022\/10\/06\/caixa-lanca-campanha-voce-no-azul-para-regularizacao-de-dividas\/#primaryimage"},"thumbnailUrl":"https:\/\/i0.wp.com\/verdadeon.com.br\/portal\/wp-content\/uploads\/2022\/10\/edificio_sede_caixa_economica_federal_170120182636.jpg?fit=1000%2C670&ssl=1","datePublished":"2022-10-06T20:07:54+00:00","author":{"@id":"https:\/\/verdadeon.com.br\/portal\/#\/schema\/person\/8994718f49ee62ba5610471e29ca1f62"},"breadcrumb":{"@id":"https:\/\/verdadeon.com.br\/portal\/2022\/10\/06\/caixa-lanca-campanha-voce-no-azul-para-regularizacao-de-dividas\/#breadcrumb"},"inLanguage":"pt-BR","potentialAction":[{"@type":"ReadAction","target":["https:\/\/verdadeon.com.br\/portal\/2022\/10\/06\/caixa-lanca-campanha-voce-no-azul-para-regularizacao-de-dividas\/"]}]},{"@type":"ImageObject","inLanguage":"pt-BR","@id":"https:\/\/verdadeon.com.br\/portal\/2022\/10\/06\/caixa-lanca-campanha-voce-no-azul-para-regularizacao-de-dividas\/#primaryimage","url":"https:\/\/i0.wp.com\/verdadeon.com.br\/portal\/wp-content\/uploads\/2022\/10\/edificio_sede_caixa_economica_federal_170120182636.jpg?fit=1000%2C670&ssl=1","contentUrl":"https:\/\/i0.wp.com\/verdadeon.com.br\/portal\/wp-content\/uploads\/2022\/10\/edificio_sede_caixa_economica_federal_170120182636.jpg?fit=1000%2C670&ssl=1","width":1000,"height":670,"caption":"Edificio sede da Caixa Econ\u00f4mica Federal. (Foto: Marcelo Camargo\/Ag\u00eancia Brasil)"},{"@type":"BreadcrumbList","@id":"https:\/\/verdadeon.com.br\/portal\/2022\/10\/06\/caixa-lanca-campanha-voce-no-azul-para-regularizacao-de-dividas\/#breadcrumb","itemListElement":[{"@type":"ListItem","position":1,"name":"In\u00edcio","item":"https:\/\/verdadeon.com.br\/portal\/"},{"@type":"ListItem","position":2,"name":"Caixa lan\u00e7a Campanha Voc\u00ea no Azul \u00a0para regulariza\u00e7\u00e3o de d\u00edvidas"}]},{"@type":"WebSite","@id":"https:\/\/verdadeon.com.br\/portal\/#website","url":"https:\/\/verdadeon.com.br\/portal\/","name":"VerdadeOn","description":"Not\u00edcias di\u00e1rias sobre Franca, Regi\u00e3o, Esporte, Cultura, Cotidiano, Colunas. Cobertura nos principais eventos da cidade \u00e9 aqui - Verdadeon Franca","potentialAction":[{"@type":"SearchAction","target":{"@type":"EntryPoint","urlTemplate":"https:\/\/verdadeon.com.br\/portal\/?s={search_term_string}"},"query-input":{"@type":"PropertyValueSpecification","valueRequired":true,"valueName":"search_term_string"}}],"inLanguage":"pt-BR"},{"@type":"Person","@id":"https:\/\/verdadeon.com.br\/portal\/#\/schema\/person\/8994718f49ee62ba5610471e29ca1f62","name":"Fernando Calixto","image":{"@type":"ImageObject","inLanguage":"pt-BR","@id":"https:\/\/verdadeon.com.br\/portal\/#\/schema\/person\/image\/","url":"https:\/\/secure.gravatar.com\/avatar\/7578910c24966c0316c340f9dbd601e93ee9f9212e1033968b367af9306bd9fb?s=96&d=mm&r=g","contentUrl":"https:\/\/secure.gravatar.com\/avatar\/7578910c24966c0316c340f9dbd601e93ee9f9212e1033968b367af9306bd9fb?s=96&d=mm&r=g","caption":"Fernando Calixto"},"url":"https:\/\/verdadeon.com.br\/portal\/author\/fernando-calixto\/"}]}},"jetpack_publicize_connections":[],"jetpack_featured_media_url":"https:\/\/i0.wp.com\/verdadeon.com.br\/portal\/wp-content\/uploads\/2022\/10\/edificio_sede_caixa_economica_federal_170120182636.jpg?fit=1000%2C670&ssl=1","jetpack_sharing_enabled":true,"_links":{"self":[{"href":"https:\/\/verdadeon.com.br\/portal\/wp-json\/wp\/v2\/posts\/28677","targetHints":{"allow":["GET"]}}],"collection":[{"href":"https:\/\/verdadeon.com.br\/portal\/wp-json\/wp\/v2\/posts"}],"about":[{"href":"https:\/\/verdadeon.com.br\/portal\/wp-json\/wp\/v2\/types\/post"}],"author":[{"embeddable":true,"href":"https:\/\/verdadeon.com.br\/portal\/wp-json\/wp\/v2\/users\/4"}],"replies":[{"embeddable":true,"href":"https:\/\/verdadeon.com.br\/portal\/wp-json\/wp\/v2\/comments?post=28677"}],"version-history":[{"count":1,"href":"https:\/\/verdadeon.com.br\/portal\/wp-json\/wp\/v2\/posts\/28677\/revisions"}],"predecessor-version":[{"id":28679,"href":"https:\/\/verdadeon.com.br\/portal\/wp-json\/wp\/v2\/posts\/28677\/revisions\/28679"}],"wp:featuredmedia":[{"embeddable":true,"href":"https:\/\/verdadeon.com.br\/portal\/wp-json\/wp\/v2\/media\/28678"}],"wp:attachment":[{"href":"https:\/\/verdadeon.com.br\/portal\/wp-json\/wp\/v2\/media?parent=28677"}],"wp:term":[{"taxonomy":"category","embeddable":true,"href":"https:\/\/verdadeon.com.br\/portal\/wp-json\/wp\/v2\/categories?post=28677"},{"taxonomy":"post_tag","embeddable":true,"href":"https:\/\/verdadeon.com.br\/portal\/wp-json\/wp\/v2\/tags?post=28677"}],"curies":[{"name":"wp","href":"https:\/\/api.w.org\/{rel}","templated":true}]}}