{"id":28650,"date":"2022-10-05T19:34:23","date_gmt":"2022-10-05T22:34:23","guid":{"rendered":"https:\/\/verdadeon.com.br\/portal\/?p=28650"},"modified":"2022-10-06T16:55:49","modified_gmt":"2022-10-06T19:55:49","slug":"com-licitacao-ainda-suspensa-falhas-na-coleta-de-lixo-persistem-em-franca","status":"publish","type":"post","link":"https:\/\/verdadeon.com.br\/portal\/2022\/10\/05\/com-licitacao-ainda-suspensa-falhas-na-coleta-de-lixo-persistem-em-franca\/","title":{"rendered":"Com licita\u00e7\u00e3o ainda suspensa, falhas na coleta de lixo persistem em Franca"},"content":{"rendered":"<h2>Mau cheiro, muito sujeira e at\u00e9 uburus complicam a vida de moradores em v\u00e1rios pontos da cidade<\/h2>\n<p>&nbsp;<\/p>\n<p><span style=\"font-weight: 400;\">As cal\u00e7adas e at\u00e9 mesmo ruas est\u00e3o lotadas de lixo em v\u00e1rios bairros de Franca. Os problemas come\u00e7aram na semana passada e a coleta segue com falhas, causando uma s\u00e9rie de transtornos \u00e0 popula\u00e7\u00e3o. Na semana passada uma nova empresa assumiria o servi\u00e7o, mas a Justi\u00e7a suspendeu a licita\u00e7\u00e3o realizada pela Prefeitura de Franca.<\/span><\/p>\n<p><span style=\"font-weight: 400;\">Enquanto o imbr\u00f3glio n\u00e3o \u00e9 resolvido, os moradores sofrem com as portas cheias de lixo, mau cheiro e sujeira. No Parque Universit\u00e1rio, at\u00e9 urubus podem ser vistos sobre sacos acumulados nas lixeiras e no ch\u00e3o.\u00a0<\/span><\/p>\n<p><span style=\"font-weight: 400;\">Na regi\u00e3o da Vila Nic\u00e1cio, a coleta \u00e9 feita \u00e0s segundas, quartas e sextas-feiras. Quem depositou o lixo para ser recolhido na sexta-feira (30) passada \u00e0 noite, precisou recolher os sacos para casa e aguardar o caminh\u00e3o que s\u00f3 voltou a passar na segunda-feira (3). \u201c\u00c9 uma situa\u00e7\u00e3o muito preocupante e a gente fica mais tenso porque n\u00e3o sabe quando vai regularizar a situa\u00e7\u00e3o, ningu\u00e9m explica o que est\u00e1 acontecendo nem como devemos fazer. Eu n\u00e3o sei se coloco o lixo pra fora nos dias que passava, se coloco no mesmo hor\u00e1rio, est\u00e1 muito complicado\u201d, disse a manicure Maria Pereira.<\/span><\/p>\n<p><span style=\"font-weight: 400;\">No Parque Moema, o servi\u00e7o tamb\u00e9m n\u00e3o foi realizado na segunda-feira (3), dia habitual dos coletores passarem, no per\u00edodo noturno. Nas lixeiras e cal\u00e7adas, muito lixo, alguns revirados, podiam ser vistos at\u00e9 esta quarta-feira (5). Cachorros e pessoas tamb\u00e9m costumam mexer nas sacolas e piorar a situa\u00e7\u00e3o.\u00a0<\/span><\/p>\n<p><span style=\"font-weight: 400;\">\u201cRealmente a gente tem enfrentado problemas com a falta de coleta do lixo. Nesta semana, no nosso bairro, aqui no Moema, ficou sem passar o caminh\u00e3o na segunda-feira e acumulou lixo nas lixeiras. Os andarilhos passaram procurando recicl\u00e1veis e fizeram bagun\u00e7a, deixando uma cena bem feia na porta das nossas resid\u00eancias e isso \u00e9 muito ruim. O pessoal precisa retomar o servi\u00e7o corretamente para resolver esses problemas todos\u201d, disse a agente de relacionamento Tatieli Rodrigues Silva, 25.<\/span><\/p>\n<p><img data-recalc-dims=\"1\" loading=\"lazy\" decoding=\"async\" class=\"alignnone wp-image-28657 size-full\" src=\"https:\/\/i0.wp.com\/verdadeon.com.br\/portal\/wp-content\/uploads\/2022\/10\/WhatsApp-Image-2022-10-05-at-19.31.35-1.jpeg?resize=1220%2C592&#038;ssl=1\" alt=\"\" width=\"1220\" height=\"592\" srcset=\"https:\/\/i0.wp.com\/verdadeon.com.br\/portal\/wp-content\/uploads\/2022\/10\/WhatsApp-Image-2022-10-05-at-19.31.35-1.jpeg?w=1600&amp;ssl=1 1600w, https:\/\/i0.wp.com\/verdadeon.com.br\/portal\/wp-content\/uploads\/2022\/10\/WhatsApp-Image-2022-10-05-at-19.31.35-1.jpeg?resize=300%2C146&amp;ssl=1 300w, https:\/\/i0.wp.com\/verdadeon.com.br\/portal\/wp-content\/uploads\/2022\/10\/WhatsApp-Image-2022-10-05-at-19.31.35-1.jpeg?resize=1024%2C497&amp;ssl=1 1024w, https:\/\/i0.wp.com\/verdadeon.com.br\/portal\/wp-content\/uploads\/2022\/10\/WhatsApp-Image-2022-10-05-at-19.31.35-1.jpeg?resize=768%2C373&amp;ssl=1 768w, https:\/\/i0.wp.com\/verdadeon.com.br\/portal\/wp-content\/uploads\/2022\/10\/WhatsApp-Image-2022-10-05-at-19.31.35-1.jpeg?resize=1536%2C746&amp;ssl=1 1536w, https:\/\/i0.wp.com\/verdadeon.com.br\/portal\/wp-content\/uploads\/2022\/10\/WhatsApp-Image-2022-10-05-at-19.31.35-1.jpeg?resize=260%2C126&amp;ssl=1 260w, https:\/\/i0.wp.com\/verdadeon.com.br\/portal\/wp-content\/uploads\/2022\/10\/WhatsApp-Image-2022-10-05-at-19.31.35-1.jpeg?resize=50%2C24&amp;ssl=1 50w, https:\/\/i0.wp.com\/verdadeon.com.br\/portal\/wp-content\/uploads\/2022\/10\/WhatsApp-Image-2022-10-05-at-19.31.35-1.jpeg?resize=150%2C73&amp;ssl=1 150w\" sizes=\"auto, (max-width: 1220px) 100vw, 1220px\" \/> <img data-recalc-dims=\"1\" loading=\"lazy\" decoding=\"async\" class=\"alignnone wp-image-28658 size-full\" src=\"https:\/\/i0.wp.com\/verdadeon.com.br\/portal\/wp-content\/uploads\/2022\/10\/WhatsApp-Image-2022-10-05-at-19.31.35.jpeg?resize=1220%2C592&#038;ssl=1\" alt=\"\" width=\"1220\" height=\"592\" srcset=\"https:\/\/i0.wp.com\/verdadeon.com.br\/portal\/wp-content\/uploads\/2022\/10\/WhatsApp-Image-2022-10-05-at-19.31.35.jpeg?w=1600&amp;ssl=1 1600w, https:\/\/i0.wp.com\/verdadeon.com.br\/portal\/wp-content\/uploads\/2022\/10\/WhatsApp-Image-2022-10-05-at-19.31.35.jpeg?resize=300%2C146&amp;ssl=1 300w, https:\/\/i0.wp.com\/verdadeon.com.br\/portal\/wp-content\/uploads\/2022\/10\/WhatsApp-Image-2022-10-05-at-19.31.35.jpeg?resize=1024%2C497&amp;ssl=1 1024w, https:\/\/i0.wp.com\/verdadeon.com.br\/portal\/wp-content\/uploads\/2022\/10\/WhatsApp-Image-2022-10-05-at-19.31.35.jpeg?resize=768%2C373&amp;ssl=1 768w, https:\/\/i0.wp.com\/verdadeon.com.br\/portal\/wp-content\/uploads\/2022\/10\/WhatsApp-Image-2022-10-05-at-19.31.35.jpeg?resize=1536%2C746&amp;ssl=1 1536w, https:\/\/i0.wp.com\/verdadeon.com.br\/portal\/wp-content\/uploads\/2022\/10\/WhatsApp-Image-2022-10-05-at-19.31.35.jpeg?resize=260%2C126&amp;ssl=1 260w, https:\/\/i0.wp.com\/verdadeon.com.br\/portal\/wp-content\/uploads\/2022\/10\/WhatsApp-Image-2022-10-05-at-19.31.35.jpeg?resize=50%2C24&amp;ssl=1 50w, https:\/\/i0.wp.com\/verdadeon.com.br\/portal\/wp-content\/uploads\/2022\/10\/WhatsApp-Image-2022-10-05-at-19.31.35.jpeg?resize=150%2C73&amp;ssl=1 150w\" sizes=\"auto, (max-width: 1220px) 100vw, 1220px\" \/><\/p>\n<h4><span style=\"font-weight: 400;\">O impasse<\/span><\/h4>\n<p><span style=\"font-weight: 400;\">Em agosto deste ano, a Prefeitura de Franca abriu licita\u00e7\u00e3o para contratar uma empresa para prestar o servi\u00e7o de limpeza das ruas e coleta de lixo na cidade. A vencedora &#8211; Mazal Solu\u00e7\u00f5es Ambientais &#8211; \u00e9 de S\u00e3o Jos\u00e9 do Rio Preto e assumiria o servi\u00e7o no dia 30 de setembro, sexta-feira passada, mas a Justi\u00e7a suspendeu a licita\u00e7\u00e3o por supostas irregularidades na documenta\u00e7\u00e3o da empresa vencedora.<\/span><\/p>\n<p><span style=\"font-weight: 400;\">Saiba os detalhes do processo acessando a reportagem do Jornal Verdade pelo link: <a href=\"https:\/\/verdadeon.com.br\/portal\/2022\/09\/29\/licitacao-do-lixo-e-suspensa-pela-justica-empresa-vencedora-nao-comprovou-capacidade-de-assumir-servico\/\">https:\/\/verdadeon.com.br\/portal\/2022\/09\/29\/licitacao-do-lixo-e-suspensa-pela-justica-empresa-vencedora-nao-comprovou-capacidade-de-assumir-servico\/<\/a><\/span><\/p>\n<p><span style=\"font-weight: 400;\">Com o impasse, a coleta do lixo dom\u00e9stico e recicl\u00e1vel foi afetada e n\u00e3o vem sendo realizada de forma integral na cidade. A Prefeitura de Franca informou que fez um contrato emergencial com a atual prestadora dos servi\u00e7os na cidade, com dura\u00e7\u00e3o de seis meses, nos mesmos valores praticados no contrato que estava em vig\u00eancia.<\/span><\/p>\n<p><span style=\"font-weight: 400;\">O munic\u00edpio alega ainda que os servi\u00e7os de coleta de lixo \u201cj\u00e1 est\u00e3o sendo normalizados, com a composi\u00e7\u00e3o de novas equipes, uma vez que os funcion\u00e1rios da empresa estavam de aviso pr\u00e9vio\u201d.\u00a0<\/span><\/p>\n<p><span style=\"font-weight: 400;\">A popula\u00e7\u00e3o ter\u00e1 que ter paci\u00eancia, pois os servi\u00e7os, segundo a pr\u00f3pria Prefeitura informou, ser\u00e3o regularizados de forma gradual. \u201cA coleta seletiva dever\u00e1 ser normalizada a partir da pr\u00f3xima semana\u201d, disse em nota enviada ao Verdade. A Secretaria de Meio Ambiente orienta que a popula\u00e7\u00e3o continue separando os materiais recicl\u00e1veis do lixo domiciliar para facilitar a coleta e deposite nas lixeiras nos dias e hor\u00e1rios habituais de coleta em cada bairro.<\/span><\/p>\n<p><span style=\"font-weight: 400;\">A Prefeitura informou ainda que aguarda os resultados dos tr\u00e2mites judiciais sobre o caso.<\/span><\/p>\n<p><span style=\"font-weight: 400;\">O Jornal Verdade tentou contato, por telefone e email, com a Mazal Solu\u00e7\u00f5es Ambientais, mas as liga\u00e7\u00f5es n\u00e3o foram atendidas.<\/span><\/p>\n<p>&nbsp;<\/p>\n<p><img data-recalc-dims=\"1\" loading=\"lazy\" decoding=\"async\" class=\"alignnone wp-image-28655 size-full\" src=\"https:\/\/i0.wp.com\/verdadeon.com.br\/portal\/wp-content\/uploads\/2022\/10\/WhatsApp-Image-2022-10-05-at-19.31.30-2.jpeg?resize=1000%2C670&#038;ssl=1\" alt=\"\" width=\"1000\" height=\"670\" srcset=\"https:\/\/i0.wp.com\/verdadeon.com.br\/portal\/wp-content\/uploads\/2022\/10\/WhatsApp-Image-2022-10-05-at-19.31.30-2.jpeg?w=1000&amp;ssl=1 1000w, https:\/\/i0.wp.com\/verdadeon.com.br\/portal\/wp-content\/uploads\/2022\/10\/WhatsApp-Image-2022-10-05-at-19.31.30-2.jpeg?resize=300%2C201&amp;ssl=1 300w, https:\/\/i0.wp.com\/verdadeon.com.br\/portal\/wp-content\/uploads\/2022\/10\/WhatsApp-Image-2022-10-05-at-19.31.30-2.jpeg?resize=768%2C515&amp;ssl=1 768w, https:\/\/i0.wp.com\/verdadeon.com.br\/portal\/wp-content\/uploads\/2022\/10\/WhatsApp-Image-2022-10-05-at-19.31.30-2.jpeg?resize=218%2C146&amp;ssl=1 218w, https:\/\/i0.wp.com\/verdadeon.com.br\/portal\/wp-content\/uploads\/2022\/10\/WhatsApp-Image-2022-10-05-at-19.31.30-2.jpeg?resize=50%2C34&amp;ssl=1 50w, https:\/\/i0.wp.com\/verdadeon.com.br\/portal\/wp-content\/uploads\/2022\/10\/WhatsApp-Image-2022-10-05-at-19.31.30-2.jpeg?resize=112%2C75&amp;ssl=1 112w\" sizes=\"auto, (max-width: 1000px) 100vw, 1000px\" \/><\/p>\n","protected":false},"excerpt":{"rendered":"<p>Mau cheiro, muito sujeira e at\u00e9 uburus complicam a vida de moradores em v\u00e1rios pontos da cidade &nbsp; As cal\u00e7adas e at\u00e9 mesmo ruas est\u00e3o lotadas<span class=\"excerpt-hellip\"> [\u2026]<\/span><\/p>\n","protected":false},"author":12,"featured_media":28656,"comment_status":"open","ping_status":"open","sticky":false,"template":"","format":"standard","meta":{"_jetpack_memberships_contains_paid_content":false,"footnotes":"","jetpack_publicize_message":"","jetpack_publicize_feature_enabled":true,"jetpack_social_post_already_shared":false,"jetpack_social_options":{"image_generator_settings":{"template":"highway","default_image_id":0,"enabled":false},"version":2}},"categories":[28,81],"tags":[],"class_list":["post-28650","post","type-post","status-publish","format-standard","has-post-thumbnail","hentry","category-cotidiano","category-manchete"],"yoast_head":"<!-- This site is optimized with the Yoast SEO plugin v25.6 - https:\/\/yoast.com\/wordpress\/plugins\/seo\/ -->\n<title>Com licita\u00e7\u00e3o ainda suspensa, falhas na coleta de lixo persistem em Franca - VerdadeOn<\/title>\n<meta name=\"robots\" content=\"index, follow, max-snippet:-1, max-image-preview:large, max-video-preview:-1\" \/>\n<link rel=\"canonical\" href=\"https:\/\/verdadeon.com.br\/portal\/2022\/10\/05\/com-licitacao-ainda-suspensa-falhas-na-coleta-de-lixo-persistem-em-franca\/\" \/>\n<meta property=\"og:locale\" content=\"pt_BR\" \/>\n<meta property=\"og:type\" content=\"article\" \/>\n<meta property=\"og:title\" content=\"Com licita\u00e7\u00e3o ainda suspensa, falhas na coleta de lixo persistem em Franca - VerdadeOn\" \/>\n<meta property=\"og:description\" content=\"Mau cheiro, muito sujeira e at\u00e9 uburus complicam a vida de moradores em v\u00e1rios pontos da cidade &nbsp; As cal\u00e7adas e at\u00e9 mesmo ruas est\u00e3o lotadas [\u2026]\" \/>\n<meta property=\"og:url\" content=\"https:\/\/verdadeon.com.br\/portal\/2022\/10\/05\/com-licitacao-ainda-suspensa-falhas-na-coleta-de-lixo-persistem-em-franca\/\" \/>\n<meta property=\"og:site_name\" content=\"VerdadeOn\" \/>\n<meta property=\"article:published_time\" content=\"2022-10-05T22:34:23+00:00\" \/>\n<meta property=\"article:modified_time\" content=\"2022-10-06T19:55:49+00:00\" \/>\n<meta property=\"og:image\" content=\"https:\/\/verdadeon.com.br\/portal\/wp-content\/uploads\/2022\/10\/WhatsApp-Image-2022-10-05-at-19.31.30-1.jpeg\" \/>\n\t<meta property=\"og:image:width\" content=\"1000\" \/>\n\t<meta property=\"og:image:height\" content=\"670\" \/>\n\t<meta property=\"og:image:type\" content=\"image\/jpeg\" \/>\n<meta name=\"author\" content=\"Nelise Luques\" \/>\n<meta name=\"twitter:card\" content=\"summary_large_image\" \/>\n<meta name=\"twitter:label1\" content=\"Escrito por\" \/>\n\t<meta name=\"twitter:data1\" content=\"Nelise Luques\" \/>\n\t<meta name=\"twitter:label2\" content=\"Est. tempo de leitura\" \/>\n\t<meta name=\"twitter:data2\" content=\"4 minutos\" \/>\n<script type=\"application\/ld+json\" class=\"yoast-schema-graph\">{\"@context\":\"https:\/\/schema.org\",\"@graph\":[{\"@type\":\"WebPage\",\"@id\":\"https:\/\/verdadeon.com.br\/portal\/2022\/10\/05\/com-licitacao-ainda-suspensa-falhas-na-coleta-de-lixo-persistem-em-franca\/\",\"url\":\"https:\/\/verdadeon.com.br\/portal\/2022\/10\/05\/com-licitacao-ainda-suspensa-falhas-na-coleta-de-lixo-persistem-em-franca\/\",\"name\":\"Com licita\u00e7\u00e3o ainda suspensa, falhas na coleta de lixo persistem em Franca - VerdadeOn\",\"isPartOf\":{\"@id\":\"https:\/\/verdadeon.com.br\/portal\/#website\"},\"primaryImageOfPage\":{\"@id\":\"https:\/\/verdadeon.com.br\/portal\/2022\/10\/05\/com-licitacao-ainda-suspensa-falhas-na-coleta-de-lixo-persistem-em-franca\/#primaryimage\"},\"image\":{\"@id\":\"https:\/\/verdadeon.com.br\/portal\/2022\/10\/05\/com-licitacao-ainda-suspensa-falhas-na-coleta-de-lixo-persistem-em-franca\/#primaryimage\"},\"thumbnailUrl\":\"https:\/\/i0.wp.com\/verdadeon.com.br\/portal\/wp-content\/uploads\/2022\/10\/WhatsApp-Image-2022-10-05-at-19.31.30-1.jpeg?fit=1000%2C670&ssl=1\",\"datePublished\":\"2022-10-05T22:34:23+00:00\",\"dateModified\":\"2022-10-06T19:55:49+00:00\",\"author\":{\"@id\":\"https:\/\/verdadeon.com.br\/portal\/#\/schema\/person\/8248726d36015c1916636fabb175d972\"},\"breadcrumb\":{\"@id\":\"https:\/\/verdadeon.com.br\/portal\/2022\/10\/05\/com-licitacao-ainda-suspensa-falhas-na-coleta-de-lixo-persistem-em-franca\/#breadcrumb\"},\"inLanguage\":\"pt-BR\",\"potentialAction\":[{\"@type\":\"ReadAction\",\"target\":[\"https:\/\/verdadeon.com.br\/portal\/2022\/10\/05\/com-licitacao-ainda-suspensa-falhas-na-coleta-de-lixo-persistem-em-franca\/\"]}]},{\"@type\":\"ImageObject\",\"inLanguage\":\"pt-BR\",\"@id\":\"https:\/\/verdadeon.com.br\/portal\/2022\/10\/05\/com-licitacao-ainda-suspensa-falhas-na-coleta-de-lixo-persistem-em-franca\/#primaryimage\",\"url\":\"https:\/\/i0.wp.com\/verdadeon.com.br\/portal\/wp-content\/uploads\/2022\/10\/WhatsApp-Image-2022-10-05-at-19.31.30-1.jpeg?fit=1000%2C670&ssl=1\",\"contentUrl\":\"https:\/\/i0.wp.com\/verdadeon.com.br\/portal\/wp-content\/uploads\/2022\/10\/WhatsApp-Image-2022-10-05-at-19.31.30-1.jpeg?fit=1000%2C670&ssl=1\",\"width\":1000,\"height\":670,\"caption\":\"No Parque Universit\u00e1rio, at\u00e9 urubus s\u00e3o vistos nos sacos de lixos depositados nas cal\u00e7adas h\u00e1 dias | Fotos: Jornal Verdade\"},{\"@type\":\"BreadcrumbList\",\"@id\":\"https:\/\/verdadeon.com.br\/portal\/2022\/10\/05\/com-licitacao-ainda-suspensa-falhas-na-coleta-de-lixo-persistem-em-franca\/#breadcrumb\",\"itemListElement\":[{\"@type\":\"ListItem\",\"position\":1,\"name\":\"In\u00edcio\",\"item\":\"https:\/\/verdadeon.com.br\/portal\/\"},{\"@type\":\"ListItem\",\"position\":2,\"name\":\"Com licita\u00e7\u00e3o ainda suspensa, falhas na coleta de lixo persistem em Franca\"}]},{\"@type\":\"WebSite\",\"@id\":\"https:\/\/verdadeon.com.br\/portal\/#website\",\"url\":\"https:\/\/verdadeon.com.br\/portal\/\",\"name\":\"VerdadeOn\",\"description\":\"Not\u00edcias di\u00e1rias sobre Franca, Regi\u00e3o, Esporte, Cultura, Cotidiano, Colunas. Cobertura nos principais eventos da cidade \u00e9 aqui - Verdadeon Franca\",\"potentialAction\":[{\"@type\":\"SearchAction\",\"target\":{\"@type\":\"EntryPoint\",\"urlTemplate\":\"https:\/\/verdadeon.com.br\/portal\/?s={search_term_string}\"},\"query-input\":{\"@type\":\"PropertyValueSpecification\",\"valueRequired\":true,\"valueName\":\"search_term_string\"}}],\"inLanguage\":\"pt-BR\"},{\"@type\":\"Person\",\"@id\":\"https:\/\/verdadeon.com.br\/portal\/#\/schema\/person\/8248726d36015c1916636fabb175d972\",\"name\":\"Nelise Luques\",\"image\":{\"@type\":\"ImageObject\",\"inLanguage\":\"pt-BR\",\"@id\":\"https:\/\/verdadeon.com.br\/portal\/#\/schema\/person\/image\/\",\"url\":\"https:\/\/secure.gravatar.com\/avatar\/29b2a17f5bcadeb827411b66f48ac13c3e0ecaf5906c0f5745ecc5d41c24eada?s=96&d=mm&r=g\",\"contentUrl\":\"https:\/\/secure.gravatar.com\/avatar\/29b2a17f5bcadeb827411b66f48ac13c3e0ecaf5906c0f5745ecc5d41c24eada?s=96&d=mm&r=g\",\"caption\":\"Nelise Luques\"},\"url\":\"https:\/\/verdadeon.com.br\/portal\/author\/verdade\/\"}]}<\/script>\n<!-- \/ Yoast SEO plugin. -->","yoast_head_json":{"title":"Com licita\u00e7\u00e3o ainda suspensa, falhas na coleta de lixo persistem em Franca - VerdadeOn","robots":{"index":"index","follow":"follow","max-snippet":"max-snippet:-1","max-image-preview":"max-image-preview:large","max-video-preview":"max-video-preview:-1"},"canonical":"https:\/\/verdadeon.com.br\/portal\/2022\/10\/05\/com-licitacao-ainda-suspensa-falhas-na-coleta-de-lixo-persistem-em-franca\/","og_locale":"pt_BR","og_type":"article","og_title":"Com licita\u00e7\u00e3o ainda suspensa, falhas na coleta de lixo persistem em Franca - VerdadeOn","og_description":"Mau cheiro, muito sujeira e at\u00e9 uburus complicam a vida de moradores em v\u00e1rios pontos da cidade &nbsp; As cal\u00e7adas e at\u00e9 mesmo ruas est\u00e3o lotadas [\u2026]","og_url":"https:\/\/verdadeon.com.br\/portal\/2022\/10\/05\/com-licitacao-ainda-suspensa-falhas-na-coleta-de-lixo-persistem-em-franca\/","og_site_name":"VerdadeOn","article_published_time":"2022-10-05T22:34:23+00:00","article_modified_time":"2022-10-06T19:55:49+00:00","og_image":[{"width":1000,"height":670,"url":"https:\/\/verdadeon.com.br\/portal\/wp-content\/uploads\/2022\/10\/WhatsApp-Image-2022-10-05-at-19.31.30-1.jpeg","type":"image\/jpeg"}],"author":"Nelise Luques","twitter_card":"summary_large_image","twitter_misc":{"Escrito por":"Nelise Luques","Est. tempo de leitura":"4 minutos"},"schema":{"@context":"https:\/\/schema.org","@graph":[{"@type":"WebPage","@id":"https:\/\/verdadeon.com.br\/portal\/2022\/10\/05\/com-licitacao-ainda-suspensa-falhas-na-coleta-de-lixo-persistem-em-franca\/","url":"https:\/\/verdadeon.com.br\/portal\/2022\/10\/05\/com-licitacao-ainda-suspensa-falhas-na-coleta-de-lixo-persistem-em-franca\/","name":"Com licita\u00e7\u00e3o ainda suspensa, falhas na coleta de lixo persistem em Franca - VerdadeOn","isPartOf":{"@id":"https:\/\/verdadeon.com.br\/portal\/#website"},"primaryImageOfPage":{"@id":"https:\/\/verdadeon.com.br\/portal\/2022\/10\/05\/com-licitacao-ainda-suspensa-falhas-na-coleta-de-lixo-persistem-em-franca\/#primaryimage"},"image":{"@id":"https:\/\/verdadeon.com.br\/portal\/2022\/10\/05\/com-licitacao-ainda-suspensa-falhas-na-coleta-de-lixo-persistem-em-franca\/#primaryimage"},"thumbnailUrl":"https:\/\/i0.wp.com\/verdadeon.com.br\/portal\/wp-content\/uploads\/2022\/10\/WhatsApp-Image-2022-10-05-at-19.31.30-1.jpeg?fit=1000%2C670&ssl=1","datePublished":"2022-10-05T22:34:23+00:00","dateModified":"2022-10-06T19:55:49+00:00","author":{"@id":"https:\/\/verdadeon.com.br\/portal\/#\/schema\/person\/8248726d36015c1916636fabb175d972"},"breadcrumb":{"@id":"https:\/\/verdadeon.com.br\/portal\/2022\/10\/05\/com-licitacao-ainda-suspensa-falhas-na-coleta-de-lixo-persistem-em-franca\/#breadcrumb"},"inLanguage":"pt-BR","potentialAction":[{"@type":"ReadAction","target":["https:\/\/verdadeon.com.br\/portal\/2022\/10\/05\/com-licitacao-ainda-suspensa-falhas-na-coleta-de-lixo-persistem-em-franca\/"]}]},{"@type":"ImageObject","inLanguage":"pt-BR","@id":"https:\/\/verdadeon.com.br\/portal\/2022\/10\/05\/com-licitacao-ainda-suspensa-falhas-na-coleta-de-lixo-persistem-em-franca\/#primaryimage","url":"https:\/\/i0.wp.com\/verdadeon.com.br\/portal\/wp-content\/uploads\/2022\/10\/WhatsApp-Image-2022-10-05-at-19.31.30-1.jpeg?fit=1000%2C670&ssl=1","contentUrl":"https:\/\/i0.wp.com\/verdadeon.com.br\/portal\/wp-content\/uploads\/2022\/10\/WhatsApp-Image-2022-10-05-at-19.31.30-1.jpeg?fit=1000%2C670&ssl=1","width":1000,"height":670,"caption":"No Parque Universit\u00e1rio, at\u00e9 urubus s\u00e3o vistos nos sacos de lixos depositados nas cal\u00e7adas h\u00e1 dias | Fotos: Jornal Verdade"},{"@type":"BreadcrumbList","@id":"https:\/\/verdadeon.com.br\/portal\/2022\/10\/05\/com-licitacao-ainda-suspensa-falhas-na-coleta-de-lixo-persistem-em-franca\/#breadcrumb","itemListElement":[{"@type":"ListItem","position":1,"name":"In\u00edcio","item":"https:\/\/verdadeon.com.br\/portal\/"},{"@type":"ListItem","position":2,"name":"Com licita\u00e7\u00e3o ainda suspensa, falhas na coleta de lixo persistem em Franca"}]},{"@type":"WebSite","@id":"https:\/\/verdadeon.com.br\/portal\/#website","url":"https:\/\/verdadeon.com.br\/portal\/","name":"VerdadeOn","description":"Not\u00edcias di\u00e1rias sobre Franca, Regi\u00e3o, Esporte, Cultura, Cotidiano, Colunas. Cobertura nos principais eventos da cidade \u00e9 aqui - Verdadeon Franca","potentialAction":[{"@type":"SearchAction","target":{"@type":"EntryPoint","urlTemplate":"https:\/\/verdadeon.com.br\/portal\/?s={search_term_string}"},"query-input":{"@type":"PropertyValueSpecification","valueRequired":true,"valueName":"search_term_string"}}],"inLanguage":"pt-BR"},{"@type":"Person","@id":"https:\/\/verdadeon.com.br\/portal\/#\/schema\/person\/8248726d36015c1916636fabb175d972","name":"Nelise Luques","image":{"@type":"ImageObject","inLanguage":"pt-BR","@id":"https:\/\/verdadeon.com.br\/portal\/#\/schema\/person\/image\/","url":"https:\/\/secure.gravatar.com\/avatar\/29b2a17f5bcadeb827411b66f48ac13c3e0ecaf5906c0f5745ecc5d41c24eada?s=96&d=mm&r=g","contentUrl":"https:\/\/secure.gravatar.com\/avatar\/29b2a17f5bcadeb827411b66f48ac13c3e0ecaf5906c0f5745ecc5d41c24eada?s=96&d=mm&r=g","caption":"Nelise Luques"},"url":"https:\/\/verdadeon.com.br\/portal\/author\/verdade\/"}]}},"jetpack_publicize_connections":[],"jetpack_featured_media_url":"https:\/\/i0.wp.com\/verdadeon.com.br\/portal\/wp-content\/uploads\/2022\/10\/WhatsApp-Image-2022-10-05-at-19.31.30-1.jpeg?fit=1000%2C670&ssl=1","jetpack_sharing_enabled":true,"_links":{"self":[{"href":"https:\/\/verdadeon.com.br\/portal\/wp-json\/wp\/v2\/posts\/28650","targetHints":{"allow":["GET"]}}],"collection":[{"href":"https:\/\/verdadeon.com.br\/portal\/wp-json\/wp\/v2\/posts"}],"about":[{"href":"https:\/\/verdadeon.com.br\/portal\/wp-json\/wp\/v2\/types\/post"}],"author":[{"embeddable":true,"href":"https:\/\/verdadeon.com.br\/portal\/wp-json\/wp\/v2\/users\/12"}],"replies":[{"embeddable":true,"href":"https:\/\/verdadeon.com.br\/portal\/wp-json\/wp\/v2\/comments?post=28650"}],"version-history":[{"count":4,"href":"https:\/\/verdadeon.com.br\/portal\/wp-json\/wp\/v2\/posts\/28650\/revisions"}],"predecessor-version":[{"id":28675,"href":"https:\/\/verdadeon.com.br\/portal\/wp-json\/wp\/v2\/posts\/28650\/revisions\/28675"}],"wp:featuredmedia":[{"embeddable":true,"href":"https:\/\/verdadeon.com.br\/portal\/wp-json\/wp\/v2\/media\/28656"}],"wp:attachment":[{"href":"https:\/\/verdadeon.com.br\/portal\/wp-json\/wp\/v2\/media?parent=28650"}],"wp:term":[{"taxonomy":"category","embeddable":true,"href":"https:\/\/verdadeon.com.br\/portal\/wp-json\/wp\/v2\/categories?post=28650"},{"taxonomy":"post_tag","embeddable":true,"href":"https:\/\/verdadeon.com.br\/portal\/wp-json\/wp\/v2\/tags?post=28650"}],"curies":[{"name":"wp","href":"https:\/\/api.w.org\/{rel}","templated":true}]}}