{"id":28594,"date":"2022-10-03T19:17:12","date_gmt":"2022-10-03T22:17:12","guid":{"rendered":"https:\/\/verdadeon.com.br\/portal\/?p=28594"},"modified":"2022-10-03T19:17:12","modified_gmt":"2022-10-03T22:17:12","slug":"covid-19-primeiros-testes-de-vacina-brasileira-terao-400-voluntarios","status":"publish","type":"post","link":"https:\/\/verdadeon.com.br\/portal\/2022\/10\/03\/covid-19-primeiros-testes-de-vacina-brasileira-terao-400-voluntarios\/","title":{"rendered":"Covid-19: primeiros testes de vacina brasileira ter\u00e3o 400 volunt\u00e1rios"},"content":{"rendered":"<div class=\"col-lg-12 mb-3\">\n<div class=\"row\">\n<h3 class=\"col-10 offset-1 animated fadeInDown dealy-900 display-8 display-md-8 alt-font font-italic my-1 text-center\">SpiN-TEC \u00e9 desenvolvida por pesquisadores da UFMG e Fiocruz<\/h3>\n<\/div>\n<\/div>\n<div class=\"col-xl-7 offset-xl-1 col-lg-8 offset-lg-0 col-md-10 offset-md-1 mb-3\">\n<div class=\"post-item alt-font\">\n<div class=\"post-item-wrap\">\n<p>Os testes cl\u00ednicos da vacina SpiN-TEC contra covid-19, desenvolvida por pesquisadores do CT Vacinas da Universidade Federal de Minas Gerais (UFMG) e pela Funda\u00e7\u00e3o Oswaldo Cruz (Fiocruz), v\u00e3o come\u00e7ar com um grupo de 432 volunt\u00e1rios, segundo detalhes divulgados\u00a0hoje\u00a0(3), ap\u00f3s a\u00a0<a href=\"https:\/\/agenciabrasil.ebc.com.br\/geral\/noticia\/2022-10\/anvisa-autoriza-estudo-para-nova-vacina-contra-covid-19\" target=\"_blank\" rel=\"noopener\">aprova\u00e7\u00e3o dos experimentos pela Ag\u00eancia Nacional de Vigil\u00e2ncia Sanit\u00e1ria (Anvisa)<\/a>.\u00a0\u00a0<img data-recalc-dims=\"1\" decoding=\"async\" src=\"https:\/\/i0.wp.com\/agenciabrasil.ebc.com.br\/ebc.png?w=1220&#038;ssl=1\" \/><img data-recalc-dims=\"1\" decoding=\"async\" src=\"https:\/\/i0.wp.com\/agenciabrasil.ebc.com.br\/ebc.gif?w=1220&#038;ssl=1\" \/><\/p>\n<p>Segundo a Fiocruz, os ensaios cl\u00ednicos come\u00e7am assim que a Comiss\u00e3o Nacional de \u00c9tica em Pesquisa (Conep) revalidar a aprova\u00e7\u00e3o concedida anteriormente, o que \u00e9 necess\u00e1rio para contemplar as recomenda\u00e7\u00f5es apresentadas no parecer da Anvisa.<\/p>\n<p>Os testes cl\u00ednicos, ou seja, os testes de uma vacina em humanos, incluem tr\u00eas fases antes de os desenvolvedores solicitarem o registro dos resultados \u00e0s ag\u00eancias reguladoras. Na fase 1, \u00e9 avaliada a seguran\u00e7a da vacina em um grupo pequeno de volunt\u00e1rios. Na fase 2, os pesquisadores aumentam o n\u00famero de volunt\u00e1rios e testam tamb\u00e9m a resposta imunol\u00f3gica da vacina proposta. Por \u00faltimo, na fase 3, o n\u00famero de volunt\u00e1rios \u00e9 ainda maior, para que seja testada a efic\u00e1cia da vacina na compara\u00e7\u00e3o com um grupo controle.<\/p>\n<p>No caso dos testes da SpiN-TEC, os pesquisadores realizar\u00e3o a fase 1 em 72 volunt\u00e1rios, para verificar poss\u00edveis efeitos colaterais da vacina, como dor de cabe\u00e7a, dor local, febre, n\u00e1usea, entre outros. Os volunt\u00e1rios ser\u00e3o observados durante um ano, mas a fase 2 poder\u00e1 come\u00e7ar caso n\u00e3o haja problemas dentro de quatro a seis meses ap\u00f3s o in\u00edcio da fase 1.<\/p>\n<p>Na fase 2, o estudo contar\u00e1 com 360 volunt\u00e1rios. Al\u00e9m da seguran\u00e7a, os pesquisadores v\u00e3o observar nessa etapa o n\u00edvel de anticorpos gerados e a resposta dos linf\u00f3citos, estruturas que, juntas, poder\u00e3o garantir a prote\u00e7\u00e3o do organismo contra o v\u00edrus SARS-CoV-2.<\/p>\n<p>Segundo a Fiocruz, nas duas etapas, os volunt\u00e1rios ser\u00e3o divididos em dois grupos: um com participantes com idade entre 18 e 54 anos, que passar\u00e1 pelos testes primeiro; e outro, com pessoas com idade entre 55 e 85 anos. Os cientistas querem entender se a faixa et\u00e1ria pode interferir na resposta imunol\u00f3gica e tamb\u00e9m na seguran\u00e7a da vacina.<\/p>\n<p>O lote cl\u00ednico de vacinas que ser\u00e3o aplicadas nos 432 volunt\u00e1rios durante as fases 1 e 2 j\u00e1 est\u00e1 pronto. Segundo o pesquisador Ricardo Gazzinelli, coordenador do projeto, depois do desenvolvimento do processo de produ\u00e7\u00e3o do ingrediente farmac\u00eautico ativo (IFA) no CT-Vacinas (Fiocruz\/UFMG), o insumo foi transferido para a Universidade de Nebraska, nos Estados Unidos, onde ocorreu a fabrica\u00e7\u00e3o do lote. O envase, por sua vez, foi realizado no Complexo Industrial Farmac\u00eautico Crist\u00e1lia, em S\u00e3o Paulo.<\/p>\n<p>Al\u00e9m de se provar eficaz, a SpiN-TEC precisar\u00e1 igualar ou superar a efic\u00e1cia das vacinas j\u00e1 existentes no mercado, para que sua aprova\u00e7\u00e3o seja concedida, uma vez que a maioria da popula\u00e7\u00e3o j\u00e1 est\u00e1 imunizada e a vacina ser\u00e1 usada como dose de refor\u00e7o.<\/p>\n<p>Caso seja aprovada nas primeiras duas fases, o imunizante ainda passar\u00e1 pela fase 3 de testes que deve envolver cerca de 4\u00a0mil volunt\u00e1rios, e a produ\u00e7\u00e3o das vacinas que ser\u00e3o utilizadas contar\u00e1 com uma parceria que j\u00e1 foi firmada com a Funda\u00e7\u00e3o Ezequiel Dias (Funed), laborat\u00f3rio central do estado de Minas Gerais, para a fabrica\u00e7\u00e3o do IFA. O envase deve ser feito por uma empresa brasileira do setor privado que j\u00e1 manifestou interesse na comercializa\u00e7\u00e3o da SpiN-TEC em caso de confirma\u00e7\u00e3o de sua seguran\u00e7a e efic\u00e1cia, segundo a Fiocruz.<\/p>\n<p>Os testes laboratoriais realizados, at\u00e9 o momento, mostram que a vacina confere prote\u00e7\u00e3o contra o agravamento de casos de covid-19 sem causar efeitos colaterais relevantes em camundongos e primatas n\u00e3o humanos.<\/p>\n<h2>Nova tecnologia<\/h2>\n<p>A vacina SpiN-TEC tem tecnologia diferente das quatro vacinas contra covid-19 usadas at\u00e9 agora no Brasil: CoronaVac, AstraZeneca\/Fiocruz, Pfizer e Janssen. Ela usa a fus\u00e3o de duas prote\u00ednas do SARS-CoV-2, S e N, para formar uma prote\u00edna \u201cquimera\u201d. Segundo os desenvolvedores, essa associa\u00e7\u00e3o confere \u00e0 SpiN-TEC um diferencial em rela\u00e7\u00e3o aos demais imunizantes, que miram apenas a prote\u00edna S, por ser aquela que o v\u00edrus utiliza para invadir as c\u00e9lulas humanas.<\/p>\n<p>O problema de atacar apenas a prote\u00edna S \u00e9 que ela tamb\u00e9m \u00e9 a que mais acumulou muta\u00e7\u00f5es ao longo da evolu\u00e7\u00e3o do novo coronav\u00edrus, o que deu \u00e0s novas variantes mais efici\u00eancia contra os anticorpos neutralizantes. A prote\u00edna N, por outro lado, \u00e9 menos sujeita \u00e0s muta\u00e7\u00f5es que geraram novas variantes.<\/p>\n<p>Al\u00e9m da seguran\u00e7a da vacina, o estudo em humanos quer provar que, por conter a quimera com as duas prote\u00ednas, a SpiN-TEC poder\u00e1 oferecer prote\u00e7\u00e3o contra o coronav\u00edrus e suas variantes, sem dar a elas maior chance de escape.<\/p>\n<\/div>\n<\/div>\n<\/div>\n","protected":false},"excerpt":{"rendered":"<p>SpiN-TEC \u00e9 desenvolvida por pesquisadores da UFMG e Fiocruz Os testes cl\u00ednicos da vacina SpiN-TEC contra covid-19, desenvolvida por pesquisadores do CT Vacinas da Universidade Federal<span class=\"excerpt-hellip\"> [\u2026]<\/span><\/p>\n","protected":false},"author":4,"featured_media":28595,"comment_status":"open","ping_status":"open","sticky":false,"template":"","format":"standard","meta":{"_jetpack_memberships_contains_paid_content":false,"footnotes":"","jetpack_publicize_message":"","jetpack_publicize_feature_enabled":true,"jetpack_social_post_already_shared":false,"jetpack_social_options":{"image_generator_settings":{"template":"highway","default_image_id":0,"enabled":false},"version":2}},"categories":[28,81],"tags":[],"class_list":["post-28594","post","type-post","status-publish","format-standard","has-post-thumbnail","hentry","category-cotidiano","category-manchete"],"yoast_head":"<!-- This site is optimized with the Yoast SEO plugin v25.6 - https:\/\/yoast.com\/wordpress\/plugins\/seo\/ -->\n<title>Covid-19: primeiros testes de vacina brasileira ter\u00e3o 400 volunt\u00e1rios - VerdadeOn<\/title>\n<meta name=\"robots\" content=\"index, follow, max-snippet:-1, max-image-preview:large, max-video-preview:-1\" \/>\n<link rel=\"canonical\" href=\"https:\/\/verdadeon.com.br\/portal\/2022\/10\/03\/covid-19-primeiros-testes-de-vacina-brasileira-terao-400-voluntarios\/\" \/>\n<meta property=\"og:locale\" content=\"pt_BR\" \/>\n<meta property=\"og:type\" content=\"article\" \/>\n<meta property=\"og:title\" content=\"Covid-19: primeiros testes de vacina brasileira ter\u00e3o 400 volunt\u00e1rios - VerdadeOn\" \/>\n<meta property=\"og:description\" content=\"SpiN-TEC \u00e9 desenvolvida por pesquisadores da UFMG e Fiocruz Os testes cl\u00ednicos da vacina SpiN-TEC contra covid-19, desenvolvida por pesquisadores do CT Vacinas da Universidade Federal [\u2026]\" \/>\n<meta property=\"og:url\" content=\"https:\/\/verdadeon.com.br\/portal\/2022\/10\/03\/covid-19-primeiros-testes-de-vacina-brasileira-terao-400-voluntarios\/\" \/>\n<meta property=\"og:site_name\" content=\"VerdadeOn\" \/>\n<meta property=\"article:published_time\" content=\"2022-10-03T22:17:12+00:00\" \/>\n<meta property=\"og:image\" content=\"https:\/\/verdadeon.com.br\/portal\/wp-content\/uploads\/2022\/10\/vacina_spintecuniversidade_federal_de_minas_gerais_ufmg2904217600.jpg\" \/>\n\t<meta property=\"og:image:width\" content=\"1000\" \/>\n\t<meta property=\"og:image:height\" content=\"670\" \/>\n\t<meta property=\"og:image:type\" content=\"image\/jpeg\" \/>\n<meta name=\"author\" content=\"Fernando Calixto\" \/>\n<meta name=\"twitter:card\" content=\"summary_large_image\" \/>\n<meta name=\"twitter:label1\" content=\"Escrito por\" \/>\n\t<meta name=\"twitter:data1\" content=\"Fernando Calixto\" \/>\n\t<meta name=\"twitter:label2\" content=\"Est. tempo de leitura\" \/>\n\t<meta name=\"twitter:data2\" content=\"5 minutos\" \/>\n<script type=\"application\/ld+json\" class=\"yoast-schema-graph\">{\"@context\":\"https:\/\/schema.org\",\"@graph\":[{\"@type\":\"WebPage\",\"@id\":\"https:\/\/verdadeon.com.br\/portal\/2022\/10\/03\/covid-19-primeiros-testes-de-vacina-brasileira-terao-400-voluntarios\/\",\"url\":\"https:\/\/verdadeon.com.br\/portal\/2022\/10\/03\/covid-19-primeiros-testes-de-vacina-brasileira-terao-400-voluntarios\/\",\"name\":\"Covid-19: primeiros testes de vacina brasileira ter\u00e3o 400 volunt\u00e1rios - VerdadeOn\",\"isPartOf\":{\"@id\":\"https:\/\/verdadeon.com.br\/portal\/#website\"},\"primaryImageOfPage\":{\"@id\":\"https:\/\/verdadeon.com.br\/portal\/2022\/10\/03\/covid-19-primeiros-testes-de-vacina-brasileira-terao-400-voluntarios\/#primaryimage\"},\"image\":{\"@id\":\"https:\/\/verdadeon.com.br\/portal\/2022\/10\/03\/covid-19-primeiros-testes-de-vacina-brasileira-terao-400-voluntarios\/#primaryimage\"},\"thumbnailUrl\":\"https:\/\/i0.wp.com\/verdadeon.com.br\/portal\/wp-content\/uploads\/2022\/10\/vacina_spintecuniversidade_federal_de_minas_gerais_ufmg2904217600.jpg?fit=1000%2C670&ssl=1\",\"datePublished\":\"2022-10-03T22:17:12+00:00\",\"author\":{\"@id\":\"https:\/\/verdadeon.com.br\/portal\/#\/schema\/person\/8994718f49ee62ba5610471e29ca1f62\"},\"breadcrumb\":{\"@id\":\"https:\/\/verdadeon.com.br\/portal\/2022\/10\/03\/covid-19-primeiros-testes-de-vacina-brasileira-terao-400-voluntarios\/#breadcrumb\"},\"inLanguage\":\"pt-BR\",\"potentialAction\":[{\"@type\":\"ReadAction\",\"target\":[\"https:\/\/verdadeon.com.br\/portal\/2022\/10\/03\/covid-19-primeiros-testes-de-vacina-brasileira-terao-400-voluntarios\/\"]}]},{\"@type\":\"ImageObject\",\"inLanguage\":\"pt-BR\",\"@id\":\"https:\/\/verdadeon.com.br\/portal\/2022\/10\/03\/covid-19-primeiros-testes-de-vacina-brasileira-terao-400-voluntarios\/#primaryimage\",\"url\":\"https:\/\/i0.wp.com\/verdadeon.com.br\/portal\/wp-content\/uploads\/2022\/10\/vacina_spintecuniversidade_federal_de_minas_gerais_ufmg2904217600.jpg?fit=1000%2C670&ssl=1\",\"contentUrl\":\"https:\/\/i0.wp.com\/verdadeon.com.br\/portal\/wp-content\/uploads\/2022\/10\/vacina_spintecuniversidade_federal_de_minas_gerais_ufmg2904217600.jpg?fit=1000%2C670&ssl=1\",\"width\":1000,\"height\":670,\"caption\":\"O lote cl\u00ednico de vacinas que ser\u00e3o aplicadas nos 432 volunt\u00e1rios durante as fases 1 e 2 j\u00e1 est\u00e1 pronto\"},{\"@type\":\"BreadcrumbList\",\"@id\":\"https:\/\/verdadeon.com.br\/portal\/2022\/10\/03\/covid-19-primeiros-testes-de-vacina-brasileira-terao-400-voluntarios\/#breadcrumb\",\"itemListElement\":[{\"@type\":\"ListItem\",\"position\":1,\"name\":\"In\u00edcio\",\"item\":\"https:\/\/verdadeon.com.br\/portal\/\"},{\"@type\":\"ListItem\",\"position\":2,\"name\":\"Covid-19: primeiros testes de vacina brasileira ter\u00e3o 400 volunt\u00e1rios\"}]},{\"@type\":\"WebSite\",\"@id\":\"https:\/\/verdadeon.com.br\/portal\/#website\",\"url\":\"https:\/\/verdadeon.com.br\/portal\/\",\"name\":\"VerdadeOn\",\"description\":\"Not\u00edcias di\u00e1rias sobre Franca, Regi\u00e3o, Esporte, Cultura, Cotidiano, Colunas. Cobertura nos principais eventos da cidade \u00e9 aqui - Verdadeon Franca\",\"potentialAction\":[{\"@type\":\"SearchAction\",\"target\":{\"@type\":\"EntryPoint\",\"urlTemplate\":\"https:\/\/verdadeon.com.br\/portal\/?s={search_term_string}\"},\"query-input\":{\"@type\":\"PropertyValueSpecification\",\"valueRequired\":true,\"valueName\":\"search_term_string\"}}],\"inLanguage\":\"pt-BR\"},{\"@type\":\"Person\",\"@id\":\"https:\/\/verdadeon.com.br\/portal\/#\/schema\/person\/8994718f49ee62ba5610471e29ca1f62\",\"name\":\"Fernando Calixto\",\"image\":{\"@type\":\"ImageObject\",\"inLanguage\":\"pt-BR\",\"@id\":\"https:\/\/verdadeon.com.br\/portal\/#\/schema\/person\/image\/\",\"url\":\"https:\/\/secure.gravatar.com\/avatar\/7578910c24966c0316c340f9dbd601e93ee9f9212e1033968b367af9306bd9fb?s=96&d=mm&r=g\",\"contentUrl\":\"https:\/\/secure.gravatar.com\/avatar\/7578910c24966c0316c340f9dbd601e93ee9f9212e1033968b367af9306bd9fb?s=96&d=mm&r=g\",\"caption\":\"Fernando Calixto\"},\"url\":\"https:\/\/verdadeon.com.br\/portal\/author\/fernando-calixto\/\"}]}<\/script>\n<!-- \/ Yoast SEO plugin. -->","yoast_head_json":{"title":"Covid-19: primeiros testes de vacina brasileira ter\u00e3o 400 volunt\u00e1rios - VerdadeOn","robots":{"index":"index","follow":"follow","max-snippet":"max-snippet:-1","max-image-preview":"max-image-preview:large","max-video-preview":"max-video-preview:-1"},"canonical":"https:\/\/verdadeon.com.br\/portal\/2022\/10\/03\/covid-19-primeiros-testes-de-vacina-brasileira-terao-400-voluntarios\/","og_locale":"pt_BR","og_type":"article","og_title":"Covid-19: primeiros testes de vacina brasileira ter\u00e3o 400 volunt\u00e1rios - VerdadeOn","og_description":"SpiN-TEC \u00e9 desenvolvida por pesquisadores da UFMG e Fiocruz Os testes cl\u00ednicos da vacina SpiN-TEC contra covid-19, desenvolvida por pesquisadores do CT Vacinas da Universidade Federal [\u2026]","og_url":"https:\/\/verdadeon.com.br\/portal\/2022\/10\/03\/covid-19-primeiros-testes-de-vacina-brasileira-terao-400-voluntarios\/","og_site_name":"VerdadeOn","article_published_time":"2022-10-03T22:17:12+00:00","og_image":[{"width":1000,"height":670,"url":"https:\/\/verdadeon.com.br\/portal\/wp-content\/uploads\/2022\/10\/vacina_spintecuniversidade_federal_de_minas_gerais_ufmg2904217600.jpg","type":"image\/jpeg"}],"author":"Fernando Calixto","twitter_card":"summary_large_image","twitter_misc":{"Escrito por":"Fernando Calixto","Est. tempo de leitura":"5 minutos"},"schema":{"@context":"https:\/\/schema.org","@graph":[{"@type":"WebPage","@id":"https:\/\/verdadeon.com.br\/portal\/2022\/10\/03\/covid-19-primeiros-testes-de-vacina-brasileira-terao-400-voluntarios\/","url":"https:\/\/verdadeon.com.br\/portal\/2022\/10\/03\/covid-19-primeiros-testes-de-vacina-brasileira-terao-400-voluntarios\/","name":"Covid-19: primeiros testes de vacina brasileira ter\u00e3o 400 volunt\u00e1rios - VerdadeOn","isPartOf":{"@id":"https:\/\/verdadeon.com.br\/portal\/#website"},"primaryImageOfPage":{"@id":"https:\/\/verdadeon.com.br\/portal\/2022\/10\/03\/covid-19-primeiros-testes-de-vacina-brasileira-terao-400-voluntarios\/#primaryimage"},"image":{"@id":"https:\/\/verdadeon.com.br\/portal\/2022\/10\/03\/covid-19-primeiros-testes-de-vacina-brasileira-terao-400-voluntarios\/#primaryimage"},"thumbnailUrl":"https:\/\/i0.wp.com\/verdadeon.com.br\/portal\/wp-content\/uploads\/2022\/10\/vacina_spintecuniversidade_federal_de_minas_gerais_ufmg2904217600.jpg?fit=1000%2C670&ssl=1","datePublished":"2022-10-03T22:17:12+00:00","author":{"@id":"https:\/\/verdadeon.com.br\/portal\/#\/schema\/person\/8994718f49ee62ba5610471e29ca1f62"},"breadcrumb":{"@id":"https:\/\/verdadeon.com.br\/portal\/2022\/10\/03\/covid-19-primeiros-testes-de-vacina-brasileira-terao-400-voluntarios\/#breadcrumb"},"inLanguage":"pt-BR","potentialAction":[{"@type":"ReadAction","target":["https:\/\/verdadeon.com.br\/portal\/2022\/10\/03\/covid-19-primeiros-testes-de-vacina-brasileira-terao-400-voluntarios\/"]}]},{"@type":"ImageObject","inLanguage":"pt-BR","@id":"https:\/\/verdadeon.com.br\/portal\/2022\/10\/03\/covid-19-primeiros-testes-de-vacina-brasileira-terao-400-voluntarios\/#primaryimage","url":"https:\/\/i0.wp.com\/verdadeon.com.br\/portal\/wp-content\/uploads\/2022\/10\/vacina_spintecuniversidade_federal_de_minas_gerais_ufmg2904217600.jpg?fit=1000%2C670&ssl=1","contentUrl":"https:\/\/i0.wp.com\/verdadeon.com.br\/portal\/wp-content\/uploads\/2022\/10\/vacina_spintecuniversidade_federal_de_minas_gerais_ufmg2904217600.jpg?fit=1000%2C670&ssl=1","width":1000,"height":670,"caption":"O lote cl\u00ednico de vacinas que ser\u00e3o aplicadas nos 432 volunt\u00e1rios durante as fases 1 e 2 j\u00e1 est\u00e1 pronto"},{"@type":"BreadcrumbList","@id":"https:\/\/verdadeon.com.br\/portal\/2022\/10\/03\/covid-19-primeiros-testes-de-vacina-brasileira-terao-400-voluntarios\/#breadcrumb","itemListElement":[{"@type":"ListItem","position":1,"name":"In\u00edcio","item":"https:\/\/verdadeon.com.br\/portal\/"},{"@type":"ListItem","position":2,"name":"Covid-19: primeiros testes de vacina brasileira ter\u00e3o 400 volunt\u00e1rios"}]},{"@type":"WebSite","@id":"https:\/\/verdadeon.com.br\/portal\/#website","url":"https:\/\/verdadeon.com.br\/portal\/","name":"VerdadeOn","description":"Not\u00edcias di\u00e1rias sobre Franca, Regi\u00e3o, Esporte, Cultura, Cotidiano, Colunas. Cobertura nos principais eventos da cidade \u00e9 aqui - Verdadeon Franca","potentialAction":[{"@type":"SearchAction","target":{"@type":"EntryPoint","urlTemplate":"https:\/\/verdadeon.com.br\/portal\/?s={search_term_string}"},"query-input":{"@type":"PropertyValueSpecification","valueRequired":true,"valueName":"search_term_string"}}],"inLanguage":"pt-BR"},{"@type":"Person","@id":"https:\/\/verdadeon.com.br\/portal\/#\/schema\/person\/8994718f49ee62ba5610471e29ca1f62","name":"Fernando Calixto","image":{"@type":"ImageObject","inLanguage":"pt-BR","@id":"https:\/\/verdadeon.com.br\/portal\/#\/schema\/person\/image\/","url":"https:\/\/secure.gravatar.com\/avatar\/7578910c24966c0316c340f9dbd601e93ee9f9212e1033968b367af9306bd9fb?s=96&d=mm&r=g","contentUrl":"https:\/\/secure.gravatar.com\/avatar\/7578910c24966c0316c340f9dbd601e93ee9f9212e1033968b367af9306bd9fb?s=96&d=mm&r=g","caption":"Fernando Calixto"},"url":"https:\/\/verdadeon.com.br\/portal\/author\/fernando-calixto\/"}]}},"jetpack_publicize_connections":[],"jetpack_featured_media_url":"https:\/\/i0.wp.com\/verdadeon.com.br\/portal\/wp-content\/uploads\/2022\/10\/vacina_spintecuniversidade_federal_de_minas_gerais_ufmg2904217600.jpg?fit=1000%2C670&ssl=1","jetpack_sharing_enabled":true,"_links":{"self":[{"href":"https:\/\/verdadeon.com.br\/portal\/wp-json\/wp\/v2\/posts\/28594","targetHints":{"allow":["GET"]}}],"collection":[{"href":"https:\/\/verdadeon.com.br\/portal\/wp-json\/wp\/v2\/posts"}],"about":[{"href":"https:\/\/verdadeon.com.br\/portal\/wp-json\/wp\/v2\/types\/post"}],"author":[{"embeddable":true,"href":"https:\/\/verdadeon.com.br\/portal\/wp-json\/wp\/v2\/users\/4"}],"replies":[{"embeddable":true,"href":"https:\/\/verdadeon.com.br\/portal\/wp-json\/wp\/v2\/comments?post=28594"}],"version-history":[{"count":1,"href":"https:\/\/verdadeon.com.br\/portal\/wp-json\/wp\/v2\/posts\/28594\/revisions"}],"predecessor-version":[{"id":28596,"href":"https:\/\/verdadeon.com.br\/portal\/wp-json\/wp\/v2\/posts\/28594\/revisions\/28596"}],"wp:featuredmedia":[{"embeddable":true,"href":"https:\/\/verdadeon.com.br\/portal\/wp-json\/wp\/v2\/media\/28595"}],"wp:attachment":[{"href":"https:\/\/verdadeon.com.br\/portal\/wp-json\/wp\/v2\/media?parent=28594"}],"wp:term":[{"taxonomy":"category","embeddable":true,"href":"https:\/\/verdadeon.com.br\/portal\/wp-json\/wp\/v2\/categories?post=28594"},{"taxonomy":"post_tag","embeddable":true,"href":"https:\/\/verdadeon.com.br\/portal\/wp-json\/wp\/v2\/tags?post=28594"}],"curies":[{"name":"wp","href":"https:\/\/api.w.org\/{rel}","templated":true}]}}