{"id":28552,"date":"2022-09-30T19:06:14","date_gmt":"2022-09-30T22:06:14","guid":{"rendered":"https:\/\/verdadeon.com.br\/portal\/?p=28552"},"modified":"2022-09-30T19:06:14","modified_gmt":"2022-09-30T22:06:14","slug":"flavia-lancha-promete-movimentar-a-cidade-neste-sabado","status":"publish","type":"post","link":"https:\/\/verdadeon.com.br\/portal\/2022\/09\/30\/flavia-lancha-promete-movimentar-a-cidade-neste-sabado\/","title":{"rendered":"Fl\u00e1via Lancha promete movimentar a cidade neste s\u00e1bado"},"content":{"rendered":"<h2>Candidata \u00e0 deputada federal preparou uma super carreata que far\u00e1 parada estrat\u00e9gica no Centro e seguira at\u00e9 Aeroporto<\/h2>\n<p>A candidata \u00e0 deputada federal Fl\u00e1via Lancha (PSD) promete movimentar Franca neste s\u00e1bado, \u00faltimo dia de campanha eleitoral autorizada nas ruas. Ela preparou uma super carreata que partir\u00e1 do Jardim Esmeralda at\u00e9 o Centro, far\u00e1 uma parada estrat\u00e9gica para cumprimentar e conversar com eleitores na Pra\u00e7a Nossa Senhora da Concei\u00e7\u00e3o e depois seguir\u00e1 at\u00e9 o Aeroporto, onde deve ser recebida por centenas de apoiadores.<br \/>\nFl\u00e1via \u00e9 apontada como uma das favoritas para conquistar uma vaga no Congresso Nacional e ter\u00e1 agenda lotada neste s\u00e1bado. Antes das 6h, ela visitar\u00e1 a Penitenci\u00e1ria de Franca. Em seguida, ela deve passar pela feira da Esta\u00e7\u00e3o. \u00c0s 9h30, a candidata participa da carreata que partir\u00e1 do Jardim Esmeralda, deve visitar diversos pontos da periferia de Franca e fazer uma parada estrat\u00e9gia no Centro.<br \/>\nNa pra\u00e7a central, a empres\u00e1ria Fl\u00e1via Lancha vai conversar com eleitores e fazer o famoso corpo-a-corpo. \u201cQuero aproveitar todo o tempo que tiver para pedir votos, para estar com o eleitor. Precisamos conscientizar as pessoas sobre a necessidade de votar. Muitos est\u00e3o desapontados com a pol\u00edtica e n\u00e3o acreditam mais no poder do voto. Precisamos mudar isso. \u00c9 pelo voto que vamos construir um pa\u00eds melhor\u201d, disse.<br \/>\nDo Centro, Fl\u00e1via deve dar continuidade \u00e0 carreata em dire\u00e7\u00e3o ao Jardim Aeroporto, onde apoiadores devem espera-la para um grande encerramento da carreata.<br \/>\nFl\u00e1via disse estar bastante animada. \u201cEste s\u00e1bado \u00e9 a coroa\u00e7\u00e3o de meses de trabalho. De muitas andan\u00e7as, de muitas conversas. De muito carinho. Eu sou muito grata por todos que est\u00e3o comigo nesta jornada. Como sempre digo, a campanha n\u00e3o \u00e9 minha \u00e9 de todos. Assim como ser\u00e1 meu mandato caso seja eleita\u201d.<br \/>\n\u00c0 tarde, Fl\u00e1via deve visitar eleitores em diversos bairros da cidade e \u00e0 noite participa de uma quermesse.<\/p>\n","protected":false},"excerpt":{"rendered":"<p>Candidata \u00e0 deputada federal preparou uma super carreata que far\u00e1 parada estrat\u00e9gica no Centro e seguira at\u00e9 Aeroporto A candidata \u00e0 deputada federal Fl\u00e1via Lancha (PSD)<span class=\"excerpt-hellip\"> [\u2026]<\/span><\/p>\n","protected":false},"author":4,"featured_media":28553,"comment_status":"open","ping_status":"open","sticky":false,"template":"","format":"standard","meta":{"_jetpack_memberships_contains_paid_content":false,"footnotes":"","jetpack_publicize_message":"","jetpack_publicize_feature_enabled":true,"jetpack_social_post_already_shared":false,"jetpack_social_options":{"image_generator_settings":{"template":"highway","default_image_id":0,"enabled":false},"version":2}},"categories":[28,44],"tags":[],"class_list":["post-28552","post","type-post","status-publish","format-standard","has-post-thumbnail","hentry","category-cotidiano","category-noticias"],"yoast_head":"<!-- This site is optimized with the Yoast SEO plugin v25.6 - https:\/\/yoast.com\/wordpress\/plugins\/seo\/ -->\n<title>Fl\u00e1via Lancha promete movimentar a cidade neste s\u00e1bado - VerdadeOn<\/title>\n<meta name=\"robots\" content=\"index, follow, max-snippet:-1, max-image-preview:large, max-video-preview:-1\" \/>\n<link rel=\"canonical\" href=\"https:\/\/verdadeon.com.br\/portal\/2022\/09\/30\/flavia-lancha-promete-movimentar-a-cidade-neste-sabado\/\" \/>\n<meta property=\"og:locale\" content=\"pt_BR\" \/>\n<meta property=\"og:type\" content=\"article\" \/>\n<meta property=\"og:title\" content=\"Fl\u00e1via Lancha promete movimentar a cidade neste s\u00e1bado - VerdadeOn\" \/>\n<meta property=\"og:description\" content=\"Candidata \u00e0 deputada federal preparou uma super carreata que far\u00e1 parada estrat\u00e9gica no Centro e seguira at\u00e9 Aeroporto A candidata \u00e0 deputada federal Fl\u00e1via Lancha (PSD) [\u2026]\" \/>\n<meta property=\"og:url\" content=\"https:\/\/verdadeon.com.br\/portal\/2022\/09\/30\/flavia-lancha-promete-movimentar-a-cidade-neste-sabado\/\" \/>\n<meta property=\"og:site_name\" content=\"VerdadeOn\" \/>\n<meta property=\"article:published_time\" content=\"2022-09-30T22:06:14+00:00\" \/>\n<meta property=\"og:image\" content=\"https:\/\/verdadeon.com.br\/portal\/wp-content\/uploads\/2022\/09\/WhatsApp-Image-2022-09-30-at-19.02.04.jpeg\" \/>\n\t<meta property=\"og:image:width\" content=\"1000\" \/>\n\t<meta property=\"og:image:height\" content=\"670\" \/>\n\t<meta property=\"og:image:type\" content=\"image\/jpeg\" \/>\n<meta name=\"author\" content=\"Fernando Calixto\" \/>\n<meta name=\"twitter:card\" content=\"summary_large_image\" \/>\n<meta name=\"twitter:label1\" content=\"Escrito por\" \/>\n\t<meta name=\"twitter:data1\" content=\"Fernando Calixto\" \/>\n\t<meta name=\"twitter:label2\" content=\"Est. tempo de leitura\" \/>\n\t<meta name=\"twitter:data2\" content=\"2 minutos\" \/>\n<script type=\"application\/ld+json\" class=\"yoast-schema-graph\">{\"@context\":\"https:\/\/schema.org\",\"@graph\":[{\"@type\":\"WebPage\",\"@id\":\"https:\/\/verdadeon.com.br\/portal\/2022\/09\/30\/flavia-lancha-promete-movimentar-a-cidade-neste-sabado\/\",\"url\":\"https:\/\/verdadeon.com.br\/portal\/2022\/09\/30\/flavia-lancha-promete-movimentar-a-cidade-neste-sabado\/\",\"name\":\"Fl\u00e1via Lancha promete movimentar a cidade neste s\u00e1bado - VerdadeOn\",\"isPartOf\":{\"@id\":\"https:\/\/verdadeon.com.br\/portal\/#website\"},\"primaryImageOfPage\":{\"@id\":\"https:\/\/verdadeon.com.br\/portal\/2022\/09\/30\/flavia-lancha-promete-movimentar-a-cidade-neste-sabado\/#primaryimage\"},\"image\":{\"@id\":\"https:\/\/verdadeon.com.br\/portal\/2022\/09\/30\/flavia-lancha-promete-movimentar-a-cidade-neste-sabado\/#primaryimage\"},\"thumbnailUrl\":\"https:\/\/i0.wp.com\/verdadeon.com.br\/portal\/wp-content\/uploads\/2022\/09\/WhatsApp-Image-2022-09-30-at-19.02.04.jpeg?fit=1000%2C670&ssl=1\",\"datePublished\":\"2022-09-30T22:06:14+00:00\",\"author\":{\"@id\":\"https:\/\/verdadeon.com.br\/portal\/#\/schema\/person\/8994718f49ee62ba5610471e29ca1f62\"},\"breadcrumb\":{\"@id\":\"https:\/\/verdadeon.com.br\/portal\/2022\/09\/30\/flavia-lancha-promete-movimentar-a-cidade-neste-sabado\/#breadcrumb\"},\"inLanguage\":\"pt-BR\",\"potentialAction\":[{\"@type\":\"ReadAction\",\"target\":[\"https:\/\/verdadeon.com.br\/portal\/2022\/09\/30\/flavia-lancha-promete-movimentar-a-cidade-neste-sabado\/\"]}]},{\"@type\":\"ImageObject\",\"inLanguage\":\"pt-BR\",\"@id\":\"https:\/\/verdadeon.com.br\/portal\/2022\/09\/30\/flavia-lancha-promete-movimentar-a-cidade-neste-sabado\/#primaryimage\",\"url\":\"https:\/\/i0.wp.com\/verdadeon.com.br\/portal\/wp-content\/uploads\/2022\/09\/WhatsApp-Image-2022-09-30-at-19.02.04.jpeg?fit=1000%2C670&ssl=1\",\"contentUrl\":\"https:\/\/i0.wp.com\/verdadeon.com.br\/portal\/wp-content\/uploads\/2022\/09\/WhatsApp-Image-2022-09-30-at-19.02.04.jpeg?fit=1000%2C670&ssl=1\",\"width\":1000,\"height\":670,\"caption\":\"Carreata da FL\u00c1VIA em Guar\u00e1\"},{\"@type\":\"BreadcrumbList\",\"@id\":\"https:\/\/verdadeon.com.br\/portal\/2022\/09\/30\/flavia-lancha-promete-movimentar-a-cidade-neste-sabado\/#breadcrumb\",\"itemListElement\":[{\"@type\":\"ListItem\",\"position\":1,\"name\":\"In\u00edcio\",\"item\":\"https:\/\/verdadeon.com.br\/portal\/\"},{\"@type\":\"ListItem\",\"position\":2,\"name\":\"Fl\u00e1via Lancha promete movimentar a cidade neste s\u00e1bado\"}]},{\"@type\":\"WebSite\",\"@id\":\"https:\/\/verdadeon.com.br\/portal\/#website\",\"url\":\"https:\/\/verdadeon.com.br\/portal\/\",\"name\":\"VerdadeOn\",\"description\":\"Not\u00edcias di\u00e1rias sobre Franca, Regi\u00e3o, Esporte, Cultura, Cotidiano, Colunas. Cobertura nos principais eventos da cidade \u00e9 aqui - Verdadeon Franca\",\"potentialAction\":[{\"@type\":\"SearchAction\",\"target\":{\"@type\":\"EntryPoint\",\"urlTemplate\":\"https:\/\/verdadeon.com.br\/portal\/?s={search_term_string}\"},\"query-input\":{\"@type\":\"PropertyValueSpecification\",\"valueRequired\":true,\"valueName\":\"search_term_string\"}}],\"inLanguage\":\"pt-BR\"},{\"@type\":\"Person\",\"@id\":\"https:\/\/verdadeon.com.br\/portal\/#\/schema\/person\/8994718f49ee62ba5610471e29ca1f62\",\"name\":\"Fernando Calixto\",\"image\":{\"@type\":\"ImageObject\",\"inLanguage\":\"pt-BR\",\"@id\":\"https:\/\/verdadeon.com.br\/portal\/#\/schema\/person\/image\/\",\"url\":\"https:\/\/secure.gravatar.com\/avatar\/7578910c24966c0316c340f9dbd601e93ee9f9212e1033968b367af9306bd9fb?s=96&d=mm&r=g\",\"contentUrl\":\"https:\/\/secure.gravatar.com\/avatar\/7578910c24966c0316c340f9dbd601e93ee9f9212e1033968b367af9306bd9fb?s=96&d=mm&r=g\",\"caption\":\"Fernando Calixto\"},\"url\":\"https:\/\/verdadeon.com.br\/portal\/author\/fernando-calixto\/\"}]}<\/script>\n<!-- \/ Yoast SEO plugin. -->","yoast_head_json":{"title":"Fl\u00e1via Lancha promete movimentar a cidade neste s\u00e1bado - VerdadeOn","robots":{"index":"index","follow":"follow","max-snippet":"max-snippet:-1","max-image-preview":"max-image-preview:large","max-video-preview":"max-video-preview:-1"},"canonical":"https:\/\/verdadeon.com.br\/portal\/2022\/09\/30\/flavia-lancha-promete-movimentar-a-cidade-neste-sabado\/","og_locale":"pt_BR","og_type":"article","og_title":"Fl\u00e1via Lancha promete movimentar a cidade neste s\u00e1bado - VerdadeOn","og_description":"Candidata \u00e0 deputada federal preparou uma super carreata que far\u00e1 parada estrat\u00e9gica no Centro e seguira at\u00e9 Aeroporto A candidata \u00e0 deputada federal Fl\u00e1via Lancha (PSD) [\u2026]","og_url":"https:\/\/verdadeon.com.br\/portal\/2022\/09\/30\/flavia-lancha-promete-movimentar-a-cidade-neste-sabado\/","og_site_name":"VerdadeOn","article_published_time":"2022-09-30T22:06:14+00:00","og_image":[{"width":1000,"height":670,"url":"https:\/\/verdadeon.com.br\/portal\/wp-content\/uploads\/2022\/09\/WhatsApp-Image-2022-09-30-at-19.02.04.jpeg","type":"image\/jpeg"}],"author":"Fernando Calixto","twitter_card":"summary_large_image","twitter_misc":{"Escrito por":"Fernando Calixto","Est. tempo de leitura":"2 minutos"},"schema":{"@context":"https:\/\/schema.org","@graph":[{"@type":"WebPage","@id":"https:\/\/verdadeon.com.br\/portal\/2022\/09\/30\/flavia-lancha-promete-movimentar-a-cidade-neste-sabado\/","url":"https:\/\/verdadeon.com.br\/portal\/2022\/09\/30\/flavia-lancha-promete-movimentar-a-cidade-neste-sabado\/","name":"Fl\u00e1via Lancha promete movimentar a cidade neste s\u00e1bado - VerdadeOn","isPartOf":{"@id":"https:\/\/verdadeon.com.br\/portal\/#website"},"primaryImageOfPage":{"@id":"https:\/\/verdadeon.com.br\/portal\/2022\/09\/30\/flavia-lancha-promete-movimentar-a-cidade-neste-sabado\/#primaryimage"},"image":{"@id":"https:\/\/verdadeon.com.br\/portal\/2022\/09\/30\/flavia-lancha-promete-movimentar-a-cidade-neste-sabado\/#primaryimage"},"thumbnailUrl":"https:\/\/i0.wp.com\/verdadeon.com.br\/portal\/wp-content\/uploads\/2022\/09\/WhatsApp-Image-2022-09-30-at-19.02.04.jpeg?fit=1000%2C670&ssl=1","datePublished":"2022-09-30T22:06:14+00:00","author":{"@id":"https:\/\/verdadeon.com.br\/portal\/#\/schema\/person\/8994718f49ee62ba5610471e29ca1f62"},"breadcrumb":{"@id":"https:\/\/verdadeon.com.br\/portal\/2022\/09\/30\/flavia-lancha-promete-movimentar-a-cidade-neste-sabado\/#breadcrumb"},"inLanguage":"pt-BR","potentialAction":[{"@type":"ReadAction","target":["https:\/\/verdadeon.com.br\/portal\/2022\/09\/30\/flavia-lancha-promete-movimentar-a-cidade-neste-sabado\/"]}]},{"@type":"ImageObject","inLanguage":"pt-BR","@id":"https:\/\/verdadeon.com.br\/portal\/2022\/09\/30\/flavia-lancha-promete-movimentar-a-cidade-neste-sabado\/#primaryimage","url":"https:\/\/i0.wp.com\/verdadeon.com.br\/portal\/wp-content\/uploads\/2022\/09\/WhatsApp-Image-2022-09-30-at-19.02.04.jpeg?fit=1000%2C670&ssl=1","contentUrl":"https:\/\/i0.wp.com\/verdadeon.com.br\/portal\/wp-content\/uploads\/2022\/09\/WhatsApp-Image-2022-09-30-at-19.02.04.jpeg?fit=1000%2C670&ssl=1","width":1000,"height":670,"caption":"Carreata da FL\u00c1VIA em Guar\u00e1"},{"@type":"BreadcrumbList","@id":"https:\/\/verdadeon.com.br\/portal\/2022\/09\/30\/flavia-lancha-promete-movimentar-a-cidade-neste-sabado\/#breadcrumb","itemListElement":[{"@type":"ListItem","position":1,"name":"In\u00edcio","item":"https:\/\/verdadeon.com.br\/portal\/"},{"@type":"ListItem","position":2,"name":"Fl\u00e1via Lancha promete movimentar a cidade neste s\u00e1bado"}]},{"@type":"WebSite","@id":"https:\/\/verdadeon.com.br\/portal\/#website","url":"https:\/\/verdadeon.com.br\/portal\/","name":"VerdadeOn","description":"Not\u00edcias di\u00e1rias sobre Franca, Regi\u00e3o, Esporte, Cultura, Cotidiano, Colunas. Cobertura nos principais eventos da cidade \u00e9 aqui - Verdadeon Franca","potentialAction":[{"@type":"SearchAction","target":{"@type":"EntryPoint","urlTemplate":"https:\/\/verdadeon.com.br\/portal\/?s={search_term_string}"},"query-input":{"@type":"PropertyValueSpecification","valueRequired":true,"valueName":"search_term_string"}}],"inLanguage":"pt-BR"},{"@type":"Person","@id":"https:\/\/verdadeon.com.br\/portal\/#\/schema\/person\/8994718f49ee62ba5610471e29ca1f62","name":"Fernando Calixto","image":{"@type":"ImageObject","inLanguage":"pt-BR","@id":"https:\/\/verdadeon.com.br\/portal\/#\/schema\/person\/image\/","url":"https:\/\/secure.gravatar.com\/avatar\/7578910c24966c0316c340f9dbd601e93ee9f9212e1033968b367af9306bd9fb?s=96&d=mm&r=g","contentUrl":"https:\/\/secure.gravatar.com\/avatar\/7578910c24966c0316c340f9dbd601e93ee9f9212e1033968b367af9306bd9fb?s=96&d=mm&r=g","caption":"Fernando Calixto"},"url":"https:\/\/verdadeon.com.br\/portal\/author\/fernando-calixto\/"}]}},"jetpack_publicize_connections":[],"jetpack_featured_media_url":"https:\/\/i0.wp.com\/verdadeon.com.br\/portal\/wp-content\/uploads\/2022\/09\/WhatsApp-Image-2022-09-30-at-19.02.04.jpeg?fit=1000%2C670&ssl=1","jetpack_sharing_enabled":true,"_links":{"self":[{"href":"https:\/\/verdadeon.com.br\/portal\/wp-json\/wp\/v2\/posts\/28552","targetHints":{"allow":["GET"]}}],"collection":[{"href":"https:\/\/verdadeon.com.br\/portal\/wp-json\/wp\/v2\/posts"}],"about":[{"href":"https:\/\/verdadeon.com.br\/portal\/wp-json\/wp\/v2\/types\/post"}],"author":[{"embeddable":true,"href":"https:\/\/verdadeon.com.br\/portal\/wp-json\/wp\/v2\/users\/4"}],"replies":[{"embeddable":true,"href":"https:\/\/verdadeon.com.br\/portal\/wp-json\/wp\/v2\/comments?post=28552"}],"version-history":[{"count":1,"href":"https:\/\/verdadeon.com.br\/portal\/wp-json\/wp\/v2\/posts\/28552\/revisions"}],"predecessor-version":[{"id":28554,"href":"https:\/\/verdadeon.com.br\/portal\/wp-json\/wp\/v2\/posts\/28552\/revisions\/28554"}],"wp:featuredmedia":[{"embeddable":true,"href":"https:\/\/verdadeon.com.br\/portal\/wp-json\/wp\/v2\/media\/28553"}],"wp:attachment":[{"href":"https:\/\/verdadeon.com.br\/portal\/wp-json\/wp\/v2\/media?parent=28552"}],"wp:term":[{"taxonomy":"category","embeddable":true,"href":"https:\/\/verdadeon.com.br\/portal\/wp-json\/wp\/v2\/categories?post=28552"},{"taxonomy":"post_tag","embeddable":true,"href":"https:\/\/verdadeon.com.br\/portal\/wp-json\/wp\/v2\/tags?post=28552"}],"curies":[{"name":"wp","href":"https:\/\/api.w.org\/{rel}","templated":true}]}}