{"id":28542,"date":"2022-09-30T18:13:53","date_gmt":"2022-09-30T21:13:53","guid":{"rendered":"https:\/\/verdadeon.com.br\/portal\/?p=28542"},"modified":"2022-09-30T18:13:53","modified_gmt":"2022-09-30T21:13:53","slug":"camara-vota-destinacao-de-verbas-de-r-39-milhoes-para-varias-areas","status":"publish","type":"post","link":"https:\/\/verdadeon.com.br\/portal\/2022\/09\/30\/camara-vota-destinacao-de-verbas-de-r-39-milhoes-para-varias-areas\/","title":{"rendered":"C\u00e2mara vota destina\u00e7\u00e3o de verbas de R$ 3,9 milh\u00f5es para v\u00e1rias \u00e1reas"},"content":{"rendered":"<h2>No per\u00edodo da manh\u00e3 acontece o Expediente com as leituras dos documentos e of\u00edcios, al\u00e9m de uso da Tribuna<\/h2>\n<p>A C\u00e2mara Municipal de Franca vota na pr\u00f3xima sess\u00e3o o Projeto de Lei autorizando a abertura de cr\u00e9ditos adicionais no Or\u00e7amento, no valor total de at\u00e9 R$ 3.983.266,92. O executivo justificou que R$ 1.200 ser\u00e3o destinados \u00e0s despesas de custeio da aten\u00e7\u00e3o b\u00e1sica em sa\u00fade. Cr\u00e9dito no valor de R$ 249.919,00 destinado a despesas de estrutura\u00e7\u00e3o das unidades para compra de equipamentos oftalmol\u00f3gicos e amplia\u00e7\u00e3o das salas de atendimento.<\/p>\n<p>\u201cCr\u00e9dito no valor de R$ 134.890,67 destinado \u00e0s a\u00e7\u00f5es de combate \u00e0 pandemia do Coronav\u00edrus. Cr\u00e9dito no valor de R$ 760.310,40 destinado \u00e0 aquisi\u00e7\u00e3o de medicamentos para distribui\u00e7\u00e3o nas unidades de sa\u00fade. Cr\u00e9dito no valor de R$ 138.146,85 destinado a complementar os recursos previstos para a realiza\u00e7\u00e3o da obra de drenagem e pavimenta\u00e7\u00e3o do Recanto da Colina, conforme Processo Administrativo n\u00ba 2017053043\u201d, justificou.<\/p>\n<h4>Cria\u00e7\u00e3o de cargos<\/h4>\n<p>Ap\u00f3s ser adiado por uma sess\u00e3o retorna a pauta para segunda vota\u00e7\u00e3o o\u00a0Projeto de Lei Complementar que cria 17 cargos em comiss\u00e3o para v\u00e1rias secretarias, entre elas, sa\u00fade, educa\u00e7\u00e3o, finan\u00e7as e infraestrutura, al\u00e9m da cria\u00e7\u00e3o de 3 fun\u00e7\u00f5es gratificadas.O texto ainda prev\u00ea como parte da adequa\u00e7\u00e3o a extin\u00e7\u00e3o de 25 fun\u00e7\u00f5es gratificadas e prop\u00f5e novos quadros de composi\u00e7\u00e3o das secretarias municipais.<\/p>\n","protected":false},"excerpt":{"rendered":"<p>No per\u00edodo da manh\u00e3 acontece o Expediente com as leituras dos documentos e of\u00edcios, al\u00e9m de uso da Tribuna A C\u00e2mara Municipal de Franca vota na<span class=\"excerpt-hellip\"> [\u2026]<\/span><\/p>\n","protected":false},"author":7,"featured_media":24719,"comment_status":"open","ping_status":"open","sticky":false,"template":"","format":"standard","meta":{"_jetpack_memberships_contains_paid_content":false,"footnotes":"","jetpack_publicize_message":"","jetpack_publicize_feature_enabled":true,"jetpack_social_post_already_shared":false,"jetpack_social_options":{"image_generator_settings":{"template":"highway","default_image_id":0,"enabled":false},"version":2}},"categories":[28,81],"tags":[],"class_list":["post-28542","post","type-post","status-publish","format-standard","has-post-thumbnail","hentry","category-cotidiano","category-manchete"],"yoast_head":"<!-- This site is optimized with the Yoast SEO plugin v25.6 - https:\/\/yoast.com\/wordpress\/plugins\/seo\/ -->\n<title>C\u00e2mara vota destina\u00e7\u00e3o de verbas de R$ 3,9 milh\u00f5es para v\u00e1rias \u00e1reas - VerdadeOn<\/title>\n<meta name=\"robots\" content=\"index, follow, max-snippet:-1, max-image-preview:large, max-video-preview:-1\" \/>\n<link rel=\"canonical\" href=\"https:\/\/verdadeon.com.br\/portal\/2022\/09\/30\/camara-vota-destinacao-de-verbas-de-r-39-milhoes-para-varias-areas\/\" \/>\n<meta property=\"og:locale\" content=\"pt_BR\" \/>\n<meta property=\"og:type\" content=\"article\" \/>\n<meta property=\"og:title\" content=\"C\u00e2mara vota destina\u00e7\u00e3o de verbas de R$ 3,9 milh\u00f5es para v\u00e1rias \u00e1reas - VerdadeOn\" \/>\n<meta property=\"og:description\" content=\"No per\u00edodo da manh\u00e3 acontece o Expediente com as leituras dos documentos e of\u00edcios, al\u00e9m de uso da Tribuna A C\u00e2mara Municipal de Franca vota na [\u2026]\" \/>\n<meta property=\"og:url\" content=\"https:\/\/verdadeon.com.br\/portal\/2022\/09\/30\/camara-vota-destinacao-de-verbas-de-r-39-milhoes-para-varias-areas\/\" \/>\n<meta property=\"og:site_name\" content=\"VerdadeOn\" \/>\n<meta property=\"article:published_time\" content=\"2022-09-30T21:13:53+00:00\" \/>\n<meta property=\"og:image\" content=\"https:\/\/verdadeon.com.br\/portal\/wp-content\/uploads\/2022\/04\/audienciatrabalho.jpeg\" \/>\n\t<meta property=\"og:image:width\" content=\"1000\" \/>\n\t<meta property=\"og:image:height\" content=\"670\" \/>\n\t<meta property=\"og:image:type\" content=\"image\/jpeg\" \/>\n<meta name=\"author\" content=\"Fernando Lima\" \/>\n<meta name=\"twitter:card\" content=\"summary_large_image\" \/>\n<meta name=\"twitter:label1\" content=\"Escrito por\" \/>\n\t<meta name=\"twitter:data1\" content=\"Fernando Lima\" \/>\n\t<meta name=\"twitter:label2\" content=\"Est. tempo de leitura\" \/>\n\t<meta name=\"twitter:data2\" content=\"2 minutos\" \/>\n<script type=\"application\/ld+json\" class=\"yoast-schema-graph\">{\"@context\":\"https:\/\/schema.org\",\"@graph\":[{\"@type\":\"WebPage\",\"@id\":\"https:\/\/verdadeon.com.br\/portal\/2022\/09\/30\/camara-vota-destinacao-de-verbas-de-r-39-milhoes-para-varias-areas\/\",\"url\":\"https:\/\/verdadeon.com.br\/portal\/2022\/09\/30\/camara-vota-destinacao-de-verbas-de-r-39-milhoes-para-varias-areas\/\",\"name\":\"C\u00e2mara vota destina\u00e7\u00e3o de verbas de R$ 3,9 milh\u00f5es para v\u00e1rias \u00e1reas - VerdadeOn\",\"isPartOf\":{\"@id\":\"https:\/\/verdadeon.com.br\/portal\/#website\"},\"primaryImageOfPage\":{\"@id\":\"https:\/\/verdadeon.com.br\/portal\/2022\/09\/30\/camara-vota-destinacao-de-verbas-de-r-39-milhoes-para-varias-areas\/#primaryimage\"},\"image\":{\"@id\":\"https:\/\/verdadeon.com.br\/portal\/2022\/09\/30\/camara-vota-destinacao-de-verbas-de-r-39-milhoes-para-varias-areas\/#primaryimage\"},\"thumbnailUrl\":\"https:\/\/i0.wp.com\/verdadeon.com.br\/portal\/wp-content\/uploads\/2022\/04\/audienciatrabalho.jpeg?fit=1000%2C670&ssl=1\",\"datePublished\":\"2022-09-30T21:13:53+00:00\",\"author\":{\"@id\":\"https:\/\/verdadeon.com.br\/portal\/#\/schema\/person\/cc32be22b8e8599387c480bc83e1d11a\"},\"breadcrumb\":{\"@id\":\"https:\/\/verdadeon.com.br\/portal\/2022\/09\/30\/camara-vota-destinacao-de-verbas-de-r-39-milhoes-para-varias-areas\/#breadcrumb\"},\"inLanguage\":\"pt-BR\",\"potentialAction\":[{\"@type\":\"ReadAction\",\"target\":[\"https:\/\/verdadeon.com.br\/portal\/2022\/09\/30\/camara-vota-destinacao-de-verbas-de-r-39-milhoes-para-varias-areas\/\"]}]},{\"@type\":\"ImageObject\",\"inLanguage\":\"pt-BR\",\"@id\":\"https:\/\/verdadeon.com.br\/portal\/2022\/09\/30\/camara-vota-destinacao-de-verbas-de-r-39-milhoes-para-varias-areas\/#primaryimage\",\"url\":\"https:\/\/i0.wp.com\/verdadeon.com.br\/portal\/wp-content\/uploads\/2022\/04\/audienciatrabalho.jpeg?fit=1000%2C670&ssl=1\",\"contentUrl\":\"https:\/\/i0.wp.com\/verdadeon.com.br\/portal\/wp-content\/uploads\/2022\/04\/audienciatrabalho.jpeg?fit=1000%2C670&ssl=1\",\"width\":1000,\"height\":670,\"caption\":\"No per\u00edodo da tarde a partir das 14h, ser\u00e3o debatidos e votados os temas que passaram por an\u00e1lise das comiss\u00f5es da Casa de Leis e ou propostas que sejam inclu\u00eddas em regime de urg\u00eancia | Foto: C\u00e2mara\"},{\"@type\":\"BreadcrumbList\",\"@id\":\"https:\/\/verdadeon.com.br\/portal\/2022\/09\/30\/camara-vota-destinacao-de-verbas-de-r-39-milhoes-para-varias-areas\/#breadcrumb\",\"itemListElement\":[{\"@type\":\"ListItem\",\"position\":1,\"name\":\"In\u00edcio\",\"item\":\"https:\/\/verdadeon.com.br\/portal\/\"},{\"@type\":\"ListItem\",\"position\":2,\"name\":\"C\u00e2mara vota destina\u00e7\u00e3o de verbas de R$ 3,9 milh\u00f5es para v\u00e1rias \u00e1reas\"}]},{\"@type\":\"WebSite\",\"@id\":\"https:\/\/verdadeon.com.br\/portal\/#website\",\"url\":\"https:\/\/verdadeon.com.br\/portal\/\",\"name\":\"VerdadeOn\",\"description\":\"Not\u00edcias di\u00e1rias sobre Franca, Regi\u00e3o, Esporte, Cultura, Cotidiano, Colunas. Cobertura nos principais eventos da cidade \u00e9 aqui - Verdadeon Franca\",\"potentialAction\":[{\"@type\":\"SearchAction\",\"target\":{\"@type\":\"EntryPoint\",\"urlTemplate\":\"https:\/\/verdadeon.com.br\/portal\/?s={search_term_string}\"},\"query-input\":{\"@type\":\"PropertyValueSpecification\",\"valueRequired\":true,\"valueName\":\"search_term_string\"}}],\"inLanguage\":\"pt-BR\"},{\"@type\":\"Person\",\"@id\":\"https:\/\/verdadeon.com.br\/portal\/#\/schema\/person\/cc32be22b8e8599387c480bc83e1d11a\",\"name\":\"Fernando Lima\",\"image\":{\"@type\":\"ImageObject\",\"inLanguage\":\"pt-BR\",\"@id\":\"https:\/\/verdadeon.com.br\/portal\/#\/schema\/person\/image\/\",\"url\":\"https:\/\/secure.gravatar.com\/avatar\/df4c8e132080d2b3a4841d5d232045464e0eed11a1d6e43115ca0843d48768d3?s=96&d=mm&r=g\",\"contentUrl\":\"https:\/\/secure.gravatar.com\/avatar\/df4c8e132080d2b3a4841d5d232045464e0eed11a1d6e43115ca0843d48768d3?s=96&d=mm&r=g\",\"caption\":\"Fernando Lima\"},\"sameAs\":[\"http:\/\/verdadeon.com.br\/\"],\"url\":\"https:\/\/verdadeon.com.br\/portal\/author\/fernando-lima\/\"}]}<\/script>\n<!-- \/ Yoast SEO plugin. -->","yoast_head_json":{"title":"C\u00e2mara vota destina\u00e7\u00e3o de verbas de R$ 3,9 milh\u00f5es para v\u00e1rias \u00e1reas - VerdadeOn","robots":{"index":"index","follow":"follow","max-snippet":"max-snippet:-1","max-image-preview":"max-image-preview:large","max-video-preview":"max-video-preview:-1"},"canonical":"https:\/\/verdadeon.com.br\/portal\/2022\/09\/30\/camara-vota-destinacao-de-verbas-de-r-39-milhoes-para-varias-areas\/","og_locale":"pt_BR","og_type":"article","og_title":"C\u00e2mara vota destina\u00e7\u00e3o de verbas de R$ 3,9 milh\u00f5es para v\u00e1rias \u00e1reas - VerdadeOn","og_description":"No per\u00edodo da manh\u00e3 acontece o Expediente com as leituras dos documentos e of\u00edcios, al\u00e9m de uso da Tribuna A C\u00e2mara Municipal de Franca vota na [\u2026]","og_url":"https:\/\/verdadeon.com.br\/portal\/2022\/09\/30\/camara-vota-destinacao-de-verbas-de-r-39-milhoes-para-varias-areas\/","og_site_name":"VerdadeOn","article_published_time":"2022-09-30T21:13:53+00:00","og_image":[{"width":1000,"height":670,"url":"https:\/\/verdadeon.com.br\/portal\/wp-content\/uploads\/2022\/04\/audienciatrabalho.jpeg","type":"image\/jpeg"}],"author":"Fernando Lima","twitter_card":"summary_large_image","twitter_misc":{"Escrito por":"Fernando Lima","Est. tempo de leitura":"2 minutos"},"schema":{"@context":"https:\/\/schema.org","@graph":[{"@type":"WebPage","@id":"https:\/\/verdadeon.com.br\/portal\/2022\/09\/30\/camara-vota-destinacao-de-verbas-de-r-39-milhoes-para-varias-areas\/","url":"https:\/\/verdadeon.com.br\/portal\/2022\/09\/30\/camara-vota-destinacao-de-verbas-de-r-39-milhoes-para-varias-areas\/","name":"C\u00e2mara vota destina\u00e7\u00e3o de verbas de R$ 3,9 milh\u00f5es para v\u00e1rias \u00e1reas - VerdadeOn","isPartOf":{"@id":"https:\/\/verdadeon.com.br\/portal\/#website"},"primaryImageOfPage":{"@id":"https:\/\/verdadeon.com.br\/portal\/2022\/09\/30\/camara-vota-destinacao-de-verbas-de-r-39-milhoes-para-varias-areas\/#primaryimage"},"image":{"@id":"https:\/\/verdadeon.com.br\/portal\/2022\/09\/30\/camara-vota-destinacao-de-verbas-de-r-39-milhoes-para-varias-areas\/#primaryimage"},"thumbnailUrl":"https:\/\/i0.wp.com\/verdadeon.com.br\/portal\/wp-content\/uploads\/2022\/04\/audienciatrabalho.jpeg?fit=1000%2C670&ssl=1","datePublished":"2022-09-30T21:13:53+00:00","author":{"@id":"https:\/\/verdadeon.com.br\/portal\/#\/schema\/person\/cc32be22b8e8599387c480bc83e1d11a"},"breadcrumb":{"@id":"https:\/\/verdadeon.com.br\/portal\/2022\/09\/30\/camara-vota-destinacao-de-verbas-de-r-39-milhoes-para-varias-areas\/#breadcrumb"},"inLanguage":"pt-BR","potentialAction":[{"@type":"ReadAction","target":["https:\/\/verdadeon.com.br\/portal\/2022\/09\/30\/camara-vota-destinacao-de-verbas-de-r-39-milhoes-para-varias-areas\/"]}]},{"@type":"ImageObject","inLanguage":"pt-BR","@id":"https:\/\/verdadeon.com.br\/portal\/2022\/09\/30\/camara-vota-destinacao-de-verbas-de-r-39-milhoes-para-varias-areas\/#primaryimage","url":"https:\/\/i0.wp.com\/verdadeon.com.br\/portal\/wp-content\/uploads\/2022\/04\/audienciatrabalho.jpeg?fit=1000%2C670&ssl=1","contentUrl":"https:\/\/i0.wp.com\/verdadeon.com.br\/portal\/wp-content\/uploads\/2022\/04\/audienciatrabalho.jpeg?fit=1000%2C670&ssl=1","width":1000,"height":670,"caption":"No per\u00edodo da tarde a partir das 14h, ser\u00e3o debatidos e votados os temas que passaram por an\u00e1lise das comiss\u00f5es da Casa de Leis e ou propostas que sejam inclu\u00eddas em regime de urg\u00eancia | Foto: C\u00e2mara"},{"@type":"BreadcrumbList","@id":"https:\/\/verdadeon.com.br\/portal\/2022\/09\/30\/camara-vota-destinacao-de-verbas-de-r-39-milhoes-para-varias-areas\/#breadcrumb","itemListElement":[{"@type":"ListItem","position":1,"name":"In\u00edcio","item":"https:\/\/verdadeon.com.br\/portal\/"},{"@type":"ListItem","position":2,"name":"C\u00e2mara vota destina\u00e7\u00e3o de verbas de R$ 3,9 milh\u00f5es para v\u00e1rias \u00e1reas"}]},{"@type":"WebSite","@id":"https:\/\/verdadeon.com.br\/portal\/#website","url":"https:\/\/verdadeon.com.br\/portal\/","name":"VerdadeOn","description":"Not\u00edcias di\u00e1rias sobre Franca, Regi\u00e3o, Esporte, Cultura, Cotidiano, Colunas. Cobertura nos principais eventos da cidade \u00e9 aqui - Verdadeon Franca","potentialAction":[{"@type":"SearchAction","target":{"@type":"EntryPoint","urlTemplate":"https:\/\/verdadeon.com.br\/portal\/?s={search_term_string}"},"query-input":{"@type":"PropertyValueSpecification","valueRequired":true,"valueName":"search_term_string"}}],"inLanguage":"pt-BR"},{"@type":"Person","@id":"https:\/\/verdadeon.com.br\/portal\/#\/schema\/person\/cc32be22b8e8599387c480bc83e1d11a","name":"Fernando Lima","image":{"@type":"ImageObject","inLanguage":"pt-BR","@id":"https:\/\/verdadeon.com.br\/portal\/#\/schema\/person\/image\/","url":"https:\/\/secure.gravatar.com\/avatar\/df4c8e132080d2b3a4841d5d232045464e0eed11a1d6e43115ca0843d48768d3?s=96&d=mm&r=g","contentUrl":"https:\/\/secure.gravatar.com\/avatar\/df4c8e132080d2b3a4841d5d232045464e0eed11a1d6e43115ca0843d48768d3?s=96&d=mm&r=g","caption":"Fernando Lima"},"sameAs":["http:\/\/verdadeon.com.br\/"],"url":"https:\/\/verdadeon.com.br\/portal\/author\/fernando-lima\/"}]}},"jetpack_publicize_connections":[],"jetpack_featured_media_url":"https:\/\/i0.wp.com\/verdadeon.com.br\/portal\/wp-content\/uploads\/2022\/04\/audienciatrabalho.jpeg?fit=1000%2C670&ssl=1","jetpack_sharing_enabled":true,"_links":{"self":[{"href":"https:\/\/verdadeon.com.br\/portal\/wp-json\/wp\/v2\/posts\/28542","targetHints":{"allow":["GET"]}}],"collection":[{"href":"https:\/\/verdadeon.com.br\/portal\/wp-json\/wp\/v2\/posts"}],"about":[{"href":"https:\/\/verdadeon.com.br\/portal\/wp-json\/wp\/v2\/types\/post"}],"author":[{"embeddable":true,"href":"https:\/\/verdadeon.com.br\/portal\/wp-json\/wp\/v2\/users\/7"}],"replies":[{"embeddable":true,"href":"https:\/\/verdadeon.com.br\/portal\/wp-json\/wp\/v2\/comments?post=28542"}],"version-history":[{"count":1,"href":"https:\/\/verdadeon.com.br\/portal\/wp-json\/wp\/v2\/posts\/28542\/revisions"}],"predecessor-version":[{"id":28543,"href":"https:\/\/verdadeon.com.br\/portal\/wp-json\/wp\/v2\/posts\/28542\/revisions\/28543"}],"wp:featuredmedia":[{"embeddable":true,"href":"https:\/\/verdadeon.com.br\/portal\/wp-json\/wp\/v2\/media\/24719"}],"wp:attachment":[{"href":"https:\/\/verdadeon.com.br\/portal\/wp-json\/wp\/v2\/media?parent=28542"}],"wp:term":[{"taxonomy":"category","embeddable":true,"href":"https:\/\/verdadeon.com.br\/portal\/wp-json\/wp\/v2\/categories?post=28542"},{"taxonomy":"post_tag","embeddable":true,"href":"https:\/\/verdadeon.com.br\/portal\/wp-json\/wp\/v2\/tags?post=28542"}],"curies":[{"name":"wp","href":"https:\/\/api.w.org\/{rel}","templated":true}]}}