{"id":28534,"date":"2022-10-01T15:00:09","date_gmt":"2022-10-01T18:00:09","guid":{"rendered":"https:\/\/verdadeon.com.br\/portal\/?p=28534"},"modified":"2022-10-01T13:34:05","modified_gmt":"2022-10-01T16:34:05","slug":"a-democracia-e-feita-de-divergencias-se-nao-tiver-o-divergente-voce-deixa-de-ter-a-democracia-diz-jonas-marangoni","status":"publish","type":"post","link":"https:\/\/verdadeon.com.br\/portal\/2022\/10\/01\/a-democracia-e-feita-de-divergencias-se-nao-tiver-o-divergente-voce-deixa-de-ter-a-democracia-diz-jonas-marangoni\/","title":{"rendered":"&#8216;A democracia \u00e9 feita de diverg\u00eancias, se n\u00e3o tiver o divergente, voc\u00ea deixa de ter a democracia&#8217;, diz Jonas Marangoni"},"content":{"rendered":"<h2>Historiador comenta momento pol\u00edtico no Brasil e elei\u00e7\u00f5es: &#8216;Espero que, independentemente de qualquer resultado, quem estiver l\u00e1, consiga entender o momento e fazer o melhor para o nosso pa\u00eds&#8217;<\/h2>\n<p>&nbsp;<\/p>\n<p>Milh\u00f5es de eleitores v\u00e3o \u00e0s urnas neste domingo (2) e o processo eleitoral promete ser um dos mais complicados de todos os tempos, por conta da polariza\u00e7\u00e3o. Ainda assim, existem muitos pontos positivos, como fortalecimento da nossa democracia, al\u00e9m do interesse de jovens pela pol\u00edtica, que parece ter sido ampliado nos \u00faltimos anos.<\/p>\n<p>Para falar sobre o tema Elei\u00e7\u00f5es, o Jornal Verdade traz\u00a0 uma entrevista com o historiador Jonas Marangoni, que entre outros pontos destacou a sua vis\u00e3o sobre o processo eleitoral e o amadurecimento da nossa democracia.<\/p>\n<p>Confira:<\/p>\n<p><strong>Domingo \u00e9 dia de elei\u00e7\u00e3o. No seu ponto de vista, como os eleitores chegam hoje \u00e0s urnas?<\/strong><\/p>\n<p>Essa elei\u00e7\u00e3o \u00e9 um pouco diferente para os brasileiros, ela marca uma polariza\u00e7\u00e3o que veio aumentando nas \u00faltimas duas d\u00e9cadas, pensando que n\u00f3s tivemos um longo per\u00edodo sem elei\u00e7\u00f5es presidenciais, elas voltam em 89, e aos poucos foi se criando uma polariza\u00e7\u00e3o primeiro entre PT e o PSDB, e na \u00faltima elei\u00e7\u00e3o essa polariza\u00e7\u00e3o passou do PT contra o que chamamos de Bolsonarismo. Isso foi aumentando e nessa elei\u00e7\u00e3o a polariza\u00e7\u00e3o \u00e9 mais do que latente, inclusive com crimes sendo cometidos e pessoas brigando por causa dos seus candidatos. \u00c9 uma elei\u00e7\u00e3o que tem muita tens\u00e3o por tr\u00e1s, temos que tomar muito cuidado, n\u00e3o \u00e9 legal para a democracia. Ver o inimigo pol\u00edtico como uma amea\u00e7a, como algo que tem que ser exterminado \u00e9 muito perigoso, \u00e9 muito complicado quando se pensa o processo eleitoral assim. A democracia \u00e9 feita de diverg\u00eancias, se n\u00e3o tiver o divergente, voc\u00ea deixa de ter a democracia, a\u00ed voc\u00ea passa a ter uma ditadura ou autoritarismo de um grupo, ent\u00e3o ter pensamentos diferentes faz com que a democracia avance. Nessa elei\u00e7\u00e3o parece que as pessoas n\u00e3o est\u00e3o muito interessadas em conviver com o diferente, cada um se fechou na sua bolha e passou a ver o diferente como um inimigo mortal. Essa elei\u00e7\u00e3o traz essa tens\u00e3o, al\u00e9m de trazer uma outra tens\u00e3o desnecess\u00e1ria, que \u00e9 a d\u00favida que alguns colocam no sistema eleitoral sobre fraudes e outras coisas. N\u00e3o \u00e9 poss\u00edvel que uma pessoa que conviveu com a vota\u00e7\u00e3o na c\u00e9dula de papel ache que hoje o sistema \u00e9 mais falho do que era naquela \u00e9poca. Tem muita gente que acha, e acha porque h\u00e1 muitos que querem isso. \u00c9 muito complicado em um processo eleitoral o sistema s\u00f3 ser considerado v\u00e1lido se um candidato vence. \u00a0A\u00ed n\u00e3o precisa ter elei\u00e7\u00e3o, se um candidato necessariamente precisa ser eleito, ent\u00e3o n\u00e3o \u00e9 um processo democr\u00e1tico. N\u00f3s precisamos olhar com muito cuidado, n\u00e3o s\u00f3 o processo, mas o que vai ocorrer depois dele.<\/p>\n<p>&nbsp;<\/p>\n<p><strong>Hoje temos acesso \u00e0 informa\u00e7\u00e3o de uma forma muito f\u00e1cil, temos os planos de governo dos candidatos, suas propostas, tudo na palma da m\u00e3o. Qual a import\u00e2ncia de nos interessarmos por estes materiais, de levarmos em conta o que eles trazem? <\/strong><\/p>\n<p>O pol\u00edtico \u00e9 o representante do povo, muitos se esquecem disso! Quando se elegem, eles acham que governam para si. Al\u00e9m disso, voc\u00ea n\u00e3o governa s\u00f3 para quem te elegeu, voc\u00ea tamb\u00e9m governa para quem n\u00e3o votou em voc\u00ea. Ent\u00e3o \u00e9 necess\u00e1rio que o pol\u00edtico entenda aquela l\u00f3gica aristot\u00e9lica que o bom governo \u00e9 aquele capaz de governar pensando no todo e n\u00e3o em apenas em uma parcela da popula\u00e7\u00e3o. \u00c9 \u00f3bvio que a popula\u00e7\u00e3o tem que saber tudo sobre o pol\u00edtico que ela vai votar e tamb\u00e9m tomar muito cuidado. As vezes a gente esquece, mas para essa elei\u00e7\u00e3o s\u00e3o cinco votos. Muitos ficam focados nas elei\u00e7\u00f5es majorit\u00e1rias e se esquecem das elei\u00e7\u00f5es proporcionais que s\u00e3o para para deputado, ent\u00e3o voc\u00ea n\u00e3o tem que ter o interesse apenas para o seu candidato a presidente, o Legislativo tamb\u00e9m faz parte do governo, ele \u00e9 respons\u00e1vel por criar leis, por fiscalizar o presidente, o governador. Voc\u00ea tem que conhecer o seu candidato, o que ele pensa, qual a pauta dele, se voc\u00ea se identifica com aquela pauta. Depois voc\u00ea tem que saber que tem que cobrar esse seu candidato caso ele se eleja, n\u00e3o est\u00e1 assinando um cheque em branco para o seu candidato, para ele chegar l\u00e1 e fazer o que ele bem entender. Para evitar surpresas, \u00e9 melhor primeiro voc\u00ea conhecer e mesmo assim se ele n\u00e3o cumprir com aquilo que prometeu a\u00ed est\u00e1 na hora de cobr\u00e1-lo e na outra elei\u00e7\u00e3o n\u00e3o votar mais. Entendeu? As pessoas confundem muitas vezes pol\u00edtica com futebol. No futebol voc\u00ea se apaixona por um clube, por um time e vai at\u00e9 a morte com ele. Na pol\u00edtica n\u00e3o pode ser assim. O pol\u00edtico tem que ser observado e julgado por aquilo que ele faz e a popula\u00e7\u00e3o tem que ser coerente tamb\u00e9m nessa hora. N\u00e3o adianta s\u00f3 cobrar coer\u00eancia do pol\u00edtico. Al\u00e9m disso, \u00e9 necess\u00e1rio descobrir se aquilo que ele quer est\u00e1 apto paro o cargo dele, porque muitas vezes o candidato a presidente fala de coisas relacionadas ao Legislativo e vice-versa, ent\u00e3o n\u00e3o d\u00e1. Cada um tem o seu cargo e as suas fun\u00e7\u00f5es.<\/p>\n<p>&nbsp;<\/p>\n<p><strong>Os jovens s\u00e3o um grande desafio para os pol\u00edticos, principalmente aqueles que podem escolher votar, os de 16 e 17 anos. O que pode explicar esse fen\u00f4meno dos jovens se interessando pela pol\u00edtica? <\/strong><\/p>\n<p>O fen\u00f4meno do n\u00famero de jovens tirando o t\u00edtulo de eleitor \u00e9 muito bom, ver jovens querendo participar da pol\u00edtica, isso \u00e9 algo incr\u00edvel, tem que continuar sendo incentivado. N\u00f3s somos seres pol\u00edticos, n\u00f3s precisamos da pol\u00edtica, \u00e9 ela que organiza a nossa vida em sociedade, n\u00f3s necessitamos ter pol\u00edticos que nos representem e representem as nossas ideias. Ent\u00e3o, quando um jovem tira t\u00edtulo de eleitor, mesmo n\u00e3o sendo obrigat\u00f3rio, e vai votar isto \u00e9 muito bom no processo democr\u00e1tico. Mas no Brasil o n\u00famero de jovens que est\u00e3o tirando o t\u00edtulo est\u00e1 muito ligado a esta polariza\u00e7\u00e3o, ou porque querem muito eleger algu\u00e9m ou porque querem muito que algu\u00e9m seja derrotado. Que bom que os jovens entenderam o momento de polariza\u00e7\u00e3o e resolveram tamb\u00e9m participar do processo. Porque n\u00e3o adianta nada voc\u00ea reclamar e n\u00e3o participar, a tend\u00eancia \u00e9 que aumentando a polariza\u00e7\u00e3o vai aumentando ainda mais o n\u00famero jovens.<\/p>\n<p>&nbsp;<\/p>\n<p><strong>Os votos brancos, nulos, as absten\u00e7\u00f5es tamb\u00e9m foram grandes nos \u00faltimos anos. Isso \u00e9 preocupante? <\/strong><\/p>\n<p>O voto branco e nulo s\u00e3o votos inv\u00e1lidos, ou seja, na hora que computar os votos eles s\u00e3o descartados. Ent\u00e3o por exemplo, voto branco e nulo tem o mesmo resultado para a elei\u00e7\u00e3o que a absten\u00e7\u00e3o, ou seja, quem n\u00e3o vai votar. Esse voto n\u00e3o vai para nenhum candidato, n\u00e3o existe isso que se voc\u00ea votar branco ou nulo o seu voto vai para o candidato que est\u00e1 em primeiro lugar, na verdade ele \u00e9 descartado, ele n\u00e3o faz parte do processo. \u00c9 \u00f3bvio que as pessoas fazem campanhas para que a popula\u00e7\u00e3o n\u00e3o vote em branco e nulo, mas n\u00e3o adianta querer convencer atrav\u00e9s de uma mentira, voc\u00ea tem que explicar que ela tem sim que votar e escolher algu\u00e9m que vai represent\u00e1-lo e se ela n\u00e3o escolher ningu\u00e9m ela pode ficar sem essa representatividade. Mesmo assim quem vota branco e nulo pode cobrar, exercer a sua cidadania, at\u00e9 mesmo porque os votos brancos e nulos est\u00e3o previstos na lei, faz parte do processo. Conceitualmente o voto branco \u00e9 quando voc\u00ea n\u00e3o concorda com nenhum dos candidatos que ali est\u00e3o disputando o pleito, j\u00e1 o voto nulo seria um voto para quem n\u00e3o concorda com o processo eleitoral. Ent\u00e3o o voto nulo seria um voto mais radical que o voto em branco. L\u00e1 na urna tem a tecla para voc\u00ea apertar caso voc\u00ea queira votar em branco, o que mostra que \u00e9 leg\u00edtimo processo, por\u00e9m \u00e9 um direito do cidad\u00e3o n\u00e3o escolher nenhum dos candidatos.<\/p>\n<p>&nbsp;<\/p>\n<p><strong>A nossa democracia est\u00e1 amadurecida? Ainda temos o que avan\u00e7ar? <\/strong><\/p>\n<p>Ent\u00e3o, eu acreditava at\u00e9 pouco tempo atr\u00e1s que sim, que afinal n\u00f3s tivemos um processo de transi\u00e7\u00e3o pra democracia em 85, ent\u00e3o j\u00e1 faz mais de 37 anos. J\u00e1 \u00a0tivemos v\u00e1rios presidentes eleitos nesse per\u00edodo. N\u00f3s j\u00e1 tivemos teoricamente ent\u00e3o nove processos eleitorais desde a redemocratiza\u00e7\u00e3o, ent\u00e3o \u00e9 algo at\u00e9 novo na nossa hist\u00f3ria, \u00e9 o maior per\u00edodo que n\u00f3s tivemos de elei\u00e7\u00f5es no per\u00edodo moderno para Presidente do Brasil. Ent\u00e3o teoricamente, sim, estamos bem amadurecidos e a democracia \u00e9 muito forte no pa\u00eds, mas nos \u00faltimos anos come\u00e7ou a\u00ed um discurso de pessoas falando de interven\u00e7\u00e3o militar novamente, falando de fechar Congresso, fechar o Supremo Tribunal. Tudo isso s\u00e3o medidas inconstitucionais, tudo isso vai contra a democracia, ent\u00e3o eu vejo que h\u00e1 um retrocesso dentro do nosso processo democr\u00e1tico, infelizmente. Algumas pessoas se beneficiam desse retrocesso e muita gente serve como massa de manobra dentro desse processo para legitimar certos candidatos e certos resultados que possam ocorrer nas elei\u00e7\u00f5es, ent\u00e3o eu particularmente estou muito desencantado e triste com os brasileiros que acreditam que a solu\u00e7\u00e3o para o pa\u00eds segue esse caminho que n\u00e3o o democr\u00e1tico. N\u00e3o adianta ter um discurso falando que n\u00e3o tem que seguir a Constitui\u00e7\u00e3o e na pr\u00e1tica voc\u00ea n\u00e3o querer seguir a Constitui\u00e7\u00e3o. A Constitui\u00e7\u00e3o \u00e9 muito clara em rela\u00e7\u00e3o a divis\u00e3o dos poderes, o Presidente da Rep\u00fablica n\u00e3o \u00e9 imperador, ele n\u00e3o tem poder absoluto, ele n\u00e3o tem poder moderador. Ent\u00e3o o papel do presidente \u00e9 simplesmente o Executivo, ele n\u00e3o pode fugir disto. Ent\u00e3o as pessoas t\u00eam que tomar muito cuidado com esse tipo de discurso, e tamb\u00e9m muito cuidado com o discurso a respeito de suspeitar de fraudes eleitorais. Como eu disse, n\u00f3s tivemos a\u00ed, no caso, foram oito elei\u00e7\u00f5es para presidente, porque a primeira do Sarney foi indireta, mas voc\u00ea teve oito elei\u00e7\u00f5es. Todo mundo sempre aceitou o resultado, os pol\u00edticos que est\u00e3o l\u00e1, todos eles foram eleitos deputados, senadores, governadores e o presidente dentro desse sistema. O sistema \u00e9 confi\u00e1vel a auditoria, h\u00e1 como a gente averiguar se houve alguma fraude ou n\u00e3o. As urnas s\u00e3o confi\u00e1veis. Ent\u00e3o esse tipo de discurso n\u00e3o cabe em 2022.<\/p>\n<p>&nbsp;<\/p>\n<p><strong>Quais os principais desafios que os governantes eleitos v\u00e3o enfrentar em 2023?<\/strong><\/p>\n<p>Sem d\u00favida alguma o principal desafio para quem for governar o pa\u00eds vai ser pegar um Brasil dividido, isso \u00e9 terr\u00edvel. E nos \u00faltimos anos, nas \u00faltimas elei\u00e7\u00f5es eu acho que a partir da elei\u00e7\u00e3o de 2014, isso foi muito latente, uma divis\u00e3o muito clara entre grupos e o presidente, o pr\u00f3prio Congresso tendo muita dificuldade em caminhar entre esses grupos de uma forma eficiente. As pessoas t\u00eam muito essa vis\u00e3o, que se o meu candidato ganhar eu estou bem, se ele perder o outro n\u00e3o me representa. Ent\u00e3o acaba gerando uma divis\u00e3o que atrapalha o pr\u00f3prio desenvolvimento do pa\u00eds. A quest\u00e3o \u00e9 a seguinte, voc\u00ea tem um lado, o outro tem outro lado, mas a partir do momento que algu\u00e9m \u00e9 eleito, todo mundo tem que fazer o m\u00e1ximo poss\u00edvel para que seja um bom mandato, para que as coisas funcionem, para que o pa\u00eds funcione, e isso n\u00e3o parece acontecer no Brasil. Al\u00e9m dessa quest\u00e3o pol\u00edtica, o pr\u00f3ximo presidente vai pegar uma crise econ\u00f4mica que j\u00e1 vem a\u00ed h\u00e1 um bom tempo, mas que piorou muito nos \u00faltimos anos. O Brasil voltou ao mapa da fome, sim, existe brasileiro passando fome e n\u00e3o adianta querer falar que n\u00e3o. Ent\u00e3o n\u00f3s vivemos um momento de turbul\u00eancia, mas existem turbul\u00eancias externas, teve a pandemia, teve a guerra na Ucr\u00e2nia e, sim, isso faz parte do processo, mas cabe aos nossos pol\u00edticos tentar resolver da melhor forma poss\u00edvel. N\u00e3o adianta falar que todo o problema est\u00e1 fora e aqui n\u00e3o agir. Ent\u00e3o o pr\u00f3ximo presidente ter\u00e1 que ter uma pol\u00edtica econ\u00f4mica especial, principalmente em rela\u00e7\u00e3o \u00e0 fome e ao desemprego, \u00e0 desvaloriza\u00e7\u00e3o do dinheiro, \u00e0 desvaloriza\u00e7\u00e3o do real, que faz com que tudo esteja caro e que o sal\u00e1rio acabe antes do m\u00eas. Isso \u00e9 muito comum hoje no Brasil, mas eu espero que, independentemente de qualquer resultado, quem estiver l\u00e1,<br \/>\nconsiga entender o momento e fazer o melhor para o nosso pa\u00eds, sendo ou n\u00e3o quem votamos e quem gostamos, o importante \u00e9 um pa\u00eds melhor.<\/p>\n","protected":false},"excerpt":{"rendered":"<p>Historiador comenta momento pol\u00edtico no Brasil e elei\u00e7\u00f5es: &#8216;Espero que, independentemente de qualquer resultado, quem estiver l\u00e1, consiga entender o momento e fazer o melhor para<span class=\"excerpt-hellip\"> [\u2026]<\/span><\/p>\n","protected":false},"author":7,"featured_media":28547,"comment_status":"open","ping_status":"open","sticky":false,"template":"","format":"standard","meta":{"_jetpack_memberships_contains_paid_content":false,"footnotes":"","jetpack_publicize_message":"","jetpack_publicize_feature_enabled":true,"jetpack_social_post_already_shared":false,"jetpack_social_options":{"image_generator_settings":{"template":"highway","default_image_id":0,"enabled":false},"version":2}},"categories":[28,81],"tags":[],"class_list":["post-28534","post","type-post","status-publish","format-standard","has-post-thumbnail","hentry","category-cotidiano","category-manchete"],"yoast_head":"<!-- This site is optimized with the Yoast SEO plugin v25.6 - https:\/\/yoast.com\/wordpress\/plugins\/seo\/ -->\n<title>&#039;A democracia \u00e9 feita de diverg\u00eancias, se n\u00e3o tiver o divergente, voc\u00ea deixa de ter a democracia&#039;, diz Jonas Marangoni - VerdadeOn<\/title>\n<meta name=\"robots\" content=\"index, follow, max-snippet:-1, max-image-preview:large, max-video-preview:-1\" \/>\n<link rel=\"canonical\" href=\"https:\/\/verdadeon.com.br\/portal\/2022\/10\/01\/a-democracia-e-feita-de-divergencias-se-nao-tiver-o-divergente-voce-deixa-de-ter-a-democracia-diz-jonas-marangoni\/\" \/>\n<meta property=\"og:locale\" content=\"pt_BR\" \/>\n<meta property=\"og:type\" content=\"article\" \/>\n<meta property=\"og:title\" content=\"&#039;A democracia \u00e9 feita de diverg\u00eancias, se n\u00e3o tiver o divergente, voc\u00ea deixa de ter a democracia&#039;, diz Jonas Marangoni - VerdadeOn\" \/>\n<meta property=\"og:description\" content=\"Historiador comenta momento pol\u00edtico no Brasil e elei\u00e7\u00f5es: &#8216;Espero que, independentemente de qualquer resultado, quem estiver l\u00e1, consiga entender o momento e fazer o melhor para [\u2026]\" \/>\n<meta property=\"og:url\" content=\"https:\/\/verdadeon.com.br\/portal\/2022\/10\/01\/a-democracia-e-feita-de-divergencias-se-nao-tiver-o-divergente-voce-deixa-de-ter-a-democracia-diz-jonas-marangoni\/\" \/>\n<meta property=\"og:site_name\" content=\"VerdadeOn\" \/>\n<meta property=\"article:published_time\" content=\"2022-10-01T18:00:09+00:00\" \/>\n<meta property=\"og:image\" content=\"https:\/\/verdadeon.com.br\/portal\/wp-content\/uploads\/2022\/09\/WhatsApp-Image-2022-09-30-at-18.46.31.jpeg\" \/>\n\t<meta property=\"og:image:width\" content=\"1000\" \/>\n\t<meta property=\"og:image:height\" content=\"670\" \/>\n\t<meta property=\"og:image:type\" content=\"image\/jpeg\" \/>\n<meta name=\"author\" content=\"Fernando Lima\" \/>\n<meta name=\"twitter:card\" content=\"summary_large_image\" \/>\n<meta name=\"twitter:label1\" content=\"Escrito por\" \/>\n\t<meta name=\"twitter:data1\" content=\"Fernando Lima\" \/>\n\t<meta name=\"twitter:label2\" content=\"Est. tempo de leitura\" \/>\n\t<meta name=\"twitter:data2\" content=\"12 minutos\" \/>\n<script type=\"application\/ld+json\" class=\"yoast-schema-graph\">{\"@context\":\"https:\/\/schema.org\",\"@graph\":[{\"@type\":\"WebPage\",\"@id\":\"https:\/\/verdadeon.com.br\/portal\/2022\/10\/01\/a-democracia-e-feita-de-divergencias-se-nao-tiver-o-divergente-voce-deixa-de-ter-a-democracia-diz-jonas-marangoni\/\",\"url\":\"https:\/\/verdadeon.com.br\/portal\/2022\/10\/01\/a-democracia-e-feita-de-divergencias-se-nao-tiver-o-divergente-voce-deixa-de-ter-a-democracia-diz-jonas-marangoni\/\",\"name\":\"'A democracia \u00e9 feita de diverg\u00eancias, se n\u00e3o tiver o divergente, voc\u00ea deixa de ter a democracia', diz Jonas Marangoni - VerdadeOn\",\"isPartOf\":{\"@id\":\"https:\/\/verdadeon.com.br\/portal\/#website\"},\"primaryImageOfPage\":{\"@id\":\"https:\/\/verdadeon.com.br\/portal\/2022\/10\/01\/a-democracia-e-feita-de-divergencias-se-nao-tiver-o-divergente-voce-deixa-de-ter-a-democracia-diz-jonas-marangoni\/#primaryimage\"},\"image\":{\"@id\":\"https:\/\/verdadeon.com.br\/portal\/2022\/10\/01\/a-democracia-e-feita-de-divergencias-se-nao-tiver-o-divergente-voce-deixa-de-ter-a-democracia-diz-jonas-marangoni\/#primaryimage\"},\"thumbnailUrl\":\"https:\/\/i0.wp.com\/verdadeon.com.br\/portal\/wp-content\/uploads\/2022\/09\/WhatsApp-Image-2022-09-30-at-18.46.31.jpeg?fit=1000%2C670&ssl=1\",\"datePublished\":\"2022-10-01T18:00:09+00:00\",\"author\":{\"@id\":\"https:\/\/verdadeon.com.br\/portal\/#\/schema\/person\/cc32be22b8e8599387c480bc83e1d11a\"},\"breadcrumb\":{\"@id\":\"https:\/\/verdadeon.com.br\/portal\/2022\/10\/01\/a-democracia-e-feita-de-divergencias-se-nao-tiver-o-divergente-voce-deixa-de-ter-a-democracia-diz-jonas-marangoni\/#breadcrumb\"},\"inLanguage\":\"pt-BR\",\"potentialAction\":[{\"@type\":\"ReadAction\",\"target\":[\"https:\/\/verdadeon.com.br\/portal\/2022\/10\/01\/a-democracia-e-feita-de-divergencias-se-nao-tiver-o-divergente-voce-deixa-de-ter-a-democracia-diz-jonas-marangoni\/\"]}]},{\"@type\":\"ImageObject\",\"inLanguage\":\"pt-BR\",\"@id\":\"https:\/\/verdadeon.com.br\/portal\/2022\/10\/01\/a-democracia-e-feita-de-divergencias-se-nao-tiver-o-divergente-voce-deixa-de-ter-a-democracia-diz-jonas-marangoni\/#primaryimage\",\"url\":\"https:\/\/i0.wp.com\/verdadeon.com.br\/portal\/wp-content\/uploads\/2022\/09\/WhatsApp-Image-2022-09-30-at-18.46.31.jpeg?fit=1000%2C670&ssl=1\",\"contentUrl\":\"https:\/\/i0.wp.com\/verdadeon.com.br\/portal\/wp-content\/uploads\/2022\/09\/WhatsApp-Image-2022-09-30-at-18.46.31.jpeg?fit=1000%2C670&ssl=1\",\"width\":1000,\"height\":670,\"caption\":\"Historiador Jonas Marangoni destacou que a polariza\u00e7\u00e3o registrada este ano fez com que mais jovens se interessassem pela pol\u00edtica | Foto: Arquivo pessoal\"},{\"@type\":\"BreadcrumbList\",\"@id\":\"https:\/\/verdadeon.com.br\/portal\/2022\/10\/01\/a-democracia-e-feita-de-divergencias-se-nao-tiver-o-divergente-voce-deixa-de-ter-a-democracia-diz-jonas-marangoni\/#breadcrumb\",\"itemListElement\":[{\"@type\":\"ListItem\",\"position\":1,\"name\":\"In\u00edcio\",\"item\":\"https:\/\/verdadeon.com.br\/portal\/\"},{\"@type\":\"ListItem\",\"position\":2,\"name\":\"&#8216;A democracia \u00e9 feita de diverg\u00eancias, se n\u00e3o tiver o divergente, voc\u00ea deixa de ter a democracia&#8217;, diz Jonas Marangoni\"}]},{\"@type\":\"WebSite\",\"@id\":\"https:\/\/verdadeon.com.br\/portal\/#website\",\"url\":\"https:\/\/verdadeon.com.br\/portal\/\",\"name\":\"VerdadeOn\",\"description\":\"Not\u00edcias di\u00e1rias sobre Franca, Regi\u00e3o, Esporte, Cultura, Cotidiano, Colunas. Cobertura nos principais eventos da cidade \u00e9 aqui - Verdadeon Franca\",\"potentialAction\":[{\"@type\":\"SearchAction\",\"target\":{\"@type\":\"EntryPoint\",\"urlTemplate\":\"https:\/\/verdadeon.com.br\/portal\/?s={search_term_string}\"},\"query-input\":{\"@type\":\"PropertyValueSpecification\",\"valueRequired\":true,\"valueName\":\"search_term_string\"}}],\"inLanguage\":\"pt-BR\"},{\"@type\":\"Person\",\"@id\":\"https:\/\/verdadeon.com.br\/portal\/#\/schema\/person\/cc32be22b8e8599387c480bc83e1d11a\",\"name\":\"Fernando Lima\",\"image\":{\"@type\":\"ImageObject\",\"inLanguage\":\"pt-BR\",\"@id\":\"https:\/\/verdadeon.com.br\/portal\/#\/schema\/person\/image\/\",\"url\":\"https:\/\/secure.gravatar.com\/avatar\/df4c8e132080d2b3a4841d5d232045464e0eed11a1d6e43115ca0843d48768d3?s=96&d=mm&r=g\",\"contentUrl\":\"https:\/\/secure.gravatar.com\/avatar\/df4c8e132080d2b3a4841d5d232045464e0eed11a1d6e43115ca0843d48768d3?s=96&d=mm&r=g\",\"caption\":\"Fernando Lima\"},\"sameAs\":[\"http:\/\/verdadeon.com.br\/\"],\"url\":\"https:\/\/verdadeon.com.br\/portal\/author\/fernando-lima\/\"}]}<\/script>\n<!-- \/ Yoast SEO plugin. -->","yoast_head_json":{"title":"'A democracia \u00e9 feita de diverg\u00eancias, se n\u00e3o tiver o divergente, voc\u00ea deixa de ter a democracia', diz Jonas Marangoni - VerdadeOn","robots":{"index":"index","follow":"follow","max-snippet":"max-snippet:-1","max-image-preview":"max-image-preview:large","max-video-preview":"max-video-preview:-1"},"canonical":"https:\/\/verdadeon.com.br\/portal\/2022\/10\/01\/a-democracia-e-feita-de-divergencias-se-nao-tiver-o-divergente-voce-deixa-de-ter-a-democracia-diz-jonas-marangoni\/","og_locale":"pt_BR","og_type":"article","og_title":"'A democracia \u00e9 feita de diverg\u00eancias, se n\u00e3o tiver o divergente, voc\u00ea deixa de ter a democracia', diz Jonas Marangoni - VerdadeOn","og_description":"Historiador comenta momento pol\u00edtico no Brasil e elei\u00e7\u00f5es: &#8216;Espero que, independentemente de qualquer resultado, quem estiver l\u00e1, consiga entender o momento e fazer o melhor para [\u2026]","og_url":"https:\/\/verdadeon.com.br\/portal\/2022\/10\/01\/a-democracia-e-feita-de-divergencias-se-nao-tiver-o-divergente-voce-deixa-de-ter-a-democracia-diz-jonas-marangoni\/","og_site_name":"VerdadeOn","article_published_time":"2022-10-01T18:00:09+00:00","og_image":[{"width":1000,"height":670,"url":"https:\/\/verdadeon.com.br\/portal\/wp-content\/uploads\/2022\/09\/WhatsApp-Image-2022-09-30-at-18.46.31.jpeg","type":"image\/jpeg"}],"author":"Fernando Lima","twitter_card":"summary_large_image","twitter_misc":{"Escrito por":"Fernando Lima","Est. tempo de leitura":"12 minutos"},"schema":{"@context":"https:\/\/schema.org","@graph":[{"@type":"WebPage","@id":"https:\/\/verdadeon.com.br\/portal\/2022\/10\/01\/a-democracia-e-feita-de-divergencias-se-nao-tiver-o-divergente-voce-deixa-de-ter-a-democracia-diz-jonas-marangoni\/","url":"https:\/\/verdadeon.com.br\/portal\/2022\/10\/01\/a-democracia-e-feita-de-divergencias-se-nao-tiver-o-divergente-voce-deixa-de-ter-a-democracia-diz-jonas-marangoni\/","name":"'A democracia \u00e9 feita de diverg\u00eancias, se n\u00e3o tiver o divergente, voc\u00ea deixa de ter a democracia', diz Jonas Marangoni - VerdadeOn","isPartOf":{"@id":"https:\/\/verdadeon.com.br\/portal\/#website"},"primaryImageOfPage":{"@id":"https:\/\/verdadeon.com.br\/portal\/2022\/10\/01\/a-democracia-e-feita-de-divergencias-se-nao-tiver-o-divergente-voce-deixa-de-ter-a-democracia-diz-jonas-marangoni\/#primaryimage"},"image":{"@id":"https:\/\/verdadeon.com.br\/portal\/2022\/10\/01\/a-democracia-e-feita-de-divergencias-se-nao-tiver-o-divergente-voce-deixa-de-ter-a-democracia-diz-jonas-marangoni\/#primaryimage"},"thumbnailUrl":"https:\/\/i0.wp.com\/verdadeon.com.br\/portal\/wp-content\/uploads\/2022\/09\/WhatsApp-Image-2022-09-30-at-18.46.31.jpeg?fit=1000%2C670&ssl=1","datePublished":"2022-10-01T18:00:09+00:00","author":{"@id":"https:\/\/verdadeon.com.br\/portal\/#\/schema\/person\/cc32be22b8e8599387c480bc83e1d11a"},"breadcrumb":{"@id":"https:\/\/verdadeon.com.br\/portal\/2022\/10\/01\/a-democracia-e-feita-de-divergencias-se-nao-tiver-o-divergente-voce-deixa-de-ter-a-democracia-diz-jonas-marangoni\/#breadcrumb"},"inLanguage":"pt-BR","potentialAction":[{"@type":"ReadAction","target":["https:\/\/verdadeon.com.br\/portal\/2022\/10\/01\/a-democracia-e-feita-de-divergencias-se-nao-tiver-o-divergente-voce-deixa-de-ter-a-democracia-diz-jonas-marangoni\/"]}]},{"@type":"ImageObject","inLanguage":"pt-BR","@id":"https:\/\/verdadeon.com.br\/portal\/2022\/10\/01\/a-democracia-e-feita-de-divergencias-se-nao-tiver-o-divergente-voce-deixa-de-ter-a-democracia-diz-jonas-marangoni\/#primaryimage","url":"https:\/\/i0.wp.com\/verdadeon.com.br\/portal\/wp-content\/uploads\/2022\/09\/WhatsApp-Image-2022-09-30-at-18.46.31.jpeg?fit=1000%2C670&ssl=1","contentUrl":"https:\/\/i0.wp.com\/verdadeon.com.br\/portal\/wp-content\/uploads\/2022\/09\/WhatsApp-Image-2022-09-30-at-18.46.31.jpeg?fit=1000%2C670&ssl=1","width":1000,"height":670,"caption":"Historiador Jonas Marangoni destacou que a polariza\u00e7\u00e3o registrada este ano fez com que mais jovens se interessassem pela pol\u00edtica | Foto: Arquivo pessoal"},{"@type":"BreadcrumbList","@id":"https:\/\/verdadeon.com.br\/portal\/2022\/10\/01\/a-democracia-e-feita-de-divergencias-se-nao-tiver-o-divergente-voce-deixa-de-ter-a-democracia-diz-jonas-marangoni\/#breadcrumb","itemListElement":[{"@type":"ListItem","position":1,"name":"In\u00edcio","item":"https:\/\/verdadeon.com.br\/portal\/"},{"@type":"ListItem","position":2,"name":"&#8216;A democracia \u00e9 feita de diverg\u00eancias, se n\u00e3o tiver o divergente, voc\u00ea deixa de ter a democracia&#8217;, diz Jonas Marangoni"}]},{"@type":"WebSite","@id":"https:\/\/verdadeon.com.br\/portal\/#website","url":"https:\/\/verdadeon.com.br\/portal\/","name":"VerdadeOn","description":"Not\u00edcias di\u00e1rias sobre Franca, Regi\u00e3o, Esporte, Cultura, Cotidiano, Colunas. Cobertura nos principais eventos da cidade \u00e9 aqui - Verdadeon Franca","potentialAction":[{"@type":"SearchAction","target":{"@type":"EntryPoint","urlTemplate":"https:\/\/verdadeon.com.br\/portal\/?s={search_term_string}"},"query-input":{"@type":"PropertyValueSpecification","valueRequired":true,"valueName":"search_term_string"}}],"inLanguage":"pt-BR"},{"@type":"Person","@id":"https:\/\/verdadeon.com.br\/portal\/#\/schema\/person\/cc32be22b8e8599387c480bc83e1d11a","name":"Fernando Lima","image":{"@type":"ImageObject","inLanguage":"pt-BR","@id":"https:\/\/verdadeon.com.br\/portal\/#\/schema\/person\/image\/","url":"https:\/\/secure.gravatar.com\/avatar\/df4c8e132080d2b3a4841d5d232045464e0eed11a1d6e43115ca0843d48768d3?s=96&d=mm&r=g","contentUrl":"https:\/\/secure.gravatar.com\/avatar\/df4c8e132080d2b3a4841d5d232045464e0eed11a1d6e43115ca0843d48768d3?s=96&d=mm&r=g","caption":"Fernando Lima"},"sameAs":["http:\/\/verdadeon.com.br\/"],"url":"https:\/\/verdadeon.com.br\/portal\/author\/fernando-lima\/"}]}},"jetpack_publicize_connections":[],"jetpack_featured_media_url":"https:\/\/i0.wp.com\/verdadeon.com.br\/portal\/wp-content\/uploads\/2022\/09\/WhatsApp-Image-2022-09-30-at-18.46.31.jpeg?fit=1000%2C670&ssl=1","jetpack_sharing_enabled":true,"_links":{"self":[{"href":"https:\/\/verdadeon.com.br\/portal\/wp-json\/wp\/v2\/posts\/28534","targetHints":{"allow":["GET"]}}],"collection":[{"href":"https:\/\/verdadeon.com.br\/portal\/wp-json\/wp\/v2\/posts"}],"about":[{"href":"https:\/\/verdadeon.com.br\/portal\/wp-json\/wp\/v2\/types\/post"}],"author":[{"embeddable":true,"href":"https:\/\/verdadeon.com.br\/portal\/wp-json\/wp\/v2\/users\/7"}],"replies":[{"embeddable":true,"href":"https:\/\/verdadeon.com.br\/portal\/wp-json\/wp\/v2\/comments?post=28534"}],"version-history":[{"count":5,"href":"https:\/\/verdadeon.com.br\/portal\/wp-json\/wp\/v2\/posts\/28534\/revisions"}],"predecessor-version":[{"id":28570,"href":"https:\/\/verdadeon.com.br\/portal\/wp-json\/wp\/v2\/posts\/28534\/revisions\/28570"}],"wp:featuredmedia":[{"embeddable":true,"href":"https:\/\/verdadeon.com.br\/portal\/wp-json\/wp\/v2\/media\/28547"}],"wp:attachment":[{"href":"https:\/\/verdadeon.com.br\/portal\/wp-json\/wp\/v2\/media?parent=28534"}],"wp:term":[{"taxonomy":"category","embeddable":true,"href":"https:\/\/verdadeon.com.br\/portal\/wp-json\/wp\/v2\/categories?post=28534"},{"taxonomy":"post_tag","embeddable":true,"href":"https:\/\/verdadeon.com.br\/portal\/wp-json\/wp\/v2\/tags?post=28534"}],"curies":[{"name":"wp","href":"https:\/\/api.w.org\/{rel}","templated":true}]}}