{"id":28492,"date":"2022-09-29T18:20:51","date_gmt":"2022-09-29T21:20:51","guid":{"rendered":"https:\/\/verdadeon.com.br\/portal\/?p=28492"},"modified":"2022-09-29T18:20:51","modified_gmt":"2022-09-29T21:20:51","slug":"impasse-entre-prefeitura-e-camara-em-cristais-provoca-suspensao-de-servicos","status":"publish","type":"post","link":"https:\/\/verdadeon.com.br\/portal\/2022\/09\/29\/impasse-entre-prefeitura-e-camara-em-cristais-provoca-suspensao-de-servicos\/","title":{"rendered":"Impasse entre Prefeitura e C\u00e2mara em Cristais provoca suspens\u00e3o de servi\u00e7os"},"content":{"rendered":"<h2><span style=\"font-weight: 400;\">Projeto de suplementa\u00e7\u00e3o or\u00e7ament\u00e1ria n\u00e3o foi votado pela C\u00e2mara e atendimentos est\u00e3o parados desde esta quinta-feira<\/span><\/h2>\n<h2><span style=\"font-weight: 400;\">\u00a0<\/span><\/h2>\n<p>&nbsp;<\/p>\n<p><span style=\"font-weight: 400;\">A popula\u00e7\u00e3o de Cristais Paulista enfrenta a suspens\u00e3o de uma s\u00e9rie de servi\u00e7os p\u00fablicos desde esta quinta-feira (29). As aulas est\u00e3o suspensas, n\u00e3o h\u00e1 merenda escolar, transporte escolar e da sa\u00fade, consultas com especialistas, coleta de recicl\u00e1veis, podas de \u00e1rvores, visitas dos n\u00facleos ESFs. Outros atendimentos da Prefeitura est\u00e3o com hor\u00e1rios reduzidos ou restritos, como no Laborat\u00f3rio Municipal, Pa\u00e7o Municipal, Centro Odontol\u00f3gico e Vigil\u00e2ncia Sanit\u00e1ria.<\/span><\/p>\n<p><span style=\"font-weight: 400;\">O comunicado das altera\u00e7\u00f5es nos servi\u00e7os p\u00fablicos est\u00e1 divulgado nas redes sociais da Prefeitura de Cristais Paulista. A prefeita Katiuscia Leonardo Mendes tamb\u00e9m vem tratando do assunto em<\/span><i><span style=\"font-weight: 400;\"> lives<\/span><\/i><span style=\"font-weight: 400;\">. Em um dos v\u00eddeos, transmitido na quarta-feira (28), ela voltou a alegar que o Executivo apresentou \u00e0 C\u00e2mara Municipal um projeto de lei para suplementa\u00e7\u00e3o or\u00e7ament\u00e1ria e o mesmo n\u00e3o foi votado pelos vereadores.\u00a0<\/span><\/p>\n<p><span style=\"font-weight: 400;\">\u201cTemos aproximadamente R$ 10 milh\u00f5es de excesso de arrecada\u00e7\u00e3o, de valores que conseguimos atrav\u00e9s de deputados e governo do Estado. Temos recursos para combust\u00edvel, para alimenta\u00e7\u00e3o escolar, para transporte escolar, para pagar os m\u00e9dicos, os profissionais da sa\u00fade e principalmente a frente de trabalho, temos todos esses recursos, por\u00e9m sem a suplementa\u00e7\u00e3o, que n\u00e3o est\u00e1 dando dinheiro para a Prefeitura, est\u00e1 s\u00f3 permitindo que a Prefeitura possa usar o dinheiro, n\u00e3o podemos empenhar. Temos que seguir a lei.\u201d<\/span><\/p>\n<p><span style=\"font-weight: 400;\">Katiuscia ressaltou que os projetos de suplementa\u00e7\u00e3o enviados para aprova\u00e7\u00e3o do Legislativo s\u00e3o comuns e ela acredita que os transtornos gerados pela n\u00e3o aprecia\u00e7\u00e3o do referido pedido de suplementa\u00e7\u00e3o poderiam ser evitados. \u201cTemos que fazer alguma coisa juntos. Temos dinheiro para pagar, temos o dinheiro! J\u00e1 chegamos a mandar sete, oito, nove suplementa\u00e7\u00f5es para C\u00e2mara, s\u00e3o previs\u00f5es que a gente faz no or\u00e7amento, mas mudam, \u00e9 natural pedir suplementa\u00e7\u00e3o.\u201d\u00a0<\/span><\/p>\n<p><span style=\"font-weight: 400;\">A prefeita afirma reiteradas vezes que possui recursos em caixa, mas precisa da aprova\u00e7\u00e3o do Legislativo para us\u00e1-los. \u201cTemos mais de R$ 2 milh\u00f5es na ficha para comprar muita merenda para nossos filhos e a gente n\u00e3o pode usar se n\u00e3o \u00e9 pedalada fiscal. N\u00e3o posso empenhar as fichas de compras, temos R$ 10 milh\u00f5es que n\u00e3o podemos usar (&#8230;). N\u00e3o me culpem porque estou fazendo o imposs\u00edvel, o pessoal da Prefeitura est\u00e1 sofrendo, voc\u00eas n\u00e3o t\u00eam ideia de como est\u00e1 sendo.\u201d<\/span><\/p>\n<p><span style=\"font-weight: 400;\">O Jornal Verdade tentou contato com a prefeita e a assessoria de Comunica\u00e7\u00e3o da Prefeitura de Cristais Paulista para solicitar informa\u00e7\u00f5es sobre medidas que est\u00e3o sendo tomadas para resolver o impasse, mas at\u00e9 o fechamento desta reportagem n\u00e3o obteve retorno.<\/span><\/p>\n<h4>A C\u00e2mara<\/h4>\n<p><span style=\"font-weight: 400;\">O vereador Ant\u00f4nio dos Reis Morais, presidente da C\u00e2mara Municipal de Cristais Paulista, afirmou ao Verdade que no dia 15 de setembro foi protocolado o projeto pela Prefeitura versando sobre a abertura de cr\u00e9ditos adicionais suplementares no or\u00e7amento do munic\u00edpio, no valor total de R$ 11.091.500,00, para aprecia\u00e7\u00e3o da Casa de Leis.\u00a0<\/span><\/p>\n<p><span style=\"font-weight: 400;\">Segundo ele, foram encontrados \u201calguns erros e foi solicitado na data de 19 e 21 de setembro documentos complementares\u201d \u00e0 Prefeitura.<\/span><\/p>\n<p><span style=\"font-weight: 400;\">Ainda de acordo com o vereador, o projeto foi retirado e apresentado novo projeto, no valor de R$ 1.707.200,00, que, ainda segundo o presidente da C\u00e2mara, apresentava erros novamente e falta de documentos. \u201cOntem, dia 28 de setembro, no final da tarde, foi protocolado um of\u00edcio retirando esse projeto e hoje, 29, foi protocolado novo of\u00edcio justificando a retirada do mesmo\u201d.<\/span><\/p>\n<p><span style=\"font-weight: 400;\">Ant\u00f4nio afirma que n\u00e3o h\u00e1 projetos para serem apreciados pelo Legislativo no momento. \u201cAt\u00e9 agora n\u00e3o temos aqui na C\u00e2mara nenhum projeto novo protocolado para ser apreciado por essa Casa de Leis. A C\u00e2mara est\u00e1 disposta a solucionar esse problema desde que venha um projeto correto, com todas informa\u00e7\u00f5es necess\u00e1rias e com os documentos para an\u00e1lise e posterior vota\u00e7\u00e3o\u201d, afirmou Ant\u00f4nio dos Reis Morais.<\/span><\/p>\n<p><span style=\"font-weight: 400;\">No final da tarde desta quinta-feira (29), em mais um pronunciamento pelas redes sociais, a prefeitura Katiuscia Leonardo afirmou que o projeto de lei para suplementa\u00e7\u00e3o or\u00e7ament\u00e1ria foi reapresentado \u00e0 C\u00e2mara. \u201cSomos uma equipe, uma equipe em prol do povo de Cristais Paulista\u201d.<\/span><\/p>\n","protected":false},"excerpt":{"rendered":"<p>Projeto de suplementa\u00e7\u00e3o or\u00e7ament\u00e1ria n\u00e3o foi votado pela C\u00e2mara e atendimentos est\u00e3o parados desde esta quinta-feira \u00a0 &nbsp; A popula\u00e7\u00e3o de Cristais Paulista enfrenta a suspens\u00e3o<span class=\"excerpt-hellip\"> [\u2026]<\/span><\/p>\n","protected":false},"author":12,"featured_media":28496,"comment_status":"open","ping_status":"open","sticky":false,"template":"","format":"standard","meta":{"_jetpack_memberships_contains_paid_content":false,"footnotes":"","jetpack_publicize_message":"","jetpack_publicize_feature_enabled":true,"jetpack_social_post_already_shared":false,"jetpack_social_options":{"image_generator_settings":{"template":"highway","default_image_id":0,"enabled":false},"version":2}},"categories":[28,81],"tags":[],"class_list":["post-28492","post","type-post","status-publish","format-standard","has-post-thumbnail","hentry","category-cotidiano","category-manchete"],"yoast_head":"<!-- This site is optimized with the Yoast SEO plugin v25.6 - https:\/\/yoast.com\/wordpress\/plugins\/seo\/ -->\n<title>Impasse entre Prefeitura e C\u00e2mara em Cristais provoca suspens\u00e3o de servi\u00e7os - VerdadeOn<\/title>\n<meta name=\"robots\" content=\"index, follow, max-snippet:-1, max-image-preview:large, max-video-preview:-1\" \/>\n<link rel=\"canonical\" href=\"https:\/\/verdadeon.com.br\/portal\/2022\/09\/29\/impasse-entre-prefeitura-e-camara-em-cristais-provoca-suspensao-de-servicos\/\" \/>\n<meta property=\"og:locale\" content=\"pt_BR\" \/>\n<meta property=\"og:type\" content=\"article\" \/>\n<meta property=\"og:title\" content=\"Impasse entre Prefeitura e C\u00e2mara em Cristais provoca suspens\u00e3o de servi\u00e7os - VerdadeOn\" \/>\n<meta property=\"og:description\" content=\"Projeto de suplementa\u00e7\u00e3o or\u00e7ament\u00e1ria n\u00e3o foi votado pela C\u00e2mara e atendimentos est\u00e3o parados desde esta quinta-feira \u00a0 &nbsp; A popula\u00e7\u00e3o de Cristais Paulista enfrenta a suspens\u00e3o [\u2026]\" \/>\n<meta property=\"og:url\" content=\"https:\/\/verdadeon.com.br\/portal\/2022\/09\/29\/impasse-entre-prefeitura-e-camara-em-cristais-provoca-suspensao-de-servicos\/\" \/>\n<meta property=\"og:site_name\" content=\"VerdadeOn\" \/>\n<meta property=\"article:published_time\" content=\"2022-09-29T21:20:51+00:00\" \/>\n<meta property=\"og:image\" content=\"https:\/\/verdadeon.com.br\/portal\/wp-content\/uploads\/2022\/09\/WhatsApp-Image-2022-09-29-at-18.19.48.jpeg\" \/>\n\t<meta property=\"og:image:width\" content=\"1000\" \/>\n\t<meta property=\"og:image:height\" content=\"670\" \/>\n\t<meta property=\"og:image:type\" content=\"image\/jpeg\" \/>\n<meta name=\"author\" content=\"Nelise Luques\" \/>\n<meta name=\"twitter:card\" content=\"summary_large_image\" \/>\n<meta name=\"twitter:label1\" content=\"Escrito por\" \/>\n\t<meta name=\"twitter:data1\" content=\"Nelise Luques\" \/>\n\t<meta name=\"twitter:label2\" content=\"Est. tempo de leitura\" \/>\n\t<meta name=\"twitter:data2\" content=\"4 minutos\" \/>\n<script type=\"application\/ld+json\" class=\"yoast-schema-graph\">{\"@context\":\"https:\/\/schema.org\",\"@graph\":[{\"@type\":\"WebPage\",\"@id\":\"https:\/\/verdadeon.com.br\/portal\/2022\/09\/29\/impasse-entre-prefeitura-e-camara-em-cristais-provoca-suspensao-de-servicos\/\",\"url\":\"https:\/\/verdadeon.com.br\/portal\/2022\/09\/29\/impasse-entre-prefeitura-e-camara-em-cristais-provoca-suspensao-de-servicos\/\",\"name\":\"Impasse entre Prefeitura e C\u00e2mara em Cristais provoca suspens\u00e3o de servi\u00e7os - VerdadeOn\",\"isPartOf\":{\"@id\":\"https:\/\/verdadeon.com.br\/portal\/#website\"},\"primaryImageOfPage\":{\"@id\":\"https:\/\/verdadeon.com.br\/portal\/2022\/09\/29\/impasse-entre-prefeitura-e-camara-em-cristais-provoca-suspensao-de-servicos\/#primaryimage\"},\"image\":{\"@id\":\"https:\/\/verdadeon.com.br\/portal\/2022\/09\/29\/impasse-entre-prefeitura-e-camara-em-cristais-provoca-suspensao-de-servicos\/#primaryimage\"},\"thumbnailUrl\":\"https:\/\/i0.wp.com\/verdadeon.com.br\/portal\/wp-content\/uploads\/2022\/09\/WhatsApp-Image-2022-09-29-at-18.19.48.jpeg?fit=1000%2C670&ssl=1\",\"datePublished\":\"2022-09-29T21:20:51+00:00\",\"author\":{\"@id\":\"https:\/\/verdadeon.com.br\/portal\/#\/schema\/person\/8248726d36015c1916636fabb175d972\"},\"breadcrumb\":{\"@id\":\"https:\/\/verdadeon.com.br\/portal\/2022\/09\/29\/impasse-entre-prefeitura-e-camara-em-cristais-provoca-suspensao-de-servicos\/#breadcrumb\"},\"inLanguage\":\"pt-BR\",\"potentialAction\":[{\"@type\":\"ReadAction\",\"target\":[\"https:\/\/verdadeon.com.br\/portal\/2022\/09\/29\/impasse-entre-prefeitura-e-camara-em-cristais-provoca-suspensao-de-servicos\/\"]}]},{\"@type\":\"ImageObject\",\"inLanguage\":\"pt-BR\",\"@id\":\"https:\/\/verdadeon.com.br\/portal\/2022\/09\/29\/impasse-entre-prefeitura-e-camara-em-cristais-provoca-suspensao-de-servicos\/#primaryimage\",\"url\":\"https:\/\/i0.wp.com\/verdadeon.com.br\/portal\/wp-content\/uploads\/2022\/09\/WhatsApp-Image-2022-09-29-at-18.19.48.jpeg?fit=1000%2C670&ssl=1\",\"contentUrl\":\"https:\/\/i0.wp.com\/verdadeon.com.br\/portal\/wp-content\/uploads\/2022\/09\/WhatsApp-Image-2022-09-29-at-18.19.48.jpeg?fit=1000%2C670&ssl=1\",\"width\":1000,\"height\":670,\"caption\":\"A prefeita de Cristais Paulista, Katiuscia Leonardo, durante live sobre assuntos or\u00e7ament\u00e1rios que gerou suspens\u00e3o de servi\u00e7os no munic\u00edpio | Foto: Reprodu\u00e7\u00e3o\"},{\"@type\":\"BreadcrumbList\",\"@id\":\"https:\/\/verdadeon.com.br\/portal\/2022\/09\/29\/impasse-entre-prefeitura-e-camara-em-cristais-provoca-suspensao-de-servicos\/#breadcrumb\",\"itemListElement\":[{\"@type\":\"ListItem\",\"position\":1,\"name\":\"In\u00edcio\",\"item\":\"https:\/\/verdadeon.com.br\/portal\/\"},{\"@type\":\"ListItem\",\"position\":2,\"name\":\"Impasse entre Prefeitura e C\u00e2mara em Cristais provoca suspens\u00e3o de servi\u00e7os\"}]},{\"@type\":\"WebSite\",\"@id\":\"https:\/\/verdadeon.com.br\/portal\/#website\",\"url\":\"https:\/\/verdadeon.com.br\/portal\/\",\"name\":\"VerdadeOn\",\"description\":\"Not\u00edcias di\u00e1rias sobre Franca, Regi\u00e3o, Esporte, Cultura, Cotidiano, Colunas. Cobertura nos principais eventos da cidade \u00e9 aqui - Verdadeon Franca\",\"potentialAction\":[{\"@type\":\"SearchAction\",\"target\":{\"@type\":\"EntryPoint\",\"urlTemplate\":\"https:\/\/verdadeon.com.br\/portal\/?s={search_term_string}\"},\"query-input\":{\"@type\":\"PropertyValueSpecification\",\"valueRequired\":true,\"valueName\":\"search_term_string\"}}],\"inLanguage\":\"pt-BR\"},{\"@type\":\"Person\",\"@id\":\"https:\/\/verdadeon.com.br\/portal\/#\/schema\/person\/8248726d36015c1916636fabb175d972\",\"name\":\"Nelise Luques\",\"image\":{\"@type\":\"ImageObject\",\"inLanguage\":\"pt-BR\",\"@id\":\"https:\/\/verdadeon.com.br\/portal\/#\/schema\/person\/image\/\",\"url\":\"https:\/\/secure.gravatar.com\/avatar\/29b2a17f5bcadeb827411b66f48ac13c3e0ecaf5906c0f5745ecc5d41c24eada?s=96&d=mm&r=g\",\"contentUrl\":\"https:\/\/secure.gravatar.com\/avatar\/29b2a17f5bcadeb827411b66f48ac13c3e0ecaf5906c0f5745ecc5d41c24eada?s=96&d=mm&r=g\",\"caption\":\"Nelise Luques\"},\"url\":\"https:\/\/verdadeon.com.br\/portal\/author\/verdade\/\"}]}<\/script>\n<!-- \/ Yoast SEO plugin. -->","yoast_head_json":{"title":"Impasse entre Prefeitura e C\u00e2mara em Cristais provoca suspens\u00e3o de servi\u00e7os - VerdadeOn","robots":{"index":"index","follow":"follow","max-snippet":"max-snippet:-1","max-image-preview":"max-image-preview:large","max-video-preview":"max-video-preview:-1"},"canonical":"https:\/\/verdadeon.com.br\/portal\/2022\/09\/29\/impasse-entre-prefeitura-e-camara-em-cristais-provoca-suspensao-de-servicos\/","og_locale":"pt_BR","og_type":"article","og_title":"Impasse entre Prefeitura e C\u00e2mara em Cristais provoca suspens\u00e3o de servi\u00e7os - VerdadeOn","og_description":"Projeto de suplementa\u00e7\u00e3o or\u00e7ament\u00e1ria n\u00e3o foi votado pela C\u00e2mara e atendimentos est\u00e3o parados desde esta quinta-feira \u00a0 &nbsp; A popula\u00e7\u00e3o de Cristais Paulista enfrenta a suspens\u00e3o [\u2026]","og_url":"https:\/\/verdadeon.com.br\/portal\/2022\/09\/29\/impasse-entre-prefeitura-e-camara-em-cristais-provoca-suspensao-de-servicos\/","og_site_name":"VerdadeOn","article_published_time":"2022-09-29T21:20:51+00:00","og_image":[{"width":1000,"height":670,"url":"https:\/\/verdadeon.com.br\/portal\/wp-content\/uploads\/2022\/09\/WhatsApp-Image-2022-09-29-at-18.19.48.jpeg","type":"image\/jpeg"}],"author":"Nelise Luques","twitter_card":"summary_large_image","twitter_misc":{"Escrito por":"Nelise Luques","Est. tempo de leitura":"4 minutos"},"schema":{"@context":"https:\/\/schema.org","@graph":[{"@type":"WebPage","@id":"https:\/\/verdadeon.com.br\/portal\/2022\/09\/29\/impasse-entre-prefeitura-e-camara-em-cristais-provoca-suspensao-de-servicos\/","url":"https:\/\/verdadeon.com.br\/portal\/2022\/09\/29\/impasse-entre-prefeitura-e-camara-em-cristais-provoca-suspensao-de-servicos\/","name":"Impasse entre Prefeitura e C\u00e2mara em Cristais provoca suspens\u00e3o de servi\u00e7os - VerdadeOn","isPartOf":{"@id":"https:\/\/verdadeon.com.br\/portal\/#website"},"primaryImageOfPage":{"@id":"https:\/\/verdadeon.com.br\/portal\/2022\/09\/29\/impasse-entre-prefeitura-e-camara-em-cristais-provoca-suspensao-de-servicos\/#primaryimage"},"image":{"@id":"https:\/\/verdadeon.com.br\/portal\/2022\/09\/29\/impasse-entre-prefeitura-e-camara-em-cristais-provoca-suspensao-de-servicos\/#primaryimage"},"thumbnailUrl":"https:\/\/i0.wp.com\/verdadeon.com.br\/portal\/wp-content\/uploads\/2022\/09\/WhatsApp-Image-2022-09-29-at-18.19.48.jpeg?fit=1000%2C670&ssl=1","datePublished":"2022-09-29T21:20:51+00:00","author":{"@id":"https:\/\/verdadeon.com.br\/portal\/#\/schema\/person\/8248726d36015c1916636fabb175d972"},"breadcrumb":{"@id":"https:\/\/verdadeon.com.br\/portal\/2022\/09\/29\/impasse-entre-prefeitura-e-camara-em-cristais-provoca-suspensao-de-servicos\/#breadcrumb"},"inLanguage":"pt-BR","potentialAction":[{"@type":"ReadAction","target":["https:\/\/verdadeon.com.br\/portal\/2022\/09\/29\/impasse-entre-prefeitura-e-camara-em-cristais-provoca-suspensao-de-servicos\/"]}]},{"@type":"ImageObject","inLanguage":"pt-BR","@id":"https:\/\/verdadeon.com.br\/portal\/2022\/09\/29\/impasse-entre-prefeitura-e-camara-em-cristais-provoca-suspensao-de-servicos\/#primaryimage","url":"https:\/\/i0.wp.com\/verdadeon.com.br\/portal\/wp-content\/uploads\/2022\/09\/WhatsApp-Image-2022-09-29-at-18.19.48.jpeg?fit=1000%2C670&ssl=1","contentUrl":"https:\/\/i0.wp.com\/verdadeon.com.br\/portal\/wp-content\/uploads\/2022\/09\/WhatsApp-Image-2022-09-29-at-18.19.48.jpeg?fit=1000%2C670&ssl=1","width":1000,"height":670,"caption":"A prefeita de Cristais Paulista, Katiuscia Leonardo, durante live sobre assuntos or\u00e7ament\u00e1rios que gerou suspens\u00e3o de servi\u00e7os no munic\u00edpio | Foto: Reprodu\u00e7\u00e3o"},{"@type":"BreadcrumbList","@id":"https:\/\/verdadeon.com.br\/portal\/2022\/09\/29\/impasse-entre-prefeitura-e-camara-em-cristais-provoca-suspensao-de-servicos\/#breadcrumb","itemListElement":[{"@type":"ListItem","position":1,"name":"In\u00edcio","item":"https:\/\/verdadeon.com.br\/portal\/"},{"@type":"ListItem","position":2,"name":"Impasse entre Prefeitura e C\u00e2mara em Cristais provoca suspens\u00e3o de servi\u00e7os"}]},{"@type":"WebSite","@id":"https:\/\/verdadeon.com.br\/portal\/#website","url":"https:\/\/verdadeon.com.br\/portal\/","name":"VerdadeOn","description":"Not\u00edcias di\u00e1rias sobre Franca, Regi\u00e3o, Esporte, Cultura, Cotidiano, Colunas. Cobertura nos principais eventos da cidade \u00e9 aqui - Verdadeon Franca","potentialAction":[{"@type":"SearchAction","target":{"@type":"EntryPoint","urlTemplate":"https:\/\/verdadeon.com.br\/portal\/?s={search_term_string}"},"query-input":{"@type":"PropertyValueSpecification","valueRequired":true,"valueName":"search_term_string"}}],"inLanguage":"pt-BR"},{"@type":"Person","@id":"https:\/\/verdadeon.com.br\/portal\/#\/schema\/person\/8248726d36015c1916636fabb175d972","name":"Nelise Luques","image":{"@type":"ImageObject","inLanguage":"pt-BR","@id":"https:\/\/verdadeon.com.br\/portal\/#\/schema\/person\/image\/","url":"https:\/\/secure.gravatar.com\/avatar\/29b2a17f5bcadeb827411b66f48ac13c3e0ecaf5906c0f5745ecc5d41c24eada?s=96&d=mm&r=g","contentUrl":"https:\/\/secure.gravatar.com\/avatar\/29b2a17f5bcadeb827411b66f48ac13c3e0ecaf5906c0f5745ecc5d41c24eada?s=96&d=mm&r=g","caption":"Nelise Luques"},"url":"https:\/\/verdadeon.com.br\/portal\/author\/verdade\/"}]}},"jetpack_publicize_connections":[],"jetpack_featured_media_url":"https:\/\/i0.wp.com\/verdadeon.com.br\/portal\/wp-content\/uploads\/2022\/09\/WhatsApp-Image-2022-09-29-at-18.19.48.jpeg?fit=1000%2C670&ssl=1","jetpack_sharing_enabled":true,"_links":{"self":[{"href":"https:\/\/verdadeon.com.br\/portal\/wp-json\/wp\/v2\/posts\/28492","targetHints":{"allow":["GET"]}}],"collection":[{"href":"https:\/\/verdadeon.com.br\/portal\/wp-json\/wp\/v2\/posts"}],"about":[{"href":"https:\/\/verdadeon.com.br\/portal\/wp-json\/wp\/v2\/types\/post"}],"author":[{"embeddable":true,"href":"https:\/\/verdadeon.com.br\/portal\/wp-json\/wp\/v2\/users\/12"}],"replies":[{"embeddable":true,"href":"https:\/\/verdadeon.com.br\/portal\/wp-json\/wp\/v2\/comments?post=28492"}],"version-history":[{"count":1,"href":"https:\/\/verdadeon.com.br\/portal\/wp-json\/wp\/v2\/posts\/28492\/revisions"}],"predecessor-version":[{"id":28497,"href":"https:\/\/verdadeon.com.br\/portal\/wp-json\/wp\/v2\/posts\/28492\/revisions\/28497"}],"wp:featuredmedia":[{"embeddable":true,"href":"https:\/\/verdadeon.com.br\/portal\/wp-json\/wp\/v2\/media\/28496"}],"wp:attachment":[{"href":"https:\/\/verdadeon.com.br\/portal\/wp-json\/wp\/v2\/media?parent=28492"}],"wp:term":[{"taxonomy":"category","embeddable":true,"href":"https:\/\/verdadeon.com.br\/portal\/wp-json\/wp\/v2\/categories?post=28492"},{"taxonomy":"post_tag","embeddable":true,"href":"https:\/\/verdadeon.com.br\/portal\/wp-json\/wp\/v2\/tags?post=28492"}],"curies":[{"name":"wp","href":"https:\/\/api.w.org\/{rel}","templated":true}]}}