{"id":28484,"date":"2022-09-29T17:58:31","date_gmt":"2022-09-29T20:58:31","guid":{"rendered":"https:\/\/verdadeon.com.br\/portal\/?p=28484"},"modified":"2022-09-29T17:58:31","modified_gmt":"2022-09-29T20:58:31","slug":"nossa-meta-e-fazer-um-mandato-proximo-do-povo-e-para-o-povo-diz-marcelo-morickochi-candidato-a-federal","status":"publish","type":"post","link":"https:\/\/verdadeon.com.br\/portal\/2022\/09\/29\/nossa-meta-e-fazer-um-mandato-proximo-do-povo-e-para-o-povo-diz-marcelo-morickochi-candidato-a-federal\/","title":{"rendered":"\u2018Nossa meta \u00e9 fazer um mandato pr\u00f3ximo do povo e para o povo\u2019, diz Marcelo Morickochi, candidato a federal"},"content":{"rendered":"<h2>M\u00e9dico disputa a elei\u00e7\u00e3o pela primeira vez e promete levantar principalmente a bandeira da Sa\u00fade<\/h2>\n<p>Na reta final de sua campanha o candidato a deputado federal Marcelo Morickochi, recebeu o apoio de amigos e pacientes que confirmaram o voto nele no dia dois de outubro.<br \/>\nEm todos os relatos ficou claro que o m\u00e9dico \u00e9 honesto, preparado e a melhor op\u00e7\u00e3o para representar Franca na C\u00e2mara dos Deputados em Bras\u00edlia.<br \/>\n\u201cUma pessoa muito humana, como amigo, m\u00e9dico, como ele faz tudo bem! N\u00f3s estamos precisando de pessoas assim na pol\u00edtica, honestas, que lutam pela sua cidade e querem o bem do ser humano. N\u00e3o vamos ficar dividindo votos n\u00e3o, vamos direcionar para o nosso querido Marcelo Morickochi\u201d, disse Rosinha Aylon, Diretora do Ber\u00e7\u00e1rio Dona Nina.<br \/>\n\u201cPassa da hora na realidade da gente come\u00e7ar a pensar na sociedade com representantes da pr\u00f3pria sociedade, pessoas de bem, honestas, de car\u00e1ter, de princ\u00edpios como \u00e9 o Marcelo Morickochi. Me entusiasma muito ver essas pessoas participando da vida p\u00fablica e \u00e9 uma grande oportunidade para a gente mudar o nosso voto e trazer honestidade para a vida p\u00fablica, gente como a gente\u201d, disse o doutor Nilson Salom\u00e3o.<br \/>\n\u201cEu gostaria de recomendar para deputado federal por Franca, nosso amigo, m\u00e9dico francano Marcelo Morickochi, uma pessoa de fino trato, de bom cora\u00e7\u00e3o e que al\u00e9m de professor universit\u00e1rio, prestou servi\u00e7os relevantes no Lar de Of\u00e9lia. Como professor, sempre muito gentil e trabalhador, recomendo com certeza que ele seja eleito. Franca ser\u00e1 muito bem representada!, disse Cl\u00f3vis Pl\u00e1cido, presidente do Lar de Of\u00e9lia.<br \/>\n\u201cQuero deixar aqui registrado meu agradecimento. Quando eu precisei de atendimento, al\u00e9m de um \u00f3timo m\u00e9dico ele foi um amigo, tenho muita gratid\u00e3o. A sua gentileza, seu cuidado, sua empatia e todo o carinho\u201d, relatou Mariane Dutra de Deus, paciente do Doutor Morickochi.<\/p>\n<h4>Propostas<\/h4>\n<p>Desde o in\u00edcio da campanha em agosto, o candidato a deputado federal Marcelo Morickochi, destacou que a sua principal bandeira ser\u00e1 a sa\u00fade, mas ao mesmo tempo com propostas para outros setores essenciais para Franca e regi\u00e3o, como o apoio para a Ind\u00fastria Cal\u00e7adista, para o Agroneg\u00f3cio, al\u00e9m da Educa\u00e7\u00e3o, Infraestrutura entre outros.<br \/>\n\u201cQuando se representa uma cidade do porte de Franca, sem esquecermos de nossa regi\u00e3o, \u00e9 necess\u00e1rio pensar de forma ampla, em todos os segmentos, s\u00f3 assim conseguiremos chegar onde queremos. Mas de todas as minhas propostas, a principal \u00e9 fazer um mandato pr\u00f3ximo da popula\u00e7\u00e3o, com o povo que me elegeu. Precisamos disso, de di\u00e1logo, de seriedade e honestidade. Coloquei meu nome a disposi\u00e7\u00e3o. No dia dois de outubro vote 1182, Marcelo Morickochi\u201d, finalizou o m\u00e9dico.<\/p>\n","protected":false},"excerpt":{"rendered":"<p>M\u00e9dico disputa a elei\u00e7\u00e3o pela primeira vez e promete levantar principalmente a bandeira da Sa\u00fade Na reta final de sua campanha o candidato a deputado federal<span class=\"excerpt-hellip\"> [\u2026]<\/span><\/p>\n","protected":false},"author":7,"featured_media":26715,"comment_status":"open","ping_status":"open","sticky":false,"template":"","format":"standard","meta":{"_jetpack_memberships_contains_paid_content":false,"footnotes":"","jetpack_publicize_message":"","jetpack_publicize_feature_enabled":true,"jetpack_social_post_already_shared":false,"jetpack_social_options":{"image_generator_settings":{"template":"highway","default_image_id":0,"enabled":false},"version":2}},"categories":[28,44],"tags":[],"class_list":["post-28484","post","type-post","status-publish","format-standard","has-post-thumbnail","hentry","category-cotidiano","category-noticias"],"yoast_head":"<!-- This site is optimized with the Yoast SEO plugin v25.6 - https:\/\/yoast.com\/wordpress\/plugins\/seo\/ -->\n<title>\u2018Nossa meta \u00e9 fazer um mandato pr\u00f3ximo do povo e para o povo\u2019, diz Marcelo Morickochi, candidato a federal - VerdadeOn<\/title>\n<meta name=\"robots\" content=\"index, follow, max-snippet:-1, max-image-preview:large, max-video-preview:-1\" \/>\n<link rel=\"canonical\" href=\"https:\/\/verdadeon.com.br\/portal\/2022\/09\/29\/nossa-meta-e-fazer-um-mandato-proximo-do-povo-e-para-o-povo-diz-marcelo-morickochi-candidato-a-federal\/\" \/>\n<meta property=\"og:locale\" content=\"pt_BR\" \/>\n<meta property=\"og:type\" content=\"article\" \/>\n<meta property=\"og:title\" content=\"\u2018Nossa meta \u00e9 fazer um mandato pr\u00f3ximo do povo e para o povo\u2019, diz Marcelo Morickochi, candidato a federal - VerdadeOn\" \/>\n<meta property=\"og:description\" content=\"M\u00e9dico disputa a elei\u00e7\u00e3o pela primeira vez e promete levantar principalmente a bandeira da Sa\u00fade Na reta final de sua campanha o candidato a deputado federal [\u2026]\" \/>\n<meta property=\"og:url\" content=\"https:\/\/verdadeon.com.br\/portal\/2022\/09\/29\/nossa-meta-e-fazer-um-mandato-proximo-do-povo-e-para-o-povo-diz-marcelo-morickochi-candidato-a-federal\/\" \/>\n<meta property=\"og:site_name\" content=\"VerdadeOn\" \/>\n<meta property=\"article:published_time\" content=\"2022-09-29T20:58:31+00:00\" \/>\n<meta property=\"og:image\" content=\"https:\/\/verdadeon.com.br\/portal\/wp-content\/uploads\/2022\/07\/WhatsApp-Image-2022-07-23-at-16.34.45-1-e1658612897775.jpeg\" \/>\n\t<meta property=\"og:image:width\" content=\"1000\" \/>\n\t<meta property=\"og:image:height\" content=\"672\" \/>\n\t<meta property=\"og:image:type\" content=\"image\/jpeg\" \/>\n<meta name=\"author\" content=\"Fernando Lima\" \/>\n<meta name=\"twitter:card\" content=\"summary_large_image\" \/>\n<meta name=\"twitter:label1\" content=\"Escrito por\" \/>\n\t<meta name=\"twitter:data1\" content=\"Fernando Lima\" \/>\n\t<meta name=\"twitter:label2\" content=\"Est. tempo de leitura\" \/>\n\t<meta name=\"twitter:data2\" content=\"3 minutos\" \/>\n<script type=\"application\/ld+json\" class=\"yoast-schema-graph\">{\"@context\":\"https:\/\/schema.org\",\"@graph\":[{\"@type\":\"WebPage\",\"@id\":\"https:\/\/verdadeon.com.br\/portal\/2022\/09\/29\/nossa-meta-e-fazer-um-mandato-proximo-do-povo-e-para-o-povo-diz-marcelo-morickochi-candidato-a-federal\/\",\"url\":\"https:\/\/verdadeon.com.br\/portal\/2022\/09\/29\/nossa-meta-e-fazer-um-mandato-proximo-do-povo-e-para-o-povo-diz-marcelo-morickochi-candidato-a-federal\/\",\"name\":\"\u2018Nossa meta \u00e9 fazer um mandato pr\u00f3ximo do povo e para o povo\u2019, diz Marcelo Morickochi, candidato a federal - VerdadeOn\",\"isPartOf\":{\"@id\":\"https:\/\/verdadeon.com.br\/portal\/#website\"},\"primaryImageOfPage\":{\"@id\":\"https:\/\/verdadeon.com.br\/portal\/2022\/09\/29\/nossa-meta-e-fazer-um-mandato-proximo-do-povo-e-para-o-povo-diz-marcelo-morickochi-candidato-a-federal\/#primaryimage\"},\"image\":{\"@id\":\"https:\/\/verdadeon.com.br\/portal\/2022\/09\/29\/nossa-meta-e-fazer-um-mandato-proximo-do-povo-e-para-o-povo-diz-marcelo-morickochi-candidato-a-federal\/#primaryimage\"},\"thumbnailUrl\":\"https:\/\/i0.wp.com\/verdadeon.com.br\/portal\/wp-content\/uploads\/2022\/07\/WhatsApp-Image-2022-07-23-at-16.34.45-1-e1658612897775.jpeg?fit=1000%2C672&ssl=1\",\"datePublished\":\"2022-09-29T20:58:31+00:00\",\"author\":{\"@id\":\"https:\/\/verdadeon.com.br\/portal\/#\/schema\/person\/cc32be22b8e8599387c480bc83e1d11a\"},\"breadcrumb\":{\"@id\":\"https:\/\/verdadeon.com.br\/portal\/2022\/09\/29\/nossa-meta-e-fazer-um-mandato-proximo-do-povo-e-para-o-povo-diz-marcelo-morickochi-candidato-a-federal\/#breadcrumb\"},\"inLanguage\":\"pt-BR\",\"potentialAction\":[{\"@type\":\"ReadAction\",\"target\":[\"https:\/\/verdadeon.com.br\/portal\/2022\/09\/29\/nossa-meta-e-fazer-um-mandato-proximo-do-povo-e-para-o-povo-diz-marcelo-morickochi-candidato-a-federal\/\"]}]},{\"@type\":\"ImageObject\",\"inLanguage\":\"pt-BR\",\"@id\":\"https:\/\/verdadeon.com.br\/portal\/2022\/09\/29\/nossa-meta-e-fazer-um-mandato-proximo-do-povo-e-para-o-povo-diz-marcelo-morickochi-candidato-a-federal\/#primaryimage\",\"url\":\"https:\/\/i0.wp.com\/verdadeon.com.br\/portal\/wp-content\/uploads\/2022\/07\/WhatsApp-Image-2022-07-23-at-16.34.45-1-e1658612897775.jpeg?fit=1000%2C672&ssl=1\",\"contentUrl\":\"https:\/\/i0.wp.com\/verdadeon.com.br\/portal\/wp-content\/uploads\/2022\/07\/WhatsApp-Image-2022-07-23-at-16.34.45-1-e1658612897775.jpeg?fit=1000%2C672&ssl=1\",\"width\":1000,\"height\":672,\"caption\":\"Marcelo Morickochi contou que prioridade ser\u00e1 sa\u00fade, mas destacou propostas tamb\u00e9m para outras \u00e1reas, como educa\u00e7\u00e3o e trabalho | Foto: Divulga\u00e7\u00e3o\"},{\"@type\":\"BreadcrumbList\",\"@id\":\"https:\/\/verdadeon.com.br\/portal\/2022\/09\/29\/nossa-meta-e-fazer-um-mandato-proximo-do-povo-e-para-o-povo-diz-marcelo-morickochi-candidato-a-federal\/#breadcrumb\",\"itemListElement\":[{\"@type\":\"ListItem\",\"position\":1,\"name\":\"In\u00edcio\",\"item\":\"https:\/\/verdadeon.com.br\/portal\/\"},{\"@type\":\"ListItem\",\"position\":2,\"name\":\"\u2018Nossa meta \u00e9 fazer um mandato pr\u00f3ximo do povo e para o povo\u2019, diz Marcelo Morickochi, candidato a federal\"}]},{\"@type\":\"WebSite\",\"@id\":\"https:\/\/verdadeon.com.br\/portal\/#website\",\"url\":\"https:\/\/verdadeon.com.br\/portal\/\",\"name\":\"VerdadeOn\",\"description\":\"Not\u00edcias di\u00e1rias sobre Franca, Regi\u00e3o, Esporte, Cultura, Cotidiano, Colunas. Cobertura nos principais eventos da cidade \u00e9 aqui - Verdadeon Franca\",\"potentialAction\":[{\"@type\":\"SearchAction\",\"target\":{\"@type\":\"EntryPoint\",\"urlTemplate\":\"https:\/\/verdadeon.com.br\/portal\/?s={search_term_string}\"},\"query-input\":{\"@type\":\"PropertyValueSpecification\",\"valueRequired\":true,\"valueName\":\"search_term_string\"}}],\"inLanguage\":\"pt-BR\"},{\"@type\":\"Person\",\"@id\":\"https:\/\/verdadeon.com.br\/portal\/#\/schema\/person\/cc32be22b8e8599387c480bc83e1d11a\",\"name\":\"Fernando Lima\",\"image\":{\"@type\":\"ImageObject\",\"inLanguage\":\"pt-BR\",\"@id\":\"https:\/\/verdadeon.com.br\/portal\/#\/schema\/person\/image\/\",\"url\":\"https:\/\/secure.gravatar.com\/avatar\/df4c8e132080d2b3a4841d5d232045464e0eed11a1d6e43115ca0843d48768d3?s=96&d=mm&r=g\",\"contentUrl\":\"https:\/\/secure.gravatar.com\/avatar\/df4c8e132080d2b3a4841d5d232045464e0eed11a1d6e43115ca0843d48768d3?s=96&d=mm&r=g\",\"caption\":\"Fernando Lima\"},\"sameAs\":[\"http:\/\/verdadeon.com.br\/\"],\"url\":\"https:\/\/verdadeon.com.br\/portal\/author\/fernando-lima\/\"}]}<\/script>\n<!-- \/ Yoast SEO plugin. -->","yoast_head_json":{"title":"\u2018Nossa meta \u00e9 fazer um mandato pr\u00f3ximo do povo e para o povo\u2019, diz Marcelo Morickochi, candidato a federal - VerdadeOn","robots":{"index":"index","follow":"follow","max-snippet":"max-snippet:-1","max-image-preview":"max-image-preview:large","max-video-preview":"max-video-preview:-1"},"canonical":"https:\/\/verdadeon.com.br\/portal\/2022\/09\/29\/nossa-meta-e-fazer-um-mandato-proximo-do-povo-e-para-o-povo-diz-marcelo-morickochi-candidato-a-federal\/","og_locale":"pt_BR","og_type":"article","og_title":"\u2018Nossa meta \u00e9 fazer um mandato pr\u00f3ximo do povo e para o povo\u2019, diz Marcelo Morickochi, candidato a federal - VerdadeOn","og_description":"M\u00e9dico disputa a elei\u00e7\u00e3o pela primeira vez e promete levantar principalmente a bandeira da Sa\u00fade Na reta final de sua campanha o candidato a deputado federal [\u2026]","og_url":"https:\/\/verdadeon.com.br\/portal\/2022\/09\/29\/nossa-meta-e-fazer-um-mandato-proximo-do-povo-e-para-o-povo-diz-marcelo-morickochi-candidato-a-federal\/","og_site_name":"VerdadeOn","article_published_time":"2022-09-29T20:58:31+00:00","og_image":[{"width":1000,"height":672,"url":"https:\/\/verdadeon.com.br\/portal\/wp-content\/uploads\/2022\/07\/WhatsApp-Image-2022-07-23-at-16.34.45-1-e1658612897775.jpeg","type":"image\/jpeg"}],"author":"Fernando Lima","twitter_card":"summary_large_image","twitter_misc":{"Escrito por":"Fernando Lima","Est. tempo de leitura":"3 minutos"},"schema":{"@context":"https:\/\/schema.org","@graph":[{"@type":"WebPage","@id":"https:\/\/verdadeon.com.br\/portal\/2022\/09\/29\/nossa-meta-e-fazer-um-mandato-proximo-do-povo-e-para-o-povo-diz-marcelo-morickochi-candidato-a-federal\/","url":"https:\/\/verdadeon.com.br\/portal\/2022\/09\/29\/nossa-meta-e-fazer-um-mandato-proximo-do-povo-e-para-o-povo-diz-marcelo-morickochi-candidato-a-federal\/","name":"\u2018Nossa meta \u00e9 fazer um mandato pr\u00f3ximo do povo e para o povo\u2019, diz Marcelo Morickochi, candidato a federal - VerdadeOn","isPartOf":{"@id":"https:\/\/verdadeon.com.br\/portal\/#website"},"primaryImageOfPage":{"@id":"https:\/\/verdadeon.com.br\/portal\/2022\/09\/29\/nossa-meta-e-fazer-um-mandato-proximo-do-povo-e-para-o-povo-diz-marcelo-morickochi-candidato-a-federal\/#primaryimage"},"image":{"@id":"https:\/\/verdadeon.com.br\/portal\/2022\/09\/29\/nossa-meta-e-fazer-um-mandato-proximo-do-povo-e-para-o-povo-diz-marcelo-morickochi-candidato-a-federal\/#primaryimage"},"thumbnailUrl":"https:\/\/i0.wp.com\/verdadeon.com.br\/portal\/wp-content\/uploads\/2022\/07\/WhatsApp-Image-2022-07-23-at-16.34.45-1-e1658612897775.jpeg?fit=1000%2C672&ssl=1","datePublished":"2022-09-29T20:58:31+00:00","author":{"@id":"https:\/\/verdadeon.com.br\/portal\/#\/schema\/person\/cc32be22b8e8599387c480bc83e1d11a"},"breadcrumb":{"@id":"https:\/\/verdadeon.com.br\/portal\/2022\/09\/29\/nossa-meta-e-fazer-um-mandato-proximo-do-povo-e-para-o-povo-diz-marcelo-morickochi-candidato-a-federal\/#breadcrumb"},"inLanguage":"pt-BR","potentialAction":[{"@type":"ReadAction","target":["https:\/\/verdadeon.com.br\/portal\/2022\/09\/29\/nossa-meta-e-fazer-um-mandato-proximo-do-povo-e-para-o-povo-diz-marcelo-morickochi-candidato-a-federal\/"]}]},{"@type":"ImageObject","inLanguage":"pt-BR","@id":"https:\/\/verdadeon.com.br\/portal\/2022\/09\/29\/nossa-meta-e-fazer-um-mandato-proximo-do-povo-e-para-o-povo-diz-marcelo-morickochi-candidato-a-federal\/#primaryimage","url":"https:\/\/i0.wp.com\/verdadeon.com.br\/portal\/wp-content\/uploads\/2022\/07\/WhatsApp-Image-2022-07-23-at-16.34.45-1-e1658612897775.jpeg?fit=1000%2C672&ssl=1","contentUrl":"https:\/\/i0.wp.com\/verdadeon.com.br\/portal\/wp-content\/uploads\/2022\/07\/WhatsApp-Image-2022-07-23-at-16.34.45-1-e1658612897775.jpeg?fit=1000%2C672&ssl=1","width":1000,"height":672,"caption":"Marcelo Morickochi contou que prioridade ser\u00e1 sa\u00fade, mas destacou propostas tamb\u00e9m para outras \u00e1reas, como educa\u00e7\u00e3o e trabalho | Foto: Divulga\u00e7\u00e3o"},{"@type":"BreadcrumbList","@id":"https:\/\/verdadeon.com.br\/portal\/2022\/09\/29\/nossa-meta-e-fazer-um-mandato-proximo-do-povo-e-para-o-povo-diz-marcelo-morickochi-candidato-a-federal\/#breadcrumb","itemListElement":[{"@type":"ListItem","position":1,"name":"In\u00edcio","item":"https:\/\/verdadeon.com.br\/portal\/"},{"@type":"ListItem","position":2,"name":"\u2018Nossa meta \u00e9 fazer um mandato pr\u00f3ximo do povo e para o povo\u2019, diz Marcelo Morickochi, candidato a federal"}]},{"@type":"WebSite","@id":"https:\/\/verdadeon.com.br\/portal\/#website","url":"https:\/\/verdadeon.com.br\/portal\/","name":"VerdadeOn","description":"Not\u00edcias di\u00e1rias sobre Franca, Regi\u00e3o, Esporte, Cultura, Cotidiano, Colunas. Cobertura nos principais eventos da cidade \u00e9 aqui - Verdadeon Franca","potentialAction":[{"@type":"SearchAction","target":{"@type":"EntryPoint","urlTemplate":"https:\/\/verdadeon.com.br\/portal\/?s={search_term_string}"},"query-input":{"@type":"PropertyValueSpecification","valueRequired":true,"valueName":"search_term_string"}}],"inLanguage":"pt-BR"},{"@type":"Person","@id":"https:\/\/verdadeon.com.br\/portal\/#\/schema\/person\/cc32be22b8e8599387c480bc83e1d11a","name":"Fernando Lima","image":{"@type":"ImageObject","inLanguage":"pt-BR","@id":"https:\/\/verdadeon.com.br\/portal\/#\/schema\/person\/image\/","url":"https:\/\/secure.gravatar.com\/avatar\/df4c8e132080d2b3a4841d5d232045464e0eed11a1d6e43115ca0843d48768d3?s=96&d=mm&r=g","contentUrl":"https:\/\/secure.gravatar.com\/avatar\/df4c8e132080d2b3a4841d5d232045464e0eed11a1d6e43115ca0843d48768d3?s=96&d=mm&r=g","caption":"Fernando Lima"},"sameAs":["http:\/\/verdadeon.com.br\/"],"url":"https:\/\/verdadeon.com.br\/portal\/author\/fernando-lima\/"}]}},"jetpack_publicize_connections":[],"jetpack_featured_media_url":"https:\/\/i0.wp.com\/verdadeon.com.br\/portal\/wp-content\/uploads\/2022\/07\/WhatsApp-Image-2022-07-23-at-16.34.45-1-e1658612897775.jpeg?fit=1000%2C672&ssl=1","jetpack_sharing_enabled":true,"_links":{"self":[{"href":"https:\/\/verdadeon.com.br\/portal\/wp-json\/wp\/v2\/posts\/28484","targetHints":{"allow":["GET"]}}],"collection":[{"href":"https:\/\/verdadeon.com.br\/portal\/wp-json\/wp\/v2\/posts"}],"about":[{"href":"https:\/\/verdadeon.com.br\/portal\/wp-json\/wp\/v2\/types\/post"}],"author":[{"embeddable":true,"href":"https:\/\/verdadeon.com.br\/portal\/wp-json\/wp\/v2\/users\/7"}],"replies":[{"embeddable":true,"href":"https:\/\/verdadeon.com.br\/portal\/wp-json\/wp\/v2\/comments?post=28484"}],"version-history":[{"count":2,"href":"https:\/\/verdadeon.com.br\/portal\/wp-json\/wp\/v2\/posts\/28484\/revisions"}],"predecessor-version":[{"id":28487,"href":"https:\/\/verdadeon.com.br\/portal\/wp-json\/wp\/v2\/posts\/28484\/revisions\/28487"}],"wp:featuredmedia":[{"embeddable":true,"href":"https:\/\/verdadeon.com.br\/portal\/wp-json\/wp\/v2\/media\/26715"}],"wp:attachment":[{"href":"https:\/\/verdadeon.com.br\/portal\/wp-json\/wp\/v2\/media?parent=28484"}],"wp:term":[{"taxonomy":"category","embeddable":true,"href":"https:\/\/verdadeon.com.br\/portal\/wp-json\/wp\/v2\/categories?post=28484"},{"taxonomy":"post_tag","embeddable":true,"href":"https:\/\/verdadeon.com.br\/portal\/wp-json\/wp\/v2\/tags?post=28484"}],"curies":[{"name":"wp","href":"https:\/\/api.w.org\/{rel}","templated":true}]}}