{"id":28481,"date":"2022-09-29T16:37:17","date_gmt":"2022-09-29T19:37:17","guid":{"rendered":"https:\/\/verdadeon.com.br\/portal\/?p=28481"},"modified":"2022-09-29T16:37:17","modified_gmt":"2022-09-29T19:37:17","slug":"licitacao-do-lixo-e-suspensa-pela-justica-empresa-vencedora-nao-comprovou-capacidade-de-assumir-servico","status":"publish","type":"post","link":"https:\/\/verdadeon.com.br\/portal\/2022\/09\/29\/licitacao-do-lixo-e-suspensa-pela-justica-empresa-vencedora-nao-comprovou-capacidade-de-assumir-servico\/","title":{"rendered":"Licita\u00e7\u00e3o do lixo \u00e9 suspensa pela Justi\u00e7a, empresa vencedora n\u00e3o comprovou capacidade de assumir servi\u00e7o"},"content":{"rendered":"<h2>Decis\u00e3o foi divulgada nesta quinta-feira, atendendo pedido da atual prestadora do servi\u00e7o<\/h2>\n<p>A Justi\u00e7a atendeu o pedido da empresa Seleta e suspendeu a licita\u00e7\u00e3o que teve como vencedora a empresa Mazal Solu\u00e7\u00f5es Ambientais, segundo o pedido a Mazal n\u00e3o atendeu os requisitos b\u00e1sicos para prestar o servi\u00e7o.<\/p>\n<p>Entre as alega\u00e7\u00f5es da Seleta, est\u00e1 a de que a vencedora n\u00e3o apresentou provas de que possui capacidade financeira e t\u00e9cnica de prestar os servi\u00e7os de limpeza e coleta de lixo em Franca, al\u00e9m disso, n\u00e3o houve movimenta\u00e7\u00e3o financeira da Mazal nos \u00faltimos dois anos, o que levanta suspeitas.<\/p>\n<p>\u201cConforme se verifica junto a documenta\u00e7\u00e3o informativa e decis\u00e3o proferida no recurso administrativo interposto pela impetrante, a princ\u00edpio, a empresa Mazal Solu\u00e7\u00f5es Ambientais LTDA n\u00e3o apresentou as informa\u00e7\u00f5es necess\u00e1rias para sua habilita\u00e7\u00e3o. Quanto a capacidade t\u00e9cnica e operacional, tem-se que a empresa utilizou de ativos inating\u00edveis de outra empresa, &#8220;Le\u00e3o &amp; Le\u00e3o LTDA&#8221;, empresa em recupera\u00e7\u00e3o judicial, que depois se retirou da sociedade constitu\u00edda em 2019 antes do in\u00edcio da atividade da empresa Mazal, que se noticia em abril de 2022: n\u00e3o h\u00e1 continuidade operacional\u201d, escreveu na decis\u00e3o o Juiz Aur\u00e9lio Miguel Pena.<\/p>\n<p>Sobre a capacidade financeira da vencedora, o Juiz destacou que ela n\u00e3o foi comprovada na documenta\u00e7\u00e3o, j\u00e1 que a mesma foi constitu\u00edda em 2019, mas iniciou suas atividades apenas em abril de 2022.<\/p>\n<p>Para o magistrado o fato chamou a aten\u00e7\u00e3o j\u00e1 que a empresa n\u00e3o realizou qualquer atividade ou presta\u00e7\u00e3o de servi\u00e7os mantendo o mesmo capital social integralizado no valor de mais de R$ 11 milh\u00f5es, sem qualquer tipo de movimenta\u00e7\u00e3o. \u201cFato que causa uma certa estranheza. A empresa foi criada e nenhuma atividade desenvolveu no per\u00edodo de dois anos, inexistindo qualquer ind\u00edcio da impossibilidade\u201d, escreveu.<\/p>\n<p>Para o Juiz, diante as in\u00fameras inconsist\u00eancias que foram apresentadas pela Seleta no pedido de suspens\u00e3o, ficou claro a necessidade de suspender a licita\u00e7\u00e3o, concedendo a medida de seguran\u00e7a.<\/p>\n<p>&nbsp;<\/p>\n<h4>Outro lado<\/h4>\n<p>O Jornal Verdade questionou a Prefeitura de Franca sobre a suspens\u00e3o da licita\u00e7\u00e3o, questionando ainda o fato de que o contrato com a Seleta ser\u00e1 encerrado nesta sexta-feira (30), se a cidade corre o risco de ficar sem o servi\u00e7o de coleta e limpeza p\u00fablica.<\/p>\n<p>Confira a nota:<\/p>\n<p>\u201cA\u00a0Prefeitura de Franca informa que as medidas necess\u00e1rias para que a cidade n\u00e3o fique sem os servi\u00e7os de limpeza p\u00fablica ser\u00e3o tomadas\u201d.<\/p>\n<p>J\u00e1 a empresa Marzal Solu\u00e7\u00f5es Ambientais n\u00e3o foi encontrada pelo telefone, mas mandamos a demanda atrav\u00e9s de e-mail. Caso a empresa se manifeste, o mesmo ser\u00e1 anexado na reportagem.<\/p>\n","protected":false},"excerpt":{"rendered":"<p>Decis\u00e3o foi divulgada nesta quinta-feira, atendendo pedido da atual prestadora do servi\u00e7o A Justi\u00e7a atendeu o pedido da empresa Seleta e suspendeu a licita\u00e7\u00e3o que teve<span class=\"excerpt-hellip\"> [\u2026]<\/span><\/p>\n","protected":false},"author":7,"featured_media":28482,"comment_status":"open","ping_status":"open","sticky":false,"template":"","format":"standard","meta":{"_jetpack_memberships_contains_paid_content":false,"footnotes":"","jetpack_publicize_message":"","jetpack_publicize_feature_enabled":true,"jetpack_social_post_already_shared":false,"jetpack_social_options":{"image_generator_settings":{"template":"highway","default_image_id":0,"enabled":false},"version":2}},"categories":[28,81],"tags":[],"class_list":["post-28481","post","type-post","status-publish","format-standard","has-post-thumbnail","hentry","category-cotidiano","category-manchete"],"yoast_head":"<!-- This site is optimized with the Yoast SEO plugin v25.6 - https:\/\/yoast.com\/wordpress\/plugins\/seo\/ -->\n<title>Licita\u00e7\u00e3o do lixo \u00e9 suspensa pela Justi\u00e7a, empresa vencedora n\u00e3o comprovou capacidade de assumir servi\u00e7o - VerdadeOn<\/title>\n<meta name=\"robots\" content=\"index, follow, max-snippet:-1, max-image-preview:large, max-video-preview:-1\" \/>\n<link rel=\"canonical\" href=\"https:\/\/verdadeon.com.br\/portal\/2022\/09\/29\/licitacao-do-lixo-e-suspensa-pela-justica-empresa-vencedora-nao-comprovou-capacidade-de-assumir-servico\/\" \/>\n<meta property=\"og:locale\" content=\"pt_BR\" \/>\n<meta property=\"og:type\" content=\"article\" \/>\n<meta property=\"og:title\" content=\"Licita\u00e7\u00e3o do lixo \u00e9 suspensa pela Justi\u00e7a, empresa vencedora n\u00e3o comprovou capacidade de assumir servi\u00e7o - VerdadeOn\" \/>\n<meta property=\"og:description\" content=\"Decis\u00e3o foi divulgada nesta quinta-feira, atendendo pedido da atual prestadora do servi\u00e7o A Justi\u00e7a atendeu o pedido da empresa Seleta e suspendeu a licita\u00e7\u00e3o que teve [\u2026]\" \/>\n<meta property=\"og:url\" content=\"https:\/\/verdadeon.com.br\/portal\/2022\/09\/29\/licitacao-do-lixo-e-suspensa-pela-justica-empresa-vencedora-nao-comprovou-capacidade-de-assumir-servico\/\" \/>\n<meta property=\"og:site_name\" content=\"VerdadeOn\" \/>\n<meta property=\"article:published_time\" content=\"2022-09-29T19:37:17+00:00\" \/>\n<meta property=\"og:image\" content=\"https:\/\/verdadeon.com.br\/portal\/wp-content\/uploads\/2022\/09\/WhatsApp-Image-2022-09-29-at-16.23.05.jpeg\" \/>\n\t<meta property=\"og:image:width\" content=\"1000\" \/>\n\t<meta property=\"og:image:height\" content=\"670\" \/>\n\t<meta property=\"og:image:type\" content=\"image\/jpeg\" \/>\n<meta name=\"author\" content=\"Fernando Lima\" \/>\n<meta name=\"twitter:card\" content=\"summary_large_image\" \/>\n<meta name=\"twitter:label1\" content=\"Escrito por\" \/>\n\t<meta name=\"twitter:data1\" content=\"Fernando Lima\" \/>\n\t<meta name=\"twitter:label2\" content=\"Est. tempo de leitura\" \/>\n\t<meta name=\"twitter:data2\" content=\"3 minutos\" \/>\n<script type=\"application\/ld+json\" class=\"yoast-schema-graph\">{\"@context\":\"https:\/\/schema.org\",\"@graph\":[{\"@type\":\"WebPage\",\"@id\":\"https:\/\/verdadeon.com.br\/portal\/2022\/09\/29\/licitacao-do-lixo-e-suspensa-pela-justica-empresa-vencedora-nao-comprovou-capacidade-de-assumir-servico\/\",\"url\":\"https:\/\/verdadeon.com.br\/portal\/2022\/09\/29\/licitacao-do-lixo-e-suspensa-pela-justica-empresa-vencedora-nao-comprovou-capacidade-de-assumir-servico\/\",\"name\":\"Licita\u00e7\u00e3o do lixo \u00e9 suspensa pela Justi\u00e7a, empresa vencedora n\u00e3o comprovou capacidade de assumir servi\u00e7o - VerdadeOn\",\"isPartOf\":{\"@id\":\"https:\/\/verdadeon.com.br\/portal\/#website\"},\"primaryImageOfPage\":{\"@id\":\"https:\/\/verdadeon.com.br\/portal\/2022\/09\/29\/licitacao-do-lixo-e-suspensa-pela-justica-empresa-vencedora-nao-comprovou-capacidade-de-assumir-servico\/#primaryimage\"},\"image\":{\"@id\":\"https:\/\/verdadeon.com.br\/portal\/2022\/09\/29\/licitacao-do-lixo-e-suspensa-pela-justica-empresa-vencedora-nao-comprovou-capacidade-de-assumir-servico\/#primaryimage\"},\"thumbnailUrl\":\"https:\/\/i0.wp.com\/verdadeon.com.br\/portal\/wp-content\/uploads\/2022\/09\/WhatsApp-Image-2022-09-29-at-16.23.05.jpeg?fit=1000%2C670&ssl=1\",\"datePublished\":\"2022-09-29T19:37:17+00:00\",\"author\":{\"@id\":\"https:\/\/verdadeon.com.br\/portal\/#\/schema\/person\/cc32be22b8e8599387c480bc83e1d11a\"},\"breadcrumb\":{\"@id\":\"https:\/\/verdadeon.com.br\/portal\/2022\/09\/29\/licitacao-do-lixo-e-suspensa-pela-justica-empresa-vencedora-nao-comprovou-capacidade-de-assumir-servico\/#breadcrumb\"},\"inLanguage\":\"pt-BR\",\"potentialAction\":[{\"@type\":\"ReadAction\",\"target\":[\"https:\/\/verdadeon.com.br\/portal\/2022\/09\/29\/licitacao-do-lixo-e-suspensa-pela-justica-empresa-vencedora-nao-comprovou-capacidade-de-assumir-servico\/\"]}]},{\"@type\":\"ImageObject\",\"inLanguage\":\"pt-BR\",\"@id\":\"https:\/\/verdadeon.com.br\/portal\/2022\/09\/29\/licitacao-do-lixo-e-suspensa-pela-justica-empresa-vencedora-nao-comprovou-capacidade-de-assumir-servico\/#primaryimage\",\"url\":\"https:\/\/i0.wp.com\/verdadeon.com.br\/portal\/wp-content\/uploads\/2022\/09\/WhatsApp-Image-2022-09-29-at-16.23.05.jpeg?fit=1000%2C670&ssl=1\",\"contentUrl\":\"https:\/\/i0.wp.com\/verdadeon.com.br\/portal\/wp-content\/uploads\/2022\/09\/WhatsApp-Image-2022-09-29-at-16.23.05.jpeg?fit=1000%2C670&ssl=1\",\"width\":1000,\"height\":670,\"caption\":\"Decis\u00e3o da Justi\u00e7a foi divulgada nesta quinta-feira (29), em nota Prefeitura disse que est\u00e1 tomando as medidas necess\u00e1rias para garantir o abastecimento | Foto: Reprodu\u00e7\u00e3o\"},{\"@type\":\"BreadcrumbList\",\"@id\":\"https:\/\/verdadeon.com.br\/portal\/2022\/09\/29\/licitacao-do-lixo-e-suspensa-pela-justica-empresa-vencedora-nao-comprovou-capacidade-de-assumir-servico\/#breadcrumb\",\"itemListElement\":[{\"@type\":\"ListItem\",\"position\":1,\"name\":\"In\u00edcio\",\"item\":\"https:\/\/verdadeon.com.br\/portal\/\"},{\"@type\":\"ListItem\",\"position\":2,\"name\":\"Licita\u00e7\u00e3o do lixo \u00e9 suspensa pela Justi\u00e7a, empresa vencedora n\u00e3o comprovou capacidade de assumir servi\u00e7o\"}]},{\"@type\":\"WebSite\",\"@id\":\"https:\/\/verdadeon.com.br\/portal\/#website\",\"url\":\"https:\/\/verdadeon.com.br\/portal\/\",\"name\":\"VerdadeOn\",\"description\":\"Not\u00edcias di\u00e1rias sobre Franca, Regi\u00e3o, Esporte, Cultura, Cotidiano, Colunas. Cobertura nos principais eventos da cidade \u00e9 aqui - Verdadeon Franca\",\"potentialAction\":[{\"@type\":\"SearchAction\",\"target\":{\"@type\":\"EntryPoint\",\"urlTemplate\":\"https:\/\/verdadeon.com.br\/portal\/?s={search_term_string}\"},\"query-input\":{\"@type\":\"PropertyValueSpecification\",\"valueRequired\":true,\"valueName\":\"search_term_string\"}}],\"inLanguage\":\"pt-BR\"},{\"@type\":\"Person\",\"@id\":\"https:\/\/verdadeon.com.br\/portal\/#\/schema\/person\/cc32be22b8e8599387c480bc83e1d11a\",\"name\":\"Fernando Lima\",\"image\":{\"@type\":\"ImageObject\",\"inLanguage\":\"pt-BR\",\"@id\":\"https:\/\/verdadeon.com.br\/portal\/#\/schema\/person\/image\/\",\"url\":\"https:\/\/secure.gravatar.com\/avatar\/df4c8e132080d2b3a4841d5d232045464e0eed11a1d6e43115ca0843d48768d3?s=96&d=mm&r=g\",\"contentUrl\":\"https:\/\/secure.gravatar.com\/avatar\/df4c8e132080d2b3a4841d5d232045464e0eed11a1d6e43115ca0843d48768d3?s=96&d=mm&r=g\",\"caption\":\"Fernando Lima\"},\"sameAs\":[\"http:\/\/verdadeon.com.br\/\"],\"url\":\"https:\/\/verdadeon.com.br\/portal\/author\/fernando-lima\/\"}]}<\/script>\n<!-- \/ Yoast SEO plugin. -->","yoast_head_json":{"title":"Licita\u00e7\u00e3o do lixo \u00e9 suspensa pela Justi\u00e7a, empresa vencedora n\u00e3o comprovou capacidade de assumir servi\u00e7o - VerdadeOn","robots":{"index":"index","follow":"follow","max-snippet":"max-snippet:-1","max-image-preview":"max-image-preview:large","max-video-preview":"max-video-preview:-1"},"canonical":"https:\/\/verdadeon.com.br\/portal\/2022\/09\/29\/licitacao-do-lixo-e-suspensa-pela-justica-empresa-vencedora-nao-comprovou-capacidade-de-assumir-servico\/","og_locale":"pt_BR","og_type":"article","og_title":"Licita\u00e7\u00e3o do lixo \u00e9 suspensa pela Justi\u00e7a, empresa vencedora n\u00e3o comprovou capacidade de assumir servi\u00e7o - VerdadeOn","og_description":"Decis\u00e3o foi divulgada nesta quinta-feira, atendendo pedido da atual prestadora do servi\u00e7o A Justi\u00e7a atendeu o pedido da empresa Seleta e suspendeu a licita\u00e7\u00e3o que teve [\u2026]","og_url":"https:\/\/verdadeon.com.br\/portal\/2022\/09\/29\/licitacao-do-lixo-e-suspensa-pela-justica-empresa-vencedora-nao-comprovou-capacidade-de-assumir-servico\/","og_site_name":"VerdadeOn","article_published_time":"2022-09-29T19:37:17+00:00","og_image":[{"width":1000,"height":670,"url":"https:\/\/verdadeon.com.br\/portal\/wp-content\/uploads\/2022\/09\/WhatsApp-Image-2022-09-29-at-16.23.05.jpeg","type":"image\/jpeg"}],"author":"Fernando Lima","twitter_card":"summary_large_image","twitter_misc":{"Escrito por":"Fernando Lima","Est. tempo de leitura":"3 minutos"},"schema":{"@context":"https:\/\/schema.org","@graph":[{"@type":"WebPage","@id":"https:\/\/verdadeon.com.br\/portal\/2022\/09\/29\/licitacao-do-lixo-e-suspensa-pela-justica-empresa-vencedora-nao-comprovou-capacidade-de-assumir-servico\/","url":"https:\/\/verdadeon.com.br\/portal\/2022\/09\/29\/licitacao-do-lixo-e-suspensa-pela-justica-empresa-vencedora-nao-comprovou-capacidade-de-assumir-servico\/","name":"Licita\u00e7\u00e3o do lixo \u00e9 suspensa pela Justi\u00e7a, empresa vencedora n\u00e3o comprovou capacidade de assumir servi\u00e7o - VerdadeOn","isPartOf":{"@id":"https:\/\/verdadeon.com.br\/portal\/#website"},"primaryImageOfPage":{"@id":"https:\/\/verdadeon.com.br\/portal\/2022\/09\/29\/licitacao-do-lixo-e-suspensa-pela-justica-empresa-vencedora-nao-comprovou-capacidade-de-assumir-servico\/#primaryimage"},"image":{"@id":"https:\/\/verdadeon.com.br\/portal\/2022\/09\/29\/licitacao-do-lixo-e-suspensa-pela-justica-empresa-vencedora-nao-comprovou-capacidade-de-assumir-servico\/#primaryimage"},"thumbnailUrl":"https:\/\/i0.wp.com\/verdadeon.com.br\/portal\/wp-content\/uploads\/2022\/09\/WhatsApp-Image-2022-09-29-at-16.23.05.jpeg?fit=1000%2C670&ssl=1","datePublished":"2022-09-29T19:37:17+00:00","author":{"@id":"https:\/\/verdadeon.com.br\/portal\/#\/schema\/person\/cc32be22b8e8599387c480bc83e1d11a"},"breadcrumb":{"@id":"https:\/\/verdadeon.com.br\/portal\/2022\/09\/29\/licitacao-do-lixo-e-suspensa-pela-justica-empresa-vencedora-nao-comprovou-capacidade-de-assumir-servico\/#breadcrumb"},"inLanguage":"pt-BR","potentialAction":[{"@type":"ReadAction","target":["https:\/\/verdadeon.com.br\/portal\/2022\/09\/29\/licitacao-do-lixo-e-suspensa-pela-justica-empresa-vencedora-nao-comprovou-capacidade-de-assumir-servico\/"]}]},{"@type":"ImageObject","inLanguage":"pt-BR","@id":"https:\/\/verdadeon.com.br\/portal\/2022\/09\/29\/licitacao-do-lixo-e-suspensa-pela-justica-empresa-vencedora-nao-comprovou-capacidade-de-assumir-servico\/#primaryimage","url":"https:\/\/i0.wp.com\/verdadeon.com.br\/portal\/wp-content\/uploads\/2022\/09\/WhatsApp-Image-2022-09-29-at-16.23.05.jpeg?fit=1000%2C670&ssl=1","contentUrl":"https:\/\/i0.wp.com\/verdadeon.com.br\/portal\/wp-content\/uploads\/2022\/09\/WhatsApp-Image-2022-09-29-at-16.23.05.jpeg?fit=1000%2C670&ssl=1","width":1000,"height":670,"caption":"Decis\u00e3o da Justi\u00e7a foi divulgada nesta quinta-feira (29), em nota Prefeitura disse que est\u00e1 tomando as medidas necess\u00e1rias para garantir o abastecimento | Foto: Reprodu\u00e7\u00e3o"},{"@type":"BreadcrumbList","@id":"https:\/\/verdadeon.com.br\/portal\/2022\/09\/29\/licitacao-do-lixo-e-suspensa-pela-justica-empresa-vencedora-nao-comprovou-capacidade-de-assumir-servico\/#breadcrumb","itemListElement":[{"@type":"ListItem","position":1,"name":"In\u00edcio","item":"https:\/\/verdadeon.com.br\/portal\/"},{"@type":"ListItem","position":2,"name":"Licita\u00e7\u00e3o do lixo \u00e9 suspensa pela Justi\u00e7a, empresa vencedora n\u00e3o comprovou capacidade de assumir servi\u00e7o"}]},{"@type":"WebSite","@id":"https:\/\/verdadeon.com.br\/portal\/#website","url":"https:\/\/verdadeon.com.br\/portal\/","name":"VerdadeOn","description":"Not\u00edcias di\u00e1rias sobre Franca, Regi\u00e3o, Esporte, Cultura, Cotidiano, Colunas. Cobertura nos principais eventos da cidade \u00e9 aqui - Verdadeon Franca","potentialAction":[{"@type":"SearchAction","target":{"@type":"EntryPoint","urlTemplate":"https:\/\/verdadeon.com.br\/portal\/?s={search_term_string}"},"query-input":{"@type":"PropertyValueSpecification","valueRequired":true,"valueName":"search_term_string"}}],"inLanguage":"pt-BR"},{"@type":"Person","@id":"https:\/\/verdadeon.com.br\/portal\/#\/schema\/person\/cc32be22b8e8599387c480bc83e1d11a","name":"Fernando Lima","image":{"@type":"ImageObject","inLanguage":"pt-BR","@id":"https:\/\/verdadeon.com.br\/portal\/#\/schema\/person\/image\/","url":"https:\/\/secure.gravatar.com\/avatar\/df4c8e132080d2b3a4841d5d232045464e0eed11a1d6e43115ca0843d48768d3?s=96&d=mm&r=g","contentUrl":"https:\/\/secure.gravatar.com\/avatar\/df4c8e132080d2b3a4841d5d232045464e0eed11a1d6e43115ca0843d48768d3?s=96&d=mm&r=g","caption":"Fernando Lima"},"sameAs":["http:\/\/verdadeon.com.br\/"],"url":"https:\/\/verdadeon.com.br\/portal\/author\/fernando-lima\/"}]}},"jetpack_publicize_connections":[],"jetpack_featured_media_url":"https:\/\/i0.wp.com\/verdadeon.com.br\/portal\/wp-content\/uploads\/2022\/09\/WhatsApp-Image-2022-09-29-at-16.23.05.jpeg?fit=1000%2C670&ssl=1","jetpack_sharing_enabled":true,"_links":{"self":[{"href":"https:\/\/verdadeon.com.br\/portal\/wp-json\/wp\/v2\/posts\/28481","targetHints":{"allow":["GET"]}}],"collection":[{"href":"https:\/\/verdadeon.com.br\/portal\/wp-json\/wp\/v2\/posts"}],"about":[{"href":"https:\/\/verdadeon.com.br\/portal\/wp-json\/wp\/v2\/types\/post"}],"author":[{"embeddable":true,"href":"https:\/\/verdadeon.com.br\/portal\/wp-json\/wp\/v2\/users\/7"}],"replies":[{"embeddable":true,"href":"https:\/\/verdadeon.com.br\/portal\/wp-json\/wp\/v2\/comments?post=28481"}],"version-history":[{"count":1,"href":"https:\/\/verdadeon.com.br\/portal\/wp-json\/wp\/v2\/posts\/28481\/revisions"}],"predecessor-version":[{"id":28483,"href":"https:\/\/verdadeon.com.br\/portal\/wp-json\/wp\/v2\/posts\/28481\/revisions\/28483"}],"wp:featuredmedia":[{"embeddable":true,"href":"https:\/\/verdadeon.com.br\/portal\/wp-json\/wp\/v2\/media\/28482"}],"wp:attachment":[{"href":"https:\/\/verdadeon.com.br\/portal\/wp-json\/wp\/v2\/media?parent=28481"}],"wp:term":[{"taxonomy":"category","embeddable":true,"href":"https:\/\/verdadeon.com.br\/portal\/wp-json\/wp\/v2\/categories?post=28481"},{"taxonomy":"post_tag","embeddable":true,"href":"https:\/\/verdadeon.com.br\/portal\/wp-json\/wp\/v2\/tags?post=28481"}],"curies":[{"name":"wp","href":"https:\/\/api.w.org\/{rel}","templated":true}]}}