{"id":28461,"date":"2022-09-28T18:13:37","date_gmt":"2022-09-28T21:13:37","guid":{"rendered":"https:\/\/verdadeon.com.br\/portal\/?p=28461"},"modified":"2022-09-28T18:13:37","modified_gmt":"2022-09-28T21:13:37","slug":"eleicoes-confira-prazos-previstos-pelo-tse-ate-o-primeiro-turno","status":"publish","type":"post","link":"https:\/\/verdadeon.com.br\/portal\/2022\/09\/28\/eleicoes-confira-prazos-previstos-pelo-tse-ate-o-primeiro-turno\/","title":{"rendered":"Elei\u00e7\u00f5es: confira prazos previstos pelo TSE at\u00e9 o primeiro turno"},"content":{"rendered":"<h2 class=\"col-10 offset-1 animated fadeInDown dealy-900 display-8 display-md-8 alt-font font-italic my-1 text-center\">Na quinta-feira \u00e9 encerrado o prazo para com\u00edcios e debates no r\u00e1dio e na TV<\/h2>\n<p>O momento de os brasileiros exercerem um dos mais importantes atos de cidadania se aproxima. \u00c9 por meio do voto, neste domingo (2), que os cidad\u00e3os eleger\u00e3o parlamentares e mandat\u00e1rios que v\u00e3o implementar pol\u00edticas p\u00fablicas com reflexo para o futuro do pa\u00eds.<img data-recalc-dims=\"1\" decoding=\"async\" src=\"https:\/\/i0.wp.com\/agenciabrasil.ebc.com.br\/ebc.png?w=1220&#038;ssl=1\" \/><img data-recalc-dims=\"1\" decoding=\"async\" src=\"https:\/\/i0.wp.com\/agenciabrasil.ebc.com.br\/ebc.gif?w=1220&#038;ssl=1\" \/><\/p>\n<p>Nesta reta final, \u00e9 importante ficar atento a alguns dos prazos previstos no\u00a0calend\u00e1rio eleitoral aprovado\u00a0pelo Tribunal Superior Eleitoral (TSE).<\/p>\n<p>Desde ter\u00e7a-feira (27), nenhum eleitor pode ser preso\u00a0ou detido \u201csalvo flagrante delito ou em virtude de senten\u00e7a criminal condenat\u00f3ria por crime inafian\u00e7\u00e1vel, ou por desrespeito a salvo-conduto\u201d, conforme previsto pelo C\u00f3digo Eleitoral.<\/p>\n<p>Nesta quinta-feira (29), tr\u00eas dias antes do primeiro turno, ser\u00e1 o \u00faltimo dia para a realiza\u00e7\u00e3o de com\u00edcios, debate no r\u00e1dio e na televis\u00e3o e da propaganda eleitoral gratuita no r\u00e1dio e na TV. O TSE informa, no entanto, no caso dos com\u00edcios de encerramento de campanha agendados para quinta-feira, o evento poder\u00e1 ser prorrogado por mais duas horas, at\u00e9 as 2h da madrugada de sexta-feira (30).<\/p>\n<p>Nesta quinta-feira tamb\u00e9m termina o prazo para os tribunais regionais eleitorais divulgarem, na internet, os pontos de transmiss\u00e3o de dados que funcionar\u00e3o em locais distintos do local de funcionamento da junta eleitoral.<\/p>\n<h4>Salvo-conduto<\/h4>\n<p>Tamb\u00e9m \u00e9 a partir de quinta-feira que come\u00e7a o prazo para o ju\u00edzo eleitoral ou o presidente da mesa receptora expedir salvo-conduto em favor de eleitora ou eleitor que venha a sofrer viol\u00eancia moral ou f\u00edsica em sua liberdade de votar.<\/p>\n<p>A sexta-feira \u00e9 o \u00faltimo dia para divulga\u00e7\u00e3o paga, na imprensa escrita, de an\u00fancios de propaganda eleitoral. Ser\u00e1 tamb\u00e9m o \u00faltimo dia para a publica\u00e7\u00e3o do edital de convoca\u00e7\u00e3o de representantes do Minist\u00e9rio P\u00fablico, da Ordem dos Advogados do Brasil e de fiscais e delegadas dos partidos pol\u00edticos, das federa\u00e7\u00f5es de partidos e das coliga\u00e7\u00f5es, para acompanhar a emiss\u00e3o da Zer\u00e9sima, o comprovante de que n\u00e3o h\u00e1 nenhum voto na urna, do Sistema de Gerenciamento da Totaliza\u00e7\u00e3o.<\/p>\n<h4>Fim da propaganda<\/h4>\n<p>No s\u00e1bado (1\u00ba), v\u00e9spera da elei\u00e7\u00e3o, chega ao fim o per\u00edodo de propaganda eleitoral do primeiro turno. A medida vale tanto para o uso de alto-falantes e carros de som como para distribui\u00e7\u00e3o de panfleto, caminhada, carreata ou passeata. No mesmo dia, ser\u00e3o definidas as se\u00e7\u00f5es eleitorais que ser\u00e3o submetidas a auditorias da vota\u00e7\u00e3o eletr\u00f4nica.<\/p>\n<p>Chega, ent\u00e3o, o dia 2 de outubro: o domingo no qual os brasileiros manifestar\u00e3o sua prefer\u00eancia sobre quem presidir\u00e1 o pa\u00eds pelos pr\u00f3ximos quatro anos, bem como aqueles que governar\u00e3o estados e legislar\u00e3o no Senado e nas c\u00e2maras estaduais, distrital e federal.<\/p>\n<p>O in\u00edcio da vota\u00e7\u00e3o ser\u00e1 \u00e0s 8h e o t\u00e9rmino \u00e0s 17h, no hor\u00e1rio de Bras\u00edlia. Diferentemente do que ocorreu em elei\u00e7\u00f5es passadas, neste pleito o hor\u00e1rio de vota\u00e7\u00e3o ser\u00e1 uniformizado em todo o pa\u00eds, ou seja: as regi\u00f5es em que h\u00e1 fuso hor\u00e1rio v\u00e3o seguir o hor\u00e1rio de Bras\u00edlia.<\/p>\n<p>Com um sistema eleitoral eletr\u00f4nico confi\u00e1vel e seguro, o Brasil dar\u00e1 in\u00edcio \u00e0 apura\u00e7\u00e3o assim que as elei\u00e7\u00f5es terminarem, e a expectativa \u00e9 de conhecer o resultado em poucas horas. A depender dos n\u00fameros apurados, um eventual segundo turno para presidente ou governadores ser\u00e1 no domingo, dia 30 de outubro.<\/p>\n<p>Fonte: Ag\u00eancia Brasil<\/p>\n","protected":false},"excerpt":{"rendered":"<p>Na quinta-feira \u00e9 encerrado o prazo para com\u00edcios e debates no r\u00e1dio e na TV O momento de os brasileiros exercerem um dos mais importantes atos<span class=\"excerpt-hellip\"> [\u2026]<\/span><\/p>\n","protected":false},"author":7,"featured_media":28474,"comment_status":"open","ping_status":"open","sticky":false,"template":"","format":"standard","meta":{"_jetpack_memberships_contains_paid_content":false,"footnotes":"","jetpack_publicize_message":"","jetpack_publicize_feature_enabled":true,"jetpack_social_post_already_shared":false,"jetpack_social_options":{"image_generator_settings":{"template":"highway","default_image_id":0,"enabled":false},"version":2}},"categories":[28,44],"tags":[],"class_list":["post-28461","post","type-post","status-publish","format-standard","has-post-thumbnail","hentry","category-cotidiano","category-noticias"],"yoast_head":"<!-- This site is optimized with the Yoast SEO plugin v25.6 - https:\/\/yoast.com\/wordpress\/plugins\/seo\/ -->\n<title>Elei\u00e7\u00f5es: confira prazos previstos pelo TSE at\u00e9 o primeiro turno - VerdadeOn<\/title>\n<meta name=\"robots\" content=\"index, follow, max-snippet:-1, max-image-preview:large, max-video-preview:-1\" \/>\n<link rel=\"canonical\" href=\"https:\/\/verdadeon.com.br\/portal\/2022\/09\/28\/eleicoes-confira-prazos-previstos-pelo-tse-ate-o-primeiro-turno\/\" \/>\n<meta property=\"og:locale\" content=\"pt_BR\" \/>\n<meta property=\"og:type\" content=\"article\" \/>\n<meta property=\"og:title\" content=\"Elei\u00e7\u00f5es: confira prazos previstos pelo TSE at\u00e9 o primeiro turno - VerdadeOn\" \/>\n<meta property=\"og:description\" content=\"Na quinta-feira \u00e9 encerrado o prazo para com\u00edcios e debates no r\u00e1dio e na TV O momento de os brasileiros exercerem um dos mais importantes atos [\u2026]\" \/>\n<meta property=\"og:url\" content=\"https:\/\/verdadeon.com.br\/portal\/2022\/09\/28\/eleicoes-confira-prazos-previstos-pelo-tse-ate-o-primeiro-turno\/\" \/>\n<meta property=\"og:site_name\" content=\"VerdadeOn\" \/>\n<meta property=\"article:published_time\" content=\"2022-09-28T21:13:37+00:00\" \/>\n<meta property=\"og:image\" content=\"https:\/\/verdadeon.com.br\/portal\/wp-content\/uploads\/2022\/09\/TRIBUNAL-SUPERIOR-ELEITORAL-e1664399545445.jpg\" \/>\n\t<meta property=\"og:image:width\" content=\"1000\" \/>\n\t<meta property=\"og:image:height\" content=\"669\" \/>\n\t<meta property=\"og:image:type\" content=\"image\/jpeg\" \/>\n<meta name=\"author\" content=\"Fernando Lima\" \/>\n<meta name=\"twitter:card\" content=\"summary_large_image\" \/>\n<meta name=\"twitter:label1\" content=\"Escrito por\" \/>\n\t<meta name=\"twitter:data1\" content=\"Fernando Lima\" \/>\n\t<meta name=\"twitter:label2\" content=\"Est. tempo de leitura\" \/>\n\t<meta name=\"twitter:data2\" content=\"4 minutos\" \/>\n<script type=\"application\/ld+json\" class=\"yoast-schema-graph\">{\"@context\":\"https:\/\/schema.org\",\"@graph\":[{\"@type\":\"WebPage\",\"@id\":\"https:\/\/verdadeon.com.br\/portal\/2022\/09\/28\/eleicoes-confira-prazos-previstos-pelo-tse-ate-o-primeiro-turno\/\",\"url\":\"https:\/\/verdadeon.com.br\/portal\/2022\/09\/28\/eleicoes-confira-prazos-previstos-pelo-tse-ate-o-primeiro-turno\/\",\"name\":\"Elei\u00e7\u00f5es: confira prazos previstos pelo TSE at\u00e9 o primeiro turno - VerdadeOn\",\"isPartOf\":{\"@id\":\"https:\/\/verdadeon.com.br\/portal\/#website\"},\"primaryImageOfPage\":{\"@id\":\"https:\/\/verdadeon.com.br\/portal\/2022\/09\/28\/eleicoes-confira-prazos-previstos-pelo-tse-ate-o-primeiro-turno\/#primaryimage\"},\"image\":{\"@id\":\"https:\/\/verdadeon.com.br\/portal\/2022\/09\/28\/eleicoes-confira-prazos-previstos-pelo-tse-ate-o-primeiro-turno\/#primaryimage\"},\"thumbnailUrl\":\"https:\/\/i0.wp.com\/verdadeon.com.br\/portal\/wp-content\/uploads\/2022\/09\/TRIBUNAL-SUPERIOR-ELEITORAL-e1664399545445.jpg?fit=1000%2C669&ssl=1\",\"datePublished\":\"2022-09-28T21:13:37+00:00\",\"author\":{\"@id\":\"https:\/\/verdadeon.com.br\/portal\/#\/schema\/person\/cc32be22b8e8599387c480bc83e1d11a\"},\"breadcrumb\":{\"@id\":\"https:\/\/verdadeon.com.br\/portal\/2022\/09\/28\/eleicoes-confira-prazos-previstos-pelo-tse-ate-o-primeiro-turno\/#breadcrumb\"},\"inLanguage\":\"pt-BR\",\"potentialAction\":[{\"@type\":\"ReadAction\",\"target\":[\"https:\/\/verdadeon.com.br\/portal\/2022\/09\/28\/eleicoes-confira-prazos-previstos-pelo-tse-ate-o-primeiro-turno\/\"]}]},{\"@type\":\"ImageObject\",\"inLanguage\":\"pt-BR\",\"@id\":\"https:\/\/verdadeon.com.br\/portal\/2022\/09\/28\/eleicoes-confira-prazos-previstos-pelo-tse-ate-o-primeiro-turno\/#primaryimage\",\"url\":\"https:\/\/i0.wp.com\/verdadeon.com.br\/portal\/wp-content\/uploads\/2022\/09\/TRIBUNAL-SUPERIOR-ELEITORAL-e1664399545445.jpg?fit=1000%2C669&ssl=1\",\"contentUrl\":\"https:\/\/i0.wp.com\/verdadeon.com.br\/portal\/wp-content\/uploads\/2022\/09\/TRIBUNAL-SUPERIOR-ELEITORAL-e1664399545445.jpg?fit=1000%2C669&ssl=1\",\"width\":1000,\"height\":669,\"caption\":\"A sexta-feira \u00e9 o \u00faltimo dia para divulga\u00e7\u00e3o paga, na imprensa escrita, de an\u00fancios de propaganda eleitoral | Foto: Ag\u00eancia Brasil\"},{\"@type\":\"BreadcrumbList\",\"@id\":\"https:\/\/verdadeon.com.br\/portal\/2022\/09\/28\/eleicoes-confira-prazos-previstos-pelo-tse-ate-o-primeiro-turno\/#breadcrumb\",\"itemListElement\":[{\"@type\":\"ListItem\",\"position\":1,\"name\":\"In\u00edcio\",\"item\":\"https:\/\/verdadeon.com.br\/portal\/\"},{\"@type\":\"ListItem\",\"position\":2,\"name\":\"Elei\u00e7\u00f5es: confira prazos previstos pelo TSE at\u00e9 o primeiro turno\"}]},{\"@type\":\"WebSite\",\"@id\":\"https:\/\/verdadeon.com.br\/portal\/#website\",\"url\":\"https:\/\/verdadeon.com.br\/portal\/\",\"name\":\"VerdadeOn\",\"description\":\"Not\u00edcias di\u00e1rias sobre Franca, Regi\u00e3o, Esporte, Cultura, Cotidiano, Colunas. Cobertura nos principais eventos da cidade \u00e9 aqui - Verdadeon Franca\",\"potentialAction\":[{\"@type\":\"SearchAction\",\"target\":{\"@type\":\"EntryPoint\",\"urlTemplate\":\"https:\/\/verdadeon.com.br\/portal\/?s={search_term_string}\"},\"query-input\":{\"@type\":\"PropertyValueSpecification\",\"valueRequired\":true,\"valueName\":\"search_term_string\"}}],\"inLanguage\":\"pt-BR\"},{\"@type\":\"Person\",\"@id\":\"https:\/\/verdadeon.com.br\/portal\/#\/schema\/person\/cc32be22b8e8599387c480bc83e1d11a\",\"name\":\"Fernando Lima\",\"image\":{\"@type\":\"ImageObject\",\"inLanguage\":\"pt-BR\",\"@id\":\"https:\/\/verdadeon.com.br\/portal\/#\/schema\/person\/image\/\",\"url\":\"https:\/\/secure.gravatar.com\/avatar\/df4c8e132080d2b3a4841d5d232045464e0eed11a1d6e43115ca0843d48768d3?s=96&d=mm&r=g\",\"contentUrl\":\"https:\/\/secure.gravatar.com\/avatar\/df4c8e132080d2b3a4841d5d232045464e0eed11a1d6e43115ca0843d48768d3?s=96&d=mm&r=g\",\"caption\":\"Fernando Lima\"},\"sameAs\":[\"http:\/\/verdadeon.com.br\/\"],\"url\":\"https:\/\/verdadeon.com.br\/portal\/author\/fernando-lima\/\"}]}<\/script>\n<!-- \/ Yoast SEO plugin. -->","yoast_head_json":{"title":"Elei\u00e7\u00f5es: confira prazos previstos pelo TSE at\u00e9 o primeiro turno - VerdadeOn","robots":{"index":"index","follow":"follow","max-snippet":"max-snippet:-1","max-image-preview":"max-image-preview:large","max-video-preview":"max-video-preview:-1"},"canonical":"https:\/\/verdadeon.com.br\/portal\/2022\/09\/28\/eleicoes-confira-prazos-previstos-pelo-tse-ate-o-primeiro-turno\/","og_locale":"pt_BR","og_type":"article","og_title":"Elei\u00e7\u00f5es: confira prazos previstos pelo TSE at\u00e9 o primeiro turno - VerdadeOn","og_description":"Na quinta-feira \u00e9 encerrado o prazo para com\u00edcios e debates no r\u00e1dio e na TV O momento de os brasileiros exercerem um dos mais importantes atos [\u2026]","og_url":"https:\/\/verdadeon.com.br\/portal\/2022\/09\/28\/eleicoes-confira-prazos-previstos-pelo-tse-ate-o-primeiro-turno\/","og_site_name":"VerdadeOn","article_published_time":"2022-09-28T21:13:37+00:00","og_image":[{"width":1000,"height":669,"url":"https:\/\/verdadeon.com.br\/portal\/wp-content\/uploads\/2022\/09\/TRIBUNAL-SUPERIOR-ELEITORAL-e1664399545445.jpg","type":"image\/jpeg"}],"author":"Fernando Lima","twitter_card":"summary_large_image","twitter_misc":{"Escrito por":"Fernando Lima","Est. tempo de leitura":"4 minutos"},"schema":{"@context":"https:\/\/schema.org","@graph":[{"@type":"WebPage","@id":"https:\/\/verdadeon.com.br\/portal\/2022\/09\/28\/eleicoes-confira-prazos-previstos-pelo-tse-ate-o-primeiro-turno\/","url":"https:\/\/verdadeon.com.br\/portal\/2022\/09\/28\/eleicoes-confira-prazos-previstos-pelo-tse-ate-o-primeiro-turno\/","name":"Elei\u00e7\u00f5es: confira prazos previstos pelo TSE at\u00e9 o primeiro turno - VerdadeOn","isPartOf":{"@id":"https:\/\/verdadeon.com.br\/portal\/#website"},"primaryImageOfPage":{"@id":"https:\/\/verdadeon.com.br\/portal\/2022\/09\/28\/eleicoes-confira-prazos-previstos-pelo-tse-ate-o-primeiro-turno\/#primaryimage"},"image":{"@id":"https:\/\/verdadeon.com.br\/portal\/2022\/09\/28\/eleicoes-confira-prazos-previstos-pelo-tse-ate-o-primeiro-turno\/#primaryimage"},"thumbnailUrl":"https:\/\/i0.wp.com\/verdadeon.com.br\/portal\/wp-content\/uploads\/2022\/09\/TRIBUNAL-SUPERIOR-ELEITORAL-e1664399545445.jpg?fit=1000%2C669&ssl=1","datePublished":"2022-09-28T21:13:37+00:00","author":{"@id":"https:\/\/verdadeon.com.br\/portal\/#\/schema\/person\/cc32be22b8e8599387c480bc83e1d11a"},"breadcrumb":{"@id":"https:\/\/verdadeon.com.br\/portal\/2022\/09\/28\/eleicoes-confira-prazos-previstos-pelo-tse-ate-o-primeiro-turno\/#breadcrumb"},"inLanguage":"pt-BR","potentialAction":[{"@type":"ReadAction","target":["https:\/\/verdadeon.com.br\/portal\/2022\/09\/28\/eleicoes-confira-prazos-previstos-pelo-tse-ate-o-primeiro-turno\/"]}]},{"@type":"ImageObject","inLanguage":"pt-BR","@id":"https:\/\/verdadeon.com.br\/portal\/2022\/09\/28\/eleicoes-confira-prazos-previstos-pelo-tse-ate-o-primeiro-turno\/#primaryimage","url":"https:\/\/i0.wp.com\/verdadeon.com.br\/portal\/wp-content\/uploads\/2022\/09\/TRIBUNAL-SUPERIOR-ELEITORAL-e1664399545445.jpg?fit=1000%2C669&ssl=1","contentUrl":"https:\/\/i0.wp.com\/verdadeon.com.br\/portal\/wp-content\/uploads\/2022\/09\/TRIBUNAL-SUPERIOR-ELEITORAL-e1664399545445.jpg?fit=1000%2C669&ssl=1","width":1000,"height":669,"caption":"A sexta-feira \u00e9 o \u00faltimo dia para divulga\u00e7\u00e3o paga, na imprensa escrita, de an\u00fancios de propaganda eleitoral | Foto: Ag\u00eancia Brasil"},{"@type":"BreadcrumbList","@id":"https:\/\/verdadeon.com.br\/portal\/2022\/09\/28\/eleicoes-confira-prazos-previstos-pelo-tse-ate-o-primeiro-turno\/#breadcrumb","itemListElement":[{"@type":"ListItem","position":1,"name":"In\u00edcio","item":"https:\/\/verdadeon.com.br\/portal\/"},{"@type":"ListItem","position":2,"name":"Elei\u00e7\u00f5es: confira prazos previstos pelo TSE at\u00e9 o primeiro turno"}]},{"@type":"WebSite","@id":"https:\/\/verdadeon.com.br\/portal\/#website","url":"https:\/\/verdadeon.com.br\/portal\/","name":"VerdadeOn","description":"Not\u00edcias di\u00e1rias sobre Franca, Regi\u00e3o, Esporte, Cultura, Cotidiano, Colunas. Cobertura nos principais eventos da cidade \u00e9 aqui - Verdadeon Franca","potentialAction":[{"@type":"SearchAction","target":{"@type":"EntryPoint","urlTemplate":"https:\/\/verdadeon.com.br\/portal\/?s={search_term_string}"},"query-input":{"@type":"PropertyValueSpecification","valueRequired":true,"valueName":"search_term_string"}}],"inLanguage":"pt-BR"},{"@type":"Person","@id":"https:\/\/verdadeon.com.br\/portal\/#\/schema\/person\/cc32be22b8e8599387c480bc83e1d11a","name":"Fernando Lima","image":{"@type":"ImageObject","inLanguage":"pt-BR","@id":"https:\/\/verdadeon.com.br\/portal\/#\/schema\/person\/image\/","url":"https:\/\/secure.gravatar.com\/avatar\/df4c8e132080d2b3a4841d5d232045464e0eed11a1d6e43115ca0843d48768d3?s=96&d=mm&r=g","contentUrl":"https:\/\/secure.gravatar.com\/avatar\/df4c8e132080d2b3a4841d5d232045464e0eed11a1d6e43115ca0843d48768d3?s=96&d=mm&r=g","caption":"Fernando Lima"},"sameAs":["http:\/\/verdadeon.com.br\/"],"url":"https:\/\/verdadeon.com.br\/portal\/author\/fernando-lima\/"}]}},"jetpack_publicize_connections":[],"jetpack_featured_media_url":"https:\/\/i0.wp.com\/verdadeon.com.br\/portal\/wp-content\/uploads\/2022\/09\/TRIBUNAL-SUPERIOR-ELEITORAL-e1664399545445.jpg?fit=1000%2C669&ssl=1","jetpack_sharing_enabled":true,"_links":{"self":[{"href":"https:\/\/verdadeon.com.br\/portal\/wp-json\/wp\/v2\/posts\/28461","targetHints":{"allow":["GET"]}}],"collection":[{"href":"https:\/\/verdadeon.com.br\/portal\/wp-json\/wp\/v2\/posts"}],"about":[{"href":"https:\/\/verdadeon.com.br\/portal\/wp-json\/wp\/v2\/types\/post"}],"author":[{"embeddable":true,"href":"https:\/\/verdadeon.com.br\/portal\/wp-json\/wp\/v2\/users\/7"}],"replies":[{"embeddable":true,"href":"https:\/\/verdadeon.com.br\/portal\/wp-json\/wp\/v2\/comments?post=28461"}],"version-history":[{"count":2,"href":"https:\/\/verdadeon.com.br\/portal\/wp-json\/wp\/v2\/posts\/28461\/revisions"}],"predecessor-version":[{"id":28476,"href":"https:\/\/verdadeon.com.br\/portal\/wp-json\/wp\/v2\/posts\/28461\/revisions\/28476"}],"wp:featuredmedia":[{"embeddable":true,"href":"https:\/\/verdadeon.com.br\/portal\/wp-json\/wp\/v2\/media\/28474"}],"wp:attachment":[{"href":"https:\/\/verdadeon.com.br\/portal\/wp-json\/wp\/v2\/media?parent=28461"}],"wp:term":[{"taxonomy":"category","embeddable":true,"href":"https:\/\/verdadeon.com.br\/portal\/wp-json\/wp\/v2\/categories?post=28461"},{"taxonomy":"post_tag","embeddable":true,"href":"https:\/\/verdadeon.com.br\/portal\/wp-json\/wp\/v2\/tags?post=28461"}],"curies":[{"name":"wp","href":"https:\/\/api.w.org\/{rel}","templated":true}]}}