{"id":28454,"date":"2022-09-28T17:45:27","date_gmt":"2022-09-28T20:45:27","guid":{"rendered":"https:\/\/verdadeon.com.br\/portal\/?p=28454"},"modified":"2022-09-28T17:42:39","modified_gmt":"2022-09-28T20:42:39","slug":"mes-da-melhor-idade-proporciona-experiencias-especiais-para-idosos-de-patrocinio","status":"publish","type":"post","link":"https:\/\/verdadeon.com.br\/portal\/2022\/09\/28\/mes-da-melhor-idade-proporciona-experiencias-especiais-para-idosos-de-patrocinio\/","title":{"rendered":"M\u00eas da Melhor Idade proporciona experi\u00eancias especiais para idosos de Patroc\u00ednio"},"content":{"rendered":"<h2>Atividades f\u00edsicas, intere\u00e7\u00e3o social e exerc\u00edcios para a mem\u00f3ria marcaram encerramento do m\u00eas especial<\/h2>\n<p>&nbsp;<\/p>\n<p><span style=\"font-weight: 400;\">A Prefeitura Municipal, atrav\u00e9s do Fundo Social de Solidariedade e Secretaria de Desenvolvimento Social, realizou nesta quarta-feira (28) uma Atividade Interativa com os idosos de Patroc\u00ednio Paulista, no Esporte Clube Meia Noite. O evento encerra a programa\u00e7\u00e3o especial para o m\u00eas da Melhor Idade.\u00a0<\/span><\/p>\n<p><span style=\"font-weight: 400;\">As Atividades Interativas, ministrada em parceria com o Senai, visam a educa\u00e7\u00e3o sobre melhoria da sa\u00fade e bem estar na terceira idade, com atividades f\u00edsicas, intera\u00e7\u00e3o social e exerc\u00edcios para a mem\u00f3ria.<\/span><\/p>\n<p><span style=\"font-weight: 400;\">Al\u00e9m do evento realizado nesta quarta-feira, durante todo o m\u00eas de setembro os idosos participaram de v\u00e1rias atividades em comemora\u00e7\u00e3o ao M\u00eas da Melhor Idade: se exercitaram com fisioterapeutas, viajaram para conhecer a Expo Flora em Holambra, mostraram toda sua beleza, autoestima e alegria em um desfile para Rei e Rainha da Melhor Idade, jogaram v\u00f4lei e jogos de mesa em um amistoso contra os atletas de Brodowski. Foi uma programa\u00e7\u00e3o preparada com muito carinho para o grupo da terceira idade de Patroc\u00ednio Paulista.\u00a0<\/span><\/p>\n<p><span style=\"font-weight: 400;\">\u201cA melhor idade n\u00e3o \u00e9 aquela que completamos mais anos, mas sim aquela que completamos mais sonhos. A nossa administra\u00e7\u00e3o sempre foi empenhada em desenvolver atividades voltadas para a terceira idade\u201d, destacou a primeira dama e presidente do Fundo Social, Renata Barcellos.<\/span><\/p>\n<p><img data-recalc-dims=\"1\" loading=\"lazy\" decoding=\"async\" class=\"alignnone wp-image-28460 size-full\" src=\"https:\/\/i0.wp.com\/verdadeon.com.br\/portal\/wp-content\/uploads\/2022\/09\/IDOSOS-PATROCINIO-PAULISTA-2.jpg?resize=1220%2C814&#038;ssl=1\" alt=\"\" width=\"1220\" height=\"814\" srcset=\"https:\/\/i0.wp.com\/verdadeon.com.br\/portal\/wp-content\/uploads\/2022\/09\/IDOSOS-PATROCINIO-PAULISTA-2.jpg?w=2048&amp;ssl=1 2048w, https:\/\/i0.wp.com\/verdadeon.com.br\/portal\/wp-content\/uploads\/2022\/09\/IDOSOS-PATROCINIO-PAULISTA-2.jpg?resize=300%2C200&amp;ssl=1 300w, https:\/\/i0.wp.com\/verdadeon.com.br\/portal\/wp-content\/uploads\/2022\/09\/IDOSOS-PATROCINIO-PAULISTA-2.jpg?resize=1024%2C684&amp;ssl=1 1024w, https:\/\/i0.wp.com\/verdadeon.com.br\/portal\/wp-content\/uploads\/2022\/09\/IDOSOS-PATROCINIO-PAULISTA-2.jpg?resize=768%2C513&amp;ssl=1 768w, https:\/\/i0.wp.com\/verdadeon.com.br\/portal\/wp-content\/uploads\/2022\/09\/IDOSOS-PATROCINIO-PAULISTA-2.jpg?resize=1536%2C1025&amp;ssl=1 1536w, https:\/\/i0.wp.com\/verdadeon.com.br\/portal\/wp-content\/uploads\/2022\/09\/IDOSOS-PATROCINIO-PAULISTA-2.jpg?resize=219%2C146&amp;ssl=1 219w, https:\/\/i0.wp.com\/verdadeon.com.br\/portal\/wp-content\/uploads\/2022\/09\/IDOSOS-PATROCINIO-PAULISTA-2.jpg?resize=50%2C33&amp;ssl=1 50w, https:\/\/i0.wp.com\/verdadeon.com.br\/portal\/wp-content\/uploads\/2022\/09\/IDOSOS-PATROCINIO-PAULISTA-2.jpg?resize=112%2C75&amp;ssl=1 112w\" sizes=\"auto, (max-width: 1220px) 100vw, 1220px\" \/> <img data-recalc-dims=\"1\" loading=\"lazy\" decoding=\"async\" class=\"alignnone wp-image-28458 size-full\" src=\"https:\/\/i0.wp.com\/verdadeon.com.br\/portal\/wp-content\/uploads\/2022\/09\/IDOSOS-PATROCINIO-PAULISTA-4.jpg?resize=1220%2C814&#038;ssl=1\" alt=\"\" width=\"1220\" height=\"814\" srcset=\"https:\/\/i0.wp.com\/verdadeon.com.br\/portal\/wp-content\/uploads\/2022\/09\/IDOSOS-PATROCINIO-PAULISTA-4.jpg?w=2048&amp;ssl=1 2048w, https:\/\/i0.wp.com\/verdadeon.com.br\/portal\/wp-content\/uploads\/2022\/09\/IDOSOS-PATROCINIO-PAULISTA-4.jpg?resize=300%2C200&amp;ssl=1 300w, https:\/\/i0.wp.com\/verdadeon.com.br\/portal\/wp-content\/uploads\/2022\/09\/IDOSOS-PATROCINIO-PAULISTA-4.jpg?resize=1024%2C684&amp;ssl=1 1024w, https:\/\/i0.wp.com\/verdadeon.com.br\/portal\/wp-content\/uploads\/2022\/09\/IDOSOS-PATROCINIO-PAULISTA-4.jpg?resize=768%2C513&amp;ssl=1 768w, https:\/\/i0.wp.com\/verdadeon.com.br\/portal\/wp-content\/uploads\/2022\/09\/IDOSOS-PATROCINIO-PAULISTA-4.jpg?resize=1536%2C1025&amp;ssl=1 1536w, https:\/\/i0.wp.com\/verdadeon.com.br\/portal\/wp-content\/uploads\/2022\/09\/IDOSOS-PATROCINIO-PAULISTA-4.jpg?resize=219%2C146&amp;ssl=1 219w, https:\/\/i0.wp.com\/verdadeon.com.br\/portal\/wp-content\/uploads\/2022\/09\/IDOSOS-PATROCINIO-PAULISTA-4.jpg?resize=50%2C33&amp;ssl=1 50w, https:\/\/i0.wp.com\/verdadeon.com.br\/portal\/wp-content\/uploads\/2022\/09\/IDOSOS-PATROCINIO-PAULISTA-4.jpg?resize=112%2C75&amp;ssl=1 112w\" sizes=\"auto, (max-width: 1220px) 100vw, 1220px\" \/> <img data-recalc-dims=\"1\" loading=\"lazy\" decoding=\"async\" class=\"alignnone wp-image-28457 size-full\" src=\"https:\/\/i0.wp.com\/verdadeon.com.br\/portal\/wp-content\/uploads\/2022\/09\/IDOSOS-PATROCINIO-PAULISTA-3.jpg?resize=1220%2C814&#038;ssl=1\" alt=\"\" width=\"1220\" height=\"814\" srcset=\"https:\/\/i0.wp.com\/verdadeon.com.br\/portal\/wp-content\/uploads\/2022\/09\/IDOSOS-PATROCINIO-PAULISTA-3.jpg?w=2048&amp;ssl=1 2048w, https:\/\/i0.wp.com\/verdadeon.com.br\/portal\/wp-content\/uploads\/2022\/09\/IDOSOS-PATROCINIO-PAULISTA-3.jpg?resize=300%2C200&amp;ssl=1 300w, https:\/\/i0.wp.com\/verdadeon.com.br\/portal\/wp-content\/uploads\/2022\/09\/IDOSOS-PATROCINIO-PAULISTA-3.jpg?resize=1024%2C684&amp;ssl=1 1024w, https:\/\/i0.wp.com\/verdadeon.com.br\/portal\/wp-content\/uploads\/2022\/09\/IDOSOS-PATROCINIO-PAULISTA-3.jpg?resize=768%2C513&amp;ssl=1 768w, https:\/\/i0.wp.com\/verdadeon.com.br\/portal\/wp-content\/uploads\/2022\/09\/IDOSOS-PATROCINIO-PAULISTA-3.jpg?resize=1536%2C1025&amp;ssl=1 1536w, https:\/\/i0.wp.com\/verdadeon.com.br\/portal\/wp-content\/uploads\/2022\/09\/IDOSOS-PATROCINIO-PAULISTA-3.jpg?resize=219%2C146&amp;ssl=1 219w, https:\/\/i0.wp.com\/verdadeon.com.br\/portal\/wp-content\/uploads\/2022\/09\/IDOSOS-PATROCINIO-PAULISTA-3.jpg?resize=50%2C33&amp;ssl=1 50w, https:\/\/i0.wp.com\/verdadeon.com.br\/portal\/wp-content\/uploads\/2022\/09\/IDOSOS-PATROCINIO-PAULISTA-3.jpg?resize=112%2C75&amp;ssl=1 112w\" sizes=\"auto, (max-width: 1220px) 100vw, 1220px\" \/><\/p>\n","protected":false},"excerpt":{"rendered":"<p>Atividades f\u00edsicas, intere\u00e7\u00e3o social e exerc\u00edcios para a mem\u00f3ria marcaram encerramento do m\u00eas especial &nbsp; A Prefeitura Municipal, atrav\u00e9s do Fundo Social de Solidariedade e Secretaria<span class=\"excerpt-hellip\"> [\u2026]<\/span><\/p>\n","protected":false},"author":12,"featured_media":28459,"comment_status":"open","ping_status":"open","sticky":false,"template":"","format":"standard","meta":{"_jetpack_memberships_contains_paid_content":false,"footnotes":"","jetpack_publicize_message":"","jetpack_publicize_feature_enabled":true,"jetpack_social_post_already_shared":false,"jetpack_social_options":{"image_generator_settings":{"template":"highway","default_image_id":0,"enabled":false},"version":2}},"categories":[28,44],"tags":[],"class_list":["post-28454","post","type-post","status-publish","format-standard","has-post-thumbnail","hentry","category-cotidiano","category-noticias"],"yoast_head":"<!-- This site is optimized with the Yoast SEO plugin v25.6 - https:\/\/yoast.com\/wordpress\/plugins\/seo\/ -->\n<title>M\u00eas da Melhor Idade proporciona experi\u00eancias especiais para idosos de Patroc\u00ednio - VerdadeOn<\/title>\n<meta name=\"robots\" content=\"index, follow, max-snippet:-1, max-image-preview:large, max-video-preview:-1\" \/>\n<link rel=\"canonical\" href=\"https:\/\/verdadeon.com.br\/portal\/2022\/09\/28\/mes-da-melhor-idade-proporciona-experiencias-especiais-para-idosos-de-patrocinio\/\" \/>\n<meta property=\"og:locale\" content=\"pt_BR\" \/>\n<meta property=\"og:type\" content=\"article\" \/>\n<meta property=\"og:title\" content=\"M\u00eas da Melhor Idade proporciona experi\u00eancias especiais para idosos de Patroc\u00ednio - VerdadeOn\" \/>\n<meta property=\"og:description\" content=\"Atividades f\u00edsicas, intere\u00e7\u00e3o social e exerc\u00edcios para a mem\u00f3ria marcaram encerramento do m\u00eas especial &nbsp; A Prefeitura Municipal, atrav\u00e9s do Fundo Social de Solidariedade e Secretaria [\u2026]\" \/>\n<meta property=\"og:url\" content=\"https:\/\/verdadeon.com.br\/portal\/2022\/09\/28\/mes-da-melhor-idade-proporciona-experiencias-especiais-para-idosos-de-patrocinio\/\" \/>\n<meta property=\"og:site_name\" content=\"VerdadeOn\" \/>\n<meta property=\"article:published_time\" content=\"2022-09-28T20:45:27+00:00\" \/>\n<meta property=\"og:image\" content=\"https:\/\/verdadeon.com.br\/portal\/wp-content\/uploads\/2022\/09\/IDOSOS-PATROCINIO-PAULISTA-1.jpg\" \/>\n\t<meta property=\"og:image:width\" content=\"2048\" \/>\n\t<meta property=\"og:image:height\" content=\"1367\" \/>\n\t<meta property=\"og:image:type\" content=\"image\/jpeg\" \/>\n<meta name=\"author\" content=\"Nelise Luques\" \/>\n<meta name=\"twitter:card\" content=\"summary_large_image\" \/>\n<meta name=\"twitter:label1\" content=\"Escrito por\" \/>\n\t<meta name=\"twitter:data1\" content=\"Nelise Luques\" \/>\n\t<meta name=\"twitter:label2\" content=\"Est. tempo de leitura\" \/>\n\t<meta name=\"twitter:data2\" content=\"2 minutos\" \/>\n<script type=\"application\/ld+json\" class=\"yoast-schema-graph\">{\"@context\":\"https:\/\/schema.org\",\"@graph\":[{\"@type\":\"WebPage\",\"@id\":\"https:\/\/verdadeon.com.br\/portal\/2022\/09\/28\/mes-da-melhor-idade-proporciona-experiencias-especiais-para-idosos-de-patrocinio\/\",\"url\":\"https:\/\/verdadeon.com.br\/portal\/2022\/09\/28\/mes-da-melhor-idade-proporciona-experiencias-especiais-para-idosos-de-patrocinio\/\",\"name\":\"M\u00eas da Melhor Idade proporciona experi\u00eancias especiais para idosos de Patroc\u00ednio - VerdadeOn\",\"isPartOf\":{\"@id\":\"https:\/\/verdadeon.com.br\/portal\/#website\"},\"primaryImageOfPage\":{\"@id\":\"https:\/\/verdadeon.com.br\/portal\/2022\/09\/28\/mes-da-melhor-idade-proporciona-experiencias-especiais-para-idosos-de-patrocinio\/#primaryimage\"},\"image\":{\"@id\":\"https:\/\/verdadeon.com.br\/portal\/2022\/09\/28\/mes-da-melhor-idade-proporciona-experiencias-especiais-para-idosos-de-patrocinio\/#primaryimage\"},\"thumbnailUrl\":\"https:\/\/i0.wp.com\/verdadeon.com.br\/portal\/wp-content\/uploads\/2022\/09\/IDOSOS-PATROCINIO-PAULISTA-1.jpg?fit=2048%2C1367&ssl=1\",\"datePublished\":\"2022-09-28T20:45:27+00:00\",\"author\":{\"@id\":\"https:\/\/verdadeon.com.br\/portal\/#\/schema\/person\/8248726d36015c1916636fabb175d972\"},\"breadcrumb\":{\"@id\":\"https:\/\/verdadeon.com.br\/portal\/2022\/09\/28\/mes-da-melhor-idade-proporciona-experiencias-especiais-para-idosos-de-patrocinio\/#breadcrumb\"},\"inLanguage\":\"pt-BR\",\"potentialAction\":[{\"@type\":\"ReadAction\",\"target\":[\"https:\/\/verdadeon.com.br\/portal\/2022\/09\/28\/mes-da-melhor-idade-proporciona-experiencias-especiais-para-idosos-de-patrocinio\/\"]}]},{\"@type\":\"ImageObject\",\"inLanguage\":\"pt-BR\",\"@id\":\"https:\/\/verdadeon.com.br\/portal\/2022\/09\/28\/mes-da-melhor-idade-proporciona-experiencias-especiais-para-idosos-de-patrocinio\/#primaryimage\",\"url\":\"https:\/\/i0.wp.com\/verdadeon.com.br\/portal\/wp-content\/uploads\/2022\/09\/IDOSOS-PATROCINIO-PAULISTA-1.jpg?fit=2048%2C1367&ssl=1\",\"contentUrl\":\"https:\/\/i0.wp.com\/verdadeon.com.br\/portal\/wp-content\/uploads\/2022\/09\/IDOSOS-PATROCINIO-PAULISTA-1.jpg?fit=2048%2C1367&ssl=1\",\"width\":2048,\"height\":1367,\"caption\":\"Idosos viajaram, participaram de atividades f\u00edsicais, sociais e outras programa\u00e7\u00f5es especiais no M\u00eas da Melhor Idade, em Patroc\u00ednio Paulista | Fotos: Redes Sociais\"},{\"@type\":\"BreadcrumbList\",\"@id\":\"https:\/\/verdadeon.com.br\/portal\/2022\/09\/28\/mes-da-melhor-idade-proporciona-experiencias-especiais-para-idosos-de-patrocinio\/#breadcrumb\",\"itemListElement\":[{\"@type\":\"ListItem\",\"position\":1,\"name\":\"In\u00edcio\",\"item\":\"https:\/\/verdadeon.com.br\/portal\/\"},{\"@type\":\"ListItem\",\"position\":2,\"name\":\"M\u00eas da Melhor Idade proporciona experi\u00eancias especiais para idosos de Patroc\u00ednio\"}]},{\"@type\":\"WebSite\",\"@id\":\"https:\/\/verdadeon.com.br\/portal\/#website\",\"url\":\"https:\/\/verdadeon.com.br\/portal\/\",\"name\":\"VerdadeOn\",\"description\":\"Not\u00edcias di\u00e1rias sobre Franca, Regi\u00e3o, Esporte, Cultura, Cotidiano, Colunas. Cobertura nos principais eventos da cidade \u00e9 aqui - Verdadeon Franca\",\"potentialAction\":[{\"@type\":\"SearchAction\",\"target\":{\"@type\":\"EntryPoint\",\"urlTemplate\":\"https:\/\/verdadeon.com.br\/portal\/?s={search_term_string}\"},\"query-input\":{\"@type\":\"PropertyValueSpecification\",\"valueRequired\":true,\"valueName\":\"search_term_string\"}}],\"inLanguage\":\"pt-BR\"},{\"@type\":\"Person\",\"@id\":\"https:\/\/verdadeon.com.br\/portal\/#\/schema\/person\/8248726d36015c1916636fabb175d972\",\"name\":\"Nelise Luques\",\"image\":{\"@type\":\"ImageObject\",\"inLanguage\":\"pt-BR\",\"@id\":\"https:\/\/verdadeon.com.br\/portal\/#\/schema\/person\/image\/\",\"url\":\"https:\/\/secure.gravatar.com\/avatar\/29b2a17f5bcadeb827411b66f48ac13c3e0ecaf5906c0f5745ecc5d41c24eada?s=96&d=mm&r=g\",\"contentUrl\":\"https:\/\/secure.gravatar.com\/avatar\/29b2a17f5bcadeb827411b66f48ac13c3e0ecaf5906c0f5745ecc5d41c24eada?s=96&d=mm&r=g\",\"caption\":\"Nelise Luques\"},\"url\":\"https:\/\/verdadeon.com.br\/portal\/author\/verdade\/\"}]}<\/script>\n<!-- \/ Yoast SEO plugin. -->","yoast_head_json":{"title":"M\u00eas da Melhor Idade proporciona experi\u00eancias especiais para idosos de Patroc\u00ednio - VerdadeOn","robots":{"index":"index","follow":"follow","max-snippet":"max-snippet:-1","max-image-preview":"max-image-preview:large","max-video-preview":"max-video-preview:-1"},"canonical":"https:\/\/verdadeon.com.br\/portal\/2022\/09\/28\/mes-da-melhor-idade-proporciona-experiencias-especiais-para-idosos-de-patrocinio\/","og_locale":"pt_BR","og_type":"article","og_title":"M\u00eas da Melhor Idade proporciona experi\u00eancias especiais para idosos de Patroc\u00ednio - VerdadeOn","og_description":"Atividades f\u00edsicas, intere\u00e7\u00e3o social e exerc\u00edcios para a mem\u00f3ria marcaram encerramento do m\u00eas especial &nbsp; A Prefeitura Municipal, atrav\u00e9s do Fundo Social de Solidariedade e Secretaria [\u2026]","og_url":"https:\/\/verdadeon.com.br\/portal\/2022\/09\/28\/mes-da-melhor-idade-proporciona-experiencias-especiais-para-idosos-de-patrocinio\/","og_site_name":"VerdadeOn","article_published_time":"2022-09-28T20:45:27+00:00","og_image":[{"width":2048,"height":1367,"url":"https:\/\/verdadeon.com.br\/portal\/wp-content\/uploads\/2022\/09\/IDOSOS-PATROCINIO-PAULISTA-1.jpg","type":"image\/jpeg"}],"author":"Nelise Luques","twitter_card":"summary_large_image","twitter_misc":{"Escrito por":"Nelise Luques","Est. tempo de leitura":"2 minutos"},"schema":{"@context":"https:\/\/schema.org","@graph":[{"@type":"WebPage","@id":"https:\/\/verdadeon.com.br\/portal\/2022\/09\/28\/mes-da-melhor-idade-proporciona-experiencias-especiais-para-idosos-de-patrocinio\/","url":"https:\/\/verdadeon.com.br\/portal\/2022\/09\/28\/mes-da-melhor-idade-proporciona-experiencias-especiais-para-idosos-de-patrocinio\/","name":"M\u00eas da Melhor Idade proporciona experi\u00eancias especiais para idosos de Patroc\u00ednio - VerdadeOn","isPartOf":{"@id":"https:\/\/verdadeon.com.br\/portal\/#website"},"primaryImageOfPage":{"@id":"https:\/\/verdadeon.com.br\/portal\/2022\/09\/28\/mes-da-melhor-idade-proporciona-experiencias-especiais-para-idosos-de-patrocinio\/#primaryimage"},"image":{"@id":"https:\/\/verdadeon.com.br\/portal\/2022\/09\/28\/mes-da-melhor-idade-proporciona-experiencias-especiais-para-idosos-de-patrocinio\/#primaryimage"},"thumbnailUrl":"https:\/\/i0.wp.com\/verdadeon.com.br\/portal\/wp-content\/uploads\/2022\/09\/IDOSOS-PATROCINIO-PAULISTA-1.jpg?fit=2048%2C1367&ssl=1","datePublished":"2022-09-28T20:45:27+00:00","author":{"@id":"https:\/\/verdadeon.com.br\/portal\/#\/schema\/person\/8248726d36015c1916636fabb175d972"},"breadcrumb":{"@id":"https:\/\/verdadeon.com.br\/portal\/2022\/09\/28\/mes-da-melhor-idade-proporciona-experiencias-especiais-para-idosos-de-patrocinio\/#breadcrumb"},"inLanguage":"pt-BR","potentialAction":[{"@type":"ReadAction","target":["https:\/\/verdadeon.com.br\/portal\/2022\/09\/28\/mes-da-melhor-idade-proporciona-experiencias-especiais-para-idosos-de-patrocinio\/"]}]},{"@type":"ImageObject","inLanguage":"pt-BR","@id":"https:\/\/verdadeon.com.br\/portal\/2022\/09\/28\/mes-da-melhor-idade-proporciona-experiencias-especiais-para-idosos-de-patrocinio\/#primaryimage","url":"https:\/\/i0.wp.com\/verdadeon.com.br\/portal\/wp-content\/uploads\/2022\/09\/IDOSOS-PATROCINIO-PAULISTA-1.jpg?fit=2048%2C1367&ssl=1","contentUrl":"https:\/\/i0.wp.com\/verdadeon.com.br\/portal\/wp-content\/uploads\/2022\/09\/IDOSOS-PATROCINIO-PAULISTA-1.jpg?fit=2048%2C1367&ssl=1","width":2048,"height":1367,"caption":"Idosos viajaram, participaram de atividades f\u00edsicais, sociais e outras programa\u00e7\u00f5es especiais no M\u00eas da Melhor Idade, em Patroc\u00ednio Paulista | Fotos: Redes Sociais"},{"@type":"BreadcrumbList","@id":"https:\/\/verdadeon.com.br\/portal\/2022\/09\/28\/mes-da-melhor-idade-proporciona-experiencias-especiais-para-idosos-de-patrocinio\/#breadcrumb","itemListElement":[{"@type":"ListItem","position":1,"name":"In\u00edcio","item":"https:\/\/verdadeon.com.br\/portal\/"},{"@type":"ListItem","position":2,"name":"M\u00eas da Melhor Idade proporciona experi\u00eancias especiais para idosos de Patroc\u00ednio"}]},{"@type":"WebSite","@id":"https:\/\/verdadeon.com.br\/portal\/#website","url":"https:\/\/verdadeon.com.br\/portal\/","name":"VerdadeOn","description":"Not\u00edcias di\u00e1rias sobre Franca, Regi\u00e3o, Esporte, Cultura, Cotidiano, Colunas. Cobertura nos principais eventos da cidade \u00e9 aqui - Verdadeon Franca","potentialAction":[{"@type":"SearchAction","target":{"@type":"EntryPoint","urlTemplate":"https:\/\/verdadeon.com.br\/portal\/?s={search_term_string}"},"query-input":{"@type":"PropertyValueSpecification","valueRequired":true,"valueName":"search_term_string"}}],"inLanguage":"pt-BR"},{"@type":"Person","@id":"https:\/\/verdadeon.com.br\/portal\/#\/schema\/person\/8248726d36015c1916636fabb175d972","name":"Nelise Luques","image":{"@type":"ImageObject","inLanguage":"pt-BR","@id":"https:\/\/verdadeon.com.br\/portal\/#\/schema\/person\/image\/","url":"https:\/\/secure.gravatar.com\/avatar\/29b2a17f5bcadeb827411b66f48ac13c3e0ecaf5906c0f5745ecc5d41c24eada?s=96&d=mm&r=g","contentUrl":"https:\/\/secure.gravatar.com\/avatar\/29b2a17f5bcadeb827411b66f48ac13c3e0ecaf5906c0f5745ecc5d41c24eada?s=96&d=mm&r=g","caption":"Nelise Luques"},"url":"https:\/\/verdadeon.com.br\/portal\/author\/verdade\/"}]}},"jetpack_publicize_connections":[],"jetpack_featured_media_url":"https:\/\/i0.wp.com\/verdadeon.com.br\/portal\/wp-content\/uploads\/2022\/09\/IDOSOS-PATROCINIO-PAULISTA-1.jpg?fit=2048%2C1367&ssl=1","jetpack_sharing_enabled":true,"_links":{"self":[{"href":"https:\/\/verdadeon.com.br\/portal\/wp-json\/wp\/v2\/posts\/28454","targetHints":{"allow":["GET"]}}],"collection":[{"href":"https:\/\/verdadeon.com.br\/portal\/wp-json\/wp\/v2\/posts"}],"about":[{"href":"https:\/\/verdadeon.com.br\/portal\/wp-json\/wp\/v2\/types\/post"}],"author":[{"embeddable":true,"href":"https:\/\/verdadeon.com.br\/portal\/wp-json\/wp\/v2\/users\/12"}],"replies":[{"embeddable":true,"href":"https:\/\/verdadeon.com.br\/portal\/wp-json\/wp\/v2\/comments?post=28454"}],"version-history":[{"count":1,"href":"https:\/\/verdadeon.com.br\/portal\/wp-json\/wp\/v2\/posts\/28454\/revisions"}],"predecessor-version":[{"id":28462,"href":"https:\/\/verdadeon.com.br\/portal\/wp-json\/wp\/v2\/posts\/28454\/revisions\/28462"}],"wp:featuredmedia":[{"embeddable":true,"href":"https:\/\/verdadeon.com.br\/portal\/wp-json\/wp\/v2\/media\/28459"}],"wp:attachment":[{"href":"https:\/\/verdadeon.com.br\/portal\/wp-json\/wp\/v2\/media?parent=28454"}],"wp:term":[{"taxonomy":"category","embeddable":true,"href":"https:\/\/verdadeon.com.br\/portal\/wp-json\/wp\/v2\/categories?post=28454"},{"taxonomy":"post_tag","embeddable":true,"href":"https:\/\/verdadeon.com.br\/portal\/wp-json\/wp\/v2\/tags?post=28454"}],"curies":[{"name":"wp","href":"https:\/\/api.w.org\/{rel}","templated":true}]}}