{"id":28451,"date":"2022-09-28T17:17:32","date_gmt":"2022-09-28T20:17:32","guid":{"rendered":"https:\/\/verdadeon.com.br\/portal\/?p=28451"},"modified":"2022-09-28T17:16:14","modified_gmt":"2022-09-28T20:16:14","slug":"9o-forum-da-mulher-empreendedora-acontece-na-proxima-segunda","status":"publish","type":"post","link":"https:\/\/verdadeon.com.br\/portal\/2022\/09\/28\/9o-forum-da-mulher-empreendedora-acontece-na-proxima-segunda\/","title":{"rendered":"9\u00ba F\u00f3rum da Mulher Empreendedora acontece na pr\u00f3xima segunda"},"content":{"rendered":"<h2>Nesta edi\u00e7\u00e3o, o encontro vai abordar o tema &#8220;Evolu\u00e7\u00e3o Profissional da Mulher&#8221; com palestras e painel de discuss\u00e3o<\/h2>\n<p>&nbsp;<\/p>\n<p><span style=\"font-weight: 400;\">Acontece na pr\u00f3xima segunda-feira (3), a partir das 12h, no Espa\u00e7o Cedro, o 9\u00ba F\u00f3rum da Mulher Empreendedora. Promovido pelo CME-ACIF (Conselho da Mulher Empreendedora da Associa\u00e7\u00e3o do Com\u00e9rcio e da Ind\u00fastria de Franca), o evento chega com a proposta de abordar a \u201cEvolu\u00e7\u00e3o Profissional da Mulher\u201d com palestras voltadas ao tema e painel de discuss\u00e3o sobre sucess\u00e3o familiar entre mulheres.<\/span><\/p>\n<p><span style=\"font-weight: 400;\">O F\u00f3rum contar\u00e1 com as presen\u00e7as da empres\u00e1ria Luiza Helena Trajano, do Magalu, e Leila Navarro, integrante do ranking dos 20 maiores palestrantes do Brasil, segundo a <\/span><i><span style=\"font-weight: 400;\">Revista Veja<\/span><\/i><span style=\"font-weight: 400;\">. Suas palestras j\u00e1 foram assistidas por mais de 1,7 milh\u00e3o de pessoas no Brasil e no exterior, tendo ela conquistado o 23\u00ba pr\u00eamio Top of Mind de RH 2020 na categoria Palestrante, a maior premia\u00e7\u00e3o de reconhecimento da \u00e1rea de Recursos Humanos. \u00danica mulher a conquistar o pr\u00eamio, essa foi sua 2\u00aa vit\u00f3ria.<\/span><\/p>\n<p><span style=\"font-weight: 400;\">\u201cA evolu\u00e7\u00e3o profissional da mulher no mercado de trabalho, bem como as lutas e conquistas ao longo dos tempos, nos motivou a fazer o tema desse F\u00f3rum. Nesse longo per\u00edodo, as mulheres encontraram muitos desafios, mas tamb\u00e9m seus direitos\u201d, afirma a coordenadora geral do CME-ACIF, Ros\u00e2ngela Pelizaro. \u201cA mulher vem se destacando profissionalmente em \u00e1reas que eram muito masculinas, est\u00e3o presentes em praticamente todos os setores do mercado e ela ainda vivencia desafios acerca dos pap\u00e9is ligados \u00e0 quest\u00e3o de g\u00eanero. Elas est\u00e3o na engenharia, na ci\u00eancia, tecnologia e na pol\u00edtica. S\u00e3o protagonistas do pr\u00f3prio neg\u00f3cio, empreendedoras, ju\u00edzas e doutoras, agroneg\u00f3cio, piloto, astronauta; enfim, elas podem ser o que quiserem\u201d, completou.<\/span><\/p>\n<p><span style=\"font-weight: 400;\">Al\u00e9m dos pain\u00e9is presenciais, o evento contar\u00e1 com participa\u00e7\u00f5es virtuais de mulheres ligadas a diferentes \u00e1reas profissionais, como mec\u00e2nica, futebol, engenharia el\u00e9trica, coleta de recicl\u00e1veis e avia\u00e7\u00e3o, por exemplo, contribuindo com depoimentos que v\u00e3o ao encontro do tema do evento, a \u201cEvolu\u00e7\u00e3o Profissional da Mulher\u201d.<\/span><\/p>\n<h4>Ingressos<\/h4>\n<p><span style=\"font-weight: 400;\">As interessadas devem procurar por uma conselheira do CME-ACIF. Informa\u00e7\u00f5es pelo telefone 3711-1715 ou pelo WhatsApp (16) 9 9973-0189.<\/span><\/p>\n<p>&nbsp;<\/p>\n<p><img data-recalc-dims=\"1\" loading=\"lazy\" decoding=\"async\" class=\"alignnone wp-image-28452 size-full\" src=\"https:\/\/i0.wp.com\/verdadeon.com.br\/portal\/wp-content\/uploads\/2022\/09\/programacao.png?resize=558%2C559&#038;ssl=1\" alt=\"\" width=\"558\" height=\"559\" \/><\/p>\n","protected":false},"excerpt":{"rendered":"<p>Nesta edi\u00e7\u00e3o, o encontro vai abordar o tema &#8220;Evolu\u00e7\u00e3o Profissional da Mulher&#8221; com palestras e painel de discuss\u00e3o &nbsp; Acontece na pr\u00f3xima segunda-feira (3), a partir<span class=\"excerpt-hellip\"> [\u2026]<\/span><\/p>\n","protected":false},"author":10,"featured_media":27589,"comment_status":"open","ping_status":"open","sticky":false,"template":"","format":"standard","meta":{"_jetpack_memberships_contains_paid_content":false,"footnotes":"","jetpack_publicize_message":"","jetpack_publicize_feature_enabled":true,"jetpack_social_post_already_shared":false,"jetpack_social_options":{"image_generator_settings":{"template":"highway","default_image_id":0,"enabled":false},"version":2}},"categories":[28,44],"tags":[],"class_list":["post-28451","post","type-post","status-publish","format-standard","has-post-thumbnail","hentry","category-cotidiano","category-noticias"],"yoast_head":"<!-- This site is optimized with the Yoast SEO plugin v25.6 - https:\/\/yoast.com\/wordpress\/plugins\/seo\/ -->\n<title>9\u00ba F\u00f3rum da Mulher Empreendedora acontece na pr\u00f3xima segunda - VerdadeOn<\/title>\n<meta name=\"robots\" content=\"index, follow, max-snippet:-1, max-image-preview:large, max-video-preview:-1\" \/>\n<link rel=\"canonical\" href=\"https:\/\/verdadeon.com.br\/portal\/2022\/09\/28\/9o-forum-da-mulher-empreendedora-acontece-na-proxima-segunda\/\" \/>\n<meta property=\"og:locale\" content=\"pt_BR\" \/>\n<meta property=\"og:type\" content=\"article\" \/>\n<meta property=\"og:title\" content=\"9\u00ba F\u00f3rum da Mulher Empreendedora acontece na pr\u00f3xima segunda - VerdadeOn\" \/>\n<meta property=\"og:description\" content=\"Nesta edi\u00e7\u00e3o, o encontro vai abordar o tema &#8220;Evolu\u00e7\u00e3o Profissional da Mulher&#8221; com palestras e painel de discuss\u00e3o &nbsp; Acontece na pr\u00f3xima segunda-feira (3), a partir [\u2026]\" \/>\n<meta property=\"og:url\" content=\"https:\/\/verdadeon.com.br\/portal\/2022\/09\/28\/9o-forum-da-mulher-empreendedora-acontece-na-proxima-segunda\/\" \/>\n<meta property=\"og:site_name\" content=\"VerdadeOn\" \/>\n<meta property=\"article:published_time\" content=\"2022-09-28T20:17:32+00:00\" \/>\n<meta property=\"og:image\" content=\"https:\/\/verdadeon.com.br\/portal\/wp-content\/uploads\/2022\/08\/Wilker-Maia-ACIF-15-e1661879251969.jpg\" \/>\n\t<meta property=\"og:image:width\" content=\"1001\" \/>\n\t<meta property=\"og:image:height\" content=\"668\" \/>\n\t<meta property=\"og:image:type\" content=\"image\/jpeg\" \/>\n<meta name=\"author\" content=\"Redacao VerdadeOn\" \/>\n<meta name=\"twitter:card\" content=\"summary_large_image\" \/>\n<meta name=\"twitter:label1\" content=\"Escrito por\" \/>\n\t<meta name=\"twitter:data1\" content=\"Redacao VerdadeOn\" \/>\n\t<meta name=\"twitter:label2\" content=\"Est. tempo de leitura\" \/>\n\t<meta name=\"twitter:data2\" content=\"3 minutos\" \/>\n<script type=\"application\/ld+json\" class=\"yoast-schema-graph\">{\"@context\":\"https:\/\/schema.org\",\"@graph\":[{\"@type\":\"WebPage\",\"@id\":\"https:\/\/verdadeon.com.br\/portal\/2022\/09\/28\/9o-forum-da-mulher-empreendedora-acontece-na-proxima-segunda\/\",\"url\":\"https:\/\/verdadeon.com.br\/portal\/2022\/09\/28\/9o-forum-da-mulher-empreendedora-acontece-na-proxima-segunda\/\",\"name\":\"9\u00ba F\u00f3rum da Mulher Empreendedora acontece na pr\u00f3xima segunda - VerdadeOn\",\"isPartOf\":{\"@id\":\"https:\/\/verdadeon.com.br\/portal\/#website\"},\"primaryImageOfPage\":{\"@id\":\"https:\/\/verdadeon.com.br\/portal\/2022\/09\/28\/9o-forum-da-mulher-empreendedora-acontece-na-proxima-segunda\/#primaryimage\"},\"image\":{\"@id\":\"https:\/\/verdadeon.com.br\/portal\/2022\/09\/28\/9o-forum-da-mulher-empreendedora-acontece-na-proxima-segunda\/#primaryimage\"},\"thumbnailUrl\":\"https:\/\/i0.wp.com\/verdadeon.com.br\/portal\/wp-content\/uploads\/2022\/08\/Wilker-Maia-ACIF-15-e1661879251969.jpg?fit=1001%2C668&ssl=1\",\"datePublished\":\"2022-09-28T20:17:32+00:00\",\"author\":{\"@id\":\"https:\/\/verdadeon.com.br\/portal\/#\/schema\/person\/a5060ad1e9ea3df545188fc93ce43d2f\"},\"breadcrumb\":{\"@id\":\"https:\/\/verdadeon.com.br\/portal\/2022\/09\/28\/9o-forum-da-mulher-empreendedora-acontece-na-proxima-segunda\/#breadcrumb\"},\"inLanguage\":\"pt-BR\",\"potentialAction\":[{\"@type\":\"ReadAction\",\"target\":[\"https:\/\/verdadeon.com.br\/portal\/2022\/09\/28\/9o-forum-da-mulher-empreendedora-acontece-na-proxima-segunda\/\"]}]},{\"@type\":\"ImageObject\",\"inLanguage\":\"pt-BR\",\"@id\":\"https:\/\/verdadeon.com.br\/portal\/2022\/09\/28\/9o-forum-da-mulher-empreendedora-acontece-na-proxima-segunda\/#primaryimage\",\"url\":\"https:\/\/i0.wp.com\/verdadeon.com.br\/portal\/wp-content\/uploads\/2022\/08\/Wilker-Maia-ACIF-15-e1661879251969.jpg?fit=1001%2C668&ssl=1\",\"contentUrl\":\"https:\/\/i0.wp.com\/verdadeon.com.br\/portal\/wp-content\/uploads\/2022\/08\/Wilker-Maia-ACIF-15-e1661879251969.jpg?fit=1001%2C668&ssl=1\",\"width\":1001,\"height\":668,\"caption\":\"A empres\u00e1ria Luiza Helena Trajano participou de outras edi\u00e7\u00f5es do F\u00f3rum da Mulher Empreendedora e \u00e9 presen\u00e7a confirmada para o evento deste ano | Foto: Wilker Maia \/ ACIF\"},{\"@type\":\"BreadcrumbList\",\"@id\":\"https:\/\/verdadeon.com.br\/portal\/2022\/09\/28\/9o-forum-da-mulher-empreendedora-acontece-na-proxima-segunda\/#breadcrumb\",\"itemListElement\":[{\"@type\":\"ListItem\",\"position\":1,\"name\":\"In\u00edcio\",\"item\":\"https:\/\/verdadeon.com.br\/portal\/\"},{\"@type\":\"ListItem\",\"position\":2,\"name\":\"9\u00ba F\u00f3rum da Mulher Empreendedora acontece na pr\u00f3xima segunda\"}]},{\"@type\":\"WebSite\",\"@id\":\"https:\/\/verdadeon.com.br\/portal\/#website\",\"url\":\"https:\/\/verdadeon.com.br\/portal\/\",\"name\":\"VerdadeOn\",\"description\":\"Not\u00edcias di\u00e1rias sobre Franca, Regi\u00e3o, Esporte, Cultura, Cotidiano, Colunas. Cobertura nos principais eventos da cidade \u00e9 aqui - Verdadeon Franca\",\"potentialAction\":[{\"@type\":\"SearchAction\",\"target\":{\"@type\":\"EntryPoint\",\"urlTemplate\":\"https:\/\/verdadeon.com.br\/portal\/?s={search_term_string}\"},\"query-input\":{\"@type\":\"PropertyValueSpecification\",\"valueRequired\":true,\"valueName\":\"search_term_string\"}}],\"inLanguage\":\"pt-BR\"},{\"@type\":\"Person\",\"@id\":\"https:\/\/verdadeon.com.br\/portal\/#\/schema\/person\/a5060ad1e9ea3df545188fc93ce43d2f\",\"name\":\"Redacao VerdadeOn\",\"image\":{\"@type\":\"ImageObject\",\"inLanguage\":\"pt-BR\",\"@id\":\"https:\/\/verdadeon.com.br\/portal\/#\/schema\/person\/image\/\",\"url\":\"https:\/\/secure.gravatar.com\/avatar\/459a9613caaaf07f582c3d0841eea68bdd66f533e465e6ba8b9cb45619572cf4?s=96&d=mm&r=g\",\"contentUrl\":\"https:\/\/secure.gravatar.com\/avatar\/459a9613caaaf07f582c3d0841eea68bdd66f533e465e6ba8b9cb45619572cf4?s=96&d=mm&r=g\",\"caption\":\"Redacao VerdadeOn\"},\"url\":\"https:\/\/verdadeon.com.br\/portal\/author\/redacao\/\"}]}<\/script>\n<!-- \/ Yoast SEO plugin. -->","yoast_head_json":{"title":"9\u00ba F\u00f3rum da Mulher Empreendedora acontece na pr\u00f3xima segunda - VerdadeOn","robots":{"index":"index","follow":"follow","max-snippet":"max-snippet:-1","max-image-preview":"max-image-preview:large","max-video-preview":"max-video-preview:-1"},"canonical":"https:\/\/verdadeon.com.br\/portal\/2022\/09\/28\/9o-forum-da-mulher-empreendedora-acontece-na-proxima-segunda\/","og_locale":"pt_BR","og_type":"article","og_title":"9\u00ba F\u00f3rum da Mulher Empreendedora acontece na pr\u00f3xima segunda - VerdadeOn","og_description":"Nesta edi\u00e7\u00e3o, o encontro vai abordar o tema &#8220;Evolu\u00e7\u00e3o Profissional da Mulher&#8221; com palestras e painel de discuss\u00e3o &nbsp; Acontece na pr\u00f3xima segunda-feira (3), a partir [\u2026]","og_url":"https:\/\/verdadeon.com.br\/portal\/2022\/09\/28\/9o-forum-da-mulher-empreendedora-acontece-na-proxima-segunda\/","og_site_name":"VerdadeOn","article_published_time":"2022-09-28T20:17:32+00:00","og_image":[{"width":1001,"height":668,"url":"https:\/\/verdadeon.com.br\/portal\/wp-content\/uploads\/2022\/08\/Wilker-Maia-ACIF-15-e1661879251969.jpg","type":"image\/jpeg"}],"author":"Redacao VerdadeOn","twitter_card":"summary_large_image","twitter_misc":{"Escrito por":"Redacao VerdadeOn","Est. tempo de leitura":"3 minutos"},"schema":{"@context":"https:\/\/schema.org","@graph":[{"@type":"WebPage","@id":"https:\/\/verdadeon.com.br\/portal\/2022\/09\/28\/9o-forum-da-mulher-empreendedora-acontece-na-proxima-segunda\/","url":"https:\/\/verdadeon.com.br\/portal\/2022\/09\/28\/9o-forum-da-mulher-empreendedora-acontece-na-proxima-segunda\/","name":"9\u00ba F\u00f3rum da Mulher Empreendedora acontece na pr\u00f3xima segunda - VerdadeOn","isPartOf":{"@id":"https:\/\/verdadeon.com.br\/portal\/#website"},"primaryImageOfPage":{"@id":"https:\/\/verdadeon.com.br\/portal\/2022\/09\/28\/9o-forum-da-mulher-empreendedora-acontece-na-proxima-segunda\/#primaryimage"},"image":{"@id":"https:\/\/verdadeon.com.br\/portal\/2022\/09\/28\/9o-forum-da-mulher-empreendedora-acontece-na-proxima-segunda\/#primaryimage"},"thumbnailUrl":"https:\/\/i0.wp.com\/verdadeon.com.br\/portal\/wp-content\/uploads\/2022\/08\/Wilker-Maia-ACIF-15-e1661879251969.jpg?fit=1001%2C668&ssl=1","datePublished":"2022-09-28T20:17:32+00:00","author":{"@id":"https:\/\/verdadeon.com.br\/portal\/#\/schema\/person\/a5060ad1e9ea3df545188fc93ce43d2f"},"breadcrumb":{"@id":"https:\/\/verdadeon.com.br\/portal\/2022\/09\/28\/9o-forum-da-mulher-empreendedora-acontece-na-proxima-segunda\/#breadcrumb"},"inLanguage":"pt-BR","potentialAction":[{"@type":"ReadAction","target":["https:\/\/verdadeon.com.br\/portal\/2022\/09\/28\/9o-forum-da-mulher-empreendedora-acontece-na-proxima-segunda\/"]}]},{"@type":"ImageObject","inLanguage":"pt-BR","@id":"https:\/\/verdadeon.com.br\/portal\/2022\/09\/28\/9o-forum-da-mulher-empreendedora-acontece-na-proxima-segunda\/#primaryimage","url":"https:\/\/i0.wp.com\/verdadeon.com.br\/portal\/wp-content\/uploads\/2022\/08\/Wilker-Maia-ACIF-15-e1661879251969.jpg?fit=1001%2C668&ssl=1","contentUrl":"https:\/\/i0.wp.com\/verdadeon.com.br\/portal\/wp-content\/uploads\/2022\/08\/Wilker-Maia-ACIF-15-e1661879251969.jpg?fit=1001%2C668&ssl=1","width":1001,"height":668,"caption":"A empres\u00e1ria Luiza Helena Trajano participou de outras edi\u00e7\u00f5es do F\u00f3rum da Mulher Empreendedora e \u00e9 presen\u00e7a confirmada para o evento deste ano | Foto: Wilker Maia \/ ACIF"},{"@type":"BreadcrumbList","@id":"https:\/\/verdadeon.com.br\/portal\/2022\/09\/28\/9o-forum-da-mulher-empreendedora-acontece-na-proxima-segunda\/#breadcrumb","itemListElement":[{"@type":"ListItem","position":1,"name":"In\u00edcio","item":"https:\/\/verdadeon.com.br\/portal\/"},{"@type":"ListItem","position":2,"name":"9\u00ba F\u00f3rum da Mulher Empreendedora acontece na pr\u00f3xima segunda"}]},{"@type":"WebSite","@id":"https:\/\/verdadeon.com.br\/portal\/#website","url":"https:\/\/verdadeon.com.br\/portal\/","name":"VerdadeOn","description":"Not\u00edcias di\u00e1rias sobre Franca, Regi\u00e3o, Esporte, Cultura, Cotidiano, Colunas. Cobertura nos principais eventos da cidade \u00e9 aqui - Verdadeon Franca","potentialAction":[{"@type":"SearchAction","target":{"@type":"EntryPoint","urlTemplate":"https:\/\/verdadeon.com.br\/portal\/?s={search_term_string}"},"query-input":{"@type":"PropertyValueSpecification","valueRequired":true,"valueName":"search_term_string"}}],"inLanguage":"pt-BR"},{"@type":"Person","@id":"https:\/\/verdadeon.com.br\/portal\/#\/schema\/person\/a5060ad1e9ea3df545188fc93ce43d2f","name":"Redacao VerdadeOn","image":{"@type":"ImageObject","inLanguage":"pt-BR","@id":"https:\/\/verdadeon.com.br\/portal\/#\/schema\/person\/image\/","url":"https:\/\/secure.gravatar.com\/avatar\/459a9613caaaf07f582c3d0841eea68bdd66f533e465e6ba8b9cb45619572cf4?s=96&d=mm&r=g","contentUrl":"https:\/\/secure.gravatar.com\/avatar\/459a9613caaaf07f582c3d0841eea68bdd66f533e465e6ba8b9cb45619572cf4?s=96&d=mm&r=g","caption":"Redacao VerdadeOn"},"url":"https:\/\/verdadeon.com.br\/portal\/author\/redacao\/"}]}},"jetpack_publicize_connections":[],"jetpack_featured_media_url":"https:\/\/i0.wp.com\/verdadeon.com.br\/portal\/wp-content\/uploads\/2022\/08\/Wilker-Maia-ACIF-15-e1661879251969.jpg?fit=1001%2C668&ssl=1","jetpack_sharing_enabled":true,"_links":{"self":[{"href":"https:\/\/verdadeon.com.br\/portal\/wp-json\/wp\/v2\/posts\/28451","targetHints":{"allow":["GET"]}}],"collection":[{"href":"https:\/\/verdadeon.com.br\/portal\/wp-json\/wp\/v2\/posts"}],"about":[{"href":"https:\/\/verdadeon.com.br\/portal\/wp-json\/wp\/v2\/types\/post"}],"author":[{"embeddable":true,"href":"https:\/\/verdadeon.com.br\/portal\/wp-json\/wp\/v2\/users\/10"}],"replies":[{"embeddable":true,"href":"https:\/\/verdadeon.com.br\/portal\/wp-json\/wp\/v2\/comments?post=28451"}],"version-history":[{"count":1,"href":"https:\/\/verdadeon.com.br\/portal\/wp-json\/wp\/v2\/posts\/28451\/revisions"}],"predecessor-version":[{"id":28453,"href":"https:\/\/verdadeon.com.br\/portal\/wp-json\/wp\/v2\/posts\/28451\/revisions\/28453"}],"wp:featuredmedia":[{"embeddable":true,"href":"https:\/\/verdadeon.com.br\/portal\/wp-json\/wp\/v2\/media\/27589"}],"wp:attachment":[{"href":"https:\/\/verdadeon.com.br\/portal\/wp-json\/wp\/v2\/media?parent=28451"}],"wp:term":[{"taxonomy":"category","embeddable":true,"href":"https:\/\/verdadeon.com.br\/portal\/wp-json\/wp\/v2\/categories?post=28451"},{"taxonomy":"post_tag","embeddable":true,"href":"https:\/\/verdadeon.com.br\/portal\/wp-json\/wp\/v2\/tags?post=28451"}],"curies":[{"name":"wp","href":"https:\/\/api.w.org\/{rel}","templated":true}]}}